{"id":7038,"date":"2023-07-01T06:20:43","date_gmt":"2023-07-01T09:20:43","guid":{"rendered":"https:\/\/brasilnoticias.org\/site\/?p=7038"},"modified":"2023-07-01T06:20:43","modified_gmt":"2023-07-01T09:20:43","slug":"senegales-acusado-de-estupro-de-vuneravel-na-bahia-e-preso","status":"publish","type":"post","link":"https:\/\/brasilnoticias.org\/site\/senegales-acusado-de-estupro-de-vuneravel-na-bahia-e-preso\/","title":{"rendered":"Senegal\u00eas acusado de estupro de vuner\u00e1vel na Bahia \u00e9 preso"},"content":{"rendered":"<p>Um homem senegal\u00eas, que n\u00e3o teve identidade revelada, acusado de estuprar uma mulher diagnosticada com esquizofrenia, foi preso ap\u00f3s ter um mandado de pris\u00e3o cumprido por agentes da Pol\u00edcia Civil (PC) da Bahia.<br \/>\nO crime aconteceu no munic\u00edpio de Conde\u00faba, a 647 km de Salvador, em novembro de 2022. Por meio de nota, a pol\u00edcia informou que a pris\u00e3o foi apresentada na Delegacia Territorial da cidade. O homem \u00e9 acusado de crime de estupro contra vulner\u00e1vel.<\/p>\n<p>Foto: Lay Amorim\/Achei Sudoeste<br \/>\nAratuon<\/p>\n","protected":false},"excerpt":{"rendered":"<p>Um homem senegal\u00eas, que n\u00e3o teve identidade revelada, acusado de estuprar uma mulher diagnosticada com esquizofrenia, foi preso ap\u00f3s ter<\/p>\n","protected":false},"author":1,"featured_media":7039,"comment_status":"open","ping_status":"open","sticky":false,"template":"","format":"standard","meta":{"colormag_page_container_layout":"default_layout","colormag_page_sidebar_layout":"default_layout","_FSMCFIC_featured_image_caption":"","_FSMCFIC_featured_image_nocaption":"","_FSMCFIC_featured_image_hide":"","footnotes":""},"categories":[7,1],"tags":[],"class_list":["post-7038","post","type-post","status-publish","format-standard","has-post-thumbnail","hentry","category-justica","category-ultimas"],"yoast_head":"<!-- This site is optimized with the Yoast SEO plugin v27.1.1 - https:\/\/yoast.com\/product\/yoast-seo-wordpress\/ -->\n<title>Senegal\u00eas acusado de estupro de vuner\u00e1vel na Bahia \u00e9 preso - Brasil not\u00edcias<\/title>\n<meta name=\"robots\" content=\"index, follow, max-snippet:-1, max-image-preview:large, max-video-preview:-1\" \/>\n<link rel=\"canonical\" href=\"https:\/\/brasilnoticias.org\/site\/senegales-acusado-de-estupro-de-vuneravel-na-bahia-e-preso\/\" \/>\n<meta property=\"og:locale\" content=\"pt_PT\" \/>\n<meta property=\"og:type\" content=\"article\" \/>\n<meta property=\"og:title\" content=\"Senegal\u00eas acusado de estupro de vuner\u00e1vel na Bahia \u00e9 preso - Brasil not\u00edcias\" \/>\n<meta property=\"og:description\" content=\"Um homem senegal\u00eas, que n\u00e3o teve identidade revelada, acusado de estuprar uma mulher diagnosticada com esquizofrenia, foi preso ap\u00f3s ter\" \/>\n<meta property=\"og:url\" content=\"https:\/\/brasilnoticias.org\/site\/senegales-acusado-de-estupro-de-vuneravel-na-bahia-e-preso\/\" \/>\n<meta property=\"og:site_name\" content=\"Brasil not\u00edcias\" \/>\n<meta property=\"article:published_time\" content=\"2023-07-01T09:20:43+00:00\" \/>\n<meta property=\"og:image\" content=\"https:\/\/brasilnoticias.org\/site\/wp-content\/uploads\/2023\/07\/cats-165.jpg\" \/>\n\t<meta property=\"og:image:width\" content=\"740\" \/>\n\t<meta property=\"og:image:height\" content=\"470\" \/>\n\t<meta property=\"og:image:type\" content=\"image\/jpeg\" \/>\n<meta name=\"author\" content=\"Reda\u00e7\u00e3o\" \/>\n<meta name=\"twitter:card\" content=\"summary_large_image\" \/>\n<meta name=\"twitter:label1\" content=\"Escrito por\" \/>\n\t<meta name=\"twitter:data1\" content=\"Reda\u00e7\u00e3o\" \/>\n<script type=\"application\/ld+json\" class=\"yoast-schema-graph\">{\"@context\":\"https:\/\/schema.org\",\"@graph\":[{\"@type\":\"Article\",\"@id\":\"https:\/\/brasilnoticias.org\/site\/senegales-acusado-de-estupro-de-vuneravel-na-bahia-e-preso\/#article\",\"isPartOf\":{\"@id\":\"https:\/\/brasilnoticias.org\/site\/senegales-acusado-de-estupro-de-vuneravel-na-bahia-e-preso\/\"},\"author\":{\"name\":\"Reda\u00e7\u00e3o\",\"@id\":\"https:\/\/brasilnoticias.org\/site\/#\/schema\/person\/a0e05b973ec4d15c658d51911e53507b\"},\"headline\":\"Senegal\u00eas acusado de estupro de vuner\u00e1vel na Bahia \u00e9 preso\",\"datePublished\":\"2023-07-01T09:20:43+00:00\",\"mainEntityOfPage\":{\"@id\":\"https:\/\/brasilnoticias.org\/site\/senegales-acusado-de-estupro-de-vuneravel-na-bahia-e-preso\/\"},\"wordCount\":100,\"commentCount\":0,\"publisher\":{\"@id\":\"https:\/\/brasilnoticias.org\/site\/#organization\"},\"image\":{\"@id\":\"https:\/\/brasilnoticias.org\/site\/senegales-acusado-de-estupro-de-vuneravel-na-bahia-e-preso\/#primaryimage\"},\"thumbnailUrl\":\"https:\/\/brasilnoticias.org\/site\/wp-content\/uploads\/2023\/07\/cats-165.jpg\",\"articleSection\":[\"Justi\u00e7a\",\"\u00daltimas\"],\"inLanguage\":\"pt-PT\",\"potentialAction\":[{\"@type\":\"CommentAction\",\"name\":\"Comment\",\"target\":[\"https:\/\/brasilnoticias.org\/site\/senegales-acusado-de-estupro-de-vuneravel-na-bahia-e-preso\/#respond\"]}]},{\"@type\":\"WebPage\",\"@id\":\"https:\/\/brasilnoticias.org\/site\/senegales-acusado-de-estupro-de-vuneravel-na-bahia-e-preso\/\",\"url\":\"https:\/\/brasilnoticias.org\/site\/senegales-acusado-de-estupro-de-vuneravel-na-bahia-e-preso\/\",\"name\":\"Senegal\u00eas acusado de estupro de vuner\u00e1vel na Bahia \u00e9 preso - Brasil not\u00edcias\",\"isPartOf\":{\"@id\":\"https:\/\/brasilnoticias.org\/site\/#website\"},\"primaryImageOfPage\":{\"@id\":\"https:\/\/brasilnoticias.org\/site\/senegales-acusado-de-estupro-de-vuneravel-na-bahia-e-preso\/#primaryimage\"},\"image\":{\"@id\":\"https:\/\/brasilnoticias.org\/site\/senegales-acusado-de-estupro-de-vuneravel-na-bahia-e-preso\/#primaryimage\"},\"thumbnailUrl\":\"https:\/\/brasilnoticias.org\/site\/wp-content\/uploads\/2023\/07\/cats-165.jpg\",\"datePublished\":\"2023-07-01T09:20:43+00:00\",\"breadcrumb\":{\"@id\":\"https:\/\/brasilnoticias.org\/site\/senegales-acusado-de-estupro-de-vuneravel-na-bahia-e-preso\/#breadcrumb\"},\"inLanguage\":\"pt-PT\",\"potentialAction\":[{\"@type\":\"ReadAction\",\"target\":[\"https:\/\/brasilnoticias.org\/site\/senegales-acusado-de-estupro-de-vuneravel-na-bahia-e-preso\/\"]}]},{\"@type\":\"ImageObject\",\"inLanguage\":\"pt-PT\",\"@id\":\"https:\/\/brasilnoticias.org\/site\/senegales-acusado-de-estupro-de-vuneravel-na-bahia-e-preso\/#primaryimage\",\"url\":\"https:\/\/brasilnoticias.org\/site\/wp-content\/uploads\/2023\/07\/cats-165.jpg\",\"contentUrl\":\"https:\/\/brasilnoticias.org\/site\/wp-content\/uploads\/2023\/07\/cats-165.jpg\",\"width\":740,\"height\":470},{\"@type\":\"BreadcrumbList\",\"@id\":\"https:\/\/brasilnoticias.org\/site\/senegales-acusado-de-estupro-de-vuneravel-na-bahia-e-preso\/#breadcrumb\",\"itemListElement\":[{\"@type\":\"ListItem\",\"position\":1,\"name\":\"In\u00edcio\",\"item\":\"https:\/\/brasilnoticias.org\/site\/\"},{\"@type\":\"ListItem\",\"position\":2,\"name\":\"Senegal\u00eas acusado de estupro de vuner\u00e1vel na Bahia \u00e9 preso\"}]},{\"@type\":\"WebSite\",\"@id\":\"https:\/\/brasilnoticias.org\/site\/#website\",\"url\":\"https:\/\/brasilnoticias.org\/site\/\",\"name\":\"Brasil not\u00edcias\",\"description\":\"Brasil not\u00edcias\",\"publisher\":{\"@id\":\"https:\/\/brasilnoticias.org\/site\/#organization\"},\"potentialAction\":[{\"@type\":\"SearchAction\",\"target\":{\"@type\":\"EntryPoint\",\"urlTemplate\":\"https:\/\/brasilnoticias.org\/site\/?s={search_term_string}\"},\"query-input\":{\"@type\":\"PropertyValueSpecification\",\"valueRequired\":true,\"valueName\":\"search_term_string\"}}],\"inLanguage\":\"pt-PT\"},{\"@type\":\"Organization\",\"@id\":\"https:\/\/brasilnoticias.org\/site\/#organization\",\"name\":\"Brasil not\u00edcias\",\"url\":\"https:\/\/brasilnoticias.org\/site\/\",\"logo\":{\"@type\":\"ImageObject\",\"inLanguage\":\"pt-PT\",\"@id\":\"https:\/\/brasilnoticias.org\/site\/#\/schema\/logo\/image\/\",\"url\":\"https:\/\/brasilnoticias.org\/site\/wp-content\/uploads\/2022\/05\/cropped-brasilnoticias-mini.jpg\",\"contentUrl\":\"https:\/\/brasilnoticias.org\/site\/wp-content\/uploads\/2022\/05\/cropped-brasilnoticias-mini.jpg\",\"width\":314,\"height\":86,\"caption\":\"Brasil not\u00edcias\"},\"image\":{\"@id\":\"https:\/\/brasilnoticias.org\/site\/#\/schema\/logo\/image\/\"}},{\"@type\":\"Person\",\"@id\":\"https:\/\/brasilnoticias.org\/site\/#\/schema\/person\/a0e05b973ec4d15c658d51911e53507b\",\"name\":\"Reda\u00e7\u00e3o\",\"image\":{\"@type\":\"ImageObject\",\"inLanguage\":\"pt-PT\",\"@id\":\"https:\/\/brasilnoticias.org\/site\/#\/schema\/person\/image\/\",\"url\":\"https:\/\/secure.gravatar.com\/avatar\/75d8b050df2de108b08ae78dfb8e374892df24a383c67db9c46a9c604f6aee9c?s=96&d=mm&r=g\",\"contentUrl\":\"https:\/\/secure.gravatar.com\/avatar\/75d8b050df2de108b08ae78dfb8e374892df24a383c67db9c46a9c604f6aee9c?s=96&d=mm&r=g\",\"caption\":\"Reda\u00e7\u00e3o\"},\"sameAs\":[\"https:\/\/brasilnoticias.org\/site\"],\"url\":\"https:\/\/brasilnoticias.org\/site\/author\/fernandozsngmail-com\/\"}]}<\/script>\n<!-- \/ Yoast SEO plugin. -->","yoast_head_json":{"title":"Senegal\u00eas acusado de estupro de vuner\u00e1vel na Bahia \u00e9 preso - Brasil not\u00edcias","robots":{"index":"index","follow":"follow","max-snippet":"max-snippet:-1","max-image-preview":"max-image-preview:large","max-video-preview":"max-video-preview:-1"},"canonical":"https:\/\/brasilnoticias.org\/site\/senegales-acusado-de-estupro-de-vuneravel-na-bahia-e-preso\/","og_locale":"pt_PT","og_type":"article","og_title":"Senegal\u00eas acusado de estupro de vuner\u00e1vel na Bahia \u00e9 preso - Brasil not\u00edcias","og_description":"Um homem senegal\u00eas, que n\u00e3o teve identidade revelada, acusado de estuprar uma mulher diagnosticada com esquizofrenia, foi preso ap\u00f3s ter","og_url":"https:\/\/brasilnoticias.org\/site\/senegales-acusado-de-estupro-de-vuneravel-na-bahia-e-preso\/","og_site_name":"Brasil not\u00edcias","article_published_time":"2023-07-01T09:20:43+00:00","og_image":[{"width":740,"height":470,"url":"https:\/\/brasilnoticias.org\/site\/wp-content\/uploads\/2023\/07\/cats-165.jpg","type":"image\/jpeg"}],"author":"Reda\u00e7\u00e3o","twitter_card":"summary_large_image","twitter_misc":{"Escrito por":"Reda\u00e7\u00e3o"},"schema":{"@context":"https:\/\/schema.org","@graph":[{"@type":"Article","@id":"https:\/\/brasilnoticias.org\/site\/senegales-acusado-de-estupro-de-vuneravel-na-bahia-e-preso\/#article","isPartOf":{"@id":"https:\/\/brasilnoticias.org\/site\/senegales-acusado-de-estupro-de-vuneravel-na-bahia-e-preso\/"},"author":{"name":"Reda\u00e7\u00e3o","@id":"https:\/\/brasilnoticias.org\/site\/#\/schema\/person\/a0e05b973ec4d15c658d51911e53507b"},"headline":"Senegal\u00eas acusado de estupro de vuner\u00e1vel na Bahia \u00e9 preso","datePublished":"2023-07-01T09:20:43+00:00","mainEntityOfPage":{"@id":"https:\/\/brasilnoticias.org\/site\/senegales-acusado-de-estupro-de-vuneravel-na-bahia-e-preso\/"},"wordCount":100,"commentCount":0,"publisher":{"@id":"https:\/\/brasilnoticias.org\/site\/#organization"},"image":{"@id":"https:\/\/brasilnoticias.org\/site\/senegales-acusado-de-estupro-de-vuneravel-na-bahia-e-preso\/#primaryimage"},"thumbnailUrl":"https:\/\/brasilnoticias.org\/site\/wp-content\/uploads\/2023\/07\/cats-165.jpg","articleSection":["Justi\u00e7a","\u00daltimas"],"inLanguage":"pt-PT","potentialAction":[{"@type":"CommentAction","name":"Comment","target":["https:\/\/brasilnoticias.org\/site\/senegales-acusado-de-estupro-de-vuneravel-na-bahia-e-preso\/#respond"]}]},{"@type":"WebPage","@id":"https:\/\/brasilnoticias.org\/site\/senegales-acusado-de-estupro-de-vuneravel-na-bahia-e-preso\/","url":"https:\/\/brasilnoticias.org\/site\/senegales-acusado-de-estupro-de-vuneravel-na-bahia-e-preso\/","name":"Senegal\u00eas acusado de estupro de vuner\u00e1vel na Bahia \u00e9 preso - Brasil not\u00edcias","isPartOf":{"@id":"https:\/\/brasilnoticias.org\/site\/#website"},"primaryImageOfPage":{"@id":"https:\/\/brasilnoticias.org\/site\/senegales-acusado-de-estupro-de-vuneravel-na-bahia-e-preso\/#primaryimage"},"image":{"@id":"https:\/\/brasilnoticias.org\/site\/senegales-acusado-de-estupro-de-vuneravel-na-bahia-e-preso\/#primaryimage"},"thumbnailUrl":"https:\/\/brasilnoticias.org\/site\/wp-content\/uploads\/2023\/07\/cats-165.jpg","datePublished":"2023-07-01T09:20:43+00:00","breadcrumb":{"@id":"https:\/\/brasilnoticias.org\/site\/senegales-acusado-de-estupro-de-vuneravel-na-bahia-e-preso\/#breadcrumb"},"inLanguage":"pt-PT","potentialAction":[{"@type":"ReadAction","target":["https:\/\/brasilnoticias.org\/site\/senegales-acusado-de-estupro-de-vuneravel-na-bahia-e-preso\/"]}]},{"@type":"ImageObject","inLanguage":"pt-PT","@id":"https:\/\/brasilnoticias.org\/site\/senegales-acusado-de-estupro-de-vuneravel-na-bahia-e-preso\/#primaryimage","url":"https:\/\/brasilnoticias.org\/site\/wp-content\/uploads\/2023\/07\/cats-165.jpg","contentUrl":"https:\/\/brasilnoticias.org\/site\/wp-content\/uploads\/2023\/07\/cats-165.jpg","width":740,"height":470},{"@type":"BreadcrumbList","@id":"https:\/\/brasilnoticias.org\/site\/senegales-acusado-de-estupro-de-vuneravel-na-bahia-e-preso\/#breadcrumb","itemListElement":[{"@type":"ListItem","position":1,"name":"In\u00edcio","item":"https:\/\/brasilnoticias.org\/site\/"},{"@type":"ListItem","position":2,"name":"Senegal\u00eas acusado de estupro de vuner\u00e1vel na Bahia \u00e9 preso"}]},{"@type":"WebSite","@id":"https:\/\/brasilnoticias.org\/site\/#website","url":"https:\/\/brasilnoticias.org\/site\/","name":"Brasil not\u00edcias","description":"Brasil not\u00edcias","publisher":{"@id":"https:\/\/brasilnoticias.org\/site\/#organization"},"potentialAction":[{"@type":"SearchAction","target":{"@type":"EntryPoint","urlTemplate":"https:\/\/brasilnoticias.org\/site\/?s={search_term_string}"},"query-input":{"@type":"PropertyValueSpecification","valueRequired":true,"valueName":"search_term_string"}}],"inLanguage":"pt-PT"},{"@type":"Organization","@id":"https:\/\/brasilnoticias.org\/site\/#organization","name":"Brasil not\u00edcias","url":"https:\/\/brasilnoticias.org\/site\/","logo":{"@type":"ImageObject","inLanguage":"pt-PT","@id":"https:\/\/brasilnoticias.org\/site\/#\/schema\/logo\/image\/","url":"https:\/\/brasilnoticias.org\/site\/wp-content\/uploads\/2022\/05\/cropped-brasilnoticias-mini.jpg","contentUrl":"https:\/\/brasilnoticias.org\/site\/wp-content\/uploads\/2022\/05\/cropped-brasilnoticias-mini.jpg","width":314,"height":86,"caption":"Brasil not\u00edcias"},"image":{"@id":"https:\/\/brasilnoticias.org\/site\/#\/schema\/logo\/image\/"}},{"@type":"Person","@id":"https:\/\/brasilnoticias.org\/site\/#\/schema\/person\/a0e05b973ec4d15c658d51911e53507b","name":"Reda\u00e7\u00e3o","image":{"@type":"ImageObject","inLanguage":"pt-PT","@id":"https:\/\/brasilnoticias.org\/site\/#\/schema\/person\/image\/","url":"https:\/\/secure.gravatar.com\/avatar\/75d8b050df2de108b08ae78dfb8e374892df24a383c67db9c46a9c604f6aee9c?s=96&d=mm&r=g","contentUrl":"https:\/\/secure.gravatar.com\/avatar\/75d8b050df2de108b08ae78dfb8e374892df24a383c67db9c46a9c604f6aee9c?s=96&d=mm&r=g","caption":"Reda\u00e7\u00e3o"},"sameAs":["https:\/\/brasilnoticias.org\/site"],"url":"https:\/\/brasilnoticias.org\/site\/author\/fernandozsngmail-com\/"}]}},"_links":{"self":[{"href":"https:\/\/brasilnoticias.org\/site\/wp-json\/wp\/v2\/posts\/7038","targetHints":{"allow":["GET"]}}],"collection":[{"href":"https:\/\/brasilnoticias.org\/site\/wp-json\/wp\/v2\/posts"}],"about":[{"href":"https:\/\/brasilnoticias.org\/site\/wp-json\/wp\/v2\/types\/post"}],"author":[{"embeddable":true,"href":"https:\/\/brasilnoticias.org\/site\/wp-json\/wp\/v2\/users\/1"}],"replies":[{"embeddable":true,"href":"https:\/\/brasilnoticias.org\/site\/wp-json\/wp\/v2\/comments?post=7038"}],"version-history":[{"count":1,"href":"https:\/\/brasilnoticias.org\/site\/wp-json\/wp\/v2\/posts\/7038\/revisions"}],"predecessor-version":[{"id":7040,"href":"https:\/\/brasilnoticias.org\/site\/wp-json\/wp\/v2\/posts\/7038\/revisions\/7040"}],"wp:featuredmedia":[{"embeddable":true,"href":"https:\/\/brasilnoticias.org\/site\/wp-json\/wp\/v2\/media\/7039"}],"wp:attachment":[{"href":"https:\/\/brasilnoticias.org\/site\/wp-json\/wp\/v2\/media?parent=7038"}],"wp:term":[{"taxonomy":"category","embeddable":true,"href":"https:\/\/brasilnoticias.org\/site\/wp-json\/wp\/v2\/categories?post=7038"},{"taxonomy":"post_tag","embeddable":true,"href":"https:\/\/brasilnoticias.org\/site\/wp-json\/wp\/v2\/tags?post=7038"}],"curies":[{"name":"wp","href":"https:\/\/api.w.org\/{rel}","templated":true}]}}