{"id":7044,"date":"2023-07-01T06:24:16","date_gmt":"2023-07-01T09:24:16","guid":{"rendered":"https:\/\/brasilnoticias.org\/site\/?p=7044"},"modified":"2023-07-01T06:24:16","modified_gmt":"2023-07-01T09:24:16","slug":"com-recursos-quase-esgotados-para-descontos-de-carros-populares-governo-federal-anuncia-mais-r-300-milhoes-para-projeto","status":"publish","type":"post","link":"https:\/\/brasilnoticias.org\/site\/com-recursos-quase-esgotados-para-descontos-de-carros-populares-governo-federal-anuncia-mais-r-300-milhoes-para-projeto\/","title":{"rendered":"Com recursos quase esgotados para descontos de carros populares, governo federal anuncia mais R$ 300 milh\u00f5es para projeto"},"content":{"rendered":"<p>O presidente Lula deve assinar ainda nesta sexta-feira (30\/6) medida provis\u00f3ria que amplia em R$ 300 milh\u00f5es os recursos para o programa de descontos de carros de at\u00e9 R$ 120 mil. Do valor disponibilizado pelo projeto inicialmente, de R$ 500 milh\u00f5es, R$ 420 milh\u00f5es j\u00e1 foram consumidos. Veja em reportagem do Aratu On como calcular descontos.<\/p>\n<p>O an\u00fancio do novo montante foi feito pelo vice-presidente e ministro do Desenvolvimento, Ind\u00fastria, Com\u00e9rcio e Servi\u00e7os, Geraldo Alckmin, durante visita ao Paran\u00e1. Segundo ele, diferente do recurso inicial, os R$ 300 milh\u00f5es poder\u00e3o ser consumidos por pessoas jur\u00eddicas. Ainda de acordo com o vice-presidente, desse valor, ainda ser\u00e3o abatidos IPI, PIS e Cofins.<\/p>\n<p>A prorroga\u00e7\u00e3o do programa j\u00e1 havia sido anunciada pelo ministro da Fazenda, Fernando Haddad, na quarta-feira (28). Na oportunidade, o ministro disse que a demanda por carros mais econ\u00f4micos e menos poluentes surpreendeu as montadoras e o governo, praticamente esgotando os recursos dispon\u00edveis para o programa.<br \/>\nCom informa\u00e7\u00f5es da Ag\u00eancia Brasil.<\/p>\n<p>Foto: Marcello Casal Jr\/ABR<br \/>\nAratuon<\/p>\n","protected":false},"excerpt":{"rendered":"<p>O presidente Lula deve assinar ainda nesta sexta-feira (30\/6) medida provis\u00f3ria que amplia em R$ 300 milh\u00f5es os recursos para<\/p>\n","protected":false},"author":1,"featured_media":7045,"comment_status":"open","ping_status":"open","sticky":false,"template":"","format":"standard","meta":{"colormag_page_container_layout":"default_layout","colormag_page_sidebar_layout":"default_layout","_FSMCFIC_featured_image_caption":"","_FSMCFIC_featured_image_nocaption":"","_FSMCFIC_featured_image_hide":"","footnotes":""},"categories":[2,1],"tags":[],"class_list":["post-7044","post","type-post","status-publish","format-standard","has-post-thumbnail","hentry","category-noticias","category-ultimas"],"yoast_head":"<!-- This site is optimized with the Yoast SEO plugin v27.1.1 - https:\/\/yoast.com\/product\/yoast-seo-wordpress\/ -->\n<title>Com recursos quase esgotados para descontos de carros populares, governo federal anuncia mais R$ 300 milh\u00f5es para projeto - Brasil not\u00edcias<\/title>\n<meta name=\"robots\" content=\"index, follow, max-snippet:-1, max-image-preview:large, max-video-preview:-1\" \/>\n<link rel=\"canonical\" href=\"https:\/\/brasilnoticias.org\/site\/com-recursos-quase-esgotados-para-descontos-de-carros-populares-governo-federal-anuncia-mais-r-300-milhoes-para-projeto\/\" \/>\n<meta property=\"og:locale\" content=\"pt_PT\" \/>\n<meta property=\"og:type\" content=\"article\" \/>\n<meta property=\"og:title\" content=\"Com recursos quase esgotados para descontos de carros populares, governo federal anuncia mais R$ 300 milh\u00f5es para projeto - Brasil not\u00edcias\" \/>\n<meta property=\"og:description\" content=\"O presidente Lula deve assinar ainda nesta sexta-feira (30\/6) medida provis\u00f3ria que amplia em R$ 300 milh\u00f5es os recursos para\" \/>\n<meta property=\"og:url\" content=\"https:\/\/brasilnoticias.org\/site\/com-recursos-quase-esgotados-para-descontos-de-carros-populares-governo-federal-anuncia-mais-r-300-milhoes-para-projeto\/\" \/>\n<meta property=\"og:site_name\" content=\"Brasil not\u00edcias\" \/>\n<meta property=\"article:published_time\" content=\"2023-07-01T09:24:16+00:00\" \/>\n<meta property=\"og:image\" content=\"https:\/\/brasilnoticias.org\/site\/wp-content\/uploads\/2023\/07\/cats-6-3.jpg\" \/>\n\t<meta property=\"og:image:width\" content=\"740\" \/>\n\t<meta property=\"og:image:height\" content=\"470\" \/>\n\t<meta property=\"og:image:type\" content=\"image\/jpeg\" \/>\n<meta name=\"author\" content=\"Reda\u00e7\u00e3o\" \/>\n<meta name=\"twitter:card\" content=\"summary_large_image\" \/>\n<meta name=\"twitter:label1\" content=\"Escrito por\" \/>\n\t<meta name=\"twitter:data1\" content=\"Reda\u00e7\u00e3o\" \/>\n<script type=\"application\/ld+json\" class=\"yoast-schema-graph\">{\"@context\":\"https:\/\/schema.org\",\"@graph\":[{\"@type\":\"Article\",\"@id\":\"https:\/\/brasilnoticias.org\/site\/com-recursos-quase-esgotados-para-descontos-de-carros-populares-governo-federal-anuncia-mais-r-300-milhoes-para-projeto\/#article\",\"isPartOf\":{\"@id\":\"https:\/\/brasilnoticias.org\/site\/com-recursos-quase-esgotados-para-descontos-de-carros-populares-governo-federal-anuncia-mais-r-300-milhoes-para-projeto\/\"},\"author\":{\"name\":\"Reda\u00e7\u00e3o\",\"@id\":\"https:\/\/brasilnoticias.org\/site\/#\/schema\/person\/a0e05b973ec4d15c658d51911e53507b\"},\"headline\":\"Com recursos quase esgotados para descontos de carros populares, governo federal anuncia mais R$ 300 milh\u00f5es para projeto\",\"datePublished\":\"2023-07-01T09:24:16+00:00\",\"mainEntityOfPage\":{\"@id\":\"https:\/\/brasilnoticias.org\/site\/com-recursos-quase-esgotados-para-descontos-de-carros-populares-governo-federal-anuncia-mais-r-300-milhoes-para-projeto\/\"},\"wordCount\":195,\"commentCount\":0,\"publisher\":{\"@id\":\"https:\/\/brasilnoticias.org\/site\/#organization\"},\"image\":{\"@id\":\"https:\/\/brasilnoticias.org\/site\/com-recursos-quase-esgotados-para-descontos-de-carros-populares-governo-federal-anuncia-mais-r-300-milhoes-para-projeto\/#primaryimage\"},\"thumbnailUrl\":\"https:\/\/brasilnoticias.org\/site\/wp-content\/uploads\/2023\/07\/cats-6-3.jpg\",\"articleSection\":[\"Not\u00edcias\",\"\u00daltimas\"],\"inLanguage\":\"pt-PT\",\"potentialAction\":[{\"@type\":\"CommentAction\",\"name\":\"Comment\",\"target\":[\"https:\/\/brasilnoticias.org\/site\/com-recursos-quase-esgotados-para-descontos-de-carros-populares-governo-federal-anuncia-mais-r-300-milhoes-para-projeto\/#respond\"]}]},{\"@type\":\"WebPage\",\"@id\":\"https:\/\/brasilnoticias.org\/site\/com-recursos-quase-esgotados-para-descontos-de-carros-populares-governo-federal-anuncia-mais-r-300-milhoes-para-projeto\/\",\"url\":\"https:\/\/brasilnoticias.org\/site\/com-recursos-quase-esgotados-para-descontos-de-carros-populares-governo-federal-anuncia-mais-r-300-milhoes-para-projeto\/\",\"name\":\"Com recursos quase esgotados para descontos de carros populares, governo federal anuncia mais R$ 300 milh\u00f5es para projeto - Brasil not\u00edcias\",\"isPartOf\":{\"@id\":\"https:\/\/brasilnoticias.org\/site\/#website\"},\"primaryImageOfPage\":{\"@id\":\"https:\/\/brasilnoticias.org\/site\/com-recursos-quase-esgotados-para-descontos-de-carros-populares-governo-federal-anuncia-mais-r-300-milhoes-para-projeto\/#primaryimage\"},\"image\":{\"@id\":\"https:\/\/brasilnoticias.org\/site\/com-recursos-quase-esgotados-para-descontos-de-carros-populares-governo-federal-anuncia-mais-r-300-milhoes-para-projeto\/#primaryimage\"},\"thumbnailUrl\":\"https:\/\/brasilnoticias.org\/site\/wp-content\/uploads\/2023\/07\/cats-6-3.jpg\",\"datePublished\":\"2023-07-01T09:24:16+00:00\",\"breadcrumb\":{\"@id\":\"https:\/\/brasilnoticias.org\/site\/com-recursos-quase-esgotados-para-descontos-de-carros-populares-governo-federal-anuncia-mais-r-300-milhoes-para-projeto\/#breadcrumb\"},\"inLanguage\":\"pt-PT\",\"potentialAction\":[{\"@type\":\"ReadAction\",\"target\":[\"https:\/\/brasilnoticias.org\/site\/com-recursos-quase-esgotados-para-descontos-de-carros-populares-governo-federal-anuncia-mais-r-300-milhoes-para-projeto\/\"]}]},{\"@type\":\"ImageObject\",\"inLanguage\":\"pt-PT\",\"@id\":\"https:\/\/brasilnoticias.org\/site\/com-recursos-quase-esgotados-para-descontos-de-carros-populares-governo-federal-anuncia-mais-r-300-milhoes-para-projeto\/#primaryimage\",\"url\":\"https:\/\/brasilnoticias.org\/site\/wp-content\/uploads\/2023\/07\/cats-6-3.jpg\",\"contentUrl\":\"https:\/\/brasilnoticias.org\/site\/wp-content\/uploads\/2023\/07\/cats-6-3.jpg\",\"width\":740,\"height\":470},{\"@type\":\"BreadcrumbList\",\"@id\":\"https:\/\/brasilnoticias.org\/site\/com-recursos-quase-esgotados-para-descontos-de-carros-populares-governo-federal-anuncia-mais-r-300-milhoes-para-projeto\/#breadcrumb\",\"itemListElement\":[{\"@type\":\"ListItem\",\"position\":1,\"name\":\"In\u00edcio\",\"item\":\"https:\/\/brasilnoticias.org\/site\/\"},{\"@type\":\"ListItem\",\"position\":2,\"name\":\"Com recursos quase esgotados para descontos de carros populares, governo federal anuncia mais R$ 300 milh\u00f5es para projeto\"}]},{\"@type\":\"WebSite\",\"@id\":\"https:\/\/brasilnoticias.org\/site\/#website\",\"url\":\"https:\/\/brasilnoticias.org\/site\/\",\"name\":\"Brasil not\u00edcias\",\"description\":\"Brasil not\u00edcias\",\"publisher\":{\"@id\":\"https:\/\/brasilnoticias.org\/site\/#organization\"},\"potentialAction\":[{\"@type\":\"SearchAction\",\"target\":{\"@type\":\"EntryPoint\",\"urlTemplate\":\"https:\/\/brasilnoticias.org\/site\/?s={search_term_string}\"},\"query-input\":{\"@type\":\"PropertyValueSpecification\",\"valueRequired\":true,\"valueName\":\"search_term_string\"}}],\"inLanguage\":\"pt-PT\"},{\"@type\":\"Organization\",\"@id\":\"https:\/\/brasilnoticias.org\/site\/#organization\",\"name\":\"Brasil not\u00edcias\",\"url\":\"https:\/\/brasilnoticias.org\/site\/\",\"logo\":{\"@type\":\"ImageObject\",\"inLanguage\":\"pt-PT\",\"@id\":\"https:\/\/brasilnoticias.org\/site\/#\/schema\/logo\/image\/\",\"url\":\"https:\/\/brasilnoticias.org\/site\/wp-content\/uploads\/2022\/05\/cropped-brasilnoticias-mini.jpg\",\"contentUrl\":\"https:\/\/brasilnoticias.org\/site\/wp-content\/uploads\/2022\/05\/cropped-brasilnoticias-mini.jpg\",\"width\":314,\"height\":86,\"caption\":\"Brasil not\u00edcias\"},\"image\":{\"@id\":\"https:\/\/brasilnoticias.org\/site\/#\/schema\/logo\/image\/\"}},{\"@type\":\"Person\",\"@id\":\"https:\/\/brasilnoticias.org\/site\/#\/schema\/person\/a0e05b973ec4d15c658d51911e53507b\",\"name\":\"Reda\u00e7\u00e3o\",\"image\":{\"@type\":\"ImageObject\",\"inLanguage\":\"pt-PT\",\"@id\":\"https:\/\/brasilnoticias.org\/site\/#\/schema\/person\/image\/\",\"url\":\"https:\/\/secure.gravatar.com\/avatar\/75d8b050df2de108b08ae78dfb8e374892df24a383c67db9c46a9c604f6aee9c?s=96&d=mm&r=g\",\"contentUrl\":\"https:\/\/secure.gravatar.com\/avatar\/75d8b050df2de108b08ae78dfb8e374892df24a383c67db9c46a9c604f6aee9c?s=96&d=mm&r=g\",\"caption\":\"Reda\u00e7\u00e3o\"},\"sameAs\":[\"https:\/\/brasilnoticias.org\/site\"],\"url\":\"https:\/\/brasilnoticias.org\/site\/author\/fernandozsngmail-com\/\"}]}<\/script>\n<!-- \/ Yoast SEO plugin. -->","yoast_head_json":{"title":"Com recursos quase esgotados para descontos de carros populares, governo federal anuncia mais R$ 300 milh\u00f5es para projeto - Brasil not\u00edcias","robots":{"index":"index","follow":"follow","max-snippet":"max-snippet:-1","max-image-preview":"max-image-preview:large","max-video-preview":"max-video-preview:-1"},"canonical":"https:\/\/brasilnoticias.org\/site\/com-recursos-quase-esgotados-para-descontos-de-carros-populares-governo-federal-anuncia-mais-r-300-milhoes-para-projeto\/","og_locale":"pt_PT","og_type":"article","og_title":"Com recursos quase esgotados para descontos de carros populares, governo federal anuncia mais R$ 300 milh\u00f5es para projeto - Brasil not\u00edcias","og_description":"O presidente Lula deve assinar ainda nesta sexta-feira (30\/6) medida provis\u00f3ria que amplia em R$ 300 milh\u00f5es os recursos para","og_url":"https:\/\/brasilnoticias.org\/site\/com-recursos-quase-esgotados-para-descontos-de-carros-populares-governo-federal-anuncia-mais-r-300-milhoes-para-projeto\/","og_site_name":"Brasil not\u00edcias","article_published_time":"2023-07-01T09:24:16+00:00","og_image":[{"width":740,"height":470,"url":"https:\/\/brasilnoticias.org\/site\/wp-content\/uploads\/2023\/07\/cats-6-3.jpg","type":"image\/jpeg"}],"author":"Reda\u00e7\u00e3o","twitter_card":"summary_large_image","twitter_misc":{"Escrito por":"Reda\u00e7\u00e3o"},"schema":{"@context":"https:\/\/schema.org","@graph":[{"@type":"Article","@id":"https:\/\/brasilnoticias.org\/site\/com-recursos-quase-esgotados-para-descontos-de-carros-populares-governo-federal-anuncia-mais-r-300-milhoes-para-projeto\/#article","isPartOf":{"@id":"https:\/\/brasilnoticias.org\/site\/com-recursos-quase-esgotados-para-descontos-de-carros-populares-governo-federal-anuncia-mais-r-300-milhoes-para-projeto\/"},"author":{"name":"Reda\u00e7\u00e3o","@id":"https:\/\/brasilnoticias.org\/site\/#\/schema\/person\/a0e05b973ec4d15c658d51911e53507b"},"headline":"Com recursos quase esgotados para descontos de carros populares, governo federal anuncia mais R$ 300 milh\u00f5es para projeto","datePublished":"2023-07-01T09:24:16+00:00","mainEntityOfPage":{"@id":"https:\/\/brasilnoticias.org\/site\/com-recursos-quase-esgotados-para-descontos-de-carros-populares-governo-federal-anuncia-mais-r-300-milhoes-para-projeto\/"},"wordCount":195,"commentCount":0,"publisher":{"@id":"https:\/\/brasilnoticias.org\/site\/#organization"},"image":{"@id":"https:\/\/brasilnoticias.org\/site\/com-recursos-quase-esgotados-para-descontos-de-carros-populares-governo-federal-anuncia-mais-r-300-milhoes-para-projeto\/#primaryimage"},"thumbnailUrl":"https:\/\/brasilnoticias.org\/site\/wp-content\/uploads\/2023\/07\/cats-6-3.jpg","articleSection":["Not\u00edcias","\u00daltimas"],"inLanguage":"pt-PT","potentialAction":[{"@type":"CommentAction","name":"Comment","target":["https:\/\/brasilnoticias.org\/site\/com-recursos-quase-esgotados-para-descontos-de-carros-populares-governo-federal-anuncia-mais-r-300-milhoes-para-projeto\/#respond"]}]},{"@type":"WebPage","@id":"https:\/\/brasilnoticias.org\/site\/com-recursos-quase-esgotados-para-descontos-de-carros-populares-governo-federal-anuncia-mais-r-300-milhoes-para-projeto\/","url":"https:\/\/brasilnoticias.org\/site\/com-recursos-quase-esgotados-para-descontos-de-carros-populares-governo-federal-anuncia-mais-r-300-milhoes-para-projeto\/","name":"Com recursos quase esgotados para descontos de carros populares, governo federal anuncia mais R$ 300 milh\u00f5es para projeto - Brasil not\u00edcias","isPartOf":{"@id":"https:\/\/brasilnoticias.org\/site\/#website"},"primaryImageOfPage":{"@id":"https:\/\/brasilnoticias.org\/site\/com-recursos-quase-esgotados-para-descontos-de-carros-populares-governo-federal-anuncia-mais-r-300-milhoes-para-projeto\/#primaryimage"},"image":{"@id":"https:\/\/brasilnoticias.org\/site\/com-recursos-quase-esgotados-para-descontos-de-carros-populares-governo-federal-anuncia-mais-r-300-milhoes-para-projeto\/#primaryimage"},"thumbnailUrl":"https:\/\/brasilnoticias.org\/site\/wp-content\/uploads\/2023\/07\/cats-6-3.jpg","datePublished":"2023-07-01T09:24:16+00:00","breadcrumb":{"@id":"https:\/\/brasilnoticias.org\/site\/com-recursos-quase-esgotados-para-descontos-de-carros-populares-governo-federal-anuncia-mais-r-300-milhoes-para-projeto\/#breadcrumb"},"inLanguage":"pt-PT","potentialAction":[{"@type":"ReadAction","target":["https:\/\/brasilnoticias.org\/site\/com-recursos-quase-esgotados-para-descontos-de-carros-populares-governo-federal-anuncia-mais-r-300-milhoes-para-projeto\/"]}]},{"@type":"ImageObject","inLanguage":"pt-PT","@id":"https:\/\/brasilnoticias.org\/site\/com-recursos-quase-esgotados-para-descontos-de-carros-populares-governo-federal-anuncia-mais-r-300-milhoes-para-projeto\/#primaryimage","url":"https:\/\/brasilnoticias.org\/site\/wp-content\/uploads\/2023\/07\/cats-6-3.jpg","contentUrl":"https:\/\/brasilnoticias.org\/site\/wp-content\/uploads\/2023\/07\/cats-6-3.jpg","width":740,"height":470},{"@type":"BreadcrumbList","@id":"https:\/\/brasilnoticias.org\/site\/com-recursos-quase-esgotados-para-descontos-de-carros-populares-governo-federal-anuncia-mais-r-300-milhoes-para-projeto\/#breadcrumb","itemListElement":[{"@type":"ListItem","position":1,"name":"In\u00edcio","item":"https:\/\/brasilnoticias.org\/site\/"},{"@type":"ListItem","position":2,"name":"Com recursos quase esgotados para descontos de carros populares, governo federal anuncia mais R$ 300 milh\u00f5es para projeto"}]},{"@type":"WebSite","@id":"https:\/\/brasilnoticias.org\/site\/#website","url":"https:\/\/brasilnoticias.org\/site\/","name":"Brasil not\u00edcias","description":"Brasil not\u00edcias","publisher":{"@id":"https:\/\/brasilnoticias.org\/site\/#organization"},"potentialAction":[{"@type":"SearchAction","target":{"@type":"EntryPoint","urlTemplate":"https:\/\/brasilnoticias.org\/site\/?s={search_term_string}"},"query-input":{"@type":"PropertyValueSpecification","valueRequired":true,"valueName":"search_term_string"}}],"inLanguage":"pt-PT"},{"@type":"Organization","@id":"https:\/\/brasilnoticias.org\/site\/#organization","name":"Brasil not\u00edcias","url":"https:\/\/brasilnoticias.org\/site\/","logo":{"@type":"ImageObject","inLanguage":"pt-PT","@id":"https:\/\/brasilnoticias.org\/site\/#\/schema\/logo\/image\/","url":"https:\/\/brasilnoticias.org\/site\/wp-content\/uploads\/2022\/05\/cropped-brasilnoticias-mini.jpg","contentUrl":"https:\/\/brasilnoticias.org\/site\/wp-content\/uploads\/2022\/05\/cropped-brasilnoticias-mini.jpg","width":314,"height":86,"caption":"Brasil not\u00edcias"},"image":{"@id":"https:\/\/brasilnoticias.org\/site\/#\/schema\/logo\/image\/"}},{"@type":"Person","@id":"https:\/\/brasilnoticias.org\/site\/#\/schema\/person\/a0e05b973ec4d15c658d51911e53507b","name":"Reda\u00e7\u00e3o","image":{"@type":"ImageObject","inLanguage":"pt-PT","@id":"https:\/\/brasilnoticias.org\/site\/#\/schema\/person\/image\/","url":"https:\/\/secure.gravatar.com\/avatar\/75d8b050df2de108b08ae78dfb8e374892df24a383c67db9c46a9c604f6aee9c?s=96&d=mm&r=g","contentUrl":"https:\/\/secure.gravatar.com\/avatar\/75d8b050df2de108b08ae78dfb8e374892df24a383c67db9c46a9c604f6aee9c?s=96&d=mm&r=g","caption":"Reda\u00e7\u00e3o"},"sameAs":["https:\/\/brasilnoticias.org\/site"],"url":"https:\/\/brasilnoticias.org\/site\/author\/fernandozsngmail-com\/"}]}},"_links":{"self":[{"href":"https:\/\/brasilnoticias.org\/site\/wp-json\/wp\/v2\/posts\/7044","targetHints":{"allow":["GET"]}}],"collection":[{"href":"https:\/\/brasilnoticias.org\/site\/wp-json\/wp\/v2\/posts"}],"about":[{"href":"https:\/\/brasilnoticias.org\/site\/wp-json\/wp\/v2\/types\/post"}],"author":[{"embeddable":true,"href":"https:\/\/brasilnoticias.org\/site\/wp-json\/wp\/v2\/users\/1"}],"replies":[{"embeddable":true,"href":"https:\/\/brasilnoticias.org\/site\/wp-json\/wp\/v2\/comments?post=7044"}],"version-history":[{"count":1,"href":"https:\/\/brasilnoticias.org\/site\/wp-json\/wp\/v2\/posts\/7044\/revisions"}],"predecessor-version":[{"id":7046,"href":"https:\/\/brasilnoticias.org\/site\/wp-json\/wp\/v2\/posts\/7044\/revisions\/7046"}],"wp:featuredmedia":[{"embeddable":true,"href":"https:\/\/brasilnoticias.org\/site\/wp-json\/wp\/v2\/media\/7045"}],"wp:attachment":[{"href":"https:\/\/brasilnoticias.org\/site\/wp-json\/wp\/v2\/media?parent=7044"}],"wp:term":[{"taxonomy":"category","embeddable":true,"href":"https:\/\/brasilnoticias.org\/site\/wp-json\/wp\/v2\/categories?post=7044"},{"taxonomy":"post_tag","embeddable":true,"href":"https:\/\/brasilnoticias.org\/site\/wp-json\/wp\/v2\/tags?post=7044"}],"curies":[{"name":"wp","href":"https:\/\/api.w.org\/{rel}","templated":true}]}}