{"id":7047,"date":"2023-07-01T06:25:38","date_gmt":"2023-07-01T09:25:38","guid":{"rendered":"https:\/\/brasilnoticias.org\/site\/?p=7047"},"modified":"2023-07-01T06:25:38","modified_gmt":"2023-07-01T09:25:38","slug":"com-seis-desfalques-bahia-tem-time-preparado-para-enfrentar-o-gremio-pelo-brasileirao","status":"publish","type":"post","link":"https:\/\/brasilnoticias.org\/site\/com-seis-desfalques-bahia-tem-time-preparado-para-enfrentar-o-gremio-pelo-brasileirao\/","title":{"rendered":"Com seis desfalques, Bahia tem time preparado para enfrentar o Gr\u00eamio pelo Brasileir\u00e3o"},"content":{"rendered":"<p>Nesta sexta-feira (30\/6), o Bahia encerrou os seus preparativos e est\u00e1 pronto para enfrentar o Gr\u00eamio, em jogo v\u00e1lido pela 13\u00aa rodada do Campeonato Brasileiro 2023.<\/p>\n<p>Com trabalho na academia e treino t\u00e1tico, o treinador Renato paiva esbo\u00e7ou um time titular e relacionou os atletas que participa\u00e7\u00e3o do jogo contra o time ga\u00facho. Al\u00e9m da atividade, tamb\u00e9m foram trabalhadas cobran\u00e7as de bola parada com enfoque defensivo e ofensivo dos atletas no lance.<\/p>\n<p>Em rela\u00e7\u00e3o aos desfalques, os atletas Danilo Fernandes, David Duarte e Jacar\u00e9 seguem realizando atividades na academia, enquanto Biel, Matheus Bahia e Yago Felipe passaram por exerc\u00edcios no gramado al\u00e9m de tratamento intensivo.<\/p>\n<p>Bahia e Gr\u00eamio jogam neste s\u00e1bado (1\/7), \u00e0s 18h30, na Arena Fonte Nova. Com 12 pontos, Tricolor Baiano precisa do triunfo para se distanciar da zona de rebaixamento. J\u00e1 o Gr\u00eamio, com 23, \u00e9 o vice-l\u00edder da competi\u00e7\u00e3o.<\/p>\n<p>Aratuon<br \/>\nFoto: Let\u00edcia Martins \/ E.C Bahia<\/p>\n","protected":false},"excerpt":{"rendered":"<p>Nesta sexta-feira (30\/6), o Bahia encerrou os seus preparativos e est\u00e1 pronto para enfrentar o Gr\u00eamio, em jogo v\u00e1lido pela<\/p>\n","protected":false},"author":1,"featured_media":7048,"comment_status":"open","ping_status":"open","sticky":false,"template":"","format":"standard","meta":{"colormag_page_container_layout":"default_layout","colormag_page_sidebar_layout":"default_layout","_FSMCFIC_featured_image_caption":"","_FSMCFIC_featured_image_nocaption":"","_FSMCFIC_featured_image_hide":"","footnotes":""},"categories":[4,1],"tags":[],"class_list":["post-7047","post","type-post","status-publish","format-standard","has-post-thumbnail","hentry","category-esporte","category-ultimas"],"yoast_head":"<!-- This site is optimized with the Yoast SEO plugin v27.1.1 - https:\/\/yoast.com\/product\/yoast-seo-wordpress\/ -->\n<title>Com seis desfalques, Bahia tem time preparado para enfrentar o Gr\u00eamio pelo Brasileir\u00e3o - Brasil not\u00edcias<\/title>\n<meta name=\"robots\" content=\"index, follow, max-snippet:-1, max-image-preview:large, max-video-preview:-1\" \/>\n<link rel=\"canonical\" href=\"https:\/\/brasilnoticias.org\/site\/com-seis-desfalques-bahia-tem-time-preparado-para-enfrentar-o-gremio-pelo-brasileirao\/\" \/>\n<meta property=\"og:locale\" content=\"pt_PT\" \/>\n<meta property=\"og:type\" content=\"article\" \/>\n<meta property=\"og:title\" content=\"Com seis desfalques, Bahia tem time preparado para enfrentar o Gr\u00eamio pelo Brasileir\u00e3o - Brasil not\u00edcias\" \/>\n<meta property=\"og:description\" content=\"Nesta sexta-feira (30\/6), o Bahia encerrou os seus preparativos e est\u00e1 pronto para enfrentar o Gr\u00eamio, em jogo v\u00e1lido pela\" \/>\n<meta property=\"og:url\" content=\"https:\/\/brasilnoticias.org\/site\/com-seis-desfalques-bahia-tem-time-preparado-para-enfrentar-o-gremio-pelo-brasileirao\/\" \/>\n<meta property=\"og:site_name\" content=\"Brasil not\u00edcias\" \/>\n<meta property=\"article:published_time\" content=\"2023-07-01T09:25:38+00:00\" \/>\n<meta property=\"og:image\" content=\"https:\/\/brasilnoticias.org\/site\/wp-content\/uploads\/2023\/07\/IMG_5046-570x350-1.jpg\" \/>\n\t<meta property=\"og:image:width\" content=\"570\" \/>\n\t<meta property=\"og:image:height\" content=\"350\" \/>\n\t<meta property=\"og:image:type\" content=\"image\/jpeg\" \/>\n<meta name=\"author\" content=\"Reda\u00e7\u00e3o\" \/>\n<meta name=\"twitter:card\" content=\"summary_large_image\" \/>\n<meta name=\"twitter:label1\" content=\"Escrito por\" \/>\n\t<meta name=\"twitter:data1\" content=\"Reda\u00e7\u00e3o\" \/>\n<script type=\"application\/ld+json\" class=\"yoast-schema-graph\">{\"@context\":\"https:\/\/schema.org\",\"@graph\":[{\"@type\":\"Article\",\"@id\":\"https:\/\/brasilnoticias.org\/site\/com-seis-desfalques-bahia-tem-time-preparado-para-enfrentar-o-gremio-pelo-brasileirao\/#article\",\"isPartOf\":{\"@id\":\"https:\/\/brasilnoticias.org\/site\/com-seis-desfalques-bahia-tem-time-preparado-para-enfrentar-o-gremio-pelo-brasileirao\/\"},\"author\":{\"name\":\"Reda\u00e7\u00e3o\",\"@id\":\"https:\/\/brasilnoticias.org\/site\/#\/schema\/person\/a0e05b973ec4d15c658d51911e53507b\"},\"headline\":\"Com seis desfalques, Bahia tem time preparado para enfrentar o Gr\u00eamio pelo Brasileir\u00e3o\",\"datePublished\":\"2023-07-01T09:25:38+00:00\",\"mainEntityOfPage\":{\"@id\":\"https:\/\/brasilnoticias.org\/site\/com-seis-desfalques-bahia-tem-time-preparado-para-enfrentar-o-gremio-pelo-brasileirao\/\"},\"wordCount\":176,\"commentCount\":0,\"publisher\":{\"@id\":\"https:\/\/brasilnoticias.org\/site\/#organization\"},\"image\":{\"@id\":\"https:\/\/brasilnoticias.org\/site\/com-seis-desfalques-bahia-tem-time-preparado-para-enfrentar-o-gremio-pelo-brasileirao\/#primaryimage\"},\"thumbnailUrl\":\"https:\/\/brasilnoticias.org\/site\/wp-content\/uploads\/2023\/07\/IMG_5046-570x350-1.jpg\",\"articleSection\":[\"Esporte\",\"\u00daltimas\"],\"inLanguage\":\"pt-PT\",\"potentialAction\":[{\"@type\":\"CommentAction\",\"name\":\"Comment\",\"target\":[\"https:\/\/brasilnoticias.org\/site\/com-seis-desfalques-bahia-tem-time-preparado-para-enfrentar-o-gremio-pelo-brasileirao\/#respond\"]}]},{\"@type\":\"WebPage\",\"@id\":\"https:\/\/brasilnoticias.org\/site\/com-seis-desfalques-bahia-tem-time-preparado-para-enfrentar-o-gremio-pelo-brasileirao\/\",\"url\":\"https:\/\/brasilnoticias.org\/site\/com-seis-desfalques-bahia-tem-time-preparado-para-enfrentar-o-gremio-pelo-brasileirao\/\",\"name\":\"Com seis desfalques, Bahia tem time preparado para enfrentar o Gr\u00eamio pelo Brasileir\u00e3o - Brasil not\u00edcias\",\"isPartOf\":{\"@id\":\"https:\/\/brasilnoticias.org\/site\/#website\"},\"primaryImageOfPage\":{\"@id\":\"https:\/\/brasilnoticias.org\/site\/com-seis-desfalques-bahia-tem-time-preparado-para-enfrentar-o-gremio-pelo-brasileirao\/#primaryimage\"},\"image\":{\"@id\":\"https:\/\/brasilnoticias.org\/site\/com-seis-desfalques-bahia-tem-time-preparado-para-enfrentar-o-gremio-pelo-brasileirao\/#primaryimage\"},\"thumbnailUrl\":\"https:\/\/brasilnoticias.org\/site\/wp-content\/uploads\/2023\/07\/IMG_5046-570x350-1.jpg\",\"datePublished\":\"2023-07-01T09:25:38+00:00\",\"breadcrumb\":{\"@id\":\"https:\/\/brasilnoticias.org\/site\/com-seis-desfalques-bahia-tem-time-preparado-para-enfrentar-o-gremio-pelo-brasileirao\/#breadcrumb\"},\"inLanguage\":\"pt-PT\",\"potentialAction\":[{\"@type\":\"ReadAction\",\"target\":[\"https:\/\/brasilnoticias.org\/site\/com-seis-desfalques-bahia-tem-time-preparado-para-enfrentar-o-gremio-pelo-brasileirao\/\"]}]},{\"@type\":\"ImageObject\",\"inLanguage\":\"pt-PT\",\"@id\":\"https:\/\/brasilnoticias.org\/site\/com-seis-desfalques-bahia-tem-time-preparado-para-enfrentar-o-gremio-pelo-brasileirao\/#primaryimage\",\"url\":\"https:\/\/brasilnoticias.org\/site\/wp-content\/uploads\/2023\/07\/IMG_5046-570x350-1.jpg\",\"contentUrl\":\"https:\/\/brasilnoticias.org\/site\/wp-content\/uploads\/2023\/07\/IMG_5046-570x350-1.jpg\",\"width\":570,\"height\":350},{\"@type\":\"BreadcrumbList\",\"@id\":\"https:\/\/brasilnoticias.org\/site\/com-seis-desfalques-bahia-tem-time-preparado-para-enfrentar-o-gremio-pelo-brasileirao\/#breadcrumb\",\"itemListElement\":[{\"@type\":\"ListItem\",\"position\":1,\"name\":\"In\u00edcio\",\"item\":\"https:\/\/brasilnoticias.org\/site\/\"},{\"@type\":\"ListItem\",\"position\":2,\"name\":\"Com seis desfalques, Bahia tem time preparado para enfrentar o Gr\u00eamio pelo Brasileir\u00e3o\"}]},{\"@type\":\"WebSite\",\"@id\":\"https:\/\/brasilnoticias.org\/site\/#website\",\"url\":\"https:\/\/brasilnoticias.org\/site\/\",\"name\":\"Brasil not\u00edcias\",\"description\":\"Brasil not\u00edcias\",\"publisher\":{\"@id\":\"https:\/\/brasilnoticias.org\/site\/#organization\"},\"potentialAction\":[{\"@type\":\"SearchAction\",\"target\":{\"@type\":\"EntryPoint\",\"urlTemplate\":\"https:\/\/brasilnoticias.org\/site\/?s={search_term_string}\"},\"query-input\":{\"@type\":\"PropertyValueSpecification\",\"valueRequired\":true,\"valueName\":\"search_term_string\"}}],\"inLanguage\":\"pt-PT\"},{\"@type\":\"Organization\",\"@id\":\"https:\/\/brasilnoticias.org\/site\/#organization\",\"name\":\"Brasil not\u00edcias\",\"url\":\"https:\/\/brasilnoticias.org\/site\/\",\"logo\":{\"@type\":\"ImageObject\",\"inLanguage\":\"pt-PT\",\"@id\":\"https:\/\/brasilnoticias.org\/site\/#\/schema\/logo\/image\/\",\"url\":\"https:\/\/brasilnoticias.org\/site\/wp-content\/uploads\/2022\/05\/cropped-brasilnoticias-mini.jpg\",\"contentUrl\":\"https:\/\/brasilnoticias.org\/site\/wp-content\/uploads\/2022\/05\/cropped-brasilnoticias-mini.jpg\",\"width\":314,\"height\":86,\"caption\":\"Brasil not\u00edcias\"},\"image\":{\"@id\":\"https:\/\/brasilnoticias.org\/site\/#\/schema\/logo\/image\/\"}},{\"@type\":\"Person\",\"@id\":\"https:\/\/brasilnoticias.org\/site\/#\/schema\/person\/a0e05b973ec4d15c658d51911e53507b\",\"name\":\"Reda\u00e7\u00e3o\",\"image\":{\"@type\":\"ImageObject\",\"inLanguage\":\"pt-PT\",\"@id\":\"https:\/\/brasilnoticias.org\/site\/#\/schema\/person\/image\/\",\"url\":\"https:\/\/secure.gravatar.com\/avatar\/75d8b050df2de108b08ae78dfb8e374892df24a383c67db9c46a9c604f6aee9c?s=96&d=mm&r=g\",\"contentUrl\":\"https:\/\/secure.gravatar.com\/avatar\/75d8b050df2de108b08ae78dfb8e374892df24a383c67db9c46a9c604f6aee9c?s=96&d=mm&r=g\",\"caption\":\"Reda\u00e7\u00e3o\"},\"sameAs\":[\"https:\/\/brasilnoticias.org\/site\"],\"url\":\"https:\/\/brasilnoticias.org\/site\/author\/fernandozsngmail-com\/\"}]}<\/script>\n<!-- \/ Yoast SEO plugin. -->","yoast_head_json":{"title":"Com seis desfalques, Bahia tem time preparado para enfrentar o Gr\u00eamio pelo Brasileir\u00e3o - Brasil not\u00edcias","robots":{"index":"index","follow":"follow","max-snippet":"max-snippet:-1","max-image-preview":"max-image-preview:large","max-video-preview":"max-video-preview:-1"},"canonical":"https:\/\/brasilnoticias.org\/site\/com-seis-desfalques-bahia-tem-time-preparado-para-enfrentar-o-gremio-pelo-brasileirao\/","og_locale":"pt_PT","og_type":"article","og_title":"Com seis desfalques, Bahia tem time preparado para enfrentar o Gr\u00eamio pelo Brasileir\u00e3o - Brasil not\u00edcias","og_description":"Nesta sexta-feira (30\/6), o Bahia encerrou os seus preparativos e est\u00e1 pronto para enfrentar o Gr\u00eamio, em jogo v\u00e1lido pela","og_url":"https:\/\/brasilnoticias.org\/site\/com-seis-desfalques-bahia-tem-time-preparado-para-enfrentar-o-gremio-pelo-brasileirao\/","og_site_name":"Brasil not\u00edcias","article_published_time":"2023-07-01T09:25:38+00:00","og_image":[{"width":570,"height":350,"url":"https:\/\/brasilnoticias.org\/site\/wp-content\/uploads\/2023\/07\/IMG_5046-570x350-1.jpg","type":"image\/jpeg"}],"author":"Reda\u00e7\u00e3o","twitter_card":"summary_large_image","twitter_misc":{"Escrito por":"Reda\u00e7\u00e3o"},"schema":{"@context":"https:\/\/schema.org","@graph":[{"@type":"Article","@id":"https:\/\/brasilnoticias.org\/site\/com-seis-desfalques-bahia-tem-time-preparado-para-enfrentar-o-gremio-pelo-brasileirao\/#article","isPartOf":{"@id":"https:\/\/brasilnoticias.org\/site\/com-seis-desfalques-bahia-tem-time-preparado-para-enfrentar-o-gremio-pelo-brasileirao\/"},"author":{"name":"Reda\u00e7\u00e3o","@id":"https:\/\/brasilnoticias.org\/site\/#\/schema\/person\/a0e05b973ec4d15c658d51911e53507b"},"headline":"Com seis desfalques, Bahia tem time preparado para enfrentar o Gr\u00eamio pelo Brasileir\u00e3o","datePublished":"2023-07-01T09:25:38+00:00","mainEntityOfPage":{"@id":"https:\/\/brasilnoticias.org\/site\/com-seis-desfalques-bahia-tem-time-preparado-para-enfrentar-o-gremio-pelo-brasileirao\/"},"wordCount":176,"commentCount":0,"publisher":{"@id":"https:\/\/brasilnoticias.org\/site\/#organization"},"image":{"@id":"https:\/\/brasilnoticias.org\/site\/com-seis-desfalques-bahia-tem-time-preparado-para-enfrentar-o-gremio-pelo-brasileirao\/#primaryimage"},"thumbnailUrl":"https:\/\/brasilnoticias.org\/site\/wp-content\/uploads\/2023\/07\/IMG_5046-570x350-1.jpg","articleSection":["Esporte","\u00daltimas"],"inLanguage":"pt-PT","potentialAction":[{"@type":"CommentAction","name":"Comment","target":["https:\/\/brasilnoticias.org\/site\/com-seis-desfalques-bahia-tem-time-preparado-para-enfrentar-o-gremio-pelo-brasileirao\/#respond"]}]},{"@type":"WebPage","@id":"https:\/\/brasilnoticias.org\/site\/com-seis-desfalques-bahia-tem-time-preparado-para-enfrentar-o-gremio-pelo-brasileirao\/","url":"https:\/\/brasilnoticias.org\/site\/com-seis-desfalques-bahia-tem-time-preparado-para-enfrentar-o-gremio-pelo-brasileirao\/","name":"Com seis desfalques, Bahia tem time preparado para enfrentar o Gr\u00eamio pelo Brasileir\u00e3o - Brasil not\u00edcias","isPartOf":{"@id":"https:\/\/brasilnoticias.org\/site\/#website"},"primaryImageOfPage":{"@id":"https:\/\/brasilnoticias.org\/site\/com-seis-desfalques-bahia-tem-time-preparado-para-enfrentar-o-gremio-pelo-brasileirao\/#primaryimage"},"image":{"@id":"https:\/\/brasilnoticias.org\/site\/com-seis-desfalques-bahia-tem-time-preparado-para-enfrentar-o-gremio-pelo-brasileirao\/#primaryimage"},"thumbnailUrl":"https:\/\/brasilnoticias.org\/site\/wp-content\/uploads\/2023\/07\/IMG_5046-570x350-1.jpg","datePublished":"2023-07-01T09:25:38+00:00","breadcrumb":{"@id":"https:\/\/brasilnoticias.org\/site\/com-seis-desfalques-bahia-tem-time-preparado-para-enfrentar-o-gremio-pelo-brasileirao\/#breadcrumb"},"inLanguage":"pt-PT","potentialAction":[{"@type":"ReadAction","target":["https:\/\/brasilnoticias.org\/site\/com-seis-desfalques-bahia-tem-time-preparado-para-enfrentar-o-gremio-pelo-brasileirao\/"]}]},{"@type":"ImageObject","inLanguage":"pt-PT","@id":"https:\/\/brasilnoticias.org\/site\/com-seis-desfalques-bahia-tem-time-preparado-para-enfrentar-o-gremio-pelo-brasileirao\/#primaryimage","url":"https:\/\/brasilnoticias.org\/site\/wp-content\/uploads\/2023\/07\/IMG_5046-570x350-1.jpg","contentUrl":"https:\/\/brasilnoticias.org\/site\/wp-content\/uploads\/2023\/07\/IMG_5046-570x350-1.jpg","width":570,"height":350},{"@type":"BreadcrumbList","@id":"https:\/\/brasilnoticias.org\/site\/com-seis-desfalques-bahia-tem-time-preparado-para-enfrentar-o-gremio-pelo-brasileirao\/#breadcrumb","itemListElement":[{"@type":"ListItem","position":1,"name":"In\u00edcio","item":"https:\/\/brasilnoticias.org\/site\/"},{"@type":"ListItem","position":2,"name":"Com seis desfalques, Bahia tem time preparado para enfrentar o Gr\u00eamio pelo Brasileir\u00e3o"}]},{"@type":"WebSite","@id":"https:\/\/brasilnoticias.org\/site\/#website","url":"https:\/\/brasilnoticias.org\/site\/","name":"Brasil not\u00edcias","description":"Brasil not\u00edcias","publisher":{"@id":"https:\/\/brasilnoticias.org\/site\/#organization"},"potentialAction":[{"@type":"SearchAction","target":{"@type":"EntryPoint","urlTemplate":"https:\/\/brasilnoticias.org\/site\/?s={search_term_string}"},"query-input":{"@type":"PropertyValueSpecification","valueRequired":true,"valueName":"search_term_string"}}],"inLanguage":"pt-PT"},{"@type":"Organization","@id":"https:\/\/brasilnoticias.org\/site\/#organization","name":"Brasil not\u00edcias","url":"https:\/\/brasilnoticias.org\/site\/","logo":{"@type":"ImageObject","inLanguage":"pt-PT","@id":"https:\/\/brasilnoticias.org\/site\/#\/schema\/logo\/image\/","url":"https:\/\/brasilnoticias.org\/site\/wp-content\/uploads\/2022\/05\/cropped-brasilnoticias-mini.jpg","contentUrl":"https:\/\/brasilnoticias.org\/site\/wp-content\/uploads\/2022\/05\/cropped-brasilnoticias-mini.jpg","width":314,"height":86,"caption":"Brasil not\u00edcias"},"image":{"@id":"https:\/\/brasilnoticias.org\/site\/#\/schema\/logo\/image\/"}},{"@type":"Person","@id":"https:\/\/brasilnoticias.org\/site\/#\/schema\/person\/a0e05b973ec4d15c658d51911e53507b","name":"Reda\u00e7\u00e3o","image":{"@type":"ImageObject","inLanguage":"pt-PT","@id":"https:\/\/brasilnoticias.org\/site\/#\/schema\/person\/image\/","url":"https:\/\/secure.gravatar.com\/avatar\/75d8b050df2de108b08ae78dfb8e374892df24a383c67db9c46a9c604f6aee9c?s=96&d=mm&r=g","contentUrl":"https:\/\/secure.gravatar.com\/avatar\/75d8b050df2de108b08ae78dfb8e374892df24a383c67db9c46a9c604f6aee9c?s=96&d=mm&r=g","caption":"Reda\u00e7\u00e3o"},"sameAs":["https:\/\/brasilnoticias.org\/site"],"url":"https:\/\/brasilnoticias.org\/site\/author\/fernandozsngmail-com\/"}]}},"_links":{"self":[{"href":"https:\/\/brasilnoticias.org\/site\/wp-json\/wp\/v2\/posts\/7047","targetHints":{"allow":["GET"]}}],"collection":[{"href":"https:\/\/brasilnoticias.org\/site\/wp-json\/wp\/v2\/posts"}],"about":[{"href":"https:\/\/brasilnoticias.org\/site\/wp-json\/wp\/v2\/types\/post"}],"author":[{"embeddable":true,"href":"https:\/\/brasilnoticias.org\/site\/wp-json\/wp\/v2\/users\/1"}],"replies":[{"embeddable":true,"href":"https:\/\/brasilnoticias.org\/site\/wp-json\/wp\/v2\/comments?post=7047"}],"version-history":[{"count":1,"href":"https:\/\/brasilnoticias.org\/site\/wp-json\/wp\/v2\/posts\/7047\/revisions"}],"predecessor-version":[{"id":7049,"href":"https:\/\/brasilnoticias.org\/site\/wp-json\/wp\/v2\/posts\/7047\/revisions\/7049"}],"wp:featuredmedia":[{"embeddable":true,"href":"https:\/\/brasilnoticias.org\/site\/wp-json\/wp\/v2\/media\/7048"}],"wp:attachment":[{"href":"https:\/\/brasilnoticias.org\/site\/wp-json\/wp\/v2\/media?parent=7047"}],"wp:term":[{"taxonomy":"category","embeddable":true,"href":"https:\/\/brasilnoticias.org\/site\/wp-json\/wp\/v2\/categories?post=7047"},{"taxonomy":"post_tag","embeddable":true,"href":"https:\/\/brasilnoticias.org\/site\/wp-json\/wp\/v2\/tags?post=7047"}],"curies":[{"name":"wp","href":"https:\/\/api.w.org\/{rel}","templated":true}]}}