{"id":7056,"date":"2023-07-01T18:20:40","date_gmt":"2023-07-01T21:20:40","guid":{"rendered":"https:\/\/brasilnoticias.org\/site\/?p=7056"},"modified":"2023-07-01T06:33:31","modified_gmt":"2023-07-01T09:33:31","slug":"pm-e-acionada-para-coibir-guerra-de-espadas-nos-bairros-de-aguas-claras-e-iapi","status":"publish","type":"post","link":"https:\/\/brasilnoticias.org\/site\/pm-e-acionada-para-coibir-guerra-de-espadas-nos-bairros-de-aguas-claras-e-iapi\/","title":{"rendered":"PM \u00e9 acionada para coibir \u201cguerra de espadas\u201d nos bairros de \u00c1guas Claras e IAPI"},"content":{"rendered":"<p>Moradores dos bairros de \u00c1guas Claras e IAPI, em Salvador, viveram momentos de tens\u00e3o, na noite desta quinta-feira (29\/6), por conta da a\u00e7\u00e3o de grupos que promoviam uma \u201cguerra de espadas\u201d nas duas regi\u00f5es da cidade.<\/p>\n<p>Em nota, a Pol\u00edcia Militar informou ao Aratu On que a situa\u00e7\u00e3o em \u00c1guas Claras foi atendida pelo 22\u00ba BPM com apoio da Companhia Independente de Policiamento T\u00e1tico (CIPT) Rondesp Central foram acionados para averiguar a den\u00fancia de ocorr\u00eancia nas ruas Benedito Jenkis e Francisco Leite.<\/p>\n<p>Ao chegar, os militares encontraram diversas pessoas na pr\u00e1tica da guerra de espadas, que ao perceberem a presen\u00e7a da equipe, fugiram. Foram realizadas buscas, mas nenhum suspeito foi localizado.<\/p>\n<p>Sobre o IAPI, a PM relatou que, de acordo com a 37\u00aa Companhia Independente (CIPM\/Liberdade) n\u00e3o houve acionamento para essa ocorr\u00eancia. No entanto guarni\u00e7\u00f5es, realizaram rondas na localidade e nenhuma situa\u00e7\u00e3o associada a guerra de fogos foi verificada.<\/p>\n<p>SOBRE GUERRA DE ESPADAS<\/p>\n<p>A guerra de espadas \u00e9 uma tradi\u00e7\u00e3o popular do Nordeste brasileiro, que ocorre, principalmente, durantes as festas juninas nas cidades do Rec\u00f4ncavo Baiano como Cruz das Almas, Muritiba, Governador Mangabeira, dentre outras da regi\u00e3o e na cidade de Est\u00e2ncia, no estado do Sergipe.<\/p>\n<p>A guerra acontece em ruas abertas das cidades, onde os espadeiros atiram espadas em meio aos outros. Em Salvador, h\u00e1 alguns anos, v\u00e1rios bairros passara a cultuar essa tradi\u00e7\u00e3o centen\u00e1ria e pol\u00eamica<\/p>\n<p>Em 2011, a Vara Criminal de Cruz das Almas proibiu a guerra de espadas na cidade ap\u00f3s a\u00e7\u00e3o p\u00fablica do Minist\u00e9rio P\u00fablico da Bahia solicitando a proibi\u00e7\u00e3o. Em 2019, o ministro do Supremo Tribunal Federal, Lu\u00edz Fux proibiu a guerra de espadas na cidade de Senhor do Bonfim.<\/p>\n<p>Foto: ilustrativa<br \/>\nBNews<\/p>\n","protected":false},"excerpt":{"rendered":"<p>Moradores dos bairros de \u00c1guas Claras e IAPI, em Salvador, viveram momentos de tens\u00e3o, na noite desta quinta-feira (29\/6), por<\/p>\n","protected":false},"author":1,"featured_media":7057,"comment_status":"open","ping_status":"open","sticky":false,"template":"","format":"standard","meta":{"colormag_page_container_layout":"default_layout","colormag_page_sidebar_layout":"default_layout","_FSMCFIC_featured_image_caption":"","_FSMCFIC_featured_image_nocaption":"","_FSMCFIC_featured_image_hide":"","footnotes":""},"categories":[3,1],"tags":[],"class_list":["post-7056","post","type-post","status-publish","format-standard","has-post-thumbnail","hentry","category-policia","category-ultimas"],"yoast_head":"<!-- This site is optimized with the Yoast SEO plugin v27.1.1 - https:\/\/yoast.com\/product\/yoast-seo-wordpress\/ -->\n<title>PM \u00e9 acionada para coibir \u201cguerra de espadas\u201d nos bairros de \u00c1guas Claras e IAPI - Brasil not\u00edcias<\/title>\n<meta name=\"robots\" content=\"index, follow, max-snippet:-1, max-image-preview:large, max-video-preview:-1\" \/>\n<link rel=\"canonical\" href=\"https:\/\/brasilnoticias.org\/site\/pm-e-acionada-para-coibir-guerra-de-espadas-nos-bairros-de-aguas-claras-e-iapi\/\" \/>\n<meta property=\"og:locale\" content=\"pt_PT\" \/>\n<meta property=\"og:type\" content=\"article\" \/>\n<meta property=\"og:title\" content=\"PM \u00e9 acionada para coibir \u201cguerra de espadas\u201d nos bairros de \u00c1guas Claras e IAPI - Brasil not\u00edcias\" \/>\n<meta property=\"og:description\" content=\"Moradores dos bairros de \u00c1guas Claras e IAPI, em Salvador, viveram momentos de tens\u00e3o, na noite desta quinta-feira (29\/6), por\" \/>\n<meta property=\"og:url\" content=\"https:\/\/brasilnoticias.org\/site\/pm-e-acionada-para-coibir-guerra-de-espadas-nos-bairros-de-aguas-claras-e-iapi\/\" \/>\n<meta property=\"og:site_name\" content=\"Brasil not\u00edcias\" \/>\n<meta property=\"article:published_time\" content=\"2023-07-01T21:20:40+00:00\" \/>\n<meta property=\"og:image\" content=\"https:\/\/brasilnoticias.org\/site\/wp-content\/uploads\/2023\/07\/guerra-de-espadas-740x470-1.jpg\" \/>\n\t<meta property=\"og:image:width\" content=\"740\" \/>\n\t<meta property=\"og:image:height\" content=\"470\" \/>\n\t<meta property=\"og:image:type\" content=\"image\/jpeg\" \/>\n<meta name=\"author\" content=\"Reda\u00e7\u00e3o\" \/>\n<meta name=\"twitter:card\" content=\"summary_large_image\" \/>\n<meta name=\"twitter:label1\" content=\"Escrito por\" \/>\n\t<meta name=\"twitter:data1\" content=\"Reda\u00e7\u00e3o\" \/>\n<script type=\"application\/ld+json\" class=\"yoast-schema-graph\">{\"@context\":\"https:\/\/schema.org\",\"@graph\":[{\"@type\":\"Article\",\"@id\":\"https:\/\/brasilnoticias.org\/site\/pm-e-acionada-para-coibir-guerra-de-espadas-nos-bairros-de-aguas-claras-e-iapi\/#article\",\"isPartOf\":{\"@id\":\"https:\/\/brasilnoticias.org\/site\/pm-e-acionada-para-coibir-guerra-de-espadas-nos-bairros-de-aguas-claras-e-iapi\/\"},\"author\":{\"name\":\"Reda\u00e7\u00e3o\",\"@id\":\"https:\/\/brasilnoticias.org\/site\/#\/schema\/person\/a0e05b973ec4d15c658d51911e53507b\"},\"headline\":\"PM \u00e9 acionada para coibir \u201cguerra de espadas\u201d nos bairros de \u00c1guas Claras e IAPI\",\"datePublished\":\"2023-07-01T21:20:40+00:00\",\"mainEntityOfPage\":{\"@id\":\"https:\/\/brasilnoticias.org\/site\/pm-e-acionada-para-coibir-guerra-de-espadas-nos-bairros-de-aguas-claras-e-iapi\/\"},\"wordCount\":317,\"commentCount\":0,\"publisher\":{\"@id\":\"https:\/\/brasilnoticias.org\/site\/#organization\"},\"image\":{\"@id\":\"https:\/\/brasilnoticias.org\/site\/pm-e-acionada-para-coibir-guerra-de-espadas-nos-bairros-de-aguas-claras-e-iapi\/#primaryimage\"},\"thumbnailUrl\":\"https:\/\/brasilnoticias.org\/site\/wp-content\/uploads\/2023\/07\/guerra-de-espadas-740x470-1.jpg\",\"articleSection\":[\"Pol\u00edcia\",\"\u00daltimas\"],\"inLanguage\":\"pt-PT\",\"potentialAction\":[{\"@type\":\"CommentAction\",\"name\":\"Comment\",\"target\":[\"https:\/\/brasilnoticias.org\/site\/pm-e-acionada-para-coibir-guerra-de-espadas-nos-bairros-de-aguas-claras-e-iapi\/#respond\"]}]},{\"@type\":\"WebPage\",\"@id\":\"https:\/\/brasilnoticias.org\/site\/pm-e-acionada-para-coibir-guerra-de-espadas-nos-bairros-de-aguas-claras-e-iapi\/\",\"url\":\"https:\/\/brasilnoticias.org\/site\/pm-e-acionada-para-coibir-guerra-de-espadas-nos-bairros-de-aguas-claras-e-iapi\/\",\"name\":\"PM \u00e9 acionada para coibir \u201cguerra de espadas\u201d nos bairros de \u00c1guas Claras e IAPI - Brasil not\u00edcias\",\"isPartOf\":{\"@id\":\"https:\/\/brasilnoticias.org\/site\/#website\"},\"primaryImageOfPage\":{\"@id\":\"https:\/\/brasilnoticias.org\/site\/pm-e-acionada-para-coibir-guerra-de-espadas-nos-bairros-de-aguas-claras-e-iapi\/#primaryimage\"},\"image\":{\"@id\":\"https:\/\/brasilnoticias.org\/site\/pm-e-acionada-para-coibir-guerra-de-espadas-nos-bairros-de-aguas-claras-e-iapi\/#primaryimage\"},\"thumbnailUrl\":\"https:\/\/brasilnoticias.org\/site\/wp-content\/uploads\/2023\/07\/guerra-de-espadas-740x470-1.jpg\",\"datePublished\":\"2023-07-01T21:20:40+00:00\",\"breadcrumb\":{\"@id\":\"https:\/\/brasilnoticias.org\/site\/pm-e-acionada-para-coibir-guerra-de-espadas-nos-bairros-de-aguas-claras-e-iapi\/#breadcrumb\"},\"inLanguage\":\"pt-PT\",\"potentialAction\":[{\"@type\":\"ReadAction\",\"target\":[\"https:\/\/brasilnoticias.org\/site\/pm-e-acionada-para-coibir-guerra-de-espadas-nos-bairros-de-aguas-claras-e-iapi\/\"]}]},{\"@type\":\"ImageObject\",\"inLanguage\":\"pt-PT\",\"@id\":\"https:\/\/brasilnoticias.org\/site\/pm-e-acionada-para-coibir-guerra-de-espadas-nos-bairros-de-aguas-claras-e-iapi\/#primaryimage\",\"url\":\"https:\/\/brasilnoticias.org\/site\/wp-content\/uploads\/2023\/07\/guerra-de-espadas-740x470-1.jpg\",\"contentUrl\":\"https:\/\/brasilnoticias.org\/site\/wp-content\/uploads\/2023\/07\/guerra-de-espadas-740x470-1.jpg\",\"width\":740,\"height\":470},{\"@type\":\"BreadcrumbList\",\"@id\":\"https:\/\/brasilnoticias.org\/site\/pm-e-acionada-para-coibir-guerra-de-espadas-nos-bairros-de-aguas-claras-e-iapi\/#breadcrumb\",\"itemListElement\":[{\"@type\":\"ListItem\",\"position\":1,\"name\":\"In\u00edcio\",\"item\":\"https:\/\/brasilnoticias.org\/site\/\"},{\"@type\":\"ListItem\",\"position\":2,\"name\":\"PM \u00e9 acionada para coibir \u201cguerra de espadas\u201d nos bairros de \u00c1guas Claras e IAPI\"}]},{\"@type\":\"WebSite\",\"@id\":\"https:\/\/brasilnoticias.org\/site\/#website\",\"url\":\"https:\/\/brasilnoticias.org\/site\/\",\"name\":\"Brasil not\u00edcias\",\"description\":\"Brasil not\u00edcias\",\"publisher\":{\"@id\":\"https:\/\/brasilnoticias.org\/site\/#organization\"},\"potentialAction\":[{\"@type\":\"SearchAction\",\"target\":{\"@type\":\"EntryPoint\",\"urlTemplate\":\"https:\/\/brasilnoticias.org\/site\/?s={search_term_string}\"},\"query-input\":{\"@type\":\"PropertyValueSpecification\",\"valueRequired\":true,\"valueName\":\"search_term_string\"}}],\"inLanguage\":\"pt-PT\"},{\"@type\":\"Organization\",\"@id\":\"https:\/\/brasilnoticias.org\/site\/#organization\",\"name\":\"Brasil not\u00edcias\",\"url\":\"https:\/\/brasilnoticias.org\/site\/\",\"logo\":{\"@type\":\"ImageObject\",\"inLanguage\":\"pt-PT\",\"@id\":\"https:\/\/brasilnoticias.org\/site\/#\/schema\/logo\/image\/\",\"url\":\"https:\/\/brasilnoticias.org\/site\/wp-content\/uploads\/2022\/05\/cropped-brasilnoticias-mini.jpg\",\"contentUrl\":\"https:\/\/brasilnoticias.org\/site\/wp-content\/uploads\/2022\/05\/cropped-brasilnoticias-mini.jpg\",\"width\":314,\"height\":86,\"caption\":\"Brasil not\u00edcias\"},\"image\":{\"@id\":\"https:\/\/brasilnoticias.org\/site\/#\/schema\/logo\/image\/\"}},{\"@type\":\"Person\",\"@id\":\"https:\/\/brasilnoticias.org\/site\/#\/schema\/person\/a0e05b973ec4d15c658d51911e53507b\",\"name\":\"Reda\u00e7\u00e3o\",\"image\":{\"@type\":\"ImageObject\",\"inLanguage\":\"pt-PT\",\"@id\":\"https:\/\/brasilnoticias.org\/site\/#\/schema\/person\/image\/\",\"url\":\"https:\/\/secure.gravatar.com\/avatar\/75d8b050df2de108b08ae78dfb8e374892df24a383c67db9c46a9c604f6aee9c?s=96&d=mm&r=g\",\"contentUrl\":\"https:\/\/secure.gravatar.com\/avatar\/75d8b050df2de108b08ae78dfb8e374892df24a383c67db9c46a9c604f6aee9c?s=96&d=mm&r=g\",\"caption\":\"Reda\u00e7\u00e3o\"},\"sameAs\":[\"https:\/\/brasilnoticias.org\/site\"],\"url\":\"https:\/\/brasilnoticias.org\/site\/author\/fernandozsngmail-com\/\"}]}<\/script>\n<!-- \/ Yoast SEO plugin. -->","yoast_head_json":{"title":"PM \u00e9 acionada para coibir \u201cguerra de espadas\u201d nos bairros de \u00c1guas Claras e IAPI - Brasil not\u00edcias","robots":{"index":"index","follow":"follow","max-snippet":"max-snippet:-1","max-image-preview":"max-image-preview:large","max-video-preview":"max-video-preview:-1"},"canonical":"https:\/\/brasilnoticias.org\/site\/pm-e-acionada-para-coibir-guerra-de-espadas-nos-bairros-de-aguas-claras-e-iapi\/","og_locale":"pt_PT","og_type":"article","og_title":"PM \u00e9 acionada para coibir \u201cguerra de espadas\u201d nos bairros de \u00c1guas Claras e IAPI - Brasil not\u00edcias","og_description":"Moradores dos bairros de \u00c1guas Claras e IAPI, em Salvador, viveram momentos de tens\u00e3o, na noite desta quinta-feira (29\/6), por","og_url":"https:\/\/brasilnoticias.org\/site\/pm-e-acionada-para-coibir-guerra-de-espadas-nos-bairros-de-aguas-claras-e-iapi\/","og_site_name":"Brasil not\u00edcias","article_published_time":"2023-07-01T21:20:40+00:00","og_image":[{"width":740,"height":470,"url":"https:\/\/brasilnoticias.org\/site\/wp-content\/uploads\/2023\/07\/guerra-de-espadas-740x470-1.jpg","type":"image\/jpeg"}],"author":"Reda\u00e7\u00e3o","twitter_card":"summary_large_image","twitter_misc":{"Escrito por":"Reda\u00e7\u00e3o"},"schema":{"@context":"https:\/\/schema.org","@graph":[{"@type":"Article","@id":"https:\/\/brasilnoticias.org\/site\/pm-e-acionada-para-coibir-guerra-de-espadas-nos-bairros-de-aguas-claras-e-iapi\/#article","isPartOf":{"@id":"https:\/\/brasilnoticias.org\/site\/pm-e-acionada-para-coibir-guerra-de-espadas-nos-bairros-de-aguas-claras-e-iapi\/"},"author":{"name":"Reda\u00e7\u00e3o","@id":"https:\/\/brasilnoticias.org\/site\/#\/schema\/person\/a0e05b973ec4d15c658d51911e53507b"},"headline":"PM \u00e9 acionada para coibir \u201cguerra de espadas\u201d nos bairros de \u00c1guas Claras e IAPI","datePublished":"2023-07-01T21:20:40+00:00","mainEntityOfPage":{"@id":"https:\/\/brasilnoticias.org\/site\/pm-e-acionada-para-coibir-guerra-de-espadas-nos-bairros-de-aguas-claras-e-iapi\/"},"wordCount":317,"commentCount":0,"publisher":{"@id":"https:\/\/brasilnoticias.org\/site\/#organization"},"image":{"@id":"https:\/\/brasilnoticias.org\/site\/pm-e-acionada-para-coibir-guerra-de-espadas-nos-bairros-de-aguas-claras-e-iapi\/#primaryimage"},"thumbnailUrl":"https:\/\/brasilnoticias.org\/site\/wp-content\/uploads\/2023\/07\/guerra-de-espadas-740x470-1.jpg","articleSection":["Pol\u00edcia","\u00daltimas"],"inLanguage":"pt-PT","potentialAction":[{"@type":"CommentAction","name":"Comment","target":["https:\/\/brasilnoticias.org\/site\/pm-e-acionada-para-coibir-guerra-de-espadas-nos-bairros-de-aguas-claras-e-iapi\/#respond"]}]},{"@type":"WebPage","@id":"https:\/\/brasilnoticias.org\/site\/pm-e-acionada-para-coibir-guerra-de-espadas-nos-bairros-de-aguas-claras-e-iapi\/","url":"https:\/\/brasilnoticias.org\/site\/pm-e-acionada-para-coibir-guerra-de-espadas-nos-bairros-de-aguas-claras-e-iapi\/","name":"PM \u00e9 acionada para coibir \u201cguerra de espadas\u201d nos bairros de \u00c1guas Claras e IAPI - Brasil not\u00edcias","isPartOf":{"@id":"https:\/\/brasilnoticias.org\/site\/#website"},"primaryImageOfPage":{"@id":"https:\/\/brasilnoticias.org\/site\/pm-e-acionada-para-coibir-guerra-de-espadas-nos-bairros-de-aguas-claras-e-iapi\/#primaryimage"},"image":{"@id":"https:\/\/brasilnoticias.org\/site\/pm-e-acionada-para-coibir-guerra-de-espadas-nos-bairros-de-aguas-claras-e-iapi\/#primaryimage"},"thumbnailUrl":"https:\/\/brasilnoticias.org\/site\/wp-content\/uploads\/2023\/07\/guerra-de-espadas-740x470-1.jpg","datePublished":"2023-07-01T21:20:40+00:00","breadcrumb":{"@id":"https:\/\/brasilnoticias.org\/site\/pm-e-acionada-para-coibir-guerra-de-espadas-nos-bairros-de-aguas-claras-e-iapi\/#breadcrumb"},"inLanguage":"pt-PT","potentialAction":[{"@type":"ReadAction","target":["https:\/\/brasilnoticias.org\/site\/pm-e-acionada-para-coibir-guerra-de-espadas-nos-bairros-de-aguas-claras-e-iapi\/"]}]},{"@type":"ImageObject","inLanguage":"pt-PT","@id":"https:\/\/brasilnoticias.org\/site\/pm-e-acionada-para-coibir-guerra-de-espadas-nos-bairros-de-aguas-claras-e-iapi\/#primaryimage","url":"https:\/\/brasilnoticias.org\/site\/wp-content\/uploads\/2023\/07\/guerra-de-espadas-740x470-1.jpg","contentUrl":"https:\/\/brasilnoticias.org\/site\/wp-content\/uploads\/2023\/07\/guerra-de-espadas-740x470-1.jpg","width":740,"height":470},{"@type":"BreadcrumbList","@id":"https:\/\/brasilnoticias.org\/site\/pm-e-acionada-para-coibir-guerra-de-espadas-nos-bairros-de-aguas-claras-e-iapi\/#breadcrumb","itemListElement":[{"@type":"ListItem","position":1,"name":"In\u00edcio","item":"https:\/\/brasilnoticias.org\/site\/"},{"@type":"ListItem","position":2,"name":"PM \u00e9 acionada para coibir \u201cguerra de espadas\u201d nos bairros de \u00c1guas Claras e IAPI"}]},{"@type":"WebSite","@id":"https:\/\/brasilnoticias.org\/site\/#website","url":"https:\/\/brasilnoticias.org\/site\/","name":"Brasil not\u00edcias","description":"Brasil not\u00edcias","publisher":{"@id":"https:\/\/brasilnoticias.org\/site\/#organization"},"potentialAction":[{"@type":"SearchAction","target":{"@type":"EntryPoint","urlTemplate":"https:\/\/brasilnoticias.org\/site\/?s={search_term_string}"},"query-input":{"@type":"PropertyValueSpecification","valueRequired":true,"valueName":"search_term_string"}}],"inLanguage":"pt-PT"},{"@type":"Organization","@id":"https:\/\/brasilnoticias.org\/site\/#organization","name":"Brasil not\u00edcias","url":"https:\/\/brasilnoticias.org\/site\/","logo":{"@type":"ImageObject","inLanguage":"pt-PT","@id":"https:\/\/brasilnoticias.org\/site\/#\/schema\/logo\/image\/","url":"https:\/\/brasilnoticias.org\/site\/wp-content\/uploads\/2022\/05\/cropped-brasilnoticias-mini.jpg","contentUrl":"https:\/\/brasilnoticias.org\/site\/wp-content\/uploads\/2022\/05\/cropped-brasilnoticias-mini.jpg","width":314,"height":86,"caption":"Brasil not\u00edcias"},"image":{"@id":"https:\/\/brasilnoticias.org\/site\/#\/schema\/logo\/image\/"}},{"@type":"Person","@id":"https:\/\/brasilnoticias.org\/site\/#\/schema\/person\/a0e05b973ec4d15c658d51911e53507b","name":"Reda\u00e7\u00e3o","image":{"@type":"ImageObject","inLanguage":"pt-PT","@id":"https:\/\/brasilnoticias.org\/site\/#\/schema\/person\/image\/","url":"https:\/\/secure.gravatar.com\/avatar\/75d8b050df2de108b08ae78dfb8e374892df24a383c67db9c46a9c604f6aee9c?s=96&d=mm&r=g","contentUrl":"https:\/\/secure.gravatar.com\/avatar\/75d8b050df2de108b08ae78dfb8e374892df24a383c67db9c46a9c604f6aee9c?s=96&d=mm&r=g","caption":"Reda\u00e7\u00e3o"},"sameAs":["https:\/\/brasilnoticias.org\/site"],"url":"https:\/\/brasilnoticias.org\/site\/author\/fernandozsngmail-com\/"}]}},"_links":{"self":[{"href":"https:\/\/brasilnoticias.org\/site\/wp-json\/wp\/v2\/posts\/7056","targetHints":{"allow":["GET"]}}],"collection":[{"href":"https:\/\/brasilnoticias.org\/site\/wp-json\/wp\/v2\/posts"}],"about":[{"href":"https:\/\/brasilnoticias.org\/site\/wp-json\/wp\/v2\/types\/post"}],"author":[{"embeddable":true,"href":"https:\/\/brasilnoticias.org\/site\/wp-json\/wp\/v2\/users\/1"}],"replies":[{"embeddable":true,"href":"https:\/\/brasilnoticias.org\/site\/wp-json\/wp\/v2\/comments?post=7056"}],"version-history":[{"count":1,"href":"https:\/\/brasilnoticias.org\/site\/wp-json\/wp\/v2\/posts\/7056\/revisions"}],"predecessor-version":[{"id":7058,"href":"https:\/\/brasilnoticias.org\/site\/wp-json\/wp\/v2\/posts\/7056\/revisions\/7058"}],"wp:featuredmedia":[{"embeddable":true,"href":"https:\/\/brasilnoticias.org\/site\/wp-json\/wp\/v2\/media\/7057"}],"wp:attachment":[{"href":"https:\/\/brasilnoticias.org\/site\/wp-json\/wp\/v2\/media?parent=7056"}],"wp:term":[{"taxonomy":"category","embeddable":true,"href":"https:\/\/brasilnoticias.org\/site\/wp-json\/wp\/v2\/categories?post=7056"},{"taxonomy":"post_tag","embeddable":true,"href":"https:\/\/brasilnoticias.org\/site\/wp-json\/wp\/v2\/tags?post=7056"}],"curies":[{"name":"wp","href":"https:\/\/api.w.org\/{rel}","templated":true}]}}