{"id":708,"date":"2022-06-01T19:50:56","date_gmt":"2022-06-01T22:50:56","guid":{"rendered":"https:\/\/brasilnoticias.org\/site\/?p=708"},"modified":"2022-06-01T19:50:56","modified_gmt":"2022-06-01T22:50:56","slug":"enem-contrato-para-aplicar-prova-e-questionado-por-procuradoria-do-inep","status":"publish","type":"post","link":"https:\/\/brasilnoticias.org\/site\/enem-contrato-para-aplicar-prova-e-questionado-por-procuradoria-do-inep\/","title":{"rendered":"ENEM: CONTRATO PARA APLICAR PROVA \u00c9 QUESTIONADO POR PROCURADORIA DO INEP"},"content":{"rendered":"<p>O contrato para aplica\u00e7\u00e3o do Exame Nacional do Ensino M\u00e9dio (Enem) deste ano est\u00e1 sendo questionado pela Procuradoria-Geral Federal do pr\u00f3prio Instituto Nacional de Estudos e Pesquisas Educacionais (Inep), \u00f3rg\u00e3o do Minist\u00e9rio da Educa\u00e7\u00e3o (MEC). Em documento ao qual a reportagem teve acesso, o procurador Rodolfo de Carvalho Cabral pede que a presid\u00eancia do \u00f3rg\u00e3o justifique a raz\u00e3o da prorroga\u00e7\u00e3o do contrato por mais 12 meses, o que estenderia o prazo legal de cinco anos. A empresa que aplica o Enem desde 2017 \u00e9 um cons\u00f3rcio formado pela Funda\u00e7\u00e3o Cesgranrio e a Funda\u00e7\u00e3o Getulio Vargas (Cesgranrio-FGV). O custo \u00e9 de R$ 486 milh\u00f5es.<\/p>\n<p>Neste ano, que seria o sexto de vig\u00eancia, o Inep deveria ter refeito o processo licitat\u00f3rio para o servi\u00e7o. O parecer pede ainda que seja instaurado um \u201cprocedimento de apura\u00e7\u00e3o de responsabilidade\u201d dentro do \u00f3rg\u00e3o sobre a decis\u00e3o de prorrogar o contrato.<\/p>\n<p>O Inep passa por uma crise desde o ano passado, quando dezenas de servidores deixaram seus cargos em protesto contra a atual chefia do instituto. Eles acusam o presidente Danilo Dupas de ass\u00e9dio e de desconsidera\u00e7\u00e3o de crit\u00e9rios t\u00e9cnicos nas decis\u00f5es.<\/p>\n<p>V\u00e1rios servidores foram transferidos de uma \u00e1rea para outra sem serem ouvidos e alegam persegui\u00e7\u00e3o. Outros, afastados, e novos coordenadores sem experi\u00eancia foram colocados em cargos estrat\u00e9gicos. Desde ent\u00e3o, h\u00e1 questionamentos sobre professores escolhidos em edital para montar a prova, log\u00edstica e seguran\u00e7a do Enem.<\/p>\n<p>No m\u00eas passado, o Inep avisou que vai usar quest\u00f5es repetidas na prova deste ano porque tinha acabado o estoque de perguntas, o que levou a mais d\u00favidas com rela\u00e7\u00e3o \u00e0 calibra\u00e7\u00e3o da nota do exame, que segue uma complexa metodologia. Em 2021, houve ainda diversos atrasos em etapas do cronograma e a presid\u00eancia ignorou alertas de relat\u00f3rios de gest\u00e3o de risco. Este ano, essa empresa n\u00e3o voltou a ser contratada e n\u00e3o h\u00e1 mais gest\u00e3o de risco do Enem sendo realizada.<\/p>\n<p>No parecer, a procuradoria pede que a \u201cAdministra\u00e7\u00e3o justifique de forma clara e precisa a raz\u00e3o pela qual ocorreram os atrasos no andamento dos processos que resultariam em processo licitat\u00f3rio\u201d. Ela se refere a outro documento, ao qual o Estad\u00e3o tamb\u00e9m teve acesso, em que a coordenadoria geral de administra\u00e7\u00e3o do Inep diz que n\u00e3o haveria tempo suficiente para que a empresa atual transferisse conhecimento sobre a aplica\u00e7\u00e3o do exame a uma outra eventual ganhadora da licita\u00e7\u00e3o.<\/p>\n<p>O texto exemplifica que, em 2017, houve demora de quatro meses para se assinar o contrato, o que, se ocorresse novamente, inviabilizaria o exame. E, ainda, que se o contrato n\u00e3o for prorrogado, haver\u00e1 \u201cimpactos catastr\u00f3ficos no cronograma da realiza\u00e7\u00e3o do Enem 2022\u201d. Para o procurador, no entanto, \u201cn\u00e3o se verifica a caracteriza\u00e7\u00e3o de qualquer excepcionalidade, de evento superveniente, grave e imprevis\u00edvel\u201d para a prorroga\u00e7\u00e3o.<\/p>\n<p>A procuradoria do Inep \u00e9 ocupada por advogados da Advocacia Geral da Uni\u00e3o (AGU). Sua fun\u00e7\u00e3o \u00e9 a de fazer assessoramento jur\u00eddico ao presidente do \u00f3rg\u00e3o e ajudar os dirigentes \u201cno controle interno da legalidade administrativa dos atos a serem por elas praticados ou j\u00e1 efetivados\u201d, segundo o site do \u00f3rg\u00e3o. O Inep deve seguir com a prorroga\u00e7\u00e3o do contrato mesmo com os questionamentos.<\/p>\n<p>Segundo servidores ouvidos pela reportagem, a demora em se organizar uma nova licita\u00e7\u00e3o para este ano se deu por causa da crise institucional e desorganiza\u00e7\u00e3o na gest\u00e3o no Inep.<\/p>\n<p>Procurado, o Inep n\u00e3o se pronunciou at\u00e9 a publica\u00e7\u00e3o desta reportagem. A Cesgranrio afirmou que n\u00e3o poderia comentar sobre o contrato. A FGV respondeu que \u201cn\u00e3o tem conhecimento de qualquer questionamento em rela\u00e7\u00e3o ao Enem 2022\u201d. O exame deste ano est\u00e1 marcado para os dias 13 e 20 de novembro. As inscri\u00e7\u00f5es foram encerradas no dia 21.<\/p>\n<p>&nbsp;<\/p>\n<p><span class=\"assinatura_exclusiva\">Estad\u00e3o Conte\u00fado<\/span><\/p>\n","protected":false},"excerpt":{"rendered":"<p>O contrato para aplica\u00e7\u00e3o do Exame Nacional do Ensino M\u00e9dio (Enem) deste ano est\u00e1 sendo questionado pela Procuradoria-Geral Federal do<\/p>\n","protected":false},"author":2,"featured_media":709,"comment_status":"open","ping_status":"open","sticky":false,"template":"","format":"standard","meta":{"colormag_page_container_layout":"default_layout","colormag_page_sidebar_layout":"default_layout","_FSMCFIC_featured_image_caption":"","_FSMCFIC_featured_image_nocaption":"","_FSMCFIC_featured_image_hide":"","footnotes":""},"categories":[2,1],"tags":[],"class_list":["post-708","post","type-post","status-publish","format-standard","has-post-thumbnail","hentry","category-noticias","category-ultimas"],"yoast_head":"<!-- This site is optimized with the Yoast SEO plugin v27.1.1 - https:\/\/yoast.com\/product\/yoast-seo-wordpress\/ -->\n<title>ENEM: CONTRATO PARA APLICAR PROVA \u00c9 QUESTIONADO POR PROCURADORIA DO INEP - Brasil not\u00edcias<\/title>\n<meta name=\"robots\" content=\"index, follow, max-snippet:-1, max-image-preview:large, max-video-preview:-1\" \/>\n<link rel=\"canonical\" href=\"https:\/\/brasilnoticias.org\/site\/enem-contrato-para-aplicar-prova-e-questionado-por-procuradoria-do-inep\/\" \/>\n<meta property=\"og:locale\" content=\"pt_PT\" \/>\n<meta property=\"og:type\" content=\"article\" \/>\n<meta property=\"og:title\" content=\"ENEM: CONTRATO PARA APLICAR PROVA \u00c9 QUESTIONADO POR PROCURADORIA DO INEP - Brasil not\u00edcias\" \/>\n<meta property=\"og:description\" content=\"O contrato para aplica\u00e7\u00e3o do Exame Nacional do Ensino M\u00e9dio (Enem) deste ano est\u00e1 sendo questionado pela Procuradoria-Geral Federal do\" \/>\n<meta property=\"og:url\" content=\"https:\/\/brasilnoticias.org\/site\/enem-contrato-para-aplicar-prova-e-questionado-por-procuradoria-do-inep\/\" \/>\n<meta property=\"og:site_name\" content=\"Brasil not\u00edcias\" \/>\n<meta property=\"article:published_time\" content=\"2022-06-01T22:50:56+00:00\" \/>\n<meta property=\"og:image\" content=\"https:\/\/brasilnoticias.org\/site\/wp-content\/uploads\/2022\/06\/Screenshot_20220601-194535-553.png\" \/>\n\t<meta property=\"og:image:width\" content=\"720\" \/>\n\t<meta property=\"og:image:height\" content=\"613\" \/>\n\t<meta property=\"og:image:type\" content=\"image\/png\" \/>\n<meta name=\"author\" content=\"Reda\u00e7\u00e3o\" \/>\n<meta name=\"twitter:card\" content=\"summary_large_image\" \/>\n<meta name=\"twitter:label1\" content=\"Escrito por\" \/>\n\t<meta name=\"twitter:data1\" content=\"Reda\u00e7\u00e3o\" \/>\n\t<meta name=\"twitter:label2\" content=\"Tempo estimado de leitura\" \/>\n\t<meta name=\"twitter:data2\" content=\"3 minutos\" \/>\n<script type=\"application\/ld+json\" class=\"yoast-schema-graph\">{\"@context\":\"https:\/\/schema.org\",\"@graph\":[{\"@type\":\"Article\",\"@id\":\"https:\/\/brasilnoticias.org\/site\/enem-contrato-para-aplicar-prova-e-questionado-por-procuradoria-do-inep\/#article\",\"isPartOf\":{\"@id\":\"https:\/\/brasilnoticias.org\/site\/enem-contrato-para-aplicar-prova-e-questionado-por-procuradoria-do-inep\/\"},\"author\":{\"name\":\"Reda\u00e7\u00e3o\",\"@id\":\"https:\/\/brasilnoticias.org\/site\/#\/schema\/person\/f609fa847b5314f1c8b983342f34c798\"},\"headline\":\"ENEM: CONTRATO PARA APLICAR PROVA \u00c9 QUESTIONADO POR PROCURADORIA DO INEP\",\"datePublished\":\"2022-06-01T22:50:56+00:00\",\"mainEntityOfPage\":{\"@id\":\"https:\/\/brasilnoticias.org\/site\/enem-contrato-para-aplicar-prova-e-questionado-por-procuradoria-do-inep\/\"},\"wordCount\":679,\"commentCount\":0,\"publisher\":{\"@id\":\"https:\/\/brasilnoticias.org\/site\/#organization\"},\"image\":{\"@id\":\"https:\/\/brasilnoticias.org\/site\/enem-contrato-para-aplicar-prova-e-questionado-por-procuradoria-do-inep\/#primaryimage\"},\"thumbnailUrl\":\"https:\/\/brasilnoticias.org\/site\/wp-content\/uploads\/2022\/06\/Screenshot_20220601-194535-553.png\",\"articleSection\":[\"Not\u00edcias\",\"\u00daltimas\"],\"inLanguage\":\"pt-PT\",\"potentialAction\":[{\"@type\":\"CommentAction\",\"name\":\"Comment\",\"target\":[\"https:\/\/brasilnoticias.org\/site\/enem-contrato-para-aplicar-prova-e-questionado-por-procuradoria-do-inep\/#respond\"]}]},{\"@type\":\"WebPage\",\"@id\":\"https:\/\/brasilnoticias.org\/site\/enem-contrato-para-aplicar-prova-e-questionado-por-procuradoria-do-inep\/\",\"url\":\"https:\/\/brasilnoticias.org\/site\/enem-contrato-para-aplicar-prova-e-questionado-por-procuradoria-do-inep\/\",\"name\":\"ENEM: CONTRATO PARA APLICAR PROVA \u00c9 QUESTIONADO POR PROCURADORIA DO INEP - Brasil not\u00edcias\",\"isPartOf\":{\"@id\":\"https:\/\/brasilnoticias.org\/site\/#website\"},\"primaryImageOfPage\":{\"@id\":\"https:\/\/brasilnoticias.org\/site\/enem-contrato-para-aplicar-prova-e-questionado-por-procuradoria-do-inep\/#primaryimage\"},\"image\":{\"@id\":\"https:\/\/brasilnoticias.org\/site\/enem-contrato-para-aplicar-prova-e-questionado-por-procuradoria-do-inep\/#primaryimage\"},\"thumbnailUrl\":\"https:\/\/brasilnoticias.org\/site\/wp-content\/uploads\/2022\/06\/Screenshot_20220601-194535-553.png\",\"datePublished\":\"2022-06-01T22:50:56+00:00\",\"breadcrumb\":{\"@id\":\"https:\/\/brasilnoticias.org\/site\/enem-contrato-para-aplicar-prova-e-questionado-por-procuradoria-do-inep\/#breadcrumb\"},\"inLanguage\":\"pt-PT\",\"potentialAction\":[{\"@type\":\"ReadAction\",\"target\":[\"https:\/\/brasilnoticias.org\/site\/enem-contrato-para-aplicar-prova-e-questionado-por-procuradoria-do-inep\/\"]}]},{\"@type\":\"ImageObject\",\"inLanguage\":\"pt-PT\",\"@id\":\"https:\/\/brasilnoticias.org\/site\/enem-contrato-para-aplicar-prova-e-questionado-por-procuradoria-do-inep\/#primaryimage\",\"url\":\"https:\/\/brasilnoticias.org\/site\/wp-content\/uploads\/2022\/06\/Screenshot_20220601-194535-553.png\",\"contentUrl\":\"https:\/\/brasilnoticias.org\/site\/wp-content\/uploads\/2022\/06\/Screenshot_20220601-194535-553.png\",\"width\":720,\"height\":613},{\"@type\":\"BreadcrumbList\",\"@id\":\"https:\/\/brasilnoticias.org\/site\/enem-contrato-para-aplicar-prova-e-questionado-por-procuradoria-do-inep\/#breadcrumb\",\"itemListElement\":[{\"@type\":\"ListItem\",\"position\":1,\"name\":\"In\u00edcio\",\"item\":\"https:\/\/brasilnoticias.org\/site\/\"},{\"@type\":\"ListItem\",\"position\":2,\"name\":\"ENEM: CONTRATO PARA APLICAR PROVA \u00c9 QUESTIONADO POR PROCURADORIA DO INEP\"}]},{\"@type\":\"WebSite\",\"@id\":\"https:\/\/brasilnoticias.org\/site\/#website\",\"url\":\"https:\/\/brasilnoticias.org\/site\/\",\"name\":\"Brasil not\u00edcias\",\"description\":\"Brasil not\u00edcias\",\"publisher\":{\"@id\":\"https:\/\/brasilnoticias.org\/site\/#organization\"},\"potentialAction\":[{\"@type\":\"SearchAction\",\"target\":{\"@type\":\"EntryPoint\",\"urlTemplate\":\"https:\/\/brasilnoticias.org\/site\/?s={search_term_string}\"},\"query-input\":{\"@type\":\"PropertyValueSpecification\",\"valueRequired\":true,\"valueName\":\"search_term_string\"}}],\"inLanguage\":\"pt-PT\"},{\"@type\":\"Organization\",\"@id\":\"https:\/\/brasilnoticias.org\/site\/#organization\",\"name\":\"Brasil not\u00edcias\",\"url\":\"https:\/\/brasilnoticias.org\/site\/\",\"logo\":{\"@type\":\"ImageObject\",\"inLanguage\":\"pt-PT\",\"@id\":\"https:\/\/brasilnoticias.org\/site\/#\/schema\/logo\/image\/\",\"url\":\"https:\/\/brasilnoticias.org\/site\/wp-content\/uploads\/2022\/05\/cropped-brasilnoticias-mini.jpg\",\"contentUrl\":\"https:\/\/brasilnoticias.org\/site\/wp-content\/uploads\/2022\/05\/cropped-brasilnoticias-mini.jpg\",\"width\":314,\"height\":86,\"caption\":\"Brasil not\u00edcias\"},\"image\":{\"@id\":\"https:\/\/brasilnoticias.org\/site\/#\/schema\/logo\/image\/\"}},{\"@type\":\"Person\",\"@id\":\"https:\/\/brasilnoticias.org\/site\/#\/schema\/person\/f609fa847b5314f1c8b983342f34c798\",\"name\":\"Reda\u00e7\u00e3o\",\"image\":{\"@type\":\"ImageObject\",\"inLanguage\":\"pt-PT\",\"@id\":\"https:\/\/brasilnoticias.org\/site\/#\/schema\/person\/image\/\",\"url\":\"https:\/\/secure.gravatar.com\/avatar\/447284c06c1ad8b46465a36de9cd0d8326b73387a22799b8b1ffb1fbcff2ed0c?s=96&d=mm&r=g\",\"contentUrl\":\"https:\/\/secure.gravatar.com\/avatar\/447284c06c1ad8b46465a36de9cd0d8326b73387a22799b8b1ffb1fbcff2ed0c?s=96&d=mm&r=g\",\"caption\":\"Reda\u00e7\u00e3o\"},\"url\":\"https:\/\/brasilnoticias.org\/site\/author\/redacao\/\"}]}<\/script>\n<!-- \/ Yoast SEO plugin. -->","yoast_head_json":{"title":"ENEM: CONTRATO PARA APLICAR PROVA \u00c9 QUESTIONADO POR PROCURADORIA DO INEP - Brasil not\u00edcias","robots":{"index":"index","follow":"follow","max-snippet":"max-snippet:-1","max-image-preview":"max-image-preview:large","max-video-preview":"max-video-preview:-1"},"canonical":"https:\/\/brasilnoticias.org\/site\/enem-contrato-para-aplicar-prova-e-questionado-por-procuradoria-do-inep\/","og_locale":"pt_PT","og_type":"article","og_title":"ENEM: CONTRATO PARA APLICAR PROVA \u00c9 QUESTIONADO POR PROCURADORIA DO INEP - Brasil not\u00edcias","og_description":"O contrato para aplica\u00e7\u00e3o do Exame Nacional do Ensino M\u00e9dio (Enem) deste ano est\u00e1 sendo questionado pela Procuradoria-Geral Federal do","og_url":"https:\/\/brasilnoticias.org\/site\/enem-contrato-para-aplicar-prova-e-questionado-por-procuradoria-do-inep\/","og_site_name":"Brasil not\u00edcias","article_published_time":"2022-06-01T22:50:56+00:00","og_image":[{"width":720,"height":613,"url":"https:\/\/brasilnoticias.org\/site\/wp-content\/uploads\/2022\/06\/Screenshot_20220601-194535-553.png","type":"image\/png"}],"author":"Reda\u00e7\u00e3o","twitter_card":"summary_large_image","twitter_misc":{"Escrito por":"Reda\u00e7\u00e3o","Tempo estimado de leitura":"3 minutos"},"schema":{"@context":"https:\/\/schema.org","@graph":[{"@type":"Article","@id":"https:\/\/brasilnoticias.org\/site\/enem-contrato-para-aplicar-prova-e-questionado-por-procuradoria-do-inep\/#article","isPartOf":{"@id":"https:\/\/brasilnoticias.org\/site\/enem-contrato-para-aplicar-prova-e-questionado-por-procuradoria-do-inep\/"},"author":{"name":"Reda\u00e7\u00e3o","@id":"https:\/\/brasilnoticias.org\/site\/#\/schema\/person\/f609fa847b5314f1c8b983342f34c798"},"headline":"ENEM: CONTRATO PARA APLICAR PROVA \u00c9 QUESTIONADO POR PROCURADORIA DO INEP","datePublished":"2022-06-01T22:50:56+00:00","mainEntityOfPage":{"@id":"https:\/\/brasilnoticias.org\/site\/enem-contrato-para-aplicar-prova-e-questionado-por-procuradoria-do-inep\/"},"wordCount":679,"commentCount":0,"publisher":{"@id":"https:\/\/brasilnoticias.org\/site\/#organization"},"image":{"@id":"https:\/\/brasilnoticias.org\/site\/enem-contrato-para-aplicar-prova-e-questionado-por-procuradoria-do-inep\/#primaryimage"},"thumbnailUrl":"https:\/\/brasilnoticias.org\/site\/wp-content\/uploads\/2022\/06\/Screenshot_20220601-194535-553.png","articleSection":["Not\u00edcias","\u00daltimas"],"inLanguage":"pt-PT","potentialAction":[{"@type":"CommentAction","name":"Comment","target":["https:\/\/brasilnoticias.org\/site\/enem-contrato-para-aplicar-prova-e-questionado-por-procuradoria-do-inep\/#respond"]}]},{"@type":"WebPage","@id":"https:\/\/brasilnoticias.org\/site\/enem-contrato-para-aplicar-prova-e-questionado-por-procuradoria-do-inep\/","url":"https:\/\/brasilnoticias.org\/site\/enem-contrato-para-aplicar-prova-e-questionado-por-procuradoria-do-inep\/","name":"ENEM: CONTRATO PARA APLICAR PROVA \u00c9 QUESTIONADO POR PROCURADORIA DO INEP - Brasil not\u00edcias","isPartOf":{"@id":"https:\/\/brasilnoticias.org\/site\/#website"},"primaryImageOfPage":{"@id":"https:\/\/brasilnoticias.org\/site\/enem-contrato-para-aplicar-prova-e-questionado-por-procuradoria-do-inep\/#primaryimage"},"image":{"@id":"https:\/\/brasilnoticias.org\/site\/enem-contrato-para-aplicar-prova-e-questionado-por-procuradoria-do-inep\/#primaryimage"},"thumbnailUrl":"https:\/\/brasilnoticias.org\/site\/wp-content\/uploads\/2022\/06\/Screenshot_20220601-194535-553.png","datePublished":"2022-06-01T22:50:56+00:00","breadcrumb":{"@id":"https:\/\/brasilnoticias.org\/site\/enem-contrato-para-aplicar-prova-e-questionado-por-procuradoria-do-inep\/#breadcrumb"},"inLanguage":"pt-PT","potentialAction":[{"@type":"ReadAction","target":["https:\/\/brasilnoticias.org\/site\/enem-contrato-para-aplicar-prova-e-questionado-por-procuradoria-do-inep\/"]}]},{"@type":"ImageObject","inLanguage":"pt-PT","@id":"https:\/\/brasilnoticias.org\/site\/enem-contrato-para-aplicar-prova-e-questionado-por-procuradoria-do-inep\/#primaryimage","url":"https:\/\/brasilnoticias.org\/site\/wp-content\/uploads\/2022\/06\/Screenshot_20220601-194535-553.png","contentUrl":"https:\/\/brasilnoticias.org\/site\/wp-content\/uploads\/2022\/06\/Screenshot_20220601-194535-553.png","width":720,"height":613},{"@type":"BreadcrumbList","@id":"https:\/\/brasilnoticias.org\/site\/enem-contrato-para-aplicar-prova-e-questionado-por-procuradoria-do-inep\/#breadcrumb","itemListElement":[{"@type":"ListItem","position":1,"name":"In\u00edcio","item":"https:\/\/brasilnoticias.org\/site\/"},{"@type":"ListItem","position":2,"name":"ENEM: CONTRATO PARA APLICAR PROVA \u00c9 QUESTIONADO POR PROCURADORIA DO INEP"}]},{"@type":"WebSite","@id":"https:\/\/brasilnoticias.org\/site\/#website","url":"https:\/\/brasilnoticias.org\/site\/","name":"Brasil not\u00edcias","description":"Brasil not\u00edcias","publisher":{"@id":"https:\/\/brasilnoticias.org\/site\/#organization"},"potentialAction":[{"@type":"SearchAction","target":{"@type":"EntryPoint","urlTemplate":"https:\/\/brasilnoticias.org\/site\/?s={search_term_string}"},"query-input":{"@type":"PropertyValueSpecification","valueRequired":true,"valueName":"search_term_string"}}],"inLanguage":"pt-PT"},{"@type":"Organization","@id":"https:\/\/brasilnoticias.org\/site\/#organization","name":"Brasil not\u00edcias","url":"https:\/\/brasilnoticias.org\/site\/","logo":{"@type":"ImageObject","inLanguage":"pt-PT","@id":"https:\/\/brasilnoticias.org\/site\/#\/schema\/logo\/image\/","url":"https:\/\/brasilnoticias.org\/site\/wp-content\/uploads\/2022\/05\/cropped-brasilnoticias-mini.jpg","contentUrl":"https:\/\/brasilnoticias.org\/site\/wp-content\/uploads\/2022\/05\/cropped-brasilnoticias-mini.jpg","width":314,"height":86,"caption":"Brasil not\u00edcias"},"image":{"@id":"https:\/\/brasilnoticias.org\/site\/#\/schema\/logo\/image\/"}},{"@type":"Person","@id":"https:\/\/brasilnoticias.org\/site\/#\/schema\/person\/f609fa847b5314f1c8b983342f34c798","name":"Reda\u00e7\u00e3o","image":{"@type":"ImageObject","inLanguage":"pt-PT","@id":"https:\/\/brasilnoticias.org\/site\/#\/schema\/person\/image\/","url":"https:\/\/secure.gravatar.com\/avatar\/447284c06c1ad8b46465a36de9cd0d8326b73387a22799b8b1ffb1fbcff2ed0c?s=96&d=mm&r=g","contentUrl":"https:\/\/secure.gravatar.com\/avatar\/447284c06c1ad8b46465a36de9cd0d8326b73387a22799b8b1ffb1fbcff2ed0c?s=96&d=mm&r=g","caption":"Reda\u00e7\u00e3o"},"url":"https:\/\/brasilnoticias.org\/site\/author\/redacao\/"}]}},"_links":{"self":[{"href":"https:\/\/brasilnoticias.org\/site\/wp-json\/wp\/v2\/posts\/708","targetHints":{"allow":["GET"]}}],"collection":[{"href":"https:\/\/brasilnoticias.org\/site\/wp-json\/wp\/v2\/posts"}],"about":[{"href":"https:\/\/brasilnoticias.org\/site\/wp-json\/wp\/v2\/types\/post"}],"author":[{"embeddable":true,"href":"https:\/\/brasilnoticias.org\/site\/wp-json\/wp\/v2\/users\/2"}],"replies":[{"embeddable":true,"href":"https:\/\/brasilnoticias.org\/site\/wp-json\/wp\/v2\/comments?post=708"}],"version-history":[{"count":1,"href":"https:\/\/brasilnoticias.org\/site\/wp-json\/wp\/v2\/posts\/708\/revisions"}],"predecessor-version":[{"id":710,"href":"https:\/\/brasilnoticias.org\/site\/wp-json\/wp\/v2\/posts\/708\/revisions\/710"}],"wp:featuredmedia":[{"embeddable":true,"href":"https:\/\/brasilnoticias.org\/site\/wp-json\/wp\/v2\/media\/709"}],"wp:attachment":[{"href":"https:\/\/brasilnoticias.org\/site\/wp-json\/wp\/v2\/media?parent=708"}],"wp:term":[{"taxonomy":"category","embeddable":true,"href":"https:\/\/brasilnoticias.org\/site\/wp-json\/wp\/v2\/categories?post=708"},{"taxonomy":"post_tag","embeddable":true,"href":"https:\/\/brasilnoticias.org\/site\/wp-json\/wp\/v2\/tags?post=708"}],"curies":[{"name":"wp","href":"https:\/\/api.w.org\/{rel}","templated":true}]}}