{"id":7098,"date":"2023-07-04T06:19:43","date_gmt":"2023-07-04T09:19:43","guid":{"rendered":"https:\/\/brasilnoticias.org\/site\/?p=7098"},"modified":"2023-07-04T06:19:43","modified_gmt":"2023-07-04T09:19:43","slug":"kim-kataguiri-e-escolhido-em-votacao-do-mbl-para-concorrer-a-prefeito-de-sp","status":"publish","type":"post","link":"https:\/\/brasilnoticias.org\/site\/kim-kataguiri-e-escolhido-em-votacao-do-mbl-para-concorrer-a-prefeito-de-sp\/","title":{"rendered":"Kim Kataguiri \u00e9 escolhido em vota\u00e7\u00e3o do MBL para concorrer a prefeito de SP"},"content":{"rendered":"<p>O MBL (Movimento Brasil Livre) anunciou nesta segunda-feira (3) o deputado federal Kim Kataguiri (Uni\u00e3o Brasil-SP) como vencedor das pr\u00e9vias para escolher o candidato que o grupo quer lan\u00e7ar na elei\u00e7\u00e3o para a Prefeitura de S\u00e3o Paulo em 2024. Ele obteve 56,1% dos votos.<\/p>\n<p>O outro concorrente, o deputado estadual Guto Zacarias (Uni\u00e3o Brasil-SP), ficou com 43,8% dos votos.<br \/>\nNos bastidores, j\u00e1 era esperada a vit\u00f3ria de Kataguiri, que \u00e9 um dos expoentes do movimento desde sua cria\u00e7\u00e3o, em 2014, e est\u00e1 em seu segundo mandato. Zacarias estreou na Assembleia Legislativa neste ano e \u00e9 vice-l\u00edder do governo Tarc\u00edsio de Freitas (Republicanos).<\/p>\n<p>Sob aplausos, Kataguiri discursou com cr\u00edticas \u00e0 situa\u00e7\u00e3o da cidade. &#8220;S\u00e3o Paulo precisa de algu\u00e9m que v\u00e1 para cima [dos problemas]&#8221;, afirmou o parlamentar, que falou na necessidade de eleger em 2024 um prefeito com &#8220;fibra moral&#8221;, &#8220;algu\u00e9m com peito e vontade pol\u00edtica&#8221;.<\/p>\n<p>Segundo o MBL, 12 mil pessoas estavam aptas a participar das pr\u00e9vias, uma vota\u00e7\u00e3o interna para decidir quem sair\u00e1 candidato, aos moldes das feitas por partidos tradicionais, como PSDB e PT.<br \/>\nNo total, foram 9.951 votos, de coordenadores, militantes, alunos da Academia MBL (plataforma de cursos pagos) e apoiadores cadastrados no Clube MBL (que d\u00e1 acesso a conte\u00fados exclusivos e eventos).<\/p>\n<p>A vota\u00e7\u00e3o, online, foi aberta na \u00faltima sexta-feira (30) e encerrada na tarde desta segunda.<\/p>\n<p>Zacarias disse que foi uma honra perder para o rival, de quem \u00e9 um admirador, e que vai atuar como coordenador de comunica\u00e7\u00e3o da pr\u00e9-campanha de Kataguiri.<\/p>\n<p>Para consolidar a candidatura, o movimento ter\u00e1 que resolver o impasse com a Uni\u00e3o Brasil, partido que hoje tem a tend\u00eancia de apoiar a reelei\u00e7\u00e3o de Ricardo Nunes (MDB). O dirigente da legenda na capital paulista, Milton Leite, \u00e9 um dos principais aliados do atual prefeito.<\/p>\n<p>Leite j\u00e1 disse que a palavra final ser\u00e1 dada na conven\u00e7\u00e3o municipal, no ano que vem. Uma ala do MBL aposta na tese de que at\u00e9 l\u00e1 o partido poder\u00e1 rever sua posi\u00e7\u00e3o, principalmente se o representante do movimento aparecer bem nas pesquisas e se Nunes estiver com dificuldade de decolar.<\/p>\n<p>Da\u00ed a decis\u00e3o de antecipar a defini\u00e7\u00e3o do nome para 2023, com a inten\u00e7\u00e3o de entrar mais fortemente na disputa e trabalhar desde j\u00e1 uma plataforma no campo da direita, tentando atrair segmentos sociais e partid\u00e1rios. O objetivo \u00e9 chegar a 2024 com maior poder de press\u00e3o.<\/p>\n<p>A princ\u00edpio, o movimento quer evitar embates com a dire\u00e7\u00e3o da legenda e abrir espa\u00e7o para mediar uma sa\u00edda. O MBL n\u00e3o descarta, no limite, participar da vota\u00e7\u00e3o na conven\u00e7\u00e3o que definir\u00e1 os rumos do partido na corrida municipal, mas a ideia \u00e9 tentar antes alguma sa\u00edda pactuada.<\/p>\n<p>Pela legisla\u00e7\u00e3o, deputados perdem o mandato eletivo se deixarem o partido sem justa causa. As alternativas s\u00e3o buscar na Justi\u00e7a o direito de desfilia\u00e7\u00e3o, apontando persegui\u00e7\u00e3o, por exemplo, ou tentar for\u00e7ar uma expuls\u00e3o, o que n\u00e3o acarreta a perda do mandato.<\/p>\n<p>A tarefa seguinte seria encontrar uma sigla disposta a lan\u00e7ar o candidato. Em paralelo, o MBL tamb\u00e9m trabalha para fundar seu pr\u00f3prio partido, mas a expectativa \u00e9 que ela s\u00f3 esteja em condi\u00e7\u00f5es de participar do processo eleitoral em 2026. Por enquanto, o grupo coleta assinaturas em apoio \u00e0 cria\u00e7\u00e3o.<\/p>\n<p>O movimento participou da elei\u00e7\u00e3o de 2020 na capital representado pelo ent\u00e3o deputado estadual Arthur do Val (Podemos-SP), que terminou em quinto lugar, com 9,78% dos votos v\u00e1lidos.<\/p>\n<p>Mam\u00e3e Falei, como \u00e9 conhecido Do Val, est\u00e1 impedido de disputar novamente porque ficou ineleg\u00edvel por oito anos ap\u00f3s a cassa\u00e7\u00e3o de seu mandato na Assembleia em 2022. Ele caiu em desgra\u00e7a ap\u00f3s virem a p\u00fablico falas machistas relacionadas \u00e0s mulheres ucranianas v\u00edtimas da guerra.<\/p>\n<p>Como mostrou a Folha em maio, o movimento discutia o lan\u00e7amento de um postulante para o pleito municipal e considerava Kataguiri o nome natural para a miss\u00e3o. O deputado, contudo, vinha defendendo a discuss\u00e3o de outros nomes e apontava Zacarias como uma das op\u00e7\u00f5es.<\/p>\n<p>Como ambos manifestaram interesse na candidatura, o movimento decidiu em junho fazer a escolha por vias democr\u00e1ticas, dando aos membros o poder de escolha. A avalia\u00e7\u00e3o do coletivo \u00e9 que h\u00e1 espa\u00e7o na elei\u00e7\u00e3o paulistana para um nome de perfil liberal, jovem e combativo.<\/p>\n<p>Hoje, al\u00e9m de Nunes, s\u00e3o pr\u00e9-candidatos os deputados federais Guilherme Boulos (PSOL) -apoiado pelo presidente Lula (PT)- e Tabata Amaral (PSB) e o apresentador Jos\u00e9 Luiz Datena (PDT).<\/p>\n<p>Como noticiou o Painel, l\u00edderes do MBL e bolsonaristas de S\u00e3o Paulo que t\u00eam rejei\u00e7\u00e3o a Nunes come\u00e7aram a conversar sobre a possibilidade de unirem for\u00e7as contra o prefeito em 2024.<\/p>\n<p>Nesta segunda, uma reuni\u00e3o com representantes dos grupos para tratar do tema teve a presen\u00e7a de Ricardo Salles (PL), deputado federal que desistiu da pr\u00e9-candidatura \u00e0 prefeitura ap\u00f3s receber sinaliza\u00e7\u00f5es negativas do ex-presidente Jair Bolsonaro (PL), que flerta com Nunes.<\/p>\n<p>O placar final das pr\u00e9vias foi divulgado durante um congresso do MBL em n\u00edvel municipal, realizado no Obelisco Mausol\u00e9u aos Her\u00f3is de 32, pr\u00f3ximo ao parque Ibirapuera (zona sul). Antes do an\u00fancio, foi exibido o document\u00e1rio &#8220;S\u00e3o Paulo Brasil&#8221;, produzido pelo MBL sobre a Revolu\u00e7\u00e3o de 1932.<\/p>\n<p>O presidente do MBL, Renan Santos, disse que o movimento quer contribuir para, caso Kataguiri seja eleito, liderar a oposi\u00e7\u00e3o ao governo Lula a partir de S\u00e3o Paulo.<\/p>\n<p>A vota\u00e7\u00e3o interna, anunciada na pen\u00faltima semana de junho, foi precedida de atividades para que Kataguiri, 27, e Zacarias, 24, falassem sobre suas plataformas e ouvissem a popula\u00e7\u00e3o.<\/p>\n<p>Os dois concorrentes participaram de uma sabatina na avenida Paulista, na qual podiam ser inquiridos por pessoas que passavam pelo local , e de um debate virtual, que teve discuss\u00f5es sobre temas como Plano Diretor, cracol\u00e2ndia, educa\u00e7\u00e3o, mobilidade, rela\u00e7\u00e3o com o governo federal e seguran\u00e7a.<\/p>\n<p>Os dois revelaram opini\u00f5es semelhantes, mas propuseram caminhos diferentes para solucionar os problemas.<\/p>\n<p>Foto BNews\/ Daniela Pereira<br \/>\nBNews<\/p>\n","protected":false},"excerpt":{"rendered":"<p>O MBL (Movimento Brasil Livre) anunciou nesta segunda-feira (3) o deputado federal Kim Kataguiri (Uni\u00e3o Brasil-SP) como vencedor das pr\u00e9vias<\/p>\n","protected":false},"author":1,"featured_media":7099,"comment_status":"open","ping_status":"open","sticky":false,"template":"","format":"standard","meta":{"colormag_page_container_layout":"default_layout","colormag_page_sidebar_layout":"default_layout","_FSMCFIC_featured_image_caption":"","_FSMCFIC_featured_image_nocaption":"","_FSMCFIC_featured_image_hide":"","footnotes":""},"categories":[5,1],"tags":[],"class_list":["post-7098","post","type-post","status-publish","format-standard","has-post-thumbnail","hentry","category-politica","category-ultimas"],"yoast_head":"<!-- This site is optimized with the Yoast SEO plugin v27.1.1 - https:\/\/yoast.com\/product\/yoast-seo-wordpress\/ -->\n<title>Kim Kataguiri \u00e9 escolhido em vota\u00e7\u00e3o do MBL para concorrer a prefeito de SP - Brasil not\u00edcias<\/title>\n<meta name=\"robots\" content=\"index, follow, max-snippet:-1, max-image-preview:large, max-video-preview:-1\" \/>\n<link rel=\"canonical\" href=\"https:\/\/brasilnoticias.org\/site\/kim-kataguiri-e-escolhido-em-votacao-do-mbl-para-concorrer-a-prefeito-de-sp\/\" \/>\n<meta property=\"og:locale\" content=\"pt_PT\" \/>\n<meta property=\"og:type\" content=\"article\" \/>\n<meta property=\"og:title\" content=\"Kim Kataguiri \u00e9 escolhido em vota\u00e7\u00e3o do MBL para concorrer a prefeito de SP - Brasil not\u00edcias\" \/>\n<meta property=\"og:description\" content=\"O MBL (Movimento Brasil Livre) anunciou nesta segunda-feira (3) o deputado federal Kim Kataguiri (Uni\u00e3o Brasil-SP) como vencedor das pr\u00e9vias\" \/>\n<meta property=\"og:url\" content=\"https:\/\/brasilnoticias.org\/site\/kim-kataguiri-e-escolhido-em-votacao-do-mbl-para-concorrer-a-prefeito-de-sp\/\" \/>\n<meta property=\"og:site_name\" content=\"Brasil not\u00edcias\" \/>\n<meta property=\"article:published_time\" content=\"2023-07-04T09:19:43+00:00\" \/>\n<meta property=\"og:image\" content=\"https:\/\/brasilnoticias.org\/site\/wp-content\/uploads\/2023\/07\/kim_kataguiri_1_widelg_widelg.jpg\" \/>\n\t<meta property=\"og:image:width\" content=\"800\" \/>\n\t<meta property=\"og:image:height\" content=\"450\" \/>\n\t<meta property=\"og:image:type\" content=\"image\/jpeg\" \/>\n<meta name=\"author\" content=\"Reda\u00e7\u00e3o\" \/>\n<meta name=\"twitter:card\" content=\"summary_large_image\" \/>\n<meta name=\"twitter:label1\" content=\"Escrito por\" \/>\n\t<meta name=\"twitter:data1\" content=\"Reda\u00e7\u00e3o\" \/>\n<script type=\"application\/ld+json\" class=\"yoast-schema-graph\">{\"@context\":\"https:\/\/schema.org\",\"@graph\":[{\"@type\":\"Article\",\"@id\":\"https:\/\/brasilnoticias.org\/site\/kim-kataguiri-e-escolhido-em-votacao-do-mbl-para-concorrer-a-prefeito-de-sp\/#article\",\"isPartOf\":{\"@id\":\"https:\/\/brasilnoticias.org\/site\/kim-kataguiri-e-escolhido-em-votacao-do-mbl-para-concorrer-a-prefeito-de-sp\/\"},\"author\":{\"name\":\"Reda\u00e7\u00e3o\",\"@id\":\"https:\/\/brasilnoticias.org\/site\/#\/schema\/person\/a0e05b973ec4d15c658d51911e53507b\"},\"headline\":\"Kim Kataguiri \u00e9 escolhido em vota\u00e7\u00e3o do MBL para concorrer a prefeito de SP\",\"datePublished\":\"2023-07-04T09:19:43+00:00\",\"mainEntityOfPage\":{\"@id\":\"https:\/\/brasilnoticias.org\/site\/kim-kataguiri-e-escolhido-em-votacao-do-mbl-para-concorrer-a-prefeito-de-sp\/\"},\"wordCount\":1045,\"commentCount\":0,\"publisher\":{\"@id\":\"https:\/\/brasilnoticias.org\/site\/#organization\"},\"image\":{\"@id\":\"https:\/\/brasilnoticias.org\/site\/kim-kataguiri-e-escolhido-em-votacao-do-mbl-para-concorrer-a-prefeito-de-sp\/#primaryimage\"},\"thumbnailUrl\":\"https:\/\/brasilnoticias.org\/site\/wp-content\/uploads\/2023\/07\/kim_kataguiri_1_widelg_widelg.jpg\",\"articleSection\":[\"Pol\u00edtica\",\"\u00daltimas\"],\"inLanguage\":\"pt-PT\",\"potentialAction\":[{\"@type\":\"CommentAction\",\"name\":\"Comment\",\"target\":[\"https:\/\/brasilnoticias.org\/site\/kim-kataguiri-e-escolhido-em-votacao-do-mbl-para-concorrer-a-prefeito-de-sp\/#respond\"]}]},{\"@type\":\"WebPage\",\"@id\":\"https:\/\/brasilnoticias.org\/site\/kim-kataguiri-e-escolhido-em-votacao-do-mbl-para-concorrer-a-prefeito-de-sp\/\",\"url\":\"https:\/\/brasilnoticias.org\/site\/kim-kataguiri-e-escolhido-em-votacao-do-mbl-para-concorrer-a-prefeito-de-sp\/\",\"name\":\"Kim Kataguiri \u00e9 escolhido em vota\u00e7\u00e3o do MBL para concorrer a prefeito de SP - Brasil not\u00edcias\",\"isPartOf\":{\"@id\":\"https:\/\/brasilnoticias.org\/site\/#website\"},\"primaryImageOfPage\":{\"@id\":\"https:\/\/brasilnoticias.org\/site\/kim-kataguiri-e-escolhido-em-votacao-do-mbl-para-concorrer-a-prefeito-de-sp\/#primaryimage\"},\"image\":{\"@id\":\"https:\/\/brasilnoticias.org\/site\/kim-kataguiri-e-escolhido-em-votacao-do-mbl-para-concorrer-a-prefeito-de-sp\/#primaryimage\"},\"thumbnailUrl\":\"https:\/\/brasilnoticias.org\/site\/wp-content\/uploads\/2023\/07\/kim_kataguiri_1_widelg_widelg.jpg\",\"datePublished\":\"2023-07-04T09:19:43+00:00\",\"breadcrumb\":{\"@id\":\"https:\/\/brasilnoticias.org\/site\/kim-kataguiri-e-escolhido-em-votacao-do-mbl-para-concorrer-a-prefeito-de-sp\/#breadcrumb\"},\"inLanguage\":\"pt-PT\",\"potentialAction\":[{\"@type\":\"ReadAction\",\"target\":[\"https:\/\/brasilnoticias.org\/site\/kim-kataguiri-e-escolhido-em-votacao-do-mbl-para-concorrer-a-prefeito-de-sp\/\"]}]},{\"@type\":\"ImageObject\",\"inLanguage\":\"pt-PT\",\"@id\":\"https:\/\/brasilnoticias.org\/site\/kim-kataguiri-e-escolhido-em-votacao-do-mbl-para-concorrer-a-prefeito-de-sp\/#primaryimage\",\"url\":\"https:\/\/brasilnoticias.org\/site\/wp-content\/uploads\/2023\/07\/kim_kataguiri_1_widelg_widelg.jpg\",\"contentUrl\":\"https:\/\/brasilnoticias.org\/site\/wp-content\/uploads\/2023\/07\/kim_kataguiri_1_widelg_widelg.jpg\",\"width\":800,\"height\":450},{\"@type\":\"BreadcrumbList\",\"@id\":\"https:\/\/brasilnoticias.org\/site\/kim-kataguiri-e-escolhido-em-votacao-do-mbl-para-concorrer-a-prefeito-de-sp\/#breadcrumb\",\"itemListElement\":[{\"@type\":\"ListItem\",\"position\":1,\"name\":\"In\u00edcio\",\"item\":\"https:\/\/brasilnoticias.org\/site\/\"},{\"@type\":\"ListItem\",\"position\":2,\"name\":\"Kim Kataguiri \u00e9 escolhido em vota\u00e7\u00e3o do MBL para concorrer a prefeito de SP\"}]},{\"@type\":\"WebSite\",\"@id\":\"https:\/\/brasilnoticias.org\/site\/#website\",\"url\":\"https:\/\/brasilnoticias.org\/site\/\",\"name\":\"Brasil not\u00edcias\",\"description\":\"Brasil not\u00edcias\",\"publisher\":{\"@id\":\"https:\/\/brasilnoticias.org\/site\/#organization\"},\"potentialAction\":[{\"@type\":\"SearchAction\",\"target\":{\"@type\":\"EntryPoint\",\"urlTemplate\":\"https:\/\/brasilnoticias.org\/site\/?s={search_term_string}\"},\"query-input\":{\"@type\":\"PropertyValueSpecification\",\"valueRequired\":true,\"valueName\":\"search_term_string\"}}],\"inLanguage\":\"pt-PT\"},{\"@type\":\"Organization\",\"@id\":\"https:\/\/brasilnoticias.org\/site\/#organization\",\"name\":\"Brasil not\u00edcias\",\"url\":\"https:\/\/brasilnoticias.org\/site\/\",\"logo\":{\"@type\":\"ImageObject\",\"inLanguage\":\"pt-PT\",\"@id\":\"https:\/\/brasilnoticias.org\/site\/#\/schema\/logo\/image\/\",\"url\":\"https:\/\/brasilnoticias.org\/site\/wp-content\/uploads\/2022\/05\/cropped-brasilnoticias-mini.jpg\",\"contentUrl\":\"https:\/\/brasilnoticias.org\/site\/wp-content\/uploads\/2022\/05\/cropped-brasilnoticias-mini.jpg\",\"width\":314,\"height\":86,\"caption\":\"Brasil not\u00edcias\"},\"image\":{\"@id\":\"https:\/\/brasilnoticias.org\/site\/#\/schema\/logo\/image\/\"}},{\"@type\":\"Person\",\"@id\":\"https:\/\/brasilnoticias.org\/site\/#\/schema\/person\/a0e05b973ec4d15c658d51911e53507b\",\"name\":\"Reda\u00e7\u00e3o\",\"image\":{\"@type\":\"ImageObject\",\"inLanguage\":\"pt-PT\",\"@id\":\"https:\/\/brasilnoticias.org\/site\/#\/schema\/person\/image\/\",\"url\":\"https:\/\/secure.gravatar.com\/avatar\/75d8b050df2de108b08ae78dfb8e374892df24a383c67db9c46a9c604f6aee9c?s=96&d=mm&r=g\",\"contentUrl\":\"https:\/\/secure.gravatar.com\/avatar\/75d8b050df2de108b08ae78dfb8e374892df24a383c67db9c46a9c604f6aee9c?s=96&d=mm&r=g\",\"caption\":\"Reda\u00e7\u00e3o\"},\"sameAs\":[\"https:\/\/brasilnoticias.org\/site\"],\"url\":\"https:\/\/brasilnoticias.org\/site\/author\/fernandozsngmail-com\/\"}]}<\/script>\n<!-- \/ Yoast SEO plugin. -->","yoast_head_json":{"title":"Kim Kataguiri \u00e9 escolhido em vota\u00e7\u00e3o do MBL para concorrer a prefeito de SP - Brasil not\u00edcias","robots":{"index":"index","follow":"follow","max-snippet":"max-snippet:-1","max-image-preview":"max-image-preview:large","max-video-preview":"max-video-preview:-1"},"canonical":"https:\/\/brasilnoticias.org\/site\/kim-kataguiri-e-escolhido-em-votacao-do-mbl-para-concorrer-a-prefeito-de-sp\/","og_locale":"pt_PT","og_type":"article","og_title":"Kim Kataguiri \u00e9 escolhido em vota\u00e7\u00e3o do MBL para concorrer a prefeito de SP - Brasil not\u00edcias","og_description":"O MBL (Movimento Brasil Livre) anunciou nesta segunda-feira (3) o deputado federal Kim Kataguiri (Uni\u00e3o Brasil-SP) como vencedor das pr\u00e9vias","og_url":"https:\/\/brasilnoticias.org\/site\/kim-kataguiri-e-escolhido-em-votacao-do-mbl-para-concorrer-a-prefeito-de-sp\/","og_site_name":"Brasil not\u00edcias","article_published_time":"2023-07-04T09:19:43+00:00","og_image":[{"width":800,"height":450,"url":"https:\/\/brasilnoticias.org\/site\/wp-content\/uploads\/2023\/07\/kim_kataguiri_1_widelg_widelg.jpg","type":"image\/jpeg"}],"author":"Reda\u00e7\u00e3o","twitter_card":"summary_large_image","twitter_misc":{"Escrito por":"Reda\u00e7\u00e3o"},"schema":{"@context":"https:\/\/schema.org","@graph":[{"@type":"Article","@id":"https:\/\/brasilnoticias.org\/site\/kim-kataguiri-e-escolhido-em-votacao-do-mbl-para-concorrer-a-prefeito-de-sp\/#article","isPartOf":{"@id":"https:\/\/brasilnoticias.org\/site\/kim-kataguiri-e-escolhido-em-votacao-do-mbl-para-concorrer-a-prefeito-de-sp\/"},"author":{"name":"Reda\u00e7\u00e3o","@id":"https:\/\/brasilnoticias.org\/site\/#\/schema\/person\/a0e05b973ec4d15c658d51911e53507b"},"headline":"Kim Kataguiri \u00e9 escolhido em vota\u00e7\u00e3o do MBL para concorrer a prefeito de SP","datePublished":"2023-07-04T09:19:43+00:00","mainEntityOfPage":{"@id":"https:\/\/brasilnoticias.org\/site\/kim-kataguiri-e-escolhido-em-votacao-do-mbl-para-concorrer-a-prefeito-de-sp\/"},"wordCount":1045,"commentCount":0,"publisher":{"@id":"https:\/\/brasilnoticias.org\/site\/#organization"},"image":{"@id":"https:\/\/brasilnoticias.org\/site\/kim-kataguiri-e-escolhido-em-votacao-do-mbl-para-concorrer-a-prefeito-de-sp\/#primaryimage"},"thumbnailUrl":"https:\/\/brasilnoticias.org\/site\/wp-content\/uploads\/2023\/07\/kim_kataguiri_1_widelg_widelg.jpg","articleSection":["Pol\u00edtica","\u00daltimas"],"inLanguage":"pt-PT","potentialAction":[{"@type":"CommentAction","name":"Comment","target":["https:\/\/brasilnoticias.org\/site\/kim-kataguiri-e-escolhido-em-votacao-do-mbl-para-concorrer-a-prefeito-de-sp\/#respond"]}]},{"@type":"WebPage","@id":"https:\/\/brasilnoticias.org\/site\/kim-kataguiri-e-escolhido-em-votacao-do-mbl-para-concorrer-a-prefeito-de-sp\/","url":"https:\/\/brasilnoticias.org\/site\/kim-kataguiri-e-escolhido-em-votacao-do-mbl-para-concorrer-a-prefeito-de-sp\/","name":"Kim Kataguiri \u00e9 escolhido em vota\u00e7\u00e3o do MBL para concorrer a prefeito de SP - Brasil not\u00edcias","isPartOf":{"@id":"https:\/\/brasilnoticias.org\/site\/#website"},"primaryImageOfPage":{"@id":"https:\/\/brasilnoticias.org\/site\/kim-kataguiri-e-escolhido-em-votacao-do-mbl-para-concorrer-a-prefeito-de-sp\/#primaryimage"},"image":{"@id":"https:\/\/brasilnoticias.org\/site\/kim-kataguiri-e-escolhido-em-votacao-do-mbl-para-concorrer-a-prefeito-de-sp\/#primaryimage"},"thumbnailUrl":"https:\/\/brasilnoticias.org\/site\/wp-content\/uploads\/2023\/07\/kim_kataguiri_1_widelg_widelg.jpg","datePublished":"2023-07-04T09:19:43+00:00","breadcrumb":{"@id":"https:\/\/brasilnoticias.org\/site\/kim-kataguiri-e-escolhido-em-votacao-do-mbl-para-concorrer-a-prefeito-de-sp\/#breadcrumb"},"inLanguage":"pt-PT","potentialAction":[{"@type":"ReadAction","target":["https:\/\/brasilnoticias.org\/site\/kim-kataguiri-e-escolhido-em-votacao-do-mbl-para-concorrer-a-prefeito-de-sp\/"]}]},{"@type":"ImageObject","inLanguage":"pt-PT","@id":"https:\/\/brasilnoticias.org\/site\/kim-kataguiri-e-escolhido-em-votacao-do-mbl-para-concorrer-a-prefeito-de-sp\/#primaryimage","url":"https:\/\/brasilnoticias.org\/site\/wp-content\/uploads\/2023\/07\/kim_kataguiri_1_widelg_widelg.jpg","contentUrl":"https:\/\/brasilnoticias.org\/site\/wp-content\/uploads\/2023\/07\/kim_kataguiri_1_widelg_widelg.jpg","width":800,"height":450},{"@type":"BreadcrumbList","@id":"https:\/\/brasilnoticias.org\/site\/kim-kataguiri-e-escolhido-em-votacao-do-mbl-para-concorrer-a-prefeito-de-sp\/#breadcrumb","itemListElement":[{"@type":"ListItem","position":1,"name":"In\u00edcio","item":"https:\/\/brasilnoticias.org\/site\/"},{"@type":"ListItem","position":2,"name":"Kim Kataguiri \u00e9 escolhido em vota\u00e7\u00e3o do MBL para concorrer a prefeito de SP"}]},{"@type":"WebSite","@id":"https:\/\/brasilnoticias.org\/site\/#website","url":"https:\/\/brasilnoticias.org\/site\/","name":"Brasil not\u00edcias","description":"Brasil not\u00edcias","publisher":{"@id":"https:\/\/brasilnoticias.org\/site\/#organization"},"potentialAction":[{"@type":"SearchAction","target":{"@type":"EntryPoint","urlTemplate":"https:\/\/brasilnoticias.org\/site\/?s={search_term_string}"},"query-input":{"@type":"PropertyValueSpecification","valueRequired":true,"valueName":"search_term_string"}}],"inLanguage":"pt-PT"},{"@type":"Organization","@id":"https:\/\/brasilnoticias.org\/site\/#organization","name":"Brasil not\u00edcias","url":"https:\/\/brasilnoticias.org\/site\/","logo":{"@type":"ImageObject","inLanguage":"pt-PT","@id":"https:\/\/brasilnoticias.org\/site\/#\/schema\/logo\/image\/","url":"https:\/\/brasilnoticias.org\/site\/wp-content\/uploads\/2022\/05\/cropped-brasilnoticias-mini.jpg","contentUrl":"https:\/\/brasilnoticias.org\/site\/wp-content\/uploads\/2022\/05\/cropped-brasilnoticias-mini.jpg","width":314,"height":86,"caption":"Brasil not\u00edcias"},"image":{"@id":"https:\/\/brasilnoticias.org\/site\/#\/schema\/logo\/image\/"}},{"@type":"Person","@id":"https:\/\/brasilnoticias.org\/site\/#\/schema\/person\/a0e05b973ec4d15c658d51911e53507b","name":"Reda\u00e7\u00e3o","image":{"@type":"ImageObject","inLanguage":"pt-PT","@id":"https:\/\/brasilnoticias.org\/site\/#\/schema\/person\/image\/","url":"https:\/\/secure.gravatar.com\/avatar\/75d8b050df2de108b08ae78dfb8e374892df24a383c67db9c46a9c604f6aee9c?s=96&d=mm&r=g","contentUrl":"https:\/\/secure.gravatar.com\/avatar\/75d8b050df2de108b08ae78dfb8e374892df24a383c67db9c46a9c604f6aee9c?s=96&d=mm&r=g","caption":"Reda\u00e7\u00e3o"},"sameAs":["https:\/\/brasilnoticias.org\/site"],"url":"https:\/\/brasilnoticias.org\/site\/author\/fernandozsngmail-com\/"}]}},"_links":{"self":[{"href":"https:\/\/brasilnoticias.org\/site\/wp-json\/wp\/v2\/posts\/7098","targetHints":{"allow":["GET"]}}],"collection":[{"href":"https:\/\/brasilnoticias.org\/site\/wp-json\/wp\/v2\/posts"}],"about":[{"href":"https:\/\/brasilnoticias.org\/site\/wp-json\/wp\/v2\/types\/post"}],"author":[{"embeddable":true,"href":"https:\/\/brasilnoticias.org\/site\/wp-json\/wp\/v2\/users\/1"}],"replies":[{"embeddable":true,"href":"https:\/\/brasilnoticias.org\/site\/wp-json\/wp\/v2\/comments?post=7098"}],"version-history":[{"count":1,"href":"https:\/\/brasilnoticias.org\/site\/wp-json\/wp\/v2\/posts\/7098\/revisions"}],"predecessor-version":[{"id":7100,"href":"https:\/\/brasilnoticias.org\/site\/wp-json\/wp\/v2\/posts\/7098\/revisions\/7100"}],"wp:featuredmedia":[{"embeddable":true,"href":"https:\/\/brasilnoticias.org\/site\/wp-json\/wp\/v2\/media\/7099"}],"wp:attachment":[{"href":"https:\/\/brasilnoticias.org\/site\/wp-json\/wp\/v2\/media?parent=7098"}],"wp:term":[{"taxonomy":"category","embeddable":true,"href":"https:\/\/brasilnoticias.org\/site\/wp-json\/wp\/v2\/categories?post=7098"},{"taxonomy":"post_tag","embeddable":true,"href":"https:\/\/brasilnoticias.org\/site\/wp-json\/wp\/v2\/tags?post=7098"}],"curies":[{"name":"wp","href":"https:\/\/api.w.org\/{rel}","templated":true}]}}