{"id":711,"date":"2022-06-01T19:52:04","date_gmt":"2022-06-01T22:52:04","guid":{"rendered":"https:\/\/brasilnoticias.org\/site\/?p=711"},"modified":"2022-06-01T19:52:04","modified_gmt":"2022-06-01T22:52:04","slug":"vitoria-divulga-nova-parcial-de-ingressos-vendidos-para-partida-contra-o-volta-redonda","status":"publish","type":"post","link":"https:\/\/brasilnoticias.org\/site\/vitoria-divulga-nova-parcial-de-ingressos-vendidos-para-partida-contra-o-volta-redonda\/","title":{"rendered":"VIT\u00d3RIA DIVULGA NOVA PARCIAL DE INGRESSOS VENDIDOS PARA PARTIDA CONTRA O VOLTA REDONDA"},"content":{"rendered":"<p>O Vit\u00f3ria voltou a divulgar a parcial de ingressos vendidos para a partida do pr\u00f3ximo domingo (5), \u00e0s 16h, contra o Volta Redonda. At\u00e9 a tarde desta quarta-feira (1\u00ba), o Rubro-Negro comercializou 6.650 entradas para o duelo, que pode terminar com o Le\u00e3o dentro da zona de classifica\u00e7\u00e3o para a segunda fase da S\u00e9rie C.<\/p>\n<p>Esta \u00e9 a primeira oportunidade que o Vit\u00f3ria tem de conseguir tr\u00eas resultados positivos seguidos nesta temporada. Para isso, o clube lan\u00e7ou uma campanha com o objetivo de encher o Barrad\u00e3o. O est\u00e1dio tem capacidade para receber pouco mais de 30 mil torcedores.<\/p>\n<p>Os ingressos est\u00e3o sendo vendidos desde a \u00faltima ter\u00e7a-feira pelo site oficial do Futebol Card e na loja do Shopping Capemi. A bilheteria do Barrad\u00e3o vai abrir \u00e0s 11h do domingo, dia do jogo, e ir\u00e1 funcionar at\u00e9 \u00e0s 17h. As entradas custam R$ 40 inteira e R$ 20 meia para arquibancada e R$ 100 inteira e R$ 50 meia para cadeira.<\/p>\n<p>Crian\u00e7as com at\u00e9 11 anos e 11 meses n\u00e3o pagam. Para este p\u00fablico, \u00e9 necess\u00e1rio apresentar comprova\u00e7\u00e3o de vacina\u00e7\u00e3o contra Covid-19 com pelo menos uma dose.<\/p>\n<p>&nbsp;<\/p>\n<p>&nbsp;<\/p>\n<p>&nbsp;<\/p>\n<p>&nbsp;<\/p>\n<p>&nbsp;<\/p>\n<p>Bnews<\/p>\n","protected":false},"excerpt":{"rendered":"<p>O Vit\u00f3ria voltou a divulgar a parcial de ingressos vendidos para a partida do pr\u00f3ximo domingo (5), \u00e0s 16h, contra<\/p>\n","protected":false},"author":2,"featured_media":712,"comment_status":"open","ping_status":"open","sticky":false,"template":"","format":"standard","meta":{"colormag_page_container_layout":"default_layout","colormag_page_sidebar_layout":"default_layout","_FSMCFIC_featured_image_caption":"","_FSMCFIC_featured_image_nocaption":"","_FSMCFIC_featured_image_hide":"","footnotes":""},"categories":[4,1],"tags":[],"class_list":["post-711","post","type-post","status-publish","format-standard","has-post-thumbnail","hentry","category-esporte","category-ultimas"],"yoast_head":"<!-- This site is optimized with the Yoast SEO plugin v27.1.1 - https:\/\/yoast.com\/product\/yoast-seo-wordpress\/ -->\n<title>VIT\u00d3RIA DIVULGA NOVA PARCIAL DE INGRESSOS VENDIDOS PARA PARTIDA CONTRA O VOLTA REDONDA - Brasil not\u00edcias<\/title>\n<meta name=\"robots\" content=\"index, follow, max-snippet:-1, max-image-preview:large, max-video-preview:-1\" \/>\n<link rel=\"canonical\" href=\"https:\/\/brasilnoticias.org\/site\/vitoria-divulga-nova-parcial-de-ingressos-vendidos-para-partida-contra-o-volta-redonda\/\" \/>\n<meta property=\"og:locale\" content=\"pt_PT\" \/>\n<meta property=\"og:type\" content=\"article\" \/>\n<meta property=\"og:title\" content=\"VIT\u00d3RIA DIVULGA NOVA PARCIAL DE INGRESSOS VENDIDOS PARA PARTIDA CONTRA O VOLTA REDONDA - Brasil not\u00edcias\" \/>\n<meta property=\"og:description\" content=\"O Vit\u00f3ria voltou a divulgar a parcial de ingressos vendidos para a partida do pr\u00f3ximo domingo (5), \u00e0s 16h, contra\" \/>\n<meta property=\"og:url\" content=\"https:\/\/brasilnoticias.org\/site\/vitoria-divulga-nova-parcial-de-ingressos-vendidos-para-partida-contra-o-volta-redonda\/\" \/>\n<meta property=\"og:site_name\" content=\"Brasil not\u00edcias\" \/>\n<meta property=\"article:published_time\" content=\"2022-06-01T22:52:04+00:00\" \/>\n<meta property=\"og:image\" content=\"https:\/\/brasilnoticias.org\/site\/wp-content\/uploads\/2022\/06\/611622441_e49b6f626b10df8382b4aaca65d6b83e._widelg.jpg\" \/>\n\t<meta property=\"og:image:width\" content=\"800\" \/>\n\t<meta property=\"og:image:height\" content=\"450\" \/>\n\t<meta property=\"og:image:type\" content=\"image\/jpeg\" \/>\n<meta name=\"author\" content=\"Reda\u00e7\u00e3o\" \/>\n<meta name=\"twitter:card\" content=\"summary_large_image\" \/>\n<meta name=\"twitter:label1\" content=\"Escrito por\" \/>\n\t<meta name=\"twitter:data1\" content=\"Reda\u00e7\u00e3o\" \/>\n\t<meta name=\"twitter:label2\" content=\"Tempo estimado de leitura\" \/>\n\t<meta name=\"twitter:data2\" content=\"1 minuto\" \/>\n<script type=\"application\/ld+json\" class=\"yoast-schema-graph\">{\"@context\":\"https:\/\/schema.org\",\"@graph\":[{\"@type\":\"Article\",\"@id\":\"https:\/\/brasilnoticias.org\/site\/vitoria-divulga-nova-parcial-de-ingressos-vendidos-para-partida-contra-o-volta-redonda\/#article\",\"isPartOf\":{\"@id\":\"https:\/\/brasilnoticias.org\/site\/vitoria-divulga-nova-parcial-de-ingressos-vendidos-para-partida-contra-o-volta-redonda\/\"},\"author\":{\"name\":\"Reda\u00e7\u00e3o\",\"@id\":\"https:\/\/brasilnoticias.org\/site\/#\/schema\/person\/f609fa847b5314f1c8b983342f34c798\"},\"headline\":\"VIT\u00d3RIA DIVULGA NOVA PARCIAL DE INGRESSOS VENDIDOS PARA PARTIDA CONTRA O VOLTA REDONDA\",\"datePublished\":\"2022-06-01T22:52:04+00:00\",\"mainEntityOfPage\":{\"@id\":\"https:\/\/brasilnoticias.org\/site\/vitoria-divulga-nova-parcial-de-ingressos-vendidos-para-partida-contra-o-volta-redonda\/\"},\"wordCount\":213,\"commentCount\":0,\"publisher\":{\"@id\":\"https:\/\/brasilnoticias.org\/site\/#organization\"},\"image\":{\"@id\":\"https:\/\/brasilnoticias.org\/site\/vitoria-divulga-nova-parcial-de-ingressos-vendidos-para-partida-contra-o-volta-redonda\/#primaryimage\"},\"thumbnailUrl\":\"https:\/\/brasilnoticias.org\/site\/wp-content\/uploads\/2022\/06\/611622441_e49b6f626b10df8382b4aaca65d6b83e._widelg.jpg\",\"articleSection\":[\"Esporte\",\"\u00daltimas\"],\"inLanguage\":\"pt-PT\",\"potentialAction\":[{\"@type\":\"CommentAction\",\"name\":\"Comment\",\"target\":[\"https:\/\/brasilnoticias.org\/site\/vitoria-divulga-nova-parcial-de-ingressos-vendidos-para-partida-contra-o-volta-redonda\/#respond\"]}]},{\"@type\":\"WebPage\",\"@id\":\"https:\/\/brasilnoticias.org\/site\/vitoria-divulga-nova-parcial-de-ingressos-vendidos-para-partida-contra-o-volta-redonda\/\",\"url\":\"https:\/\/brasilnoticias.org\/site\/vitoria-divulga-nova-parcial-de-ingressos-vendidos-para-partida-contra-o-volta-redonda\/\",\"name\":\"VIT\u00d3RIA DIVULGA NOVA PARCIAL DE INGRESSOS VENDIDOS PARA PARTIDA CONTRA O VOLTA REDONDA - Brasil not\u00edcias\",\"isPartOf\":{\"@id\":\"https:\/\/brasilnoticias.org\/site\/#website\"},\"primaryImageOfPage\":{\"@id\":\"https:\/\/brasilnoticias.org\/site\/vitoria-divulga-nova-parcial-de-ingressos-vendidos-para-partida-contra-o-volta-redonda\/#primaryimage\"},\"image\":{\"@id\":\"https:\/\/brasilnoticias.org\/site\/vitoria-divulga-nova-parcial-de-ingressos-vendidos-para-partida-contra-o-volta-redonda\/#primaryimage\"},\"thumbnailUrl\":\"https:\/\/brasilnoticias.org\/site\/wp-content\/uploads\/2022\/06\/611622441_e49b6f626b10df8382b4aaca65d6b83e._widelg.jpg\",\"datePublished\":\"2022-06-01T22:52:04+00:00\",\"breadcrumb\":{\"@id\":\"https:\/\/brasilnoticias.org\/site\/vitoria-divulga-nova-parcial-de-ingressos-vendidos-para-partida-contra-o-volta-redonda\/#breadcrumb\"},\"inLanguage\":\"pt-PT\",\"potentialAction\":[{\"@type\":\"ReadAction\",\"target\":[\"https:\/\/brasilnoticias.org\/site\/vitoria-divulga-nova-parcial-de-ingressos-vendidos-para-partida-contra-o-volta-redonda\/\"]}]},{\"@type\":\"ImageObject\",\"inLanguage\":\"pt-PT\",\"@id\":\"https:\/\/brasilnoticias.org\/site\/vitoria-divulga-nova-parcial-de-ingressos-vendidos-para-partida-contra-o-volta-redonda\/#primaryimage\",\"url\":\"https:\/\/brasilnoticias.org\/site\/wp-content\/uploads\/2022\/06\/611622441_e49b6f626b10df8382b4aaca65d6b83e._widelg.jpg\",\"contentUrl\":\"https:\/\/brasilnoticias.org\/site\/wp-content\/uploads\/2022\/06\/611622441_e49b6f626b10df8382b4aaca65d6b83e._widelg.jpg\",\"width\":800,\"height\":450},{\"@type\":\"BreadcrumbList\",\"@id\":\"https:\/\/brasilnoticias.org\/site\/vitoria-divulga-nova-parcial-de-ingressos-vendidos-para-partida-contra-o-volta-redonda\/#breadcrumb\",\"itemListElement\":[{\"@type\":\"ListItem\",\"position\":1,\"name\":\"In\u00edcio\",\"item\":\"https:\/\/brasilnoticias.org\/site\/\"},{\"@type\":\"ListItem\",\"position\":2,\"name\":\"VIT\u00d3RIA DIVULGA NOVA PARCIAL DE INGRESSOS VENDIDOS PARA PARTIDA CONTRA O VOLTA REDONDA\"}]},{\"@type\":\"WebSite\",\"@id\":\"https:\/\/brasilnoticias.org\/site\/#website\",\"url\":\"https:\/\/brasilnoticias.org\/site\/\",\"name\":\"Brasil not\u00edcias\",\"description\":\"Brasil not\u00edcias\",\"publisher\":{\"@id\":\"https:\/\/brasilnoticias.org\/site\/#organization\"},\"potentialAction\":[{\"@type\":\"SearchAction\",\"target\":{\"@type\":\"EntryPoint\",\"urlTemplate\":\"https:\/\/brasilnoticias.org\/site\/?s={search_term_string}\"},\"query-input\":{\"@type\":\"PropertyValueSpecification\",\"valueRequired\":true,\"valueName\":\"search_term_string\"}}],\"inLanguage\":\"pt-PT\"},{\"@type\":\"Organization\",\"@id\":\"https:\/\/brasilnoticias.org\/site\/#organization\",\"name\":\"Brasil not\u00edcias\",\"url\":\"https:\/\/brasilnoticias.org\/site\/\",\"logo\":{\"@type\":\"ImageObject\",\"inLanguage\":\"pt-PT\",\"@id\":\"https:\/\/brasilnoticias.org\/site\/#\/schema\/logo\/image\/\",\"url\":\"https:\/\/brasilnoticias.org\/site\/wp-content\/uploads\/2022\/05\/cropped-brasilnoticias-mini.jpg\",\"contentUrl\":\"https:\/\/brasilnoticias.org\/site\/wp-content\/uploads\/2022\/05\/cropped-brasilnoticias-mini.jpg\",\"width\":314,\"height\":86,\"caption\":\"Brasil not\u00edcias\"},\"image\":{\"@id\":\"https:\/\/brasilnoticias.org\/site\/#\/schema\/logo\/image\/\"}},{\"@type\":\"Person\",\"@id\":\"https:\/\/brasilnoticias.org\/site\/#\/schema\/person\/f609fa847b5314f1c8b983342f34c798\",\"name\":\"Reda\u00e7\u00e3o\",\"image\":{\"@type\":\"ImageObject\",\"inLanguage\":\"pt-PT\",\"@id\":\"https:\/\/brasilnoticias.org\/site\/#\/schema\/person\/image\/\",\"url\":\"https:\/\/secure.gravatar.com\/avatar\/447284c06c1ad8b46465a36de9cd0d8326b73387a22799b8b1ffb1fbcff2ed0c?s=96&d=mm&r=g\",\"contentUrl\":\"https:\/\/secure.gravatar.com\/avatar\/447284c06c1ad8b46465a36de9cd0d8326b73387a22799b8b1ffb1fbcff2ed0c?s=96&d=mm&r=g\",\"caption\":\"Reda\u00e7\u00e3o\"},\"url\":\"https:\/\/brasilnoticias.org\/site\/author\/redacao\/\"}]}<\/script>\n<!-- \/ Yoast SEO plugin. -->","yoast_head_json":{"title":"VIT\u00d3RIA DIVULGA NOVA PARCIAL DE INGRESSOS VENDIDOS PARA PARTIDA CONTRA O VOLTA REDONDA - Brasil not\u00edcias","robots":{"index":"index","follow":"follow","max-snippet":"max-snippet:-1","max-image-preview":"max-image-preview:large","max-video-preview":"max-video-preview:-1"},"canonical":"https:\/\/brasilnoticias.org\/site\/vitoria-divulga-nova-parcial-de-ingressos-vendidos-para-partida-contra-o-volta-redonda\/","og_locale":"pt_PT","og_type":"article","og_title":"VIT\u00d3RIA DIVULGA NOVA PARCIAL DE INGRESSOS VENDIDOS PARA PARTIDA CONTRA O VOLTA REDONDA - Brasil not\u00edcias","og_description":"O Vit\u00f3ria voltou a divulgar a parcial de ingressos vendidos para a partida do pr\u00f3ximo domingo (5), \u00e0s 16h, contra","og_url":"https:\/\/brasilnoticias.org\/site\/vitoria-divulga-nova-parcial-de-ingressos-vendidos-para-partida-contra-o-volta-redonda\/","og_site_name":"Brasil not\u00edcias","article_published_time":"2022-06-01T22:52:04+00:00","og_image":[{"width":800,"height":450,"url":"https:\/\/brasilnoticias.org\/site\/wp-content\/uploads\/2022\/06\/611622441_e49b6f626b10df8382b4aaca65d6b83e._widelg.jpg","type":"image\/jpeg"}],"author":"Reda\u00e7\u00e3o","twitter_card":"summary_large_image","twitter_misc":{"Escrito por":"Reda\u00e7\u00e3o","Tempo estimado de leitura":"1 minuto"},"schema":{"@context":"https:\/\/schema.org","@graph":[{"@type":"Article","@id":"https:\/\/brasilnoticias.org\/site\/vitoria-divulga-nova-parcial-de-ingressos-vendidos-para-partida-contra-o-volta-redonda\/#article","isPartOf":{"@id":"https:\/\/brasilnoticias.org\/site\/vitoria-divulga-nova-parcial-de-ingressos-vendidos-para-partida-contra-o-volta-redonda\/"},"author":{"name":"Reda\u00e7\u00e3o","@id":"https:\/\/brasilnoticias.org\/site\/#\/schema\/person\/f609fa847b5314f1c8b983342f34c798"},"headline":"VIT\u00d3RIA DIVULGA NOVA PARCIAL DE INGRESSOS VENDIDOS PARA PARTIDA CONTRA O VOLTA REDONDA","datePublished":"2022-06-01T22:52:04+00:00","mainEntityOfPage":{"@id":"https:\/\/brasilnoticias.org\/site\/vitoria-divulga-nova-parcial-de-ingressos-vendidos-para-partida-contra-o-volta-redonda\/"},"wordCount":213,"commentCount":0,"publisher":{"@id":"https:\/\/brasilnoticias.org\/site\/#organization"},"image":{"@id":"https:\/\/brasilnoticias.org\/site\/vitoria-divulga-nova-parcial-de-ingressos-vendidos-para-partida-contra-o-volta-redonda\/#primaryimage"},"thumbnailUrl":"https:\/\/brasilnoticias.org\/site\/wp-content\/uploads\/2022\/06\/611622441_e49b6f626b10df8382b4aaca65d6b83e._widelg.jpg","articleSection":["Esporte","\u00daltimas"],"inLanguage":"pt-PT","potentialAction":[{"@type":"CommentAction","name":"Comment","target":["https:\/\/brasilnoticias.org\/site\/vitoria-divulga-nova-parcial-de-ingressos-vendidos-para-partida-contra-o-volta-redonda\/#respond"]}]},{"@type":"WebPage","@id":"https:\/\/brasilnoticias.org\/site\/vitoria-divulga-nova-parcial-de-ingressos-vendidos-para-partida-contra-o-volta-redonda\/","url":"https:\/\/brasilnoticias.org\/site\/vitoria-divulga-nova-parcial-de-ingressos-vendidos-para-partida-contra-o-volta-redonda\/","name":"VIT\u00d3RIA DIVULGA NOVA PARCIAL DE INGRESSOS VENDIDOS PARA PARTIDA CONTRA O VOLTA REDONDA - Brasil not\u00edcias","isPartOf":{"@id":"https:\/\/brasilnoticias.org\/site\/#website"},"primaryImageOfPage":{"@id":"https:\/\/brasilnoticias.org\/site\/vitoria-divulga-nova-parcial-de-ingressos-vendidos-para-partida-contra-o-volta-redonda\/#primaryimage"},"image":{"@id":"https:\/\/brasilnoticias.org\/site\/vitoria-divulga-nova-parcial-de-ingressos-vendidos-para-partida-contra-o-volta-redonda\/#primaryimage"},"thumbnailUrl":"https:\/\/brasilnoticias.org\/site\/wp-content\/uploads\/2022\/06\/611622441_e49b6f626b10df8382b4aaca65d6b83e._widelg.jpg","datePublished":"2022-06-01T22:52:04+00:00","breadcrumb":{"@id":"https:\/\/brasilnoticias.org\/site\/vitoria-divulga-nova-parcial-de-ingressos-vendidos-para-partida-contra-o-volta-redonda\/#breadcrumb"},"inLanguage":"pt-PT","potentialAction":[{"@type":"ReadAction","target":["https:\/\/brasilnoticias.org\/site\/vitoria-divulga-nova-parcial-de-ingressos-vendidos-para-partida-contra-o-volta-redonda\/"]}]},{"@type":"ImageObject","inLanguage":"pt-PT","@id":"https:\/\/brasilnoticias.org\/site\/vitoria-divulga-nova-parcial-de-ingressos-vendidos-para-partida-contra-o-volta-redonda\/#primaryimage","url":"https:\/\/brasilnoticias.org\/site\/wp-content\/uploads\/2022\/06\/611622441_e49b6f626b10df8382b4aaca65d6b83e._widelg.jpg","contentUrl":"https:\/\/brasilnoticias.org\/site\/wp-content\/uploads\/2022\/06\/611622441_e49b6f626b10df8382b4aaca65d6b83e._widelg.jpg","width":800,"height":450},{"@type":"BreadcrumbList","@id":"https:\/\/brasilnoticias.org\/site\/vitoria-divulga-nova-parcial-de-ingressos-vendidos-para-partida-contra-o-volta-redonda\/#breadcrumb","itemListElement":[{"@type":"ListItem","position":1,"name":"In\u00edcio","item":"https:\/\/brasilnoticias.org\/site\/"},{"@type":"ListItem","position":2,"name":"VIT\u00d3RIA DIVULGA NOVA PARCIAL DE INGRESSOS VENDIDOS PARA PARTIDA CONTRA O VOLTA REDONDA"}]},{"@type":"WebSite","@id":"https:\/\/brasilnoticias.org\/site\/#website","url":"https:\/\/brasilnoticias.org\/site\/","name":"Brasil not\u00edcias","description":"Brasil not\u00edcias","publisher":{"@id":"https:\/\/brasilnoticias.org\/site\/#organization"},"potentialAction":[{"@type":"SearchAction","target":{"@type":"EntryPoint","urlTemplate":"https:\/\/brasilnoticias.org\/site\/?s={search_term_string}"},"query-input":{"@type":"PropertyValueSpecification","valueRequired":true,"valueName":"search_term_string"}}],"inLanguage":"pt-PT"},{"@type":"Organization","@id":"https:\/\/brasilnoticias.org\/site\/#organization","name":"Brasil not\u00edcias","url":"https:\/\/brasilnoticias.org\/site\/","logo":{"@type":"ImageObject","inLanguage":"pt-PT","@id":"https:\/\/brasilnoticias.org\/site\/#\/schema\/logo\/image\/","url":"https:\/\/brasilnoticias.org\/site\/wp-content\/uploads\/2022\/05\/cropped-brasilnoticias-mini.jpg","contentUrl":"https:\/\/brasilnoticias.org\/site\/wp-content\/uploads\/2022\/05\/cropped-brasilnoticias-mini.jpg","width":314,"height":86,"caption":"Brasil not\u00edcias"},"image":{"@id":"https:\/\/brasilnoticias.org\/site\/#\/schema\/logo\/image\/"}},{"@type":"Person","@id":"https:\/\/brasilnoticias.org\/site\/#\/schema\/person\/f609fa847b5314f1c8b983342f34c798","name":"Reda\u00e7\u00e3o","image":{"@type":"ImageObject","inLanguage":"pt-PT","@id":"https:\/\/brasilnoticias.org\/site\/#\/schema\/person\/image\/","url":"https:\/\/secure.gravatar.com\/avatar\/447284c06c1ad8b46465a36de9cd0d8326b73387a22799b8b1ffb1fbcff2ed0c?s=96&d=mm&r=g","contentUrl":"https:\/\/secure.gravatar.com\/avatar\/447284c06c1ad8b46465a36de9cd0d8326b73387a22799b8b1ffb1fbcff2ed0c?s=96&d=mm&r=g","caption":"Reda\u00e7\u00e3o"},"url":"https:\/\/brasilnoticias.org\/site\/author\/redacao\/"}]}},"_links":{"self":[{"href":"https:\/\/brasilnoticias.org\/site\/wp-json\/wp\/v2\/posts\/711","targetHints":{"allow":["GET"]}}],"collection":[{"href":"https:\/\/brasilnoticias.org\/site\/wp-json\/wp\/v2\/posts"}],"about":[{"href":"https:\/\/brasilnoticias.org\/site\/wp-json\/wp\/v2\/types\/post"}],"author":[{"embeddable":true,"href":"https:\/\/brasilnoticias.org\/site\/wp-json\/wp\/v2\/users\/2"}],"replies":[{"embeddable":true,"href":"https:\/\/brasilnoticias.org\/site\/wp-json\/wp\/v2\/comments?post=711"}],"version-history":[{"count":1,"href":"https:\/\/brasilnoticias.org\/site\/wp-json\/wp\/v2\/posts\/711\/revisions"}],"predecessor-version":[{"id":713,"href":"https:\/\/brasilnoticias.org\/site\/wp-json\/wp\/v2\/posts\/711\/revisions\/713"}],"wp:featuredmedia":[{"embeddable":true,"href":"https:\/\/brasilnoticias.org\/site\/wp-json\/wp\/v2\/media\/712"}],"wp:attachment":[{"href":"https:\/\/brasilnoticias.org\/site\/wp-json\/wp\/v2\/media?parent=711"}],"wp:term":[{"taxonomy":"category","embeddable":true,"href":"https:\/\/brasilnoticias.org\/site\/wp-json\/wp\/v2\/categories?post=711"},{"taxonomy":"post_tag","embeddable":true,"href":"https:\/\/brasilnoticias.org\/site\/wp-json\/wp\/v2\/tags?post=711"}],"curies":[{"name":"wp","href":"https:\/\/api.w.org\/{rel}","templated":true}]}}