{"id":7125,"date":"2023-07-05T06:28:13","date_gmt":"2023-07-05T09:28:13","guid":{"rendered":"https:\/\/brasilnoticias.org\/site\/?p=7125"},"modified":"2023-07-05T06:28:13","modified_gmt":"2023-07-05T09:28:13","slug":"delegado-entra-armado-em-escola-e-agride-professor-que-advertiu-filho-dele-em-sala","status":"publish","type":"post","link":"https:\/\/brasilnoticias.org\/site\/delegado-entra-armado-em-escola-e-agride-professor-que-advertiu-filho-dele-em-sala\/","title":{"rendered":"Delegado entra armado em escola e agride professor que advertiu filho dele em sala"},"content":{"rendered":"<p>Um delegado \u00e9 acusado de amea\u00e7ar e agredir um professor em Gua\u00edra, no Paran\u00e1, ap\u00f3s o educador discutir com o filho do oficial, um adolescente de 13 anos. O caso aconteceu na \u00faltima sexta-feira (30), no Col\u00e9gio Franciscano Nossa Senhora do Carmo. A v\u00edtima alega que foi enforcada e recebeu voz de pris\u00e3o. A Pol\u00edcia Federal (PF) investiga o caso.<\/p>\n<p>No boletim de ocorr\u00eancia, o delegado M\u00e1rio C\u00e9sar Leal J\u00fanior relatou que o professor havia dito que &#8220;soltaria fogos de artif\u00edcio&#8221; quando o adolescente sa\u00edsse da escola, al\u00e9m de ter afirmado que o aluno era \u201cnazista, racista, xenof\u00f3bico e gordof\u00f3bico\u201d. O caso foi registrado na Pol\u00edcia Civil como inj\u00faria.<\/p>\n<p>O professor Gabriel Rossi afirmou, em sua defesa, que nunca chamou o estudante de nazista, mas confirmou que celebraria a sa\u00edda do aluno, considerado de comportamento problem\u00e1tico, da escola.<\/p>\n<p>\u201cEu j\u00e1 tinha visto ele fazer coment\u00e1rios de cunho preconceituoso, machista, homof\u00f3bico, gordof\u00f3bico com os professores e que todas essas coisas somavam \u00e0 vis\u00e3o que eu tinha de coment\u00e1rios detest\u00e1veis que ele fazia, inclusive eu disse para ele que em alguns momentos o vi fazer brincadeiras de cunho nazista. Mas eu sei que o menino n\u00e3o \u00e9 nazista\u201d, relatou Gabriel ao blog de Andr\u00e9ia Sadi, no portal g1.<\/p>\n<p>No dia da agress\u00e3o, o professor relembrou que ele e o adolescente tiveram uma conversa particular ap\u00f3s ter sido chamado de &#8220;calvo&#8221;, mas negou qualquer tipo de discuss\u00e3o ou men\u00e7\u00e3o pol\u00edtica. Mais tarde, na sa\u00edda da escola, o profissional contou que foi abordado pelo delegado.<\/p>\n<p>\u201cEle come\u00e7ou a gritar que ele era delegado e que eu estava preso. Apertou o meu bra\u00e7o e puxou, eu tentei sair e foi quando ele me enforcou, me jogou contra o carro dele e a\u00ed ele puxou a pistola e apontou na minha cara\u201d, relatou.<br \/>\nGabriel tamb\u00e9m acusou membros da pol\u00edcia local de abuso de poder. De acordo com ele, ao tentar registrar um boletim de ocorr\u00eancia, foi impedido por uma suposta greve na unidade.<\/p>\n<p>O ministro da Justi\u00e7a, Fl\u00e1vio Dino, mostrou indigna\u00e7\u00e3o com o caso e defedeu ado\u00e7\u00e3o de &#8220;apura\u00e7\u00f5es administratitvas&#8221; na PF para esclarecimento dos fatos.<\/p>\n<p>A escola em que Gabriel \u00e9 professor afirmou, em nota, que o epis\u00f3dio \u00e9 inadmiss\u00edvel e que prestar\u00e1 suporte ao educador, que foi afastado por recomenda\u00e7\u00f5es m\u00e9dicas.<\/p>\n<p>\u201cVale ressaltar que nada justifica uma agress\u00e3o, seja f\u00edsica, moral ou verbal, e ser\u00e1 sempre um ato repudi\u00e1vel, independentemente das raz\u00f5es que possam levar algu\u00e9m a cometer tal atitude\u201d, afirmou a institui\u00e7\u00e3o.<\/p>\n<p>BNews<br \/>\nFoto Reprodu\u00e7\u00e3o\/Arquivo pessoal<\/p>\n","protected":false},"excerpt":{"rendered":"<p>Um delegado \u00e9 acusado de amea\u00e7ar e agredir um professor em Gua\u00edra, no Paran\u00e1, ap\u00f3s o educador discutir com o<\/p>\n","protected":false},"author":1,"featured_media":7126,"comment_status":"open","ping_status":"open","sticky":false,"template":"","format":"standard","meta":{"colormag_page_container_layout":"default_layout","colormag_page_sidebar_layout":"default_layout","_FSMCFIC_featured_image_caption":"","_FSMCFIC_featured_image_nocaption":"","_FSMCFIC_featured_image_hide":"","footnotes":""},"categories":[2,1],"tags":[],"class_list":["post-7125","post","type-post","status-publish","format-standard","has-post-thumbnail","hentry","category-noticias","category-ultimas"],"yoast_head":"<!-- This site is optimized with the Yoast SEO plugin v27.1.1 - https:\/\/yoast.com\/product\/yoast-seo-wordpress\/ -->\n<title>Delegado entra armado em escola e agride professor que advertiu filho dele em sala - Brasil not\u00edcias<\/title>\n<meta name=\"robots\" content=\"index, follow, max-snippet:-1, max-image-preview:large, max-video-preview:-1\" \/>\n<link rel=\"canonical\" href=\"https:\/\/brasilnoticias.org\/site\/delegado-entra-armado-em-escola-e-agride-professor-que-advertiu-filho-dele-em-sala\/\" \/>\n<meta property=\"og:locale\" content=\"pt_PT\" \/>\n<meta property=\"og:type\" content=\"article\" \/>\n<meta property=\"og:title\" content=\"Delegado entra armado em escola e agride professor que advertiu filho dele em sala - Brasil not\u00edcias\" \/>\n<meta property=\"og:description\" content=\"Um delegado \u00e9 acusado de amea\u00e7ar e agredir um professor em Gua\u00edra, no Paran\u00e1, ap\u00f3s o educador discutir com o\" \/>\n<meta property=\"og:url\" content=\"https:\/\/brasilnoticias.org\/site\/delegado-entra-armado-em-escola-e-agride-professor-que-advertiu-filho-dele-em-sala\/\" \/>\n<meta property=\"og:site_name\" content=\"Brasil not\u00edcias\" \/>\n<meta property=\"article:published_time\" content=\"2023-07-05T09:28:13+00:00\" \/>\n<meta property=\"og:image\" content=\"https:\/\/brasilnoticias.org\/site\/wp-content\/uploads\/2023\/07\/delegado-pf-agredi-professor-pr-880x495-1_widelg.jpg\" \/>\n\t<meta property=\"og:image:width\" content=\"800\" \/>\n\t<meta property=\"og:image:height\" content=\"450\" \/>\n\t<meta property=\"og:image:type\" content=\"image\/jpeg\" \/>\n<meta name=\"author\" content=\"Reda\u00e7\u00e3o\" \/>\n<meta name=\"twitter:card\" content=\"summary_large_image\" \/>\n<meta name=\"twitter:label1\" content=\"Escrito por\" \/>\n\t<meta name=\"twitter:data1\" content=\"Reda\u00e7\u00e3o\" \/>\n<script type=\"application\/ld+json\" class=\"yoast-schema-graph\">{\"@context\":\"https:\/\/schema.org\",\"@graph\":[{\"@type\":\"Article\",\"@id\":\"https:\/\/brasilnoticias.org\/site\/delegado-entra-armado-em-escola-e-agride-professor-que-advertiu-filho-dele-em-sala\/#article\",\"isPartOf\":{\"@id\":\"https:\/\/brasilnoticias.org\/site\/delegado-entra-armado-em-escola-e-agride-professor-que-advertiu-filho-dele-em-sala\/\"},\"author\":{\"name\":\"Reda\u00e7\u00e3o\",\"@id\":\"https:\/\/brasilnoticias.org\/site\/#\/schema\/person\/a0e05b973ec4d15c658d51911e53507b\"},\"headline\":\"Delegado entra armado em escola e agride professor que advertiu filho dele em sala\",\"datePublished\":\"2023-07-05T09:28:13+00:00\",\"mainEntityOfPage\":{\"@id\":\"https:\/\/brasilnoticias.org\/site\/delegado-entra-armado-em-escola-e-agride-professor-que-advertiu-filho-dele-em-sala\/\"},\"wordCount\":476,\"commentCount\":0,\"publisher\":{\"@id\":\"https:\/\/brasilnoticias.org\/site\/#organization\"},\"image\":{\"@id\":\"https:\/\/brasilnoticias.org\/site\/delegado-entra-armado-em-escola-e-agride-professor-que-advertiu-filho-dele-em-sala\/#primaryimage\"},\"thumbnailUrl\":\"https:\/\/brasilnoticias.org\/site\/wp-content\/uploads\/2023\/07\/delegado-pf-agredi-professor-pr-880x495-1_widelg.jpg\",\"articleSection\":[\"Not\u00edcias\",\"\u00daltimas\"],\"inLanguage\":\"pt-PT\",\"potentialAction\":[{\"@type\":\"CommentAction\",\"name\":\"Comment\",\"target\":[\"https:\/\/brasilnoticias.org\/site\/delegado-entra-armado-em-escola-e-agride-professor-que-advertiu-filho-dele-em-sala\/#respond\"]}]},{\"@type\":\"WebPage\",\"@id\":\"https:\/\/brasilnoticias.org\/site\/delegado-entra-armado-em-escola-e-agride-professor-que-advertiu-filho-dele-em-sala\/\",\"url\":\"https:\/\/brasilnoticias.org\/site\/delegado-entra-armado-em-escola-e-agride-professor-que-advertiu-filho-dele-em-sala\/\",\"name\":\"Delegado entra armado em escola e agride professor que advertiu filho dele em sala - Brasil not\u00edcias\",\"isPartOf\":{\"@id\":\"https:\/\/brasilnoticias.org\/site\/#website\"},\"primaryImageOfPage\":{\"@id\":\"https:\/\/brasilnoticias.org\/site\/delegado-entra-armado-em-escola-e-agride-professor-que-advertiu-filho-dele-em-sala\/#primaryimage\"},\"image\":{\"@id\":\"https:\/\/brasilnoticias.org\/site\/delegado-entra-armado-em-escola-e-agride-professor-que-advertiu-filho-dele-em-sala\/#primaryimage\"},\"thumbnailUrl\":\"https:\/\/brasilnoticias.org\/site\/wp-content\/uploads\/2023\/07\/delegado-pf-agredi-professor-pr-880x495-1_widelg.jpg\",\"datePublished\":\"2023-07-05T09:28:13+00:00\",\"breadcrumb\":{\"@id\":\"https:\/\/brasilnoticias.org\/site\/delegado-entra-armado-em-escola-e-agride-professor-que-advertiu-filho-dele-em-sala\/#breadcrumb\"},\"inLanguage\":\"pt-PT\",\"potentialAction\":[{\"@type\":\"ReadAction\",\"target\":[\"https:\/\/brasilnoticias.org\/site\/delegado-entra-armado-em-escola-e-agride-professor-que-advertiu-filho-dele-em-sala\/\"]}]},{\"@type\":\"ImageObject\",\"inLanguage\":\"pt-PT\",\"@id\":\"https:\/\/brasilnoticias.org\/site\/delegado-entra-armado-em-escola-e-agride-professor-que-advertiu-filho-dele-em-sala\/#primaryimage\",\"url\":\"https:\/\/brasilnoticias.org\/site\/wp-content\/uploads\/2023\/07\/delegado-pf-agredi-professor-pr-880x495-1_widelg.jpg\",\"contentUrl\":\"https:\/\/brasilnoticias.org\/site\/wp-content\/uploads\/2023\/07\/delegado-pf-agredi-professor-pr-880x495-1_widelg.jpg\",\"width\":800,\"height\":450},{\"@type\":\"BreadcrumbList\",\"@id\":\"https:\/\/brasilnoticias.org\/site\/delegado-entra-armado-em-escola-e-agride-professor-que-advertiu-filho-dele-em-sala\/#breadcrumb\",\"itemListElement\":[{\"@type\":\"ListItem\",\"position\":1,\"name\":\"In\u00edcio\",\"item\":\"https:\/\/brasilnoticias.org\/site\/\"},{\"@type\":\"ListItem\",\"position\":2,\"name\":\"Delegado entra armado em escola e agride professor que advertiu filho dele em sala\"}]},{\"@type\":\"WebSite\",\"@id\":\"https:\/\/brasilnoticias.org\/site\/#website\",\"url\":\"https:\/\/brasilnoticias.org\/site\/\",\"name\":\"Brasil not\u00edcias\",\"description\":\"Brasil not\u00edcias\",\"publisher\":{\"@id\":\"https:\/\/brasilnoticias.org\/site\/#organization\"},\"potentialAction\":[{\"@type\":\"SearchAction\",\"target\":{\"@type\":\"EntryPoint\",\"urlTemplate\":\"https:\/\/brasilnoticias.org\/site\/?s={search_term_string}\"},\"query-input\":{\"@type\":\"PropertyValueSpecification\",\"valueRequired\":true,\"valueName\":\"search_term_string\"}}],\"inLanguage\":\"pt-PT\"},{\"@type\":\"Organization\",\"@id\":\"https:\/\/brasilnoticias.org\/site\/#organization\",\"name\":\"Brasil not\u00edcias\",\"url\":\"https:\/\/brasilnoticias.org\/site\/\",\"logo\":{\"@type\":\"ImageObject\",\"inLanguage\":\"pt-PT\",\"@id\":\"https:\/\/brasilnoticias.org\/site\/#\/schema\/logo\/image\/\",\"url\":\"https:\/\/brasilnoticias.org\/site\/wp-content\/uploads\/2022\/05\/cropped-brasilnoticias-mini.jpg\",\"contentUrl\":\"https:\/\/brasilnoticias.org\/site\/wp-content\/uploads\/2022\/05\/cropped-brasilnoticias-mini.jpg\",\"width\":314,\"height\":86,\"caption\":\"Brasil not\u00edcias\"},\"image\":{\"@id\":\"https:\/\/brasilnoticias.org\/site\/#\/schema\/logo\/image\/\"}},{\"@type\":\"Person\",\"@id\":\"https:\/\/brasilnoticias.org\/site\/#\/schema\/person\/a0e05b973ec4d15c658d51911e53507b\",\"name\":\"Reda\u00e7\u00e3o\",\"image\":{\"@type\":\"ImageObject\",\"inLanguage\":\"pt-PT\",\"@id\":\"https:\/\/brasilnoticias.org\/site\/#\/schema\/person\/image\/\",\"url\":\"https:\/\/secure.gravatar.com\/avatar\/75d8b050df2de108b08ae78dfb8e374892df24a383c67db9c46a9c604f6aee9c?s=96&d=mm&r=g\",\"contentUrl\":\"https:\/\/secure.gravatar.com\/avatar\/75d8b050df2de108b08ae78dfb8e374892df24a383c67db9c46a9c604f6aee9c?s=96&d=mm&r=g\",\"caption\":\"Reda\u00e7\u00e3o\"},\"sameAs\":[\"https:\/\/brasilnoticias.org\/site\"],\"url\":\"https:\/\/brasilnoticias.org\/site\/author\/fernandozsngmail-com\/\"}]}<\/script>\n<!-- \/ Yoast SEO plugin. -->","yoast_head_json":{"title":"Delegado entra armado em escola e agride professor que advertiu filho dele em sala - Brasil not\u00edcias","robots":{"index":"index","follow":"follow","max-snippet":"max-snippet:-1","max-image-preview":"max-image-preview:large","max-video-preview":"max-video-preview:-1"},"canonical":"https:\/\/brasilnoticias.org\/site\/delegado-entra-armado-em-escola-e-agride-professor-que-advertiu-filho-dele-em-sala\/","og_locale":"pt_PT","og_type":"article","og_title":"Delegado entra armado em escola e agride professor que advertiu filho dele em sala - Brasil not\u00edcias","og_description":"Um delegado \u00e9 acusado de amea\u00e7ar e agredir um professor em Gua\u00edra, no Paran\u00e1, ap\u00f3s o educador discutir com o","og_url":"https:\/\/brasilnoticias.org\/site\/delegado-entra-armado-em-escola-e-agride-professor-que-advertiu-filho-dele-em-sala\/","og_site_name":"Brasil not\u00edcias","article_published_time":"2023-07-05T09:28:13+00:00","og_image":[{"width":800,"height":450,"url":"https:\/\/brasilnoticias.org\/site\/wp-content\/uploads\/2023\/07\/delegado-pf-agredi-professor-pr-880x495-1_widelg.jpg","type":"image\/jpeg"}],"author":"Reda\u00e7\u00e3o","twitter_card":"summary_large_image","twitter_misc":{"Escrito por":"Reda\u00e7\u00e3o"},"schema":{"@context":"https:\/\/schema.org","@graph":[{"@type":"Article","@id":"https:\/\/brasilnoticias.org\/site\/delegado-entra-armado-em-escola-e-agride-professor-que-advertiu-filho-dele-em-sala\/#article","isPartOf":{"@id":"https:\/\/brasilnoticias.org\/site\/delegado-entra-armado-em-escola-e-agride-professor-que-advertiu-filho-dele-em-sala\/"},"author":{"name":"Reda\u00e7\u00e3o","@id":"https:\/\/brasilnoticias.org\/site\/#\/schema\/person\/a0e05b973ec4d15c658d51911e53507b"},"headline":"Delegado entra armado em escola e agride professor que advertiu filho dele em sala","datePublished":"2023-07-05T09:28:13+00:00","mainEntityOfPage":{"@id":"https:\/\/brasilnoticias.org\/site\/delegado-entra-armado-em-escola-e-agride-professor-que-advertiu-filho-dele-em-sala\/"},"wordCount":476,"commentCount":0,"publisher":{"@id":"https:\/\/brasilnoticias.org\/site\/#organization"},"image":{"@id":"https:\/\/brasilnoticias.org\/site\/delegado-entra-armado-em-escola-e-agride-professor-que-advertiu-filho-dele-em-sala\/#primaryimage"},"thumbnailUrl":"https:\/\/brasilnoticias.org\/site\/wp-content\/uploads\/2023\/07\/delegado-pf-agredi-professor-pr-880x495-1_widelg.jpg","articleSection":["Not\u00edcias","\u00daltimas"],"inLanguage":"pt-PT","potentialAction":[{"@type":"CommentAction","name":"Comment","target":["https:\/\/brasilnoticias.org\/site\/delegado-entra-armado-em-escola-e-agride-professor-que-advertiu-filho-dele-em-sala\/#respond"]}]},{"@type":"WebPage","@id":"https:\/\/brasilnoticias.org\/site\/delegado-entra-armado-em-escola-e-agride-professor-que-advertiu-filho-dele-em-sala\/","url":"https:\/\/brasilnoticias.org\/site\/delegado-entra-armado-em-escola-e-agride-professor-que-advertiu-filho-dele-em-sala\/","name":"Delegado entra armado em escola e agride professor que advertiu filho dele em sala - Brasil not\u00edcias","isPartOf":{"@id":"https:\/\/brasilnoticias.org\/site\/#website"},"primaryImageOfPage":{"@id":"https:\/\/brasilnoticias.org\/site\/delegado-entra-armado-em-escola-e-agride-professor-que-advertiu-filho-dele-em-sala\/#primaryimage"},"image":{"@id":"https:\/\/brasilnoticias.org\/site\/delegado-entra-armado-em-escola-e-agride-professor-que-advertiu-filho-dele-em-sala\/#primaryimage"},"thumbnailUrl":"https:\/\/brasilnoticias.org\/site\/wp-content\/uploads\/2023\/07\/delegado-pf-agredi-professor-pr-880x495-1_widelg.jpg","datePublished":"2023-07-05T09:28:13+00:00","breadcrumb":{"@id":"https:\/\/brasilnoticias.org\/site\/delegado-entra-armado-em-escola-e-agride-professor-que-advertiu-filho-dele-em-sala\/#breadcrumb"},"inLanguage":"pt-PT","potentialAction":[{"@type":"ReadAction","target":["https:\/\/brasilnoticias.org\/site\/delegado-entra-armado-em-escola-e-agride-professor-que-advertiu-filho-dele-em-sala\/"]}]},{"@type":"ImageObject","inLanguage":"pt-PT","@id":"https:\/\/brasilnoticias.org\/site\/delegado-entra-armado-em-escola-e-agride-professor-que-advertiu-filho-dele-em-sala\/#primaryimage","url":"https:\/\/brasilnoticias.org\/site\/wp-content\/uploads\/2023\/07\/delegado-pf-agredi-professor-pr-880x495-1_widelg.jpg","contentUrl":"https:\/\/brasilnoticias.org\/site\/wp-content\/uploads\/2023\/07\/delegado-pf-agredi-professor-pr-880x495-1_widelg.jpg","width":800,"height":450},{"@type":"BreadcrumbList","@id":"https:\/\/brasilnoticias.org\/site\/delegado-entra-armado-em-escola-e-agride-professor-que-advertiu-filho-dele-em-sala\/#breadcrumb","itemListElement":[{"@type":"ListItem","position":1,"name":"In\u00edcio","item":"https:\/\/brasilnoticias.org\/site\/"},{"@type":"ListItem","position":2,"name":"Delegado entra armado em escola e agride professor que advertiu filho dele em sala"}]},{"@type":"WebSite","@id":"https:\/\/brasilnoticias.org\/site\/#website","url":"https:\/\/brasilnoticias.org\/site\/","name":"Brasil not\u00edcias","description":"Brasil not\u00edcias","publisher":{"@id":"https:\/\/brasilnoticias.org\/site\/#organization"},"potentialAction":[{"@type":"SearchAction","target":{"@type":"EntryPoint","urlTemplate":"https:\/\/brasilnoticias.org\/site\/?s={search_term_string}"},"query-input":{"@type":"PropertyValueSpecification","valueRequired":true,"valueName":"search_term_string"}}],"inLanguage":"pt-PT"},{"@type":"Organization","@id":"https:\/\/brasilnoticias.org\/site\/#organization","name":"Brasil not\u00edcias","url":"https:\/\/brasilnoticias.org\/site\/","logo":{"@type":"ImageObject","inLanguage":"pt-PT","@id":"https:\/\/brasilnoticias.org\/site\/#\/schema\/logo\/image\/","url":"https:\/\/brasilnoticias.org\/site\/wp-content\/uploads\/2022\/05\/cropped-brasilnoticias-mini.jpg","contentUrl":"https:\/\/brasilnoticias.org\/site\/wp-content\/uploads\/2022\/05\/cropped-brasilnoticias-mini.jpg","width":314,"height":86,"caption":"Brasil not\u00edcias"},"image":{"@id":"https:\/\/brasilnoticias.org\/site\/#\/schema\/logo\/image\/"}},{"@type":"Person","@id":"https:\/\/brasilnoticias.org\/site\/#\/schema\/person\/a0e05b973ec4d15c658d51911e53507b","name":"Reda\u00e7\u00e3o","image":{"@type":"ImageObject","inLanguage":"pt-PT","@id":"https:\/\/brasilnoticias.org\/site\/#\/schema\/person\/image\/","url":"https:\/\/secure.gravatar.com\/avatar\/75d8b050df2de108b08ae78dfb8e374892df24a383c67db9c46a9c604f6aee9c?s=96&d=mm&r=g","contentUrl":"https:\/\/secure.gravatar.com\/avatar\/75d8b050df2de108b08ae78dfb8e374892df24a383c67db9c46a9c604f6aee9c?s=96&d=mm&r=g","caption":"Reda\u00e7\u00e3o"},"sameAs":["https:\/\/brasilnoticias.org\/site"],"url":"https:\/\/brasilnoticias.org\/site\/author\/fernandozsngmail-com\/"}]}},"_links":{"self":[{"href":"https:\/\/brasilnoticias.org\/site\/wp-json\/wp\/v2\/posts\/7125","targetHints":{"allow":["GET"]}}],"collection":[{"href":"https:\/\/brasilnoticias.org\/site\/wp-json\/wp\/v2\/posts"}],"about":[{"href":"https:\/\/brasilnoticias.org\/site\/wp-json\/wp\/v2\/types\/post"}],"author":[{"embeddable":true,"href":"https:\/\/brasilnoticias.org\/site\/wp-json\/wp\/v2\/users\/1"}],"replies":[{"embeddable":true,"href":"https:\/\/brasilnoticias.org\/site\/wp-json\/wp\/v2\/comments?post=7125"}],"version-history":[{"count":1,"href":"https:\/\/brasilnoticias.org\/site\/wp-json\/wp\/v2\/posts\/7125\/revisions"}],"predecessor-version":[{"id":7127,"href":"https:\/\/brasilnoticias.org\/site\/wp-json\/wp\/v2\/posts\/7125\/revisions\/7127"}],"wp:featuredmedia":[{"embeddable":true,"href":"https:\/\/brasilnoticias.org\/site\/wp-json\/wp\/v2\/media\/7126"}],"wp:attachment":[{"href":"https:\/\/brasilnoticias.org\/site\/wp-json\/wp\/v2\/media?parent=7125"}],"wp:term":[{"taxonomy":"category","embeddable":true,"href":"https:\/\/brasilnoticias.org\/site\/wp-json\/wp\/v2\/categories?post=7125"},{"taxonomy":"post_tag","embeddable":true,"href":"https:\/\/brasilnoticias.org\/site\/wp-json\/wp\/v2\/tags?post=7125"}],"curies":[{"name":"wp","href":"https:\/\/api.w.org\/{rel}","templated":true}]}}