{"id":7155,"date":"2023-07-06T06:33:45","date_gmt":"2023-07-06T09:33:45","guid":{"rendered":"https:\/\/brasilnoticias.org\/site\/?p=7155"},"modified":"2023-07-06T06:33:45","modified_gmt":"2023-07-06T09:33:45","slug":"menina-de-13-anos-morre-apos-cair-de-cavalo-e-bater-cabeca-no-interior-da-bahia","status":"publish","type":"post","link":"https:\/\/brasilnoticias.org\/site\/menina-de-13-anos-morre-apos-cair-de-cavalo-e-bater-cabeca-no-interior-da-bahia\/","title":{"rendered":"Menina de 13 anos morre ap\u00f3s cair de cavalo e bater cabe\u00e7a no interior da Bahia"},"content":{"rendered":"<p>Uma adolescente de 13 anos morreu ap\u00f3s cair de um cavalo e bater a cabe\u00e7a no ch\u00e3o, na cidade de Canarana, no norte da Bahia. O acidente aconteceu na tarde da ter\u00e7a-feira (4). Segundo informa\u00e7\u00f5es da fam\u00edlia, a garota faria anivers\u00e1rio na pr\u00f3xima sexta-feira (7).<\/p>\n<p>De acordo com a Pol\u00edcia Civil, a morte de Milena da Silva Pereira foi registrada como acidental na Delegacia Territorial (DT) de Canarana, que expediu as guias para trabalho do Departamento de Pol\u00edcia T\u00e9cnica (DPT).<\/p>\n<p>A prefeitura de Canarana, em nota, lamentou a morte de Milena Pereira, que foi aluna da rede municipal e integrante da Filarm\u00f4nica Jo\u00e3o Mendes de Almeida.<\/p>\n<p>&#8220;Ela era uma jovem talentosa e com um futuro imenso e brilhante pela frente, que nos deixou de maneira tr\u00e1gica e dolorosa&#8221;, lamentou a prefeitura.<\/p>\n<p>Foto Reprodu\u00e7\u00e3o\/Redes Sociais<br \/>\nBnews<\/p>\n","protected":false},"excerpt":{"rendered":"<p>Uma adolescente de 13 anos morreu ap\u00f3s cair de um cavalo e bater a cabe\u00e7a no ch\u00e3o, na cidade de<\/p>\n","protected":false},"author":1,"featured_media":7156,"comment_status":"open","ping_status":"open","sticky":false,"template":"","format":"standard","meta":{"colormag_page_container_layout":"default_layout","colormag_page_sidebar_layout":"default_layout","_FSMCFIC_featured_image_caption":"","_FSMCFIC_featured_image_nocaption":"","_FSMCFIC_featured_image_hide":"","footnotes":""},"categories":[2,1],"tags":[],"class_list":["post-7155","post","type-post","status-publish","format-standard","has-post-thumbnail","hentry","category-noticias","category-ultimas"],"yoast_head":"<!-- This site is optimized with the Yoast SEO plugin v27.1.1 - https:\/\/yoast.com\/product\/yoast-seo-wordpress\/ -->\n<title>Menina de 13 anos morre ap\u00f3s cair de cavalo e bater cabe\u00e7a no interior da Bahia - Brasil not\u00edcias<\/title>\n<meta name=\"robots\" content=\"index, follow, max-snippet:-1, max-image-preview:large, max-video-preview:-1\" \/>\n<link rel=\"canonical\" href=\"https:\/\/brasilnoticias.org\/site\/menina-de-13-anos-morre-apos-cair-de-cavalo-e-bater-cabeca-no-interior-da-bahia\/\" \/>\n<meta property=\"og:locale\" content=\"pt_PT\" \/>\n<meta property=\"og:type\" content=\"article\" \/>\n<meta property=\"og:title\" content=\"Menina de 13 anos morre ap\u00f3s cair de cavalo e bater cabe\u00e7a no interior da Bahia - Brasil not\u00edcias\" \/>\n<meta property=\"og:description\" content=\"Uma adolescente de 13 anos morreu ap\u00f3s cair de um cavalo e bater a cabe\u00e7a no ch\u00e3o, na cidade de\" \/>\n<meta property=\"og:url\" content=\"https:\/\/brasilnoticias.org\/site\/menina-de-13-anos-morre-apos-cair-de-cavalo-e-bater-cabeca-no-interior-da-bahia\/\" \/>\n<meta property=\"og:site_name\" content=\"Brasil not\u00edcias\" \/>\n<meta property=\"article:published_time\" content=\"2023-07-06T09:33:45+00:00\" \/>\n<meta property=\"og:image\" content=\"https:\/\/brasilnoticias.org\/site\/wp-content\/uploads\/2023\/07\/adolescente_morre_cavalo_widelg.jpeg\" \/>\n\t<meta property=\"og:image:width\" content=\"641\" \/>\n\t<meta property=\"og:image:height\" content=\"417\" \/>\n\t<meta property=\"og:image:type\" content=\"image\/jpeg\" \/>\n<meta name=\"author\" content=\"Reda\u00e7\u00e3o\" \/>\n<meta name=\"twitter:card\" content=\"summary_large_image\" \/>\n<meta name=\"twitter:label1\" content=\"Escrito por\" \/>\n\t<meta name=\"twitter:data1\" content=\"Reda\u00e7\u00e3o\" \/>\n<script type=\"application\/ld+json\" class=\"yoast-schema-graph\">{\"@context\":\"https:\/\/schema.org\",\"@graph\":[{\"@type\":\"Article\",\"@id\":\"https:\/\/brasilnoticias.org\/site\/menina-de-13-anos-morre-apos-cair-de-cavalo-e-bater-cabeca-no-interior-da-bahia\/#article\",\"isPartOf\":{\"@id\":\"https:\/\/brasilnoticias.org\/site\/menina-de-13-anos-morre-apos-cair-de-cavalo-e-bater-cabeca-no-interior-da-bahia\/\"},\"author\":{\"name\":\"Reda\u00e7\u00e3o\",\"@id\":\"https:\/\/brasilnoticias.org\/site\/#\/schema\/person\/a0e05b973ec4d15c658d51911e53507b\"},\"headline\":\"Menina de 13 anos morre ap\u00f3s cair de cavalo e bater cabe\u00e7a no interior da Bahia\",\"datePublished\":\"2023-07-06T09:33:45+00:00\",\"mainEntityOfPage\":{\"@id\":\"https:\/\/brasilnoticias.org\/site\/menina-de-13-anos-morre-apos-cair-de-cavalo-e-bater-cabeca-no-interior-da-bahia\/\"},\"wordCount\":165,\"commentCount\":0,\"publisher\":{\"@id\":\"https:\/\/brasilnoticias.org\/site\/#organization\"},\"image\":{\"@id\":\"https:\/\/brasilnoticias.org\/site\/menina-de-13-anos-morre-apos-cair-de-cavalo-e-bater-cabeca-no-interior-da-bahia\/#primaryimage\"},\"thumbnailUrl\":\"https:\/\/brasilnoticias.org\/site\/wp-content\/uploads\/2023\/07\/adolescente_morre_cavalo_widelg.jpeg\",\"articleSection\":[\"Not\u00edcias\",\"\u00daltimas\"],\"inLanguage\":\"pt-PT\",\"potentialAction\":[{\"@type\":\"CommentAction\",\"name\":\"Comment\",\"target\":[\"https:\/\/brasilnoticias.org\/site\/menina-de-13-anos-morre-apos-cair-de-cavalo-e-bater-cabeca-no-interior-da-bahia\/#respond\"]}]},{\"@type\":\"WebPage\",\"@id\":\"https:\/\/brasilnoticias.org\/site\/menina-de-13-anos-morre-apos-cair-de-cavalo-e-bater-cabeca-no-interior-da-bahia\/\",\"url\":\"https:\/\/brasilnoticias.org\/site\/menina-de-13-anos-morre-apos-cair-de-cavalo-e-bater-cabeca-no-interior-da-bahia\/\",\"name\":\"Menina de 13 anos morre ap\u00f3s cair de cavalo e bater cabe\u00e7a no interior da Bahia - Brasil not\u00edcias\",\"isPartOf\":{\"@id\":\"https:\/\/brasilnoticias.org\/site\/#website\"},\"primaryImageOfPage\":{\"@id\":\"https:\/\/brasilnoticias.org\/site\/menina-de-13-anos-morre-apos-cair-de-cavalo-e-bater-cabeca-no-interior-da-bahia\/#primaryimage\"},\"image\":{\"@id\":\"https:\/\/brasilnoticias.org\/site\/menina-de-13-anos-morre-apos-cair-de-cavalo-e-bater-cabeca-no-interior-da-bahia\/#primaryimage\"},\"thumbnailUrl\":\"https:\/\/brasilnoticias.org\/site\/wp-content\/uploads\/2023\/07\/adolescente_morre_cavalo_widelg.jpeg\",\"datePublished\":\"2023-07-06T09:33:45+00:00\",\"breadcrumb\":{\"@id\":\"https:\/\/brasilnoticias.org\/site\/menina-de-13-anos-morre-apos-cair-de-cavalo-e-bater-cabeca-no-interior-da-bahia\/#breadcrumb\"},\"inLanguage\":\"pt-PT\",\"potentialAction\":[{\"@type\":\"ReadAction\",\"target\":[\"https:\/\/brasilnoticias.org\/site\/menina-de-13-anos-morre-apos-cair-de-cavalo-e-bater-cabeca-no-interior-da-bahia\/\"]}]},{\"@type\":\"ImageObject\",\"inLanguage\":\"pt-PT\",\"@id\":\"https:\/\/brasilnoticias.org\/site\/menina-de-13-anos-morre-apos-cair-de-cavalo-e-bater-cabeca-no-interior-da-bahia\/#primaryimage\",\"url\":\"https:\/\/brasilnoticias.org\/site\/wp-content\/uploads\/2023\/07\/adolescente_morre_cavalo_widelg.jpeg\",\"contentUrl\":\"https:\/\/brasilnoticias.org\/site\/wp-content\/uploads\/2023\/07\/adolescente_morre_cavalo_widelg.jpeg\",\"width\":641,\"height\":417},{\"@type\":\"BreadcrumbList\",\"@id\":\"https:\/\/brasilnoticias.org\/site\/menina-de-13-anos-morre-apos-cair-de-cavalo-e-bater-cabeca-no-interior-da-bahia\/#breadcrumb\",\"itemListElement\":[{\"@type\":\"ListItem\",\"position\":1,\"name\":\"In\u00edcio\",\"item\":\"https:\/\/brasilnoticias.org\/site\/\"},{\"@type\":\"ListItem\",\"position\":2,\"name\":\"Menina de 13 anos morre ap\u00f3s cair de cavalo e bater cabe\u00e7a no interior da Bahia\"}]},{\"@type\":\"WebSite\",\"@id\":\"https:\/\/brasilnoticias.org\/site\/#website\",\"url\":\"https:\/\/brasilnoticias.org\/site\/\",\"name\":\"Brasil not\u00edcias\",\"description\":\"Brasil not\u00edcias\",\"publisher\":{\"@id\":\"https:\/\/brasilnoticias.org\/site\/#organization\"},\"potentialAction\":[{\"@type\":\"SearchAction\",\"target\":{\"@type\":\"EntryPoint\",\"urlTemplate\":\"https:\/\/brasilnoticias.org\/site\/?s={search_term_string}\"},\"query-input\":{\"@type\":\"PropertyValueSpecification\",\"valueRequired\":true,\"valueName\":\"search_term_string\"}}],\"inLanguage\":\"pt-PT\"},{\"@type\":\"Organization\",\"@id\":\"https:\/\/brasilnoticias.org\/site\/#organization\",\"name\":\"Brasil not\u00edcias\",\"url\":\"https:\/\/brasilnoticias.org\/site\/\",\"logo\":{\"@type\":\"ImageObject\",\"inLanguage\":\"pt-PT\",\"@id\":\"https:\/\/brasilnoticias.org\/site\/#\/schema\/logo\/image\/\",\"url\":\"https:\/\/brasilnoticias.org\/site\/wp-content\/uploads\/2022\/05\/cropped-brasilnoticias-mini.jpg\",\"contentUrl\":\"https:\/\/brasilnoticias.org\/site\/wp-content\/uploads\/2022\/05\/cropped-brasilnoticias-mini.jpg\",\"width\":314,\"height\":86,\"caption\":\"Brasil not\u00edcias\"},\"image\":{\"@id\":\"https:\/\/brasilnoticias.org\/site\/#\/schema\/logo\/image\/\"}},{\"@type\":\"Person\",\"@id\":\"https:\/\/brasilnoticias.org\/site\/#\/schema\/person\/a0e05b973ec4d15c658d51911e53507b\",\"name\":\"Reda\u00e7\u00e3o\",\"image\":{\"@type\":\"ImageObject\",\"inLanguage\":\"pt-PT\",\"@id\":\"https:\/\/brasilnoticias.org\/site\/#\/schema\/person\/image\/\",\"url\":\"https:\/\/secure.gravatar.com\/avatar\/75d8b050df2de108b08ae78dfb8e374892df24a383c67db9c46a9c604f6aee9c?s=96&d=mm&r=g\",\"contentUrl\":\"https:\/\/secure.gravatar.com\/avatar\/75d8b050df2de108b08ae78dfb8e374892df24a383c67db9c46a9c604f6aee9c?s=96&d=mm&r=g\",\"caption\":\"Reda\u00e7\u00e3o\"},\"sameAs\":[\"https:\/\/brasilnoticias.org\/site\"],\"url\":\"https:\/\/brasilnoticias.org\/site\/author\/fernandozsngmail-com\/\"}]}<\/script>\n<!-- \/ Yoast SEO plugin. -->","yoast_head_json":{"title":"Menina de 13 anos morre ap\u00f3s cair de cavalo e bater cabe\u00e7a no interior da Bahia - Brasil not\u00edcias","robots":{"index":"index","follow":"follow","max-snippet":"max-snippet:-1","max-image-preview":"max-image-preview:large","max-video-preview":"max-video-preview:-1"},"canonical":"https:\/\/brasilnoticias.org\/site\/menina-de-13-anos-morre-apos-cair-de-cavalo-e-bater-cabeca-no-interior-da-bahia\/","og_locale":"pt_PT","og_type":"article","og_title":"Menina de 13 anos morre ap\u00f3s cair de cavalo e bater cabe\u00e7a no interior da Bahia - Brasil not\u00edcias","og_description":"Uma adolescente de 13 anos morreu ap\u00f3s cair de um cavalo e bater a cabe\u00e7a no ch\u00e3o, na cidade de","og_url":"https:\/\/brasilnoticias.org\/site\/menina-de-13-anos-morre-apos-cair-de-cavalo-e-bater-cabeca-no-interior-da-bahia\/","og_site_name":"Brasil not\u00edcias","article_published_time":"2023-07-06T09:33:45+00:00","og_image":[{"width":641,"height":417,"url":"https:\/\/brasilnoticias.org\/site\/wp-content\/uploads\/2023\/07\/adolescente_morre_cavalo_widelg.jpeg","type":"image\/jpeg"}],"author":"Reda\u00e7\u00e3o","twitter_card":"summary_large_image","twitter_misc":{"Escrito por":"Reda\u00e7\u00e3o"},"schema":{"@context":"https:\/\/schema.org","@graph":[{"@type":"Article","@id":"https:\/\/brasilnoticias.org\/site\/menina-de-13-anos-morre-apos-cair-de-cavalo-e-bater-cabeca-no-interior-da-bahia\/#article","isPartOf":{"@id":"https:\/\/brasilnoticias.org\/site\/menina-de-13-anos-morre-apos-cair-de-cavalo-e-bater-cabeca-no-interior-da-bahia\/"},"author":{"name":"Reda\u00e7\u00e3o","@id":"https:\/\/brasilnoticias.org\/site\/#\/schema\/person\/a0e05b973ec4d15c658d51911e53507b"},"headline":"Menina de 13 anos morre ap\u00f3s cair de cavalo e bater cabe\u00e7a no interior da Bahia","datePublished":"2023-07-06T09:33:45+00:00","mainEntityOfPage":{"@id":"https:\/\/brasilnoticias.org\/site\/menina-de-13-anos-morre-apos-cair-de-cavalo-e-bater-cabeca-no-interior-da-bahia\/"},"wordCount":165,"commentCount":0,"publisher":{"@id":"https:\/\/brasilnoticias.org\/site\/#organization"},"image":{"@id":"https:\/\/brasilnoticias.org\/site\/menina-de-13-anos-morre-apos-cair-de-cavalo-e-bater-cabeca-no-interior-da-bahia\/#primaryimage"},"thumbnailUrl":"https:\/\/brasilnoticias.org\/site\/wp-content\/uploads\/2023\/07\/adolescente_morre_cavalo_widelg.jpeg","articleSection":["Not\u00edcias","\u00daltimas"],"inLanguage":"pt-PT","potentialAction":[{"@type":"CommentAction","name":"Comment","target":["https:\/\/brasilnoticias.org\/site\/menina-de-13-anos-morre-apos-cair-de-cavalo-e-bater-cabeca-no-interior-da-bahia\/#respond"]}]},{"@type":"WebPage","@id":"https:\/\/brasilnoticias.org\/site\/menina-de-13-anos-morre-apos-cair-de-cavalo-e-bater-cabeca-no-interior-da-bahia\/","url":"https:\/\/brasilnoticias.org\/site\/menina-de-13-anos-morre-apos-cair-de-cavalo-e-bater-cabeca-no-interior-da-bahia\/","name":"Menina de 13 anos morre ap\u00f3s cair de cavalo e bater cabe\u00e7a no interior da Bahia - Brasil not\u00edcias","isPartOf":{"@id":"https:\/\/brasilnoticias.org\/site\/#website"},"primaryImageOfPage":{"@id":"https:\/\/brasilnoticias.org\/site\/menina-de-13-anos-morre-apos-cair-de-cavalo-e-bater-cabeca-no-interior-da-bahia\/#primaryimage"},"image":{"@id":"https:\/\/brasilnoticias.org\/site\/menina-de-13-anos-morre-apos-cair-de-cavalo-e-bater-cabeca-no-interior-da-bahia\/#primaryimage"},"thumbnailUrl":"https:\/\/brasilnoticias.org\/site\/wp-content\/uploads\/2023\/07\/adolescente_morre_cavalo_widelg.jpeg","datePublished":"2023-07-06T09:33:45+00:00","breadcrumb":{"@id":"https:\/\/brasilnoticias.org\/site\/menina-de-13-anos-morre-apos-cair-de-cavalo-e-bater-cabeca-no-interior-da-bahia\/#breadcrumb"},"inLanguage":"pt-PT","potentialAction":[{"@type":"ReadAction","target":["https:\/\/brasilnoticias.org\/site\/menina-de-13-anos-morre-apos-cair-de-cavalo-e-bater-cabeca-no-interior-da-bahia\/"]}]},{"@type":"ImageObject","inLanguage":"pt-PT","@id":"https:\/\/brasilnoticias.org\/site\/menina-de-13-anos-morre-apos-cair-de-cavalo-e-bater-cabeca-no-interior-da-bahia\/#primaryimage","url":"https:\/\/brasilnoticias.org\/site\/wp-content\/uploads\/2023\/07\/adolescente_morre_cavalo_widelg.jpeg","contentUrl":"https:\/\/brasilnoticias.org\/site\/wp-content\/uploads\/2023\/07\/adolescente_morre_cavalo_widelg.jpeg","width":641,"height":417},{"@type":"BreadcrumbList","@id":"https:\/\/brasilnoticias.org\/site\/menina-de-13-anos-morre-apos-cair-de-cavalo-e-bater-cabeca-no-interior-da-bahia\/#breadcrumb","itemListElement":[{"@type":"ListItem","position":1,"name":"In\u00edcio","item":"https:\/\/brasilnoticias.org\/site\/"},{"@type":"ListItem","position":2,"name":"Menina de 13 anos morre ap\u00f3s cair de cavalo e bater cabe\u00e7a no interior da Bahia"}]},{"@type":"WebSite","@id":"https:\/\/brasilnoticias.org\/site\/#website","url":"https:\/\/brasilnoticias.org\/site\/","name":"Brasil not\u00edcias","description":"Brasil not\u00edcias","publisher":{"@id":"https:\/\/brasilnoticias.org\/site\/#organization"},"potentialAction":[{"@type":"SearchAction","target":{"@type":"EntryPoint","urlTemplate":"https:\/\/brasilnoticias.org\/site\/?s={search_term_string}"},"query-input":{"@type":"PropertyValueSpecification","valueRequired":true,"valueName":"search_term_string"}}],"inLanguage":"pt-PT"},{"@type":"Organization","@id":"https:\/\/brasilnoticias.org\/site\/#organization","name":"Brasil not\u00edcias","url":"https:\/\/brasilnoticias.org\/site\/","logo":{"@type":"ImageObject","inLanguage":"pt-PT","@id":"https:\/\/brasilnoticias.org\/site\/#\/schema\/logo\/image\/","url":"https:\/\/brasilnoticias.org\/site\/wp-content\/uploads\/2022\/05\/cropped-brasilnoticias-mini.jpg","contentUrl":"https:\/\/brasilnoticias.org\/site\/wp-content\/uploads\/2022\/05\/cropped-brasilnoticias-mini.jpg","width":314,"height":86,"caption":"Brasil not\u00edcias"},"image":{"@id":"https:\/\/brasilnoticias.org\/site\/#\/schema\/logo\/image\/"}},{"@type":"Person","@id":"https:\/\/brasilnoticias.org\/site\/#\/schema\/person\/a0e05b973ec4d15c658d51911e53507b","name":"Reda\u00e7\u00e3o","image":{"@type":"ImageObject","inLanguage":"pt-PT","@id":"https:\/\/brasilnoticias.org\/site\/#\/schema\/person\/image\/","url":"https:\/\/secure.gravatar.com\/avatar\/75d8b050df2de108b08ae78dfb8e374892df24a383c67db9c46a9c604f6aee9c?s=96&d=mm&r=g","contentUrl":"https:\/\/secure.gravatar.com\/avatar\/75d8b050df2de108b08ae78dfb8e374892df24a383c67db9c46a9c604f6aee9c?s=96&d=mm&r=g","caption":"Reda\u00e7\u00e3o"},"sameAs":["https:\/\/brasilnoticias.org\/site"],"url":"https:\/\/brasilnoticias.org\/site\/author\/fernandozsngmail-com\/"}]}},"_links":{"self":[{"href":"https:\/\/brasilnoticias.org\/site\/wp-json\/wp\/v2\/posts\/7155","targetHints":{"allow":["GET"]}}],"collection":[{"href":"https:\/\/brasilnoticias.org\/site\/wp-json\/wp\/v2\/posts"}],"about":[{"href":"https:\/\/brasilnoticias.org\/site\/wp-json\/wp\/v2\/types\/post"}],"author":[{"embeddable":true,"href":"https:\/\/brasilnoticias.org\/site\/wp-json\/wp\/v2\/users\/1"}],"replies":[{"embeddable":true,"href":"https:\/\/brasilnoticias.org\/site\/wp-json\/wp\/v2\/comments?post=7155"}],"version-history":[{"count":1,"href":"https:\/\/brasilnoticias.org\/site\/wp-json\/wp\/v2\/posts\/7155\/revisions"}],"predecessor-version":[{"id":7157,"href":"https:\/\/brasilnoticias.org\/site\/wp-json\/wp\/v2\/posts\/7155\/revisions\/7157"}],"wp:featuredmedia":[{"embeddable":true,"href":"https:\/\/brasilnoticias.org\/site\/wp-json\/wp\/v2\/media\/7156"}],"wp:attachment":[{"href":"https:\/\/brasilnoticias.org\/site\/wp-json\/wp\/v2\/media?parent=7155"}],"wp:term":[{"taxonomy":"category","embeddable":true,"href":"https:\/\/brasilnoticias.org\/site\/wp-json\/wp\/v2\/categories?post=7155"},{"taxonomy":"post_tag","embeddable":true,"href":"https:\/\/brasilnoticias.org\/site\/wp-json\/wp\/v2\/tags?post=7155"}],"curies":[{"name":"wp","href":"https:\/\/api.w.org\/{rel}","templated":true}]}}