{"id":7175,"date":"2023-07-06T18:30:36","date_gmt":"2023-07-06T21:30:36","guid":{"rendered":"https:\/\/brasilnoticias.org\/site\/?p=7175"},"modified":"2023-07-06T16:32:59","modified_gmt":"2023-07-06T19:32:59","slug":"pedreiro-de-salvador-que-saiu-para-mata-em-busca-de-madeiras-e-encontrado-morto","status":"publish","type":"post","link":"https:\/\/brasilnoticias.org\/site\/pedreiro-de-salvador-que-saiu-para-mata-em-busca-de-madeiras-e-encontrado-morto\/","title":{"rendered":"Pedreiro de Salvador que saiu para mata em busca de madeiras \u00e9 encontrado morto"},"content":{"rendered":"<p>Um pedreiro morador de Canabrava, em Salvador, que estava desaparecido h\u00e1 quatro dias depois de sair de casa para buscar toras de madeiras em um matagal do bairro, foi encontrado morto na manh\u00e3 desta quinta-feira (6) na \u00e1rea de mata. A fam\u00edlia de Erick Costa dos Santos afirma que ele costumava ir at\u00e9 \u00e0 \u00e1rea buscar materiais. A inten\u00e7\u00e3o dele no \u00faltimo domingo (2) era concertar um galinheiro.<\/p>\n<p>A pol\u00edcia j\u00e1 desconfiava que o pedreiro podia estar morto no matagal porque nesta quarta (5) foram encontrados peda\u00e7os de roupas dele, al\u00e9m de outros objetos sujos de sangue. Erick deixa uma filha e as circust\u00e2ncias da morte ainda \u00e9 desconhecida, mas a sua fam\u00edlia desconfia que ele pode ser uma v\u00edtima da guerra do tr\u00e1fico de drogas. A mata onde ele estava faz limite com o Vale dos Lagos, dominado por uma fac\u00e7\u00e3o criminosa rival \u00e0 da Canabrava. <\/p>\n<p>Em nota, a Pol\u00edcia Civil confirmou que o corpo do pedreiro foi encontrado na manh\u00e3 desta quinta e que uma equipe de investiga\u00e3o da Delegacia de Homic\u00eddio e Prote\u00e7\u00e3o \u00e0 Pessoa (DHPP) foi acionada para atender a ocorr\u00eancia, que ser\u00e1 investigada pela 2\u00aa Delegacia de Homic\u00eddios (DH\/Central).<\/p>\n<p>A Pol\u00edcia Militar diz que agentes 50\u00aa Companhia Independente da PM (CIPM) foram acionados no in\u00edcio da manh\u00e3 ap\u00f3s receberem informa\u00e7\u00f5es de que um corpo havia sido localizado em Canabrava. &#8220;Ao chegarem, os militares constataram o fato, acionando o DPT [Departamento de Pol\u00edcia T\u00e9cnica] para a realiza\u00e7\u00e3o de per\u00edcia. As circunst\u00e2ncias do ocorrido dever\u00e3o ser apuradas pelos \u00f3rg\u00e3os competentes&#8221;, informou a corpora\u00e7\u00e3o tamb\u00e9m por meio de nota.<\/p>\n<p>Foto Reprodu\u00e7\u00e3o\/ Record TV Itapoan<br \/>\nBNews<\/p>\n","protected":false},"excerpt":{"rendered":"<p>Um pedreiro morador de Canabrava, em Salvador, que estava desaparecido h\u00e1 quatro dias depois de sair de casa para buscar<\/p>\n","protected":false},"author":1,"featured_media":7176,"comment_status":"open","ping_status":"open","sticky":false,"template":"","format":"standard","meta":{"colormag_page_container_layout":"default_layout","colormag_page_sidebar_layout":"default_layout","_FSMCFIC_featured_image_caption":"","_FSMCFIC_featured_image_nocaption":"","_FSMCFIC_featured_image_hide":"","footnotes":""},"categories":[3,1],"tags":[],"class_list":["post-7175","post","type-post","status-publish","format-standard","has-post-thumbnail","hentry","category-policia","category-ultimas"],"yoast_head":"<!-- This site is optimized with the Yoast SEO plugin v27.1.1 - https:\/\/yoast.com\/product\/yoast-seo-wordpress\/ -->\n<title>Pedreiro de Salvador que saiu para mata em busca de madeiras \u00e9 encontrado morto - Brasil not\u00edcias<\/title>\n<meta name=\"robots\" content=\"index, follow, max-snippet:-1, max-image-preview:large, max-video-preview:-1\" \/>\n<link rel=\"canonical\" href=\"https:\/\/brasilnoticias.org\/site\/pedreiro-de-salvador-que-saiu-para-mata-em-busca-de-madeiras-e-encontrado-morto\/\" \/>\n<meta property=\"og:locale\" content=\"pt_PT\" \/>\n<meta property=\"og:type\" content=\"article\" \/>\n<meta property=\"og:title\" content=\"Pedreiro de Salvador que saiu para mata em busca de madeiras \u00e9 encontrado morto - Brasil not\u00edcias\" \/>\n<meta property=\"og:description\" content=\"Um pedreiro morador de Canabrava, em Salvador, que estava desaparecido h\u00e1 quatro dias depois de sair de casa para buscar\" \/>\n<meta property=\"og:url\" content=\"https:\/\/brasilnoticias.org\/site\/pedreiro-de-salvador-que-saiu-para-mata-em-busca-de-madeiras-e-encontrado-morto\/\" \/>\n<meta property=\"og:site_name\" content=\"Brasil not\u00edcias\" \/>\n<meta property=\"article:published_time\" content=\"2023-07-06T21:30:36+00:00\" \/>\n<meta property=\"og:image\" content=\"https:\/\/brasilnoticias.org\/site\/wp-content\/uploads\/2023\/07\/pedreiro-desaparecido-canabrava_widelg.jpg\" \/>\n\t<meta property=\"og:image:width\" content=\"800\" \/>\n\t<meta property=\"og:image:height\" content=\"400\" \/>\n\t<meta property=\"og:image:type\" content=\"image\/jpeg\" \/>\n<meta name=\"author\" content=\"Reda\u00e7\u00e3o\" \/>\n<meta name=\"twitter:card\" content=\"summary_large_image\" \/>\n<meta name=\"twitter:label1\" content=\"Escrito por\" \/>\n\t<meta name=\"twitter:data1\" content=\"Reda\u00e7\u00e3o\" \/>\n<script type=\"application\/ld+json\" class=\"yoast-schema-graph\">{\"@context\":\"https:\/\/schema.org\",\"@graph\":[{\"@type\":\"Article\",\"@id\":\"https:\/\/brasilnoticias.org\/site\/pedreiro-de-salvador-que-saiu-para-mata-em-busca-de-madeiras-e-encontrado-morto\/#article\",\"isPartOf\":{\"@id\":\"https:\/\/brasilnoticias.org\/site\/pedreiro-de-salvador-que-saiu-para-mata-em-busca-de-madeiras-e-encontrado-morto\/\"},\"author\":{\"name\":\"Reda\u00e7\u00e3o\",\"@id\":\"https:\/\/brasilnoticias.org\/site\/#\/schema\/person\/a0e05b973ec4d15c658d51911e53507b\"},\"headline\":\"Pedreiro de Salvador que saiu para mata em busca de madeiras \u00e9 encontrado morto\",\"datePublished\":\"2023-07-06T21:30:36+00:00\",\"mainEntityOfPage\":{\"@id\":\"https:\/\/brasilnoticias.org\/site\/pedreiro-de-salvador-que-saiu-para-mata-em-busca-de-madeiras-e-encontrado-morto\/\"},\"wordCount\":302,\"commentCount\":0,\"publisher\":{\"@id\":\"https:\/\/brasilnoticias.org\/site\/#organization\"},\"image\":{\"@id\":\"https:\/\/brasilnoticias.org\/site\/pedreiro-de-salvador-que-saiu-para-mata-em-busca-de-madeiras-e-encontrado-morto\/#primaryimage\"},\"thumbnailUrl\":\"https:\/\/brasilnoticias.org\/site\/wp-content\/uploads\/2023\/07\/pedreiro-desaparecido-canabrava_widelg.jpg\",\"articleSection\":[\"Pol\u00edcia\",\"\u00daltimas\"],\"inLanguage\":\"pt-PT\",\"potentialAction\":[{\"@type\":\"CommentAction\",\"name\":\"Comment\",\"target\":[\"https:\/\/brasilnoticias.org\/site\/pedreiro-de-salvador-que-saiu-para-mata-em-busca-de-madeiras-e-encontrado-morto\/#respond\"]}]},{\"@type\":\"WebPage\",\"@id\":\"https:\/\/brasilnoticias.org\/site\/pedreiro-de-salvador-que-saiu-para-mata-em-busca-de-madeiras-e-encontrado-morto\/\",\"url\":\"https:\/\/brasilnoticias.org\/site\/pedreiro-de-salvador-que-saiu-para-mata-em-busca-de-madeiras-e-encontrado-morto\/\",\"name\":\"Pedreiro de Salvador que saiu para mata em busca de madeiras \u00e9 encontrado morto - Brasil not\u00edcias\",\"isPartOf\":{\"@id\":\"https:\/\/brasilnoticias.org\/site\/#website\"},\"primaryImageOfPage\":{\"@id\":\"https:\/\/brasilnoticias.org\/site\/pedreiro-de-salvador-que-saiu-para-mata-em-busca-de-madeiras-e-encontrado-morto\/#primaryimage\"},\"image\":{\"@id\":\"https:\/\/brasilnoticias.org\/site\/pedreiro-de-salvador-que-saiu-para-mata-em-busca-de-madeiras-e-encontrado-morto\/#primaryimage\"},\"thumbnailUrl\":\"https:\/\/brasilnoticias.org\/site\/wp-content\/uploads\/2023\/07\/pedreiro-desaparecido-canabrava_widelg.jpg\",\"datePublished\":\"2023-07-06T21:30:36+00:00\",\"breadcrumb\":{\"@id\":\"https:\/\/brasilnoticias.org\/site\/pedreiro-de-salvador-que-saiu-para-mata-em-busca-de-madeiras-e-encontrado-morto\/#breadcrumb\"},\"inLanguage\":\"pt-PT\",\"potentialAction\":[{\"@type\":\"ReadAction\",\"target\":[\"https:\/\/brasilnoticias.org\/site\/pedreiro-de-salvador-que-saiu-para-mata-em-busca-de-madeiras-e-encontrado-morto\/\"]}]},{\"@type\":\"ImageObject\",\"inLanguage\":\"pt-PT\",\"@id\":\"https:\/\/brasilnoticias.org\/site\/pedreiro-de-salvador-que-saiu-para-mata-em-busca-de-madeiras-e-encontrado-morto\/#primaryimage\",\"url\":\"https:\/\/brasilnoticias.org\/site\/wp-content\/uploads\/2023\/07\/pedreiro-desaparecido-canabrava_widelg.jpg\",\"contentUrl\":\"https:\/\/brasilnoticias.org\/site\/wp-content\/uploads\/2023\/07\/pedreiro-desaparecido-canabrava_widelg.jpg\",\"width\":800,\"height\":400},{\"@type\":\"BreadcrumbList\",\"@id\":\"https:\/\/brasilnoticias.org\/site\/pedreiro-de-salvador-que-saiu-para-mata-em-busca-de-madeiras-e-encontrado-morto\/#breadcrumb\",\"itemListElement\":[{\"@type\":\"ListItem\",\"position\":1,\"name\":\"In\u00edcio\",\"item\":\"https:\/\/brasilnoticias.org\/site\/\"},{\"@type\":\"ListItem\",\"position\":2,\"name\":\"Pedreiro de Salvador que saiu para mata em busca de madeiras \u00e9 encontrado morto\"}]},{\"@type\":\"WebSite\",\"@id\":\"https:\/\/brasilnoticias.org\/site\/#website\",\"url\":\"https:\/\/brasilnoticias.org\/site\/\",\"name\":\"Brasil not\u00edcias\",\"description\":\"Brasil not\u00edcias\",\"publisher\":{\"@id\":\"https:\/\/brasilnoticias.org\/site\/#organization\"},\"potentialAction\":[{\"@type\":\"SearchAction\",\"target\":{\"@type\":\"EntryPoint\",\"urlTemplate\":\"https:\/\/brasilnoticias.org\/site\/?s={search_term_string}\"},\"query-input\":{\"@type\":\"PropertyValueSpecification\",\"valueRequired\":true,\"valueName\":\"search_term_string\"}}],\"inLanguage\":\"pt-PT\"},{\"@type\":\"Organization\",\"@id\":\"https:\/\/brasilnoticias.org\/site\/#organization\",\"name\":\"Brasil not\u00edcias\",\"url\":\"https:\/\/brasilnoticias.org\/site\/\",\"logo\":{\"@type\":\"ImageObject\",\"inLanguage\":\"pt-PT\",\"@id\":\"https:\/\/brasilnoticias.org\/site\/#\/schema\/logo\/image\/\",\"url\":\"https:\/\/brasilnoticias.org\/site\/wp-content\/uploads\/2022\/05\/cropped-brasilnoticias-mini.jpg\",\"contentUrl\":\"https:\/\/brasilnoticias.org\/site\/wp-content\/uploads\/2022\/05\/cropped-brasilnoticias-mini.jpg\",\"width\":314,\"height\":86,\"caption\":\"Brasil not\u00edcias\"},\"image\":{\"@id\":\"https:\/\/brasilnoticias.org\/site\/#\/schema\/logo\/image\/\"}},{\"@type\":\"Person\",\"@id\":\"https:\/\/brasilnoticias.org\/site\/#\/schema\/person\/a0e05b973ec4d15c658d51911e53507b\",\"name\":\"Reda\u00e7\u00e3o\",\"image\":{\"@type\":\"ImageObject\",\"inLanguage\":\"pt-PT\",\"@id\":\"https:\/\/brasilnoticias.org\/site\/#\/schema\/person\/image\/\",\"url\":\"https:\/\/secure.gravatar.com\/avatar\/75d8b050df2de108b08ae78dfb8e374892df24a383c67db9c46a9c604f6aee9c?s=96&d=mm&r=g\",\"contentUrl\":\"https:\/\/secure.gravatar.com\/avatar\/75d8b050df2de108b08ae78dfb8e374892df24a383c67db9c46a9c604f6aee9c?s=96&d=mm&r=g\",\"caption\":\"Reda\u00e7\u00e3o\"},\"sameAs\":[\"https:\/\/brasilnoticias.org\/site\"],\"url\":\"https:\/\/brasilnoticias.org\/site\/author\/fernandozsngmail-com\/\"}]}<\/script>\n<!-- \/ Yoast SEO plugin. -->","yoast_head_json":{"title":"Pedreiro de Salvador que saiu para mata em busca de madeiras \u00e9 encontrado morto - Brasil not\u00edcias","robots":{"index":"index","follow":"follow","max-snippet":"max-snippet:-1","max-image-preview":"max-image-preview:large","max-video-preview":"max-video-preview:-1"},"canonical":"https:\/\/brasilnoticias.org\/site\/pedreiro-de-salvador-que-saiu-para-mata-em-busca-de-madeiras-e-encontrado-morto\/","og_locale":"pt_PT","og_type":"article","og_title":"Pedreiro de Salvador que saiu para mata em busca de madeiras \u00e9 encontrado morto - Brasil not\u00edcias","og_description":"Um pedreiro morador de Canabrava, em Salvador, que estava desaparecido h\u00e1 quatro dias depois de sair de casa para buscar","og_url":"https:\/\/brasilnoticias.org\/site\/pedreiro-de-salvador-que-saiu-para-mata-em-busca-de-madeiras-e-encontrado-morto\/","og_site_name":"Brasil not\u00edcias","article_published_time":"2023-07-06T21:30:36+00:00","og_image":[{"width":800,"height":400,"url":"https:\/\/brasilnoticias.org\/site\/wp-content\/uploads\/2023\/07\/pedreiro-desaparecido-canabrava_widelg.jpg","type":"image\/jpeg"}],"author":"Reda\u00e7\u00e3o","twitter_card":"summary_large_image","twitter_misc":{"Escrito por":"Reda\u00e7\u00e3o"},"schema":{"@context":"https:\/\/schema.org","@graph":[{"@type":"Article","@id":"https:\/\/brasilnoticias.org\/site\/pedreiro-de-salvador-que-saiu-para-mata-em-busca-de-madeiras-e-encontrado-morto\/#article","isPartOf":{"@id":"https:\/\/brasilnoticias.org\/site\/pedreiro-de-salvador-que-saiu-para-mata-em-busca-de-madeiras-e-encontrado-morto\/"},"author":{"name":"Reda\u00e7\u00e3o","@id":"https:\/\/brasilnoticias.org\/site\/#\/schema\/person\/a0e05b973ec4d15c658d51911e53507b"},"headline":"Pedreiro de Salvador que saiu para mata em busca de madeiras \u00e9 encontrado morto","datePublished":"2023-07-06T21:30:36+00:00","mainEntityOfPage":{"@id":"https:\/\/brasilnoticias.org\/site\/pedreiro-de-salvador-que-saiu-para-mata-em-busca-de-madeiras-e-encontrado-morto\/"},"wordCount":302,"commentCount":0,"publisher":{"@id":"https:\/\/brasilnoticias.org\/site\/#organization"},"image":{"@id":"https:\/\/brasilnoticias.org\/site\/pedreiro-de-salvador-que-saiu-para-mata-em-busca-de-madeiras-e-encontrado-morto\/#primaryimage"},"thumbnailUrl":"https:\/\/brasilnoticias.org\/site\/wp-content\/uploads\/2023\/07\/pedreiro-desaparecido-canabrava_widelg.jpg","articleSection":["Pol\u00edcia","\u00daltimas"],"inLanguage":"pt-PT","potentialAction":[{"@type":"CommentAction","name":"Comment","target":["https:\/\/brasilnoticias.org\/site\/pedreiro-de-salvador-que-saiu-para-mata-em-busca-de-madeiras-e-encontrado-morto\/#respond"]}]},{"@type":"WebPage","@id":"https:\/\/brasilnoticias.org\/site\/pedreiro-de-salvador-que-saiu-para-mata-em-busca-de-madeiras-e-encontrado-morto\/","url":"https:\/\/brasilnoticias.org\/site\/pedreiro-de-salvador-que-saiu-para-mata-em-busca-de-madeiras-e-encontrado-morto\/","name":"Pedreiro de Salvador que saiu para mata em busca de madeiras \u00e9 encontrado morto - Brasil not\u00edcias","isPartOf":{"@id":"https:\/\/brasilnoticias.org\/site\/#website"},"primaryImageOfPage":{"@id":"https:\/\/brasilnoticias.org\/site\/pedreiro-de-salvador-que-saiu-para-mata-em-busca-de-madeiras-e-encontrado-morto\/#primaryimage"},"image":{"@id":"https:\/\/brasilnoticias.org\/site\/pedreiro-de-salvador-que-saiu-para-mata-em-busca-de-madeiras-e-encontrado-morto\/#primaryimage"},"thumbnailUrl":"https:\/\/brasilnoticias.org\/site\/wp-content\/uploads\/2023\/07\/pedreiro-desaparecido-canabrava_widelg.jpg","datePublished":"2023-07-06T21:30:36+00:00","breadcrumb":{"@id":"https:\/\/brasilnoticias.org\/site\/pedreiro-de-salvador-que-saiu-para-mata-em-busca-de-madeiras-e-encontrado-morto\/#breadcrumb"},"inLanguage":"pt-PT","potentialAction":[{"@type":"ReadAction","target":["https:\/\/brasilnoticias.org\/site\/pedreiro-de-salvador-que-saiu-para-mata-em-busca-de-madeiras-e-encontrado-morto\/"]}]},{"@type":"ImageObject","inLanguage":"pt-PT","@id":"https:\/\/brasilnoticias.org\/site\/pedreiro-de-salvador-que-saiu-para-mata-em-busca-de-madeiras-e-encontrado-morto\/#primaryimage","url":"https:\/\/brasilnoticias.org\/site\/wp-content\/uploads\/2023\/07\/pedreiro-desaparecido-canabrava_widelg.jpg","contentUrl":"https:\/\/brasilnoticias.org\/site\/wp-content\/uploads\/2023\/07\/pedreiro-desaparecido-canabrava_widelg.jpg","width":800,"height":400},{"@type":"BreadcrumbList","@id":"https:\/\/brasilnoticias.org\/site\/pedreiro-de-salvador-que-saiu-para-mata-em-busca-de-madeiras-e-encontrado-morto\/#breadcrumb","itemListElement":[{"@type":"ListItem","position":1,"name":"In\u00edcio","item":"https:\/\/brasilnoticias.org\/site\/"},{"@type":"ListItem","position":2,"name":"Pedreiro de Salvador que saiu para mata em busca de madeiras \u00e9 encontrado morto"}]},{"@type":"WebSite","@id":"https:\/\/brasilnoticias.org\/site\/#website","url":"https:\/\/brasilnoticias.org\/site\/","name":"Brasil not\u00edcias","description":"Brasil not\u00edcias","publisher":{"@id":"https:\/\/brasilnoticias.org\/site\/#organization"},"potentialAction":[{"@type":"SearchAction","target":{"@type":"EntryPoint","urlTemplate":"https:\/\/brasilnoticias.org\/site\/?s={search_term_string}"},"query-input":{"@type":"PropertyValueSpecification","valueRequired":true,"valueName":"search_term_string"}}],"inLanguage":"pt-PT"},{"@type":"Organization","@id":"https:\/\/brasilnoticias.org\/site\/#organization","name":"Brasil not\u00edcias","url":"https:\/\/brasilnoticias.org\/site\/","logo":{"@type":"ImageObject","inLanguage":"pt-PT","@id":"https:\/\/brasilnoticias.org\/site\/#\/schema\/logo\/image\/","url":"https:\/\/brasilnoticias.org\/site\/wp-content\/uploads\/2022\/05\/cropped-brasilnoticias-mini.jpg","contentUrl":"https:\/\/brasilnoticias.org\/site\/wp-content\/uploads\/2022\/05\/cropped-brasilnoticias-mini.jpg","width":314,"height":86,"caption":"Brasil not\u00edcias"},"image":{"@id":"https:\/\/brasilnoticias.org\/site\/#\/schema\/logo\/image\/"}},{"@type":"Person","@id":"https:\/\/brasilnoticias.org\/site\/#\/schema\/person\/a0e05b973ec4d15c658d51911e53507b","name":"Reda\u00e7\u00e3o","image":{"@type":"ImageObject","inLanguage":"pt-PT","@id":"https:\/\/brasilnoticias.org\/site\/#\/schema\/person\/image\/","url":"https:\/\/secure.gravatar.com\/avatar\/75d8b050df2de108b08ae78dfb8e374892df24a383c67db9c46a9c604f6aee9c?s=96&d=mm&r=g","contentUrl":"https:\/\/secure.gravatar.com\/avatar\/75d8b050df2de108b08ae78dfb8e374892df24a383c67db9c46a9c604f6aee9c?s=96&d=mm&r=g","caption":"Reda\u00e7\u00e3o"},"sameAs":["https:\/\/brasilnoticias.org\/site"],"url":"https:\/\/brasilnoticias.org\/site\/author\/fernandozsngmail-com\/"}]}},"_links":{"self":[{"href":"https:\/\/brasilnoticias.org\/site\/wp-json\/wp\/v2\/posts\/7175","targetHints":{"allow":["GET"]}}],"collection":[{"href":"https:\/\/brasilnoticias.org\/site\/wp-json\/wp\/v2\/posts"}],"about":[{"href":"https:\/\/brasilnoticias.org\/site\/wp-json\/wp\/v2\/types\/post"}],"author":[{"embeddable":true,"href":"https:\/\/brasilnoticias.org\/site\/wp-json\/wp\/v2\/users\/1"}],"replies":[{"embeddable":true,"href":"https:\/\/brasilnoticias.org\/site\/wp-json\/wp\/v2\/comments?post=7175"}],"version-history":[{"count":1,"href":"https:\/\/brasilnoticias.org\/site\/wp-json\/wp\/v2\/posts\/7175\/revisions"}],"predecessor-version":[{"id":7177,"href":"https:\/\/brasilnoticias.org\/site\/wp-json\/wp\/v2\/posts\/7175\/revisions\/7177"}],"wp:featuredmedia":[{"embeddable":true,"href":"https:\/\/brasilnoticias.org\/site\/wp-json\/wp\/v2\/media\/7176"}],"wp:attachment":[{"href":"https:\/\/brasilnoticias.org\/site\/wp-json\/wp\/v2\/media?parent=7175"}],"wp:term":[{"taxonomy":"category","embeddable":true,"href":"https:\/\/brasilnoticias.org\/site\/wp-json\/wp\/v2\/categories?post=7175"},{"taxonomy":"post_tag","embeddable":true,"href":"https:\/\/brasilnoticias.org\/site\/wp-json\/wp\/v2\/tags?post=7175"}],"curies":[{"name":"wp","href":"https:\/\/api.w.org\/{rel}","templated":true}]}}