{"id":7186,"date":"2023-07-07T06:20:37","date_gmt":"2023-07-07T09:20:37","guid":{"rendered":"https:\/\/brasilnoticias.org\/site\/?p=7186"},"modified":"2023-07-07T06:20:37","modified_gmt":"2023-07-07T09:20:37","slug":"bahia-abre-conversas-para-trazer-goleiro-do-gremio-confira","status":"publish","type":"post","link":"https:\/\/brasilnoticias.org\/site\/bahia-abre-conversas-para-trazer-goleiro-do-gremio-confira\/","title":{"rendered":"Bahia abre conversas para trazer goleiro do Gr\u00eamio; confira"},"content":{"rendered":"<p>O Bahia est\u00e1 de olho em novas pe\u00e7as que possam refor\u00e7ar o elenco tricolor para o restante da temporada. Com a abertura da janela de transfer\u00eancias, alguns jogadores j\u00e1 come\u00e7am a ser ventilados na equipe do treinador Renato Paiva. O nome do momento \u00e9 o do goleiro Adriel Ramos, de 22 anos, que atua pelo Gr\u00eamio, advers\u00e1rio do Esquadr\u00e3o nas quartas de final da Copa do Brasil de 2023.  <\/p>\n<p>O jovem goleiro era o titular da equipe gremista no in\u00edcio da temporada, mas acabou perdendo espa\u00e7o na equipe comandada por Renato Ga\u00facho ap\u00f3s alguns atos indisciplinares. Mesmo diante deste fato, \u00e9 um jogador que atrai aten\u00e7\u00e3o de alguns clubes, como o Bahia, que est\u00e1 interessado na contrata\u00e7\u00e3o do arqueiro, e que est\u00e1 confiante no desfecho positivo. Pelo menos, \u00e9 o que diz o jornalista Matheus D&#8217;Avila, que cobre a dupla \u201cGreNal\u201d. <\/p>\n<blockquote class=\"twitter-tweet\">\n<p lang=\"pt\" dir=\"ltr\">Em abril, ap\u00f3s ser barrado pelo t\u00e9cnico Renato Ga\u00facho &#8211; por sucessivos atos de indisciplina &#8211; o goleiro Adriel foi vaiado na Arena do Gr\u00eamio durante o jogo contra o ABC, pela Copa do Brasil. No vesti\u00e1rio, o atleta foi flagrado irritado, dando esse soco na porta. <a href=\"https:\/\/t.co\/ZoETeOuqQY\">https:\/\/t.co\/ZoETeOuqQY<\/a> <a href=\"https:\/\/t.co\/xH2HyxuoI4\">pic.twitter.com\/xH2HyxuoI4<\/a><\/p>\n<p>&mdash; O Preto Tricolor &#8211; \ud83c\uddf3\ud83c\uddf1 (@opretotricolor) <a href=\"https:\/\/twitter.com\/opretotricolor\/status\/1677047099303645192?ref_src=twsrc%5Etfw\">July 6, 2023<\/a><\/p><\/blockquote>\n<p> <script async src=\"https:\/\/platform.twitter.com\/widgets.js\" charset=\"utf-8\"><\/script><\/p>\n<p>Ainda segundo o jornalista, existe uma grande possibilidade do neg\u00f3cio ser concretizado, mesmo com o interesse de outras equipes no goleiro. No entanto, ainda n\u00e3o foram revelados os poss\u00edveis valores e se a transa\u00e7\u00e3o ser\u00e1 em definitivo ou por empr\u00e9stimo. <\/p>\n<p>No momento, resta \u00e0 torcida tricolor aguardar os pr\u00f3ximos cap\u00edtulos deste neg\u00f3cio, que pode ser concretizado a qualquer momento. O Bahia segue no mercado de transfer\u00eancias, e de acordo com informa\u00e7\u00e3o inicialmente divulgada pelo Canal Sou Mais Bahia, e confirmada pelo BNews, o lateral-direito Gilberto, do Benfica, j\u00e1 se encontra em Salvador e deve ser anunciado em breve pelo Tricolor de A\u00e7o.<\/p>\n<p>BNews<br \/>\nFoto Reprodu\u00e7\u00e3o \/ Redes Sociais<\/p>\n","protected":false},"excerpt":{"rendered":"<p>O Bahia est\u00e1 de olho em novas pe\u00e7as que possam refor\u00e7ar o elenco tricolor para o restante da temporada. Com<\/p>\n","protected":false},"author":1,"featured_media":7187,"comment_status":"open","ping_status":"open","sticky":false,"template":"","format":"standard","meta":{"colormag_page_container_layout":"default_layout","colormag_page_sidebar_layout":"default_layout","_FSMCFIC_featured_image_caption":"","_FSMCFIC_featured_image_nocaption":"","_FSMCFIC_featured_image_hide":"","footnotes":""},"categories":[4,1],"tags":[],"class_list":["post-7186","post","type-post","status-publish","format-standard","has-post-thumbnail","hentry","category-esporte","category-ultimas"],"yoast_head":"<!-- This site is optimized with the Yoast SEO plugin v27.1.1 - https:\/\/yoast.com\/product\/yoast-seo-wordpress\/ -->\n<title>Bahia abre conversas para trazer goleiro do Gr\u00eamio; confira - Brasil not\u00edcias<\/title>\n<meta name=\"robots\" content=\"index, follow, max-snippet:-1, max-image-preview:large, max-video-preview:-1\" \/>\n<link rel=\"canonical\" href=\"https:\/\/brasilnoticias.org\/site\/bahia-abre-conversas-para-trazer-goleiro-do-gremio-confira\/\" \/>\n<meta property=\"og:locale\" content=\"pt_PT\" \/>\n<meta property=\"og:type\" content=\"article\" \/>\n<meta property=\"og:title\" content=\"Bahia abre conversas para trazer goleiro do Gr\u00eamio; confira - Brasil not\u00edcias\" \/>\n<meta property=\"og:description\" content=\"O Bahia est\u00e1 de olho em novas pe\u00e7as que possam refor\u00e7ar o elenco tricolor para o restante da temporada. Com\" \/>\n<meta property=\"og:url\" content=\"https:\/\/brasilnoticias.org\/site\/bahia-abre-conversas-para-trazer-goleiro-do-gremio-confira\/\" \/>\n<meta property=\"og:site_name\" content=\"Brasil not\u00edcias\" \/>\n<meta property=\"article:published_time\" content=\"2023-07-07T09:20:37+00:00\" \/>\n<meta property=\"og:image\" content=\"https:\/\/brasilnoticias.org\/site\/wp-content\/uploads\/2023\/07\/captura_de_tela_165_widelg.webp\" \/>\n\t<meta property=\"og:image:width\" content=\"670\" \/>\n\t<meta property=\"og:image:height\" content=\"431\" \/>\n\t<meta property=\"og:image:type\" content=\"image\/webp\" \/>\n<meta name=\"author\" content=\"Reda\u00e7\u00e3o\" \/>\n<meta name=\"twitter:card\" content=\"summary_large_image\" \/>\n<meta name=\"twitter:label1\" content=\"Escrito por\" \/>\n\t<meta name=\"twitter:data1\" content=\"Reda\u00e7\u00e3o\" \/>\n<script type=\"application\/ld+json\" class=\"yoast-schema-graph\">{\"@context\":\"https:\/\/schema.org\",\"@graph\":[{\"@type\":\"Article\",\"@id\":\"https:\/\/brasilnoticias.org\/site\/bahia-abre-conversas-para-trazer-goleiro-do-gremio-confira\/#article\",\"isPartOf\":{\"@id\":\"https:\/\/brasilnoticias.org\/site\/bahia-abre-conversas-para-trazer-goleiro-do-gremio-confira\/\"},\"author\":{\"name\":\"Reda\u00e7\u00e3o\",\"@id\":\"https:\/\/brasilnoticias.org\/site\/#\/schema\/person\/a0e05b973ec4d15c658d51911e53507b\"},\"headline\":\"Bahia abre conversas para trazer goleiro do Gr\u00eamio; confira\",\"datePublished\":\"2023-07-07T09:20:37+00:00\",\"mainEntityOfPage\":{\"@id\":\"https:\/\/brasilnoticias.org\/site\/bahia-abre-conversas-para-trazer-goleiro-do-gremio-confira\/\"},\"wordCount\":345,\"commentCount\":0,\"publisher\":{\"@id\":\"https:\/\/brasilnoticias.org\/site\/#organization\"},\"image\":{\"@id\":\"https:\/\/brasilnoticias.org\/site\/bahia-abre-conversas-para-trazer-goleiro-do-gremio-confira\/#primaryimage\"},\"thumbnailUrl\":\"https:\/\/brasilnoticias.org\/site\/wp-content\/uploads\/2023\/07\/captura_de_tela_165_widelg.webp\",\"articleSection\":[\"Esporte\",\"\u00daltimas\"],\"inLanguage\":\"pt-PT\",\"potentialAction\":[{\"@type\":\"CommentAction\",\"name\":\"Comment\",\"target\":[\"https:\/\/brasilnoticias.org\/site\/bahia-abre-conversas-para-trazer-goleiro-do-gremio-confira\/#respond\"]}]},{\"@type\":\"WebPage\",\"@id\":\"https:\/\/brasilnoticias.org\/site\/bahia-abre-conversas-para-trazer-goleiro-do-gremio-confira\/\",\"url\":\"https:\/\/brasilnoticias.org\/site\/bahia-abre-conversas-para-trazer-goleiro-do-gremio-confira\/\",\"name\":\"Bahia abre conversas para trazer goleiro do Gr\u00eamio; confira - Brasil not\u00edcias\",\"isPartOf\":{\"@id\":\"https:\/\/brasilnoticias.org\/site\/#website\"},\"primaryImageOfPage\":{\"@id\":\"https:\/\/brasilnoticias.org\/site\/bahia-abre-conversas-para-trazer-goleiro-do-gremio-confira\/#primaryimage\"},\"image\":{\"@id\":\"https:\/\/brasilnoticias.org\/site\/bahia-abre-conversas-para-trazer-goleiro-do-gremio-confira\/#primaryimage\"},\"thumbnailUrl\":\"https:\/\/brasilnoticias.org\/site\/wp-content\/uploads\/2023\/07\/captura_de_tela_165_widelg.webp\",\"datePublished\":\"2023-07-07T09:20:37+00:00\",\"breadcrumb\":{\"@id\":\"https:\/\/brasilnoticias.org\/site\/bahia-abre-conversas-para-trazer-goleiro-do-gremio-confira\/#breadcrumb\"},\"inLanguage\":\"pt-PT\",\"potentialAction\":[{\"@type\":\"ReadAction\",\"target\":[\"https:\/\/brasilnoticias.org\/site\/bahia-abre-conversas-para-trazer-goleiro-do-gremio-confira\/\"]}]},{\"@type\":\"ImageObject\",\"inLanguage\":\"pt-PT\",\"@id\":\"https:\/\/brasilnoticias.org\/site\/bahia-abre-conversas-para-trazer-goleiro-do-gremio-confira\/#primaryimage\",\"url\":\"https:\/\/brasilnoticias.org\/site\/wp-content\/uploads\/2023\/07\/captura_de_tela_165_widelg.webp\",\"contentUrl\":\"https:\/\/brasilnoticias.org\/site\/wp-content\/uploads\/2023\/07\/captura_de_tela_165_widelg.webp\",\"width\":670,\"height\":431},{\"@type\":\"BreadcrumbList\",\"@id\":\"https:\/\/brasilnoticias.org\/site\/bahia-abre-conversas-para-trazer-goleiro-do-gremio-confira\/#breadcrumb\",\"itemListElement\":[{\"@type\":\"ListItem\",\"position\":1,\"name\":\"In\u00edcio\",\"item\":\"https:\/\/brasilnoticias.org\/site\/\"},{\"@type\":\"ListItem\",\"position\":2,\"name\":\"Bahia abre conversas para trazer goleiro do Gr\u00eamio; confira\"}]},{\"@type\":\"WebSite\",\"@id\":\"https:\/\/brasilnoticias.org\/site\/#website\",\"url\":\"https:\/\/brasilnoticias.org\/site\/\",\"name\":\"Brasil not\u00edcias\",\"description\":\"Brasil not\u00edcias\",\"publisher\":{\"@id\":\"https:\/\/brasilnoticias.org\/site\/#organization\"},\"potentialAction\":[{\"@type\":\"SearchAction\",\"target\":{\"@type\":\"EntryPoint\",\"urlTemplate\":\"https:\/\/brasilnoticias.org\/site\/?s={search_term_string}\"},\"query-input\":{\"@type\":\"PropertyValueSpecification\",\"valueRequired\":true,\"valueName\":\"search_term_string\"}}],\"inLanguage\":\"pt-PT\"},{\"@type\":\"Organization\",\"@id\":\"https:\/\/brasilnoticias.org\/site\/#organization\",\"name\":\"Brasil not\u00edcias\",\"url\":\"https:\/\/brasilnoticias.org\/site\/\",\"logo\":{\"@type\":\"ImageObject\",\"inLanguage\":\"pt-PT\",\"@id\":\"https:\/\/brasilnoticias.org\/site\/#\/schema\/logo\/image\/\",\"url\":\"https:\/\/brasilnoticias.org\/site\/wp-content\/uploads\/2022\/05\/cropped-brasilnoticias-mini.jpg\",\"contentUrl\":\"https:\/\/brasilnoticias.org\/site\/wp-content\/uploads\/2022\/05\/cropped-brasilnoticias-mini.jpg\",\"width\":314,\"height\":86,\"caption\":\"Brasil not\u00edcias\"},\"image\":{\"@id\":\"https:\/\/brasilnoticias.org\/site\/#\/schema\/logo\/image\/\"}},{\"@type\":\"Person\",\"@id\":\"https:\/\/brasilnoticias.org\/site\/#\/schema\/person\/a0e05b973ec4d15c658d51911e53507b\",\"name\":\"Reda\u00e7\u00e3o\",\"image\":{\"@type\":\"ImageObject\",\"inLanguage\":\"pt-PT\",\"@id\":\"https:\/\/brasilnoticias.org\/site\/#\/schema\/person\/image\/\",\"url\":\"https:\/\/secure.gravatar.com\/avatar\/75d8b050df2de108b08ae78dfb8e374892df24a383c67db9c46a9c604f6aee9c?s=96&d=mm&r=g\",\"contentUrl\":\"https:\/\/secure.gravatar.com\/avatar\/75d8b050df2de108b08ae78dfb8e374892df24a383c67db9c46a9c604f6aee9c?s=96&d=mm&r=g\",\"caption\":\"Reda\u00e7\u00e3o\"},\"sameAs\":[\"https:\/\/brasilnoticias.org\/site\"],\"url\":\"https:\/\/brasilnoticias.org\/site\/author\/fernandozsngmail-com\/\"}]}<\/script>\n<!-- \/ Yoast SEO plugin. -->","yoast_head_json":{"title":"Bahia abre conversas para trazer goleiro do Gr\u00eamio; confira - Brasil not\u00edcias","robots":{"index":"index","follow":"follow","max-snippet":"max-snippet:-1","max-image-preview":"max-image-preview:large","max-video-preview":"max-video-preview:-1"},"canonical":"https:\/\/brasilnoticias.org\/site\/bahia-abre-conversas-para-trazer-goleiro-do-gremio-confira\/","og_locale":"pt_PT","og_type":"article","og_title":"Bahia abre conversas para trazer goleiro do Gr\u00eamio; confira - Brasil not\u00edcias","og_description":"O Bahia est\u00e1 de olho em novas pe\u00e7as que possam refor\u00e7ar o elenco tricolor para o restante da temporada. Com","og_url":"https:\/\/brasilnoticias.org\/site\/bahia-abre-conversas-para-trazer-goleiro-do-gremio-confira\/","og_site_name":"Brasil not\u00edcias","article_published_time":"2023-07-07T09:20:37+00:00","og_image":[{"width":670,"height":431,"url":"https:\/\/brasilnoticias.org\/site\/wp-content\/uploads\/2023\/07\/captura_de_tela_165_widelg.webp","type":"image\/webp"}],"author":"Reda\u00e7\u00e3o","twitter_card":"summary_large_image","twitter_misc":{"Escrito por":"Reda\u00e7\u00e3o"},"schema":{"@context":"https:\/\/schema.org","@graph":[{"@type":"Article","@id":"https:\/\/brasilnoticias.org\/site\/bahia-abre-conversas-para-trazer-goleiro-do-gremio-confira\/#article","isPartOf":{"@id":"https:\/\/brasilnoticias.org\/site\/bahia-abre-conversas-para-trazer-goleiro-do-gremio-confira\/"},"author":{"name":"Reda\u00e7\u00e3o","@id":"https:\/\/brasilnoticias.org\/site\/#\/schema\/person\/a0e05b973ec4d15c658d51911e53507b"},"headline":"Bahia abre conversas para trazer goleiro do Gr\u00eamio; confira","datePublished":"2023-07-07T09:20:37+00:00","mainEntityOfPage":{"@id":"https:\/\/brasilnoticias.org\/site\/bahia-abre-conversas-para-trazer-goleiro-do-gremio-confira\/"},"wordCount":345,"commentCount":0,"publisher":{"@id":"https:\/\/brasilnoticias.org\/site\/#organization"},"image":{"@id":"https:\/\/brasilnoticias.org\/site\/bahia-abre-conversas-para-trazer-goleiro-do-gremio-confira\/#primaryimage"},"thumbnailUrl":"https:\/\/brasilnoticias.org\/site\/wp-content\/uploads\/2023\/07\/captura_de_tela_165_widelg.webp","articleSection":["Esporte","\u00daltimas"],"inLanguage":"pt-PT","potentialAction":[{"@type":"CommentAction","name":"Comment","target":["https:\/\/brasilnoticias.org\/site\/bahia-abre-conversas-para-trazer-goleiro-do-gremio-confira\/#respond"]}]},{"@type":"WebPage","@id":"https:\/\/brasilnoticias.org\/site\/bahia-abre-conversas-para-trazer-goleiro-do-gremio-confira\/","url":"https:\/\/brasilnoticias.org\/site\/bahia-abre-conversas-para-trazer-goleiro-do-gremio-confira\/","name":"Bahia abre conversas para trazer goleiro do Gr\u00eamio; confira - Brasil not\u00edcias","isPartOf":{"@id":"https:\/\/brasilnoticias.org\/site\/#website"},"primaryImageOfPage":{"@id":"https:\/\/brasilnoticias.org\/site\/bahia-abre-conversas-para-trazer-goleiro-do-gremio-confira\/#primaryimage"},"image":{"@id":"https:\/\/brasilnoticias.org\/site\/bahia-abre-conversas-para-trazer-goleiro-do-gremio-confira\/#primaryimage"},"thumbnailUrl":"https:\/\/brasilnoticias.org\/site\/wp-content\/uploads\/2023\/07\/captura_de_tela_165_widelg.webp","datePublished":"2023-07-07T09:20:37+00:00","breadcrumb":{"@id":"https:\/\/brasilnoticias.org\/site\/bahia-abre-conversas-para-trazer-goleiro-do-gremio-confira\/#breadcrumb"},"inLanguage":"pt-PT","potentialAction":[{"@type":"ReadAction","target":["https:\/\/brasilnoticias.org\/site\/bahia-abre-conversas-para-trazer-goleiro-do-gremio-confira\/"]}]},{"@type":"ImageObject","inLanguage":"pt-PT","@id":"https:\/\/brasilnoticias.org\/site\/bahia-abre-conversas-para-trazer-goleiro-do-gremio-confira\/#primaryimage","url":"https:\/\/brasilnoticias.org\/site\/wp-content\/uploads\/2023\/07\/captura_de_tela_165_widelg.webp","contentUrl":"https:\/\/brasilnoticias.org\/site\/wp-content\/uploads\/2023\/07\/captura_de_tela_165_widelg.webp","width":670,"height":431},{"@type":"BreadcrumbList","@id":"https:\/\/brasilnoticias.org\/site\/bahia-abre-conversas-para-trazer-goleiro-do-gremio-confira\/#breadcrumb","itemListElement":[{"@type":"ListItem","position":1,"name":"In\u00edcio","item":"https:\/\/brasilnoticias.org\/site\/"},{"@type":"ListItem","position":2,"name":"Bahia abre conversas para trazer goleiro do Gr\u00eamio; confira"}]},{"@type":"WebSite","@id":"https:\/\/brasilnoticias.org\/site\/#website","url":"https:\/\/brasilnoticias.org\/site\/","name":"Brasil not\u00edcias","description":"Brasil not\u00edcias","publisher":{"@id":"https:\/\/brasilnoticias.org\/site\/#organization"},"potentialAction":[{"@type":"SearchAction","target":{"@type":"EntryPoint","urlTemplate":"https:\/\/brasilnoticias.org\/site\/?s={search_term_string}"},"query-input":{"@type":"PropertyValueSpecification","valueRequired":true,"valueName":"search_term_string"}}],"inLanguage":"pt-PT"},{"@type":"Organization","@id":"https:\/\/brasilnoticias.org\/site\/#organization","name":"Brasil not\u00edcias","url":"https:\/\/brasilnoticias.org\/site\/","logo":{"@type":"ImageObject","inLanguage":"pt-PT","@id":"https:\/\/brasilnoticias.org\/site\/#\/schema\/logo\/image\/","url":"https:\/\/brasilnoticias.org\/site\/wp-content\/uploads\/2022\/05\/cropped-brasilnoticias-mini.jpg","contentUrl":"https:\/\/brasilnoticias.org\/site\/wp-content\/uploads\/2022\/05\/cropped-brasilnoticias-mini.jpg","width":314,"height":86,"caption":"Brasil not\u00edcias"},"image":{"@id":"https:\/\/brasilnoticias.org\/site\/#\/schema\/logo\/image\/"}},{"@type":"Person","@id":"https:\/\/brasilnoticias.org\/site\/#\/schema\/person\/a0e05b973ec4d15c658d51911e53507b","name":"Reda\u00e7\u00e3o","image":{"@type":"ImageObject","inLanguage":"pt-PT","@id":"https:\/\/brasilnoticias.org\/site\/#\/schema\/person\/image\/","url":"https:\/\/secure.gravatar.com\/avatar\/75d8b050df2de108b08ae78dfb8e374892df24a383c67db9c46a9c604f6aee9c?s=96&d=mm&r=g","contentUrl":"https:\/\/secure.gravatar.com\/avatar\/75d8b050df2de108b08ae78dfb8e374892df24a383c67db9c46a9c604f6aee9c?s=96&d=mm&r=g","caption":"Reda\u00e7\u00e3o"},"sameAs":["https:\/\/brasilnoticias.org\/site"],"url":"https:\/\/brasilnoticias.org\/site\/author\/fernandozsngmail-com\/"}]}},"_links":{"self":[{"href":"https:\/\/brasilnoticias.org\/site\/wp-json\/wp\/v2\/posts\/7186","targetHints":{"allow":["GET"]}}],"collection":[{"href":"https:\/\/brasilnoticias.org\/site\/wp-json\/wp\/v2\/posts"}],"about":[{"href":"https:\/\/brasilnoticias.org\/site\/wp-json\/wp\/v2\/types\/post"}],"author":[{"embeddable":true,"href":"https:\/\/brasilnoticias.org\/site\/wp-json\/wp\/v2\/users\/1"}],"replies":[{"embeddable":true,"href":"https:\/\/brasilnoticias.org\/site\/wp-json\/wp\/v2\/comments?post=7186"}],"version-history":[{"count":1,"href":"https:\/\/brasilnoticias.org\/site\/wp-json\/wp\/v2\/posts\/7186\/revisions"}],"predecessor-version":[{"id":7188,"href":"https:\/\/brasilnoticias.org\/site\/wp-json\/wp\/v2\/posts\/7186\/revisions\/7188"}],"wp:featuredmedia":[{"embeddable":true,"href":"https:\/\/brasilnoticias.org\/site\/wp-json\/wp\/v2\/media\/7187"}],"wp:attachment":[{"href":"https:\/\/brasilnoticias.org\/site\/wp-json\/wp\/v2\/media?parent=7186"}],"wp:term":[{"taxonomy":"category","embeddable":true,"href":"https:\/\/brasilnoticias.org\/site\/wp-json\/wp\/v2\/categories?post=7186"},{"taxonomy":"post_tag","embeddable":true,"href":"https:\/\/brasilnoticias.org\/site\/wp-json\/wp\/v2\/tags?post=7186"}],"curies":[{"name":"wp","href":"https:\/\/api.w.org\/{rel}","templated":true}]}}