{"id":7207,"date":"2023-07-08T06:34:15","date_gmt":"2023-07-08T09:34:15","guid":{"rendered":"https:\/\/brasilnoticias.org\/site\/?p=7207"},"modified":"2023-07-08T06:34:15","modified_gmt":"2023-07-08T09:34:15","slug":"cigana-recem-casada-de-14-anos-e-morta-com-um-tiro-no-queixo-na-ba","status":"publish","type":"post","link":"https:\/\/brasilnoticias.org\/site\/cigana-recem-casada-de-14-anos-e-morta-com-um-tiro-no-queixo-na-ba\/","title":{"rendered":"Cigana rec\u00e9m-casada de 14 anos \u00e9 morta com um tiro no queixo na BA"},"content":{"rendered":"<p>Uma adolescente de origem cigana, de 14 anos, que se casou h\u00e1 menos de dois meses, foi morta com um tiro, na tarde de quinta-feira (6), na cidade de Guaratinga, no sul da Bahia. A v\u00edtima foi identificada como Hyara Flor dos Santos Alves e a suspeita \u00e9 de que ela tenha sido assassinada pelo pr\u00f3prio marido, um adolescente tamb\u00e9m de 14 anos.<\/p>\n<p>Inicialmente, foi informado \u00e0 pol\u00edcia que a jovem cigana foi v\u00edtima de um disparo acidental enquanto realizava uma limpeza na arma de fogo calibre .380. A jovem foi levada at\u00e9 uma unidade de sa\u00fade de Guaratinga com um ferimento abaixo do queixo. No local, ela foi atendida por uma equipe m\u00e9dica, mas n\u00e3o resistiu.<\/p>\n<p>A Pol\u00edcia Militar diz que funcion\u00e1rios do hospital desconfiaram da vers\u00e3o de disparo acidental e que acionaram a PM. No local, uma guarni\u00e7\u00e3o foi informada por populares que o esposo da v\u00edtima, acompanhado do pai e de outro homem fugiram por uma estrada que d\u00e1 acesso \u00e0 cidade de Itamaraju e ao estado de Minas Gerais. A corpora\u00e7\u00e3o informou tamb\u00e9m que a poss\u00edvel fuga foi comunicada \u00e0s autoridades policiais de Itamaraju e Minas Gerais.<\/p>\n<p>Sites locais afirmam que o crime teria sido cometido pelo marido da v\u00edtima devido a uma desaven\u00e7a familiar. A Pol\u00edcia Civil confirmou que a morte \u00e9 investigada como feminic\u00eddio pela Delegacia Territorial (DT) de Guaratinga. &#8221; Uma pistola calibre .380, com dois carregadores e muni\u00e7\u00f5es foram apreendidos no local e encaminhados \u00e0 per\u00edcia. Dilig\u00eancias e oitivas ser\u00e3o realizadas para esclarecer a motiva\u00e7\u00e3o do crime, que j\u00e1 tem ind\u00edcios de autoria&#8221;, informou a institui\u00e7\u00e3o. <\/p>\n<p>Morte<\/p>\n<p>No \u00faltimo dia 27 de abril, um cigano de 29 anos foi morto a tiros dentro de seu pr\u00f3prio ve\u00edculo na Avenida Get\u00falio Vargas, no centro de Teixeira de Freitas, tamb\u00e9m na regi\u00e3o sul da Bahia. Dois homens em uma motocicleta foram respons\u00e1veis pelo homic\u00eddio, de acordo com a Pol\u00edcia Civil.<\/p>\n<p>Segundo relatos de sites locais, o cigano estava dirigindo o ve\u00edculo quando foi alvo dos disparos. Ele tentou evitar os tiros, mas acabou batendo em um canteiro ap\u00f3s ser atingido. Com a ajuda de populares, uma pessoa que estava no banco do carona colocou a v\u00edtima em outro assento do carro e o levou para o hospital municipal da cidade. Infelizmente, o cigano n\u00e3o resistiu aos ferimentos no abd\u00f4men, perna e bra\u00e7o.<\/p>\n<p>Bnews<br \/>\nReprodu\u00e7\u00e3o\/Redes sociais<\/p>\n","protected":false},"excerpt":{"rendered":"<p>Uma adolescente de origem cigana, de 14 anos, que se casou h\u00e1 menos de dois meses, foi morta com um<\/p>\n","protected":false},"author":1,"featured_media":7208,"comment_status":"open","ping_status":"open","sticky":false,"template":"","format":"standard","meta":{"colormag_page_container_layout":"default_layout","colormag_page_sidebar_layout":"default_layout","_FSMCFIC_featured_image_caption":"","_FSMCFIC_featured_image_nocaption":"","_FSMCFIC_featured_image_hide":"","footnotes":""},"categories":[2,1],"tags":[],"class_list":["post-7207","post","type-post","status-publish","format-standard","has-post-thumbnail","hentry","category-noticias","category-ultimas"],"yoast_head":"<!-- This site is optimized with the Yoast SEO plugin v27.1.1 - https:\/\/yoast.com\/product\/yoast-seo-wordpress\/ -->\n<title>Cigana rec\u00e9m-casada de 14 anos \u00e9 morta com um tiro no queixo na BA - Brasil not\u00edcias<\/title>\n<meta name=\"robots\" content=\"index, follow, max-snippet:-1, max-image-preview:large, max-video-preview:-1\" \/>\n<link rel=\"canonical\" href=\"https:\/\/brasilnoticias.org\/site\/cigana-recem-casada-de-14-anos-e-morta-com-um-tiro-no-queixo-na-ba\/\" \/>\n<meta property=\"og:locale\" content=\"pt_PT\" \/>\n<meta property=\"og:type\" content=\"article\" \/>\n<meta property=\"og:title\" content=\"Cigana rec\u00e9m-casada de 14 anos \u00e9 morta com um tiro no queixo na BA - Brasil not\u00edcias\" \/>\n<meta property=\"og:description\" content=\"Uma adolescente de origem cigana, de 14 anos, que se casou h\u00e1 menos de dois meses, foi morta com um\" \/>\n<meta property=\"og:url\" content=\"https:\/\/brasilnoticias.org\/site\/cigana-recem-casada-de-14-anos-e-morta-com-um-tiro-no-queixo-na-ba\/\" \/>\n<meta property=\"og:site_name\" content=\"Brasil not\u00edcias\" \/>\n<meta property=\"article:published_time\" content=\"2023-07-08T09:34:15+00:00\" \/>\n<meta property=\"og:image\" content=\"https:\/\/brasilnoticias.org\/site\/wp-content\/uploads\/2023\/07\/adolescente-cigana-morta-sul-da-bahia_widelg-1.jpg\" \/>\n\t<meta property=\"og:image:width\" content=\"800\" \/>\n\t<meta property=\"og:image:height\" content=\"450\" \/>\n\t<meta property=\"og:image:type\" content=\"image\/jpeg\" \/>\n<meta name=\"author\" content=\"Reda\u00e7\u00e3o\" \/>\n<meta name=\"twitter:card\" content=\"summary_large_image\" \/>\n<meta name=\"twitter:label1\" content=\"Escrito por\" \/>\n\t<meta name=\"twitter:data1\" content=\"Reda\u00e7\u00e3o\" \/>\n<script type=\"application\/ld+json\" class=\"yoast-schema-graph\">{\"@context\":\"https:\/\/schema.org\",\"@graph\":[{\"@type\":\"Article\",\"@id\":\"https:\/\/brasilnoticias.org\/site\/cigana-recem-casada-de-14-anos-e-morta-com-um-tiro-no-queixo-na-ba\/#article\",\"isPartOf\":{\"@id\":\"https:\/\/brasilnoticias.org\/site\/cigana-recem-casada-de-14-anos-e-morta-com-um-tiro-no-queixo-na-ba\/\"},\"author\":{\"name\":\"Reda\u00e7\u00e3o\",\"@id\":\"https:\/\/brasilnoticias.org\/site\/#\/schema\/person\/a0e05b973ec4d15c658d51911e53507b\"},\"headline\":\"Cigana rec\u00e9m-casada de 14 anos \u00e9 morta com um tiro no queixo na BA\",\"datePublished\":\"2023-07-08T09:34:15+00:00\",\"mainEntityOfPage\":{\"@id\":\"https:\/\/brasilnoticias.org\/site\/cigana-recem-casada-de-14-anos-e-morta-com-um-tiro-no-queixo-na-ba\/\"},\"wordCount\":434,\"commentCount\":0,\"publisher\":{\"@id\":\"https:\/\/brasilnoticias.org\/site\/#organization\"},\"image\":{\"@id\":\"https:\/\/brasilnoticias.org\/site\/cigana-recem-casada-de-14-anos-e-morta-com-um-tiro-no-queixo-na-ba\/#primaryimage\"},\"thumbnailUrl\":\"https:\/\/brasilnoticias.org\/site\/wp-content\/uploads\/2023\/07\/adolescente-cigana-morta-sul-da-bahia_widelg-1.jpg\",\"articleSection\":[\"Not\u00edcias\",\"\u00daltimas\"],\"inLanguage\":\"pt-PT\",\"potentialAction\":[{\"@type\":\"CommentAction\",\"name\":\"Comment\",\"target\":[\"https:\/\/brasilnoticias.org\/site\/cigana-recem-casada-de-14-anos-e-morta-com-um-tiro-no-queixo-na-ba\/#respond\"]}]},{\"@type\":\"WebPage\",\"@id\":\"https:\/\/brasilnoticias.org\/site\/cigana-recem-casada-de-14-anos-e-morta-com-um-tiro-no-queixo-na-ba\/\",\"url\":\"https:\/\/brasilnoticias.org\/site\/cigana-recem-casada-de-14-anos-e-morta-com-um-tiro-no-queixo-na-ba\/\",\"name\":\"Cigana rec\u00e9m-casada de 14 anos \u00e9 morta com um tiro no queixo na BA - Brasil not\u00edcias\",\"isPartOf\":{\"@id\":\"https:\/\/brasilnoticias.org\/site\/#website\"},\"primaryImageOfPage\":{\"@id\":\"https:\/\/brasilnoticias.org\/site\/cigana-recem-casada-de-14-anos-e-morta-com-um-tiro-no-queixo-na-ba\/#primaryimage\"},\"image\":{\"@id\":\"https:\/\/brasilnoticias.org\/site\/cigana-recem-casada-de-14-anos-e-morta-com-um-tiro-no-queixo-na-ba\/#primaryimage\"},\"thumbnailUrl\":\"https:\/\/brasilnoticias.org\/site\/wp-content\/uploads\/2023\/07\/adolescente-cigana-morta-sul-da-bahia_widelg-1.jpg\",\"datePublished\":\"2023-07-08T09:34:15+00:00\",\"breadcrumb\":{\"@id\":\"https:\/\/brasilnoticias.org\/site\/cigana-recem-casada-de-14-anos-e-morta-com-um-tiro-no-queixo-na-ba\/#breadcrumb\"},\"inLanguage\":\"pt-PT\",\"potentialAction\":[{\"@type\":\"ReadAction\",\"target\":[\"https:\/\/brasilnoticias.org\/site\/cigana-recem-casada-de-14-anos-e-morta-com-um-tiro-no-queixo-na-ba\/\"]}]},{\"@type\":\"ImageObject\",\"inLanguage\":\"pt-PT\",\"@id\":\"https:\/\/brasilnoticias.org\/site\/cigana-recem-casada-de-14-anos-e-morta-com-um-tiro-no-queixo-na-ba\/#primaryimage\",\"url\":\"https:\/\/brasilnoticias.org\/site\/wp-content\/uploads\/2023\/07\/adolescente-cigana-morta-sul-da-bahia_widelg-1.jpg\",\"contentUrl\":\"https:\/\/brasilnoticias.org\/site\/wp-content\/uploads\/2023\/07\/adolescente-cigana-morta-sul-da-bahia_widelg-1.jpg\",\"width\":800,\"height\":450},{\"@type\":\"BreadcrumbList\",\"@id\":\"https:\/\/brasilnoticias.org\/site\/cigana-recem-casada-de-14-anos-e-morta-com-um-tiro-no-queixo-na-ba\/#breadcrumb\",\"itemListElement\":[{\"@type\":\"ListItem\",\"position\":1,\"name\":\"In\u00edcio\",\"item\":\"https:\/\/brasilnoticias.org\/site\/\"},{\"@type\":\"ListItem\",\"position\":2,\"name\":\"Cigana rec\u00e9m-casada de 14 anos \u00e9 morta com um tiro no queixo na BA\"}]},{\"@type\":\"WebSite\",\"@id\":\"https:\/\/brasilnoticias.org\/site\/#website\",\"url\":\"https:\/\/brasilnoticias.org\/site\/\",\"name\":\"Brasil not\u00edcias\",\"description\":\"Brasil not\u00edcias\",\"publisher\":{\"@id\":\"https:\/\/brasilnoticias.org\/site\/#organization\"},\"potentialAction\":[{\"@type\":\"SearchAction\",\"target\":{\"@type\":\"EntryPoint\",\"urlTemplate\":\"https:\/\/brasilnoticias.org\/site\/?s={search_term_string}\"},\"query-input\":{\"@type\":\"PropertyValueSpecification\",\"valueRequired\":true,\"valueName\":\"search_term_string\"}}],\"inLanguage\":\"pt-PT\"},{\"@type\":\"Organization\",\"@id\":\"https:\/\/brasilnoticias.org\/site\/#organization\",\"name\":\"Brasil not\u00edcias\",\"url\":\"https:\/\/brasilnoticias.org\/site\/\",\"logo\":{\"@type\":\"ImageObject\",\"inLanguage\":\"pt-PT\",\"@id\":\"https:\/\/brasilnoticias.org\/site\/#\/schema\/logo\/image\/\",\"url\":\"https:\/\/brasilnoticias.org\/site\/wp-content\/uploads\/2022\/05\/cropped-brasilnoticias-mini.jpg\",\"contentUrl\":\"https:\/\/brasilnoticias.org\/site\/wp-content\/uploads\/2022\/05\/cropped-brasilnoticias-mini.jpg\",\"width\":314,\"height\":86,\"caption\":\"Brasil not\u00edcias\"},\"image\":{\"@id\":\"https:\/\/brasilnoticias.org\/site\/#\/schema\/logo\/image\/\"}},{\"@type\":\"Person\",\"@id\":\"https:\/\/brasilnoticias.org\/site\/#\/schema\/person\/a0e05b973ec4d15c658d51911e53507b\",\"name\":\"Reda\u00e7\u00e3o\",\"image\":{\"@type\":\"ImageObject\",\"inLanguage\":\"pt-PT\",\"@id\":\"https:\/\/brasilnoticias.org\/site\/#\/schema\/person\/image\/\",\"url\":\"https:\/\/secure.gravatar.com\/avatar\/75d8b050df2de108b08ae78dfb8e374892df24a383c67db9c46a9c604f6aee9c?s=96&d=mm&r=g\",\"contentUrl\":\"https:\/\/secure.gravatar.com\/avatar\/75d8b050df2de108b08ae78dfb8e374892df24a383c67db9c46a9c604f6aee9c?s=96&d=mm&r=g\",\"caption\":\"Reda\u00e7\u00e3o\"},\"sameAs\":[\"https:\/\/brasilnoticias.org\/site\"],\"url\":\"https:\/\/brasilnoticias.org\/site\/author\/fernandozsngmail-com\/\"}]}<\/script>\n<!-- \/ Yoast SEO plugin. -->","yoast_head_json":{"title":"Cigana rec\u00e9m-casada de 14 anos \u00e9 morta com um tiro no queixo na BA - Brasil not\u00edcias","robots":{"index":"index","follow":"follow","max-snippet":"max-snippet:-1","max-image-preview":"max-image-preview:large","max-video-preview":"max-video-preview:-1"},"canonical":"https:\/\/brasilnoticias.org\/site\/cigana-recem-casada-de-14-anos-e-morta-com-um-tiro-no-queixo-na-ba\/","og_locale":"pt_PT","og_type":"article","og_title":"Cigana rec\u00e9m-casada de 14 anos \u00e9 morta com um tiro no queixo na BA - Brasil not\u00edcias","og_description":"Uma adolescente de origem cigana, de 14 anos, que se casou h\u00e1 menos de dois meses, foi morta com um","og_url":"https:\/\/brasilnoticias.org\/site\/cigana-recem-casada-de-14-anos-e-morta-com-um-tiro-no-queixo-na-ba\/","og_site_name":"Brasil not\u00edcias","article_published_time":"2023-07-08T09:34:15+00:00","og_image":[{"width":800,"height":450,"url":"https:\/\/brasilnoticias.org\/site\/wp-content\/uploads\/2023\/07\/adolescente-cigana-morta-sul-da-bahia_widelg-1.jpg","type":"image\/jpeg"}],"author":"Reda\u00e7\u00e3o","twitter_card":"summary_large_image","twitter_misc":{"Escrito por":"Reda\u00e7\u00e3o"},"schema":{"@context":"https:\/\/schema.org","@graph":[{"@type":"Article","@id":"https:\/\/brasilnoticias.org\/site\/cigana-recem-casada-de-14-anos-e-morta-com-um-tiro-no-queixo-na-ba\/#article","isPartOf":{"@id":"https:\/\/brasilnoticias.org\/site\/cigana-recem-casada-de-14-anos-e-morta-com-um-tiro-no-queixo-na-ba\/"},"author":{"name":"Reda\u00e7\u00e3o","@id":"https:\/\/brasilnoticias.org\/site\/#\/schema\/person\/a0e05b973ec4d15c658d51911e53507b"},"headline":"Cigana rec\u00e9m-casada de 14 anos \u00e9 morta com um tiro no queixo na BA","datePublished":"2023-07-08T09:34:15+00:00","mainEntityOfPage":{"@id":"https:\/\/brasilnoticias.org\/site\/cigana-recem-casada-de-14-anos-e-morta-com-um-tiro-no-queixo-na-ba\/"},"wordCount":434,"commentCount":0,"publisher":{"@id":"https:\/\/brasilnoticias.org\/site\/#organization"},"image":{"@id":"https:\/\/brasilnoticias.org\/site\/cigana-recem-casada-de-14-anos-e-morta-com-um-tiro-no-queixo-na-ba\/#primaryimage"},"thumbnailUrl":"https:\/\/brasilnoticias.org\/site\/wp-content\/uploads\/2023\/07\/adolescente-cigana-morta-sul-da-bahia_widelg-1.jpg","articleSection":["Not\u00edcias","\u00daltimas"],"inLanguage":"pt-PT","potentialAction":[{"@type":"CommentAction","name":"Comment","target":["https:\/\/brasilnoticias.org\/site\/cigana-recem-casada-de-14-anos-e-morta-com-um-tiro-no-queixo-na-ba\/#respond"]}]},{"@type":"WebPage","@id":"https:\/\/brasilnoticias.org\/site\/cigana-recem-casada-de-14-anos-e-morta-com-um-tiro-no-queixo-na-ba\/","url":"https:\/\/brasilnoticias.org\/site\/cigana-recem-casada-de-14-anos-e-morta-com-um-tiro-no-queixo-na-ba\/","name":"Cigana rec\u00e9m-casada de 14 anos \u00e9 morta com um tiro no queixo na BA - Brasil not\u00edcias","isPartOf":{"@id":"https:\/\/brasilnoticias.org\/site\/#website"},"primaryImageOfPage":{"@id":"https:\/\/brasilnoticias.org\/site\/cigana-recem-casada-de-14-anos-e-morta-com-um-tiro-no-queixo-na-ba\/#primaryimage"},"image":{"@id":"https:\/\/brasilnoticias.org\/site\/cigana-recem-casada-de-14-anos-e-morta-com-um-tiro-no-queixo-na-ba\/#primaryimage"},"thumbnailUrl":"https:\/\/brasilnoticias.org\/site\/wp-content\/uploads\/2023\/07\/adolescente-cigana-morta-sul-da-bahia_widelg-1.jpg","datePublished":"2023-07-08T09:34:15+00:00","breadcrumb":{"@id":"https:\/\/brasilnoticias.org\/site\/cigana-recem-casada-de-14-anos-e-morta-com-um-tiro-no-queixo-na-ba\/#breadcrumb"},"inLanguage":"pt-PT","potentialAction":[{"@type":"ReadAction","target":["https:\/\/brasilnoticias.org\/site\/cigana-recem-casada-de-14-anos-e-morta-com-um-tiro-no-queixo-na-ba\/"]}]},{"@type":"ImageObject","inLanguage":"pt-PT","@id":"https:\/\/brasilnoticias.org\/site\/cigana-recem-casada-de-14-anos-e-morta-com-um-tiro-no-queixo-na-ba\/#primaryimage","url":"https:\/\/brasilnoticias.org\/site\/wp-content\/uploads\/2023\/07\/adolescente-cigana-morta-sul-da-bahia_widelg-1.jpg","contentUrl":"https:\/\/brasilnoticias.org\/site\/wp-content\/uploads\/2023\/07\/adolescente-cigana-morta-sul-da-bahia_widelg-1.jpg","width":800,"height":450},{"@type":"BreadcrumbList","@id":"https:\/\/brasilnoticias.org\/site\/cigana-recem-casada-de-14-anos-e-morta-com-um-tiro-no-queixo-na-ba\/#breadcrumb","itemListElement":[{"@type":"ListItem","position":1,"name":"In\u00edcio","item":"https:\/\/brasilnoticias.org\/site\/"},{"@type":"ListItem","position":2,"name":"Cigana rec\u00e9m-casada de 14 anos \u00e9 morta com um tiro no queixo na BA"}]},{"@type":"WebSite","@id":"https:\/\/brasilnoticias.org\/site\/#website","url":"https:\/\/brasilnoticias.org\/site\/","name":"Brasil not\u00edcias","description":"Brasil not\u00edcias","publisher":{"@id":"https:\/\/brasilnoticias.org\/site\/#organization"},"potentialAction":[{"@type":"SearchAction","target":{"@type":"EntryPoint","urlTemplate":"https:\/\/brasilnoticias.org\/site\/?s={search_term_string}"},"query-input":{"@type":"PropertyValueSpecification","valueRequired":true,"valueName":"search_term_string"}}],"inLanguage":"pt-PT"},{"@type":"Organization","@id":"https:\/\/brasilnoticias.org\/site\/#organization","name":"Brasil not\u00edcias","url":"https:\/\/brasilnoticias.org\/site\/","logo":{"@type":"ImageObject","inLanguage":"pt-PT","@id":"https:\/\/brasilnoticias.org\/site\/#\/schema\/logo\/image\/","url":"https:\/\/brasilnoticias.org\/site\/wp-content\/uploads\/2022\/05\/cropped-brasilnoticias-mini.jpg","contentUrl":"https:\/\/brasilnoticias.org\/site\/wp-content\/uploads\/2022\/05\/cropped-brasilnoticias-mini.jpg","width":314,"height":86,"caption":"Brasil not\u00edcias"},"image":{"@id":"https:\/\/brasilnoticias.org\/site\/#\/schema\/logo\/image\/"}},{"@type":"Person","@id":"https:\/\/brasilnoticias.org\/site\/#\/schema\/person\/a0e05b973ec4d15c658d51911e53507b","name":"Reda\u00e7\u00e3o","image":{"@type":"ImageObject","inLanguage":"pt-PT","@id":"https:\/\/brasilnoticias.org\/site\/#\/schema\/person\/image\/","url":"https:\/\/secure.gravatar.com\/avatar\/75d8b050df2de108b08ae78dfb8e374892df24a383c67db9c46a9c604f6aee9c?s=96&d=mm&r=g","contentUrl":"https:\/\/secure.gravatar.com\/avatar\/75d8b050df2de108b08ae78dfb8e374892df24a383c67db9c46a9c604f6aee9c?s=96&d=mm&r=g","caption":"Reda\u00e7\u00e3o"},"sameAs":["https:\/\/brasilnoticias.org\/site"],"url":"https:\/\/brasilnoticias.org\/site\/author\/fernandozsngmail-com\/"}]}},"_links":{"self":[{"href":"https:\/\/brasilnoticias.org\/site\/wp-json\/wp\/v2\/posts\/7207","targetHints":{"allow":["GET"]}}],"collection":[{"href":"https:\/\/brasilnoticias.org\/site\/wp-json\/wp\/v2\/posts"}],"about":[{"href":"https:\/\/brasilnoticias.org\/site\/wp-json\/wp\/v2\/types\/post"}],"author":[{"embeddable":true,"href":"https:\/\/brasilnoticias.org\/site\/wp-json\/wp\/v2\/users\/1"}],"replies":[{"embeddable":true,"href":"https:\/\/brasilnoticias.org\/site\/wp-json\/wp\/v2\/comments?post=7207"}],"version-history":[{"count":1,"href":"https:\/\/brasilnoticias.org\/site\/wp-json\/wp\/v2\/posts\/7207\/revisions"}],"predecessor-version":[{"id":7209,"href":"https:\/\/brasilnoticias.org\/site\/wp-json\/wp\/v2\/posts\/7207\/revisions\/7209"}],"wp:featuredmedia":[{"embeddable":true,"href":"https:\/\/brasilnoticias.org\/site\/wp-json\/wp\/v2\/media\/7208"}],"wp:attachment":[{"href":"https:\/\/brasilnoticias.org\/site\/wp-json\/wp\/v2\/media?parent=7207"}],"wp:term":[{"taxonomy":"category","embeddable":true,"href":"https:\/\/brasilnoticias.org\/site\/wp-json\/wp\/v2\/categories?post=7207"},{"taxonomy":"post_tag","embeddable":true,"href":"https:\/\/brasilnoticias.org\/site\/wp-json\/wp\/v2\/tags?post=7207"}],"curies":[{"name":"wp","href":"https:\/\/api.w.org\/{rel}","templated":true}]}}