{"id":7210,"date":"2023-07-08T06:35:47","date_gmt":"2023-07-08T09:35:47","guid":{"rendered":"https:\/\/brasilnoticias.org\/site\/?p=7210"},"modified":"2023-07-08T06:35:47","modified_gmt":"2023-07-08T09:35:47","slug":"troca-de-tiros-assusta-moradores-e-visitantes-da-praia-do-forte-homem-e-preso","status":"publish","type":"post","link":"https:\/\/brasilnoticias.org\/site\/troca-de-tiros-assusta-moradores-e-visitantes-da-praia-do-forte-homem-e-preso\/","title":{"rendered":"Troca de tiros assusta moradores e visitantes da Praia do Forte: homem \u00e9 preso"},"content":{"rendered":"<p>Quem estava na Vila da Praia do Forte, no litoral norte da Bahia, na noite desta sexta-feira (07), viveu momentos de p\u00e2nico. Um lugar que costuma ser absurdamente calmo, foi palco de uma troca de tiros, que terminou com uma pris\u00e3o efetuada pelo Pelot\u00e3o de Emprego T\u00e1tico Operacional da 53\u00aa Companhia Independente de Pol\u00edcia Militar (CIPM).<\/p>\n<p>Ao realizar rondas na regi\u00e3o, os militares notaram uma a\u00e7\u00e3o suspeita de um grupo com cerca de cinco homens e, ao se aproximarem para realizar uma abordagem, acabaram sendo recebidos a tiros e revidando. Alguns conseguiram fugir, mas um deles foi alcan\u00e7ado e capturado.<\/p>\n<p>Gabriel Menezes Fran\u00e7a, que far\u00e1 22 anos no s\u00e1bado (08), j\u00e1 tem passagem por tr\u00e1fico de drogas no Rio de Janeiro e foi encaminhado para a Delegacia Territorial de Lauro de Freitas para lavratura de flagrante. De acordo com o tenente coronel Botelho, comandante da 53\u00aa CIPM, com Gabriel foram encontrados mais de 80 pinos de coca\u00edna. As buscas continuam para localizar e prender os demais integrantes do grupo criminoso.<\/p>\n<p>Foto Google Street View<br \/>\nBNews<\/p>\n","protected":false},"excerpt":{"rendered":"<p>Quem estava na Vila da Praia do Forte, no litoral norte da Bahia, na noite desta sexta-feira (07), viveu momentos<\/p>\n","protected":false},"author":1,"featured_media":7211,"comment_status":"open","ping_status":"open","sticky":false,"template":"","format":"standard","meta":{"colormag_page_container_layout":"default_layout","colormag_page_sidebar_layout":"default_layout","_FSMCFIC_featured_image_caption":"","_FSMCFIC_featured_image_nocaption":"","_FSMCFIC_featured_image_hide":"","footnotes":""},"categories":[3,1],"tags":[],"class_list":["post-7210","post","type-post","status-publish","format-standard","has-post-thumbnail","hentry","category-policia","category-ultimas"],"yoast_head":"<!-- This site is optimized with the Yoast SEO plugin v27.1.1 - https:\/\/yoast.com\/product\/yoast-seo-wordpress\/ -->\n<title>Troca de tiros assusta moradores e visitantes da Praia do Forte: homem \u00e9 preso - Brasil not\u00edcias<\/title>\n<meta name=\"robots\" content=\"index, follow, max-snippet:-1, max-image-preview:large, max-video-preview:-1\" \/>\n<link rel=\"canonical\" href=\"https:\/\/brasilnoticias.org\/site\/troca-de-tiros-assusta-moradores-e-visitantes-da-praia-do-forte-homem-e-preso\/\" \/>\n<meta property=\"og:locale\" content=\"pt_PT\" \/>\n<meta property=\"og:type\" content=\"article\" \/>\n<meta property=\"og:title\" content=\"Troca de tiros assusta moradores e visitantes da Praia do Forte: homem \u00e9 preso - Brasil not\u00edcias\" \/>\n<meta property=\"og:description\" content=\"Quem estava na Vila da Praia do Forte, no litoral norte da Bahia, na noite desta sexta-feira (07), viveu momentos\" \/>\n<meta property=\"og:url\" content=\"https:\/\/brasilnoticias.org\/site\/troca-de-tiros-assusta-moradores-e-visitantes-da-praia-do-forte-homem-e-preso\/\" \/>\n<meta property=\"og:site_name\" content=\"Brasil not\u00edcias\" \/>\n<meta property=\"article:published_time\" content=\"2023-07-08T09:35:47+00:00\" \/>\n<meta property=\"og:image\" content=\"https:\/\/brasilnoticias.org\/site\/wp-content\/uploads\/2023\/07\/praia_do_forte_widelg.jpeg\" \/>\n\t<meta property=\"og:image:width\" content=\"800\" \/>\n\t<meta property=\"og:image:height\" content=\"450\" \/>\n\t<meta property=\"og:image:type\" content=\"image\/jpeg\" \/>\n<meta name=\"author\" content=\"Reda\u00e7\u00e3o\" \/>\n<meta name=\"twitter:card\" content=\"summary_large_image\" \/>\n<meta name=\"twitter:label1\" content=\"Escrito por\" \/>\n\t<meta name=\"twitter:data1\" content=\"Reda\u00e7\u00e3o\" \/>\n<script type=\"application\/ld+json\" class=\"yoast-schema-graph\">{\"@context\":\"https:\/\/schema.org\",\"@graph\":[{\"@type\":\"Article\",\"@id\":\"https:\/\/brasilnoticias.org\/site\/troca-de-tiros-assusta-moradores-e-visitantes-da-praia-do-forte-homem-e-preso\/#article\",\"isPartOf\":{\"@id\":\"https:\/\/brasilnoticias.org\/site\/troca-de-tiros-assusta-moradores-e-visitantes-da-praia-do-forte-homem-e-preso\/\"},\"author\":{\"name\":\"Reda\u00e7\u00e3o\",\"@id\":\"https:\/\/brasilnoticias.org\/site\/#\/schema\/person\/a0e05b973ec4d15c658d51911e53507b\"},\"headline\":\"Troca de tiros assusta moradores e visitantes da Praia do Forte: homem \u00e9 preso\",\"datePublished\":\"2023-07-08T09:35:47+00:00\",\"mainEntityOfPage\":{\"@id\":\"https:\/\/brasilnoticias.org\/site\/troca-de-tiros-assusta-moradores-e-visitantes-da-praia-do-forte-homem-e-preso\/\"},\"wordCount\":194,\"commentCount\":0,\"publisher\":{\"@id\":\"https:\/\/brasilnoticias.org\/site\/#organization\"},\"image\":{\"@id\":\"https:\/\/brasilnoticias.org\/site\/troca-de-tiros-assusta-moradores-e-visitantes-da-praia-do-forte-homem-e-preso\/#primaryimage\"},\"thumbnailUrl\":\"https:\/\/brasilnoticias.org\/site\/wp-content\/uploads\/2023\/07\/praia_do_forte_widelg.jpeg\",\"articleSection\":[\"Pol\u00edcia\",\"\u00daltimas\"],\"inLanguage\":\"pt-PT\",\"potentialAction\":[{\"@type\":\"CommentAction\",\"name\":\"Comment\",\"target\":[\"https:\/\/brasilnoticias.org\/site\/troca-de-tiros-assusta-moradores-e-visitantes-da-praia-do-forte-homem-e-preso\/#respond\"]}]},{\"@type\":\"WebPage\",\"@id\":\"https:\/\/brasilnoticias.org\/site\/troca-de-tiros-assusta-moradores-e-visitantes-da-praia-do-forte-homem-e-preso\/\",\"url\":\"https:\/\/brasilnoticias.org\/site\/troca-de-tiros-assusta-moradores-e-visitantes-da-praia-do-forte-homem-e-preso\/\",\"name\":\"Troca de tiros assusta moradores e visitantes da Praia do Forte: homem \u00e9 preso - Brasil not\u00edcias\",\"isPartOf\":{\"@id\":\"https:\/\/brasilnoticias.org\/site\/#website\"},\"primaryImageOfPage\":{\"@id\":\"https:\/\/brasilnoticias.org\/site\/troca-de-tiros-assusta-moradores-e-visitantes-da-praia-do-forte-homem-e-preso\/#primaryimage\"},\"image\":{\"@id\":\"https:\/\/brasilnoticias.org\/site\/troca-de-tiros-assusta-moradores-e-visitantes-da-praia-do-forte-homem-e-preso\/#primaryimage\"},\"thumbnailUrl\":\"https:\/\/brasilnoticias.org\/site\/wp-content\/uploads\/2023\/07\/praia_do_forte_widelg.jpeg\",\"datePublished\":\"2023-07-08T09:35:47+00:00\",\"breadcrumb\":{\"@id\":\"https:\/\/brasilnoticias.org\/site\/troca-de-tiros-assusta-moradores-e-visitantes-da-praia-do-forte-homem-e-preso\/#breadcrumb\"},\"inLanguage\":\"pt-PT\",\"potentialAction\":[{\"@type\":\"ReadAction\",\"target\":[\"https:\/\/brasilnoticias.org\/site\/troca-de-tiros-assusta-moradores-e-visitantes-da-praia-do-forte-homem-e-preso\/\"]}]},{\"@type\":\"ImageObject\",\"inLanguage\":\"pt-PT\",\"@id\":\"https:\/\/brasilnoticias.org\/site\/troca-de-tiros-assusta-moradores-e-visitantes-da-praia-do-forte-homem-e-preso\/#primaryimage\",\"url\":\"https:\/\/brasilnoticias.org\/site\/wp-content\/uploads\/2023\/07\/praia_do_forte_widelg.jpeg\",\"contentUrl\":\"https:\/\/brasilnoticias.org\/site\/wp-content\/uploads\/2023\/07\/praia_do_forte_widelg.jpeg\",\"width\":800,\"height\":450},{\"@type\":\"BreadcrumbList\",\"@id\":\"https:\/\/brasilnoticias.org\/site\/troca-de-tiros-assusta-moradores-e-visitantes-da-praia-do-forte-homem-e-preso\/#breadcrumb\",\"itemListElement\":[{\"@type\":\"ListItem\",\"position\":1,\"name\":\"In\u00edcio\",\"item\":\"https:\/\/brasilnoticias.org\/site\/\"},{\"@type\":\"ListItem\",\"position\":2,\"name\":\"Troca de tiros assusta moradores e visitantes da Praia do Forte: homem \u00e9 preso\"}]},{\"@type\":\"WebSite\",\"@id\":\"https:\/\/brasilnoticias.org\/site\/#website\",\"url\":\"https:\/\/brasilnoticias.org\/site\/\",\"name\":\"Brasil not\u00edcias\",\"description\":\"Brasil not\u00edcias\",\"publisher\":{\"@id\":\"https:\/\/brasilnoticias.org\/site\/#organization\"},\"potentialAction\":[{\"@type\":\"SearchAction\",\"target\":{\"@type\":\"EntryPoint\",\"urlTemplate\":\"https:\/\/brasilnoticias.org\/site\/?s={search_term_string}\"},\"query-input\":{\"@type\":\"PropertyValueSpecification\",\"valueRequired\":true,\"valueName\":\"search_term_string\"}}],\"inLanguage\":\"pt-PT\"},{\"@type\":\"Organization\",\"@id\":\"https:\/\/brasilnoticias.org\/site\/#organization\",\"name\":\"Brasil not\u00edcias\",\"url\":\"https:\/\/brasilnoticias.org\/site\/\",\"logo\":{\"@type\":\"ImageObject\",\"inLanguage\":\"pt-PT\",\"@id\":\"https:\/\/brasilnoticias.org\/site\/#\/schema\/logo\/image\/\",\"url\":\"https:\/\/brasilnoticias.org\/site\/wp-content\/uploads\/2022\/05\/cropped-brasilnoticias-mini.jpg\",\"contentUrl\":\"https:\/\/brasilnoticias.org\/site\/wp-content\/uploads\/2022\/05\/cropped-brasilnoticias-mini.jpg\",\"width\":314,\"height\":86,\"caption\":\"Brasil not\u00edcias\"},\"image\":{\"@id\":\"https:\/\/brasilnoticias.org\/site\/#\/schema\/logo\/image\/\"}},{\"@type\":\"Person\",\"@id\":\"https:\/\/brasilnoticias.org\/site\/#\/schema\/person\/a0e05b973ec4d15c658d51911e53507b\",\"name\":\"Reda\u00e7\u00e3o\",\"image\":{\"@type\":\"ImageObject\",\"inLanguage\":\"pt-PT\",\"@id\":\"https:\/\/brasilnoticias.org\/site\/#\/schema\/person\/image\/\",\"url\":\"https:\/\/secure.gravatar.com\/avatar\/75d8b050df2de108b08ae78dfb8e374892df24a383c67db9c46a9c604f6aee9c?s=96&d=mm&r=g\",\"contentUrl\":\"https:\/\/secure.gravatar.com\/avatar\/75d8b050df2de108b08ae78dfb8e374892df24a383c67db9c46a9c604f6aee9c?s=96&d=mm&r=g\",\"caption\":\"Reda\u00e7\u00e3o\"},\"sameAs\":[\"https:\/\/brasilnoticias.org\/site\"],\"url\":\"https:\/\/brasilnoticias.org\/site\/author\/fernandozsngmail-com\/\"}]}<\/script>\n<!-- \/ Yoast SEO plugin. -->","yoast_head_json":{"title":"Troca de tiros assusta moradores e visitantes da Praia do Forte: homem \u00e9 preso - Brasil not\u00edcias","robots":{"index":"index","follow":"follow","max-snippet":"max-snippet:-1","max-image-preview":"max-image-preview:large","max-video-preview":"max-video-preview:-1"},"canonical":"https:\/\/brasilnoticias.org\/site\/troca-de-tiros-assusta-moradores-e-visitantes-da-praia-do-forte-homem-e-preso\/","og_locale":"pt_PT","og_type":"article","og_title":"Troca de tiros assusta moradores e visitantes da Praia do Forte: homem \u00e9 preso - Brasil not\u00edcias","og_description":"Quem estava na Vila da Praia do Forte, no litoral norte da Bahia, na noite desta sexta-feira (07), viveu momentos","og_url":"https:\/\/brasilnoticias.org\/site\/troca-de-tiros-assusta-moradores-e-visitantes-da-praia-do-forte-homem-e-preso\/","og_site_name":"Brasil not\u00edcias","article_published_time":"2023-07-08T09:35:47+00:00","og_image":[{"width":800,"height":450,"url":"https:\/\/brasilnoticias.org\/site\/wp-content\/uploads\/2023\/07\/praia_do_forte_widelg.jpeg","type":"image\/jpeg"}],"author":"Reda\u00e7\u00e3o","twitter_card":"summary_large_image","twitter_misc":{"Escrito por":"Reda\u00e7\u00e3o"},"schema":{"@context":"https:\/\/schema.org","@graph":[{"@type":"Article","@id":"https:\/\/brasilnoticias.org\/site\/troca-de-tiros-assusta-moradores-e-visitantes-da-praia-do-forte-homem-e-preso\/#article","isPartOf":{"@id":"https:\/\/brasilnoticias.org\/site\/troca-de-tiros-assusta-moradores-e-visitantes-da-praia-do-forte-homem-e-preso\/"},"author":{"name":"Reda\u00e7\u00e3o","@id":"https:\/\/brasilnoticias.org\/site\/#\/schema\/person\/a0e05b973ec4d15c658d51911e53507b"},"headline":"Troca de tiros assusta moradores e visitantes da Praia do Forte: homem \u00e9 preso","datePublished":"2023-07-08T09:35:47+00:00","mainEntityOfPage":{"@id":"https:\/\/brasilnoticias.org\/site\/troca-de-tiros-assusta-moradores-e-visitantes-da-praia-do-forte-homem-e-preso\/"},"wordCount":194,"commentCount":0,"publisher":{"@id":"https:\/\/brasilnoticias.org\/site\/#organization"},"image":{"@id":"https:\/\/brasilnoticias.org\/site\/troca-de-tiros-assusta-moradores-e-visitantes-da-praia-do-forte-homem-e-preso\/#primaryimage"},"thumbnailUrl":"https:\/\/brasilnoticias.org\/site\/wp-content\/uploads\/2023\/07\/praia_do_forte_widelg.jpeg","articleSection":["Pol\u00edcia","\u00daltimas"],"inLanguage":"pt-PT","potentialAction":[{"@type":"CommentAction","name":"Comment","target":["https:\/\/brasilnoticias.org\/site\/troca-de-tiros-assusta-moradores-e-visitantes-da-praia-do-forte-homem-e-preso\/#respond"]}]},{"@type":"WebPage","@id":"https:\/\/brasilnoticias.org\/site\/troca-de-tiros-assusta-moradores-e-visitantes-da-praia-do-forte-homem-e-preso\/","url":"https:\/\/brasilnoticias.org\/site\/troca-de-tiros-assusta-moradores-e-visitantes-da-praia-do-forte-homem-e-preso\/","name":"Troca de tiros assusta moradores e visitantes da Praia do Forte: homem \u00e9 preso - Brasil not\u00edcias","isPartOf":{"@id":"https:\/\/brasilnoticias.org\/site\/#website"},"primaryImageOfPage":{"@id":"https:\/\/brasilnoticias.org\/site\/troca-de-tiros-assusta-moradores-e-visitantes-da-praia-do-forte-homem-e-preso\/#primaryimage"},"image":{"@id":"https:\/\/brasilnoticias.org\/site\/troca-de-tiros-assusta-moradores-e-visitantes-da-praia-do-forte-homem-e-preso\/#primaryimage"},"thumbnailUrl":"https:\/\/brasilnoticias.org\/site\/wp-content\/uploads\/2023\/07\/praia_do_forte_widelg.jpeg","datePublished":"2023-07-08T09:35:47+00:00","breadcrumb":{"@id":"https:\/\/brasilnoticias.org\/site\/troca-de-tiros-assusta-moradores-e-visitantes-da-praia-do-forte-homem-e-preso\/#breadcrumb"},"inLanguage":"pt-PT","potentialAction":[{"@type":"ReadAction","target":["https:\/\/brasilnoticias.org\/site\/troca-de-tiros-assusta-moradores-e-visitantes-da-praia-do-forte-homem-e-preso\/"]}]},{"@type":"ImageObject","inLanguage":"pt-PT","@id":"https:\/\/brasilnoticias.org\/site\/troca-de-tiros-assusta-moradores-e-visitantes-da-praia-do-forte-homem-e-preso\/#primaryimage","url":"https:\/\/brasilnoticias.org\/site\/wp-content\/uploads\/2023\/07\/praia_do_forte_widelg.jpeg","contentUrl":"https:\/\/brasilnoticias.org\/site\/wp-content\/uploads\/2023\/07\/praia_do_forte_widelg.jpeg","width":800,"height":450},{"@type":"BreadcrumbList","@id":"https:\/\/brasilnoticias.org\/site\/troca-de-tiros-assusta-moradores-e-visitantes-da-praia-do-forte-homem-e-preso\/#breadcrumb","itemListElement":[{"@type":"ListItem","position":1,"name":"In\u00edcio","item":"https:\/\/brasilnoticias.org\/site\/"},{"@type":"ListItem","position":2,"name":"Troca de tiros assusta moradores e visitantes da Praia do Forte: homem \u00e9 preso"}]},{"@type":"WebSite","@id":"https:\/\/brasilnoticias.org\/site\/#website","url":"https:\/\/brasilnoticias.org\/site\/","name":"Brasil not\u00edcias","description":"Brasil not\u00edcias","publisher":{"@id":"https:\/\/brasilnoticias.org\/site\/#organization"},"potentialAction":[{"@type":"SearchAction","target":{"@type":"EntryPoint","urlTemplate":"https:\/\/brasilnoticias.org\/site\/?s={search_term_string}"},"query-input":{"@type":"PropertyValueSpecification","valueRequired":true,"valueName":"search_term_string"}}],"inLanguage":"pt-PT"},{"@type":"Organization","@id":"https:\/\/brasilnoticias.org\/site\/#organization","name":"Brasil not\u00edcias","url":"https:\/\/brasilnoticias.org\/site\/","logo":{"@type":"ImageObject","inLanguage":"pt-PT","@id":"https:\/\/brasilnoticias.org\/site\/#\/schema\/logo\/image\/","url":"https:\/\/brasilnoticias.org\/site\/wp-content\/uploads\/2022\/05\/cropped-brasilnoticias-mini.jpg","contentUrl":"https:\/\/brasilnoticias.org\/site\/wp-content\/uploads\/2022\/05\/cropped-brasilnoticias-mini.jpg","width":314,"height":86,"caption":"Brasil not\u00edcias"},"image":{"@id":"https:\/\/brasilnoticias.org\/site\/#\/schema\/logo\/image\/"}},{"@type":"Person","@id":"https:\/\/brasilnoticias.org\/site\/#\/schema\/person\/a0e05b973ec4d15c658d51911e53507b","name":"Reda\u00e7\u00e3o","image":{"@type":"ImageObject","inLanguage":"pt-PT","@id":"https:\/\/brasilnoticias.org\/site\/#\/schema\/person\/image\/","url":"https:\/\/secure.gravatar.com\/avatar\/75d8b050df2de108b08ae78dfb8e374892df24a383c67db9c46a9c604f6aee9c?s=96&d=mm&r=g","contentUrl":"https:\/\/secure.gravatar.com\/avatar\/75d8b050df2de108b08ae78dfb8e374892df24a383c67db9c46a9c604f6aee9c?s=96&d=mm&r=g","caption":"Reda\u00e7\u00e3o"},"sameAs":["https:\/\/brasilnoticias.org\/site"],"url":"https:\/\/brasilnoticias.org\/site\/author\/fernandozsngmail-com\/"}]}},"_links":{"self":[{"href":"https:\/\/brasilnoticias.org\/site\/wp-json\/wp\/v2\/posts\/7210","targetHints":{"allow":["GET"]}}],"collection":[{"href":"https:\/\/brasilnoticias.org\/site\/wp-json\/wp\/v2\/posts"}],"about":[{"href":"https:\/\/brasilnoticias.org\/site\/wp-json\/wp\/v2\/types\/post"}],"author":[{"embeddable":true,"href":"https:\/\/brasilnoticias.org\/site\/wp-json\/wp\/v2\/users\/1"}],"replies":[{"embeddable":true,"href":"https:\/\/brasilnoticias.org\/site\/wp-json\/wp\/v2\/comments?post=7210"}],"version-history":[{"count":1,"href":"https:\/\/brasilnoticias.org\/site\/wp-json\/wp\/v2\/posts\/7210\/revisions"}],"predecessor-version":[{"id":7212,"href":"https:\/\/brasilnoticias.org\/site\/wp-json\/wp\/v2\/posts\/7210\/revisions\/7212"}],"wp:featuredmedia":[{"embeddable":true,"href":"https:\/\/brasilnoticias.org\/site\/wp-json\/wp\/v2\/media\/7211"}],"wp:attachment":[{"href":"https:\/\/brasilnoticias.org\/site\/wp-json\/wp\/v2\/media?parent=7210"}],"wp:term":[{"taxonomy":"category","embeddable":true,"href":"https:\/\/brasilnoticias.org\/site\/wp-json\/wp\/v2\/categories?post=7210"},{"taxonomy":"post_tag","embeddable":true,"href":"https:\/\/brasilnoticias.org\/site\/wp-json\/wp\/v2\/tags?post=7210"}],"curies":[{"name":"wp","href":"https:\/\/api.w.org\/{rel}","templated":true}]}}