{"id":7216,"date":"2023-07-08T06:40:42","date_gmt":"2023-07-08T09:40:42","guid":{"rendered":"https:\/\/brasilnoticias.org\/site\/?p=7216"},"modified":"2023-07-08T06:40:42","modified_gmt":"2023-07-08T09:40:42","slug":"governo-lula-anuncia-fim-de-programa-para-baratear-carros-populares","status":"publish","type":"post","link":"https:\/\/brasilnoticias.org\/site\/governo-lula-anuncia-fim-de-programa-para-baratear-carros-populares\/","title":{"rendered":"Governo Lula anuncia fim de programa para baratear carros populares"},"content":{"rendered":"<p>O governo Lula (PT) anunciou, nesta sexta-feira (7), o fim do programa de descontos para baratear carros populares, um m\u00eas ap\u00f3s o seu lan\u00e7amento. Inicialmente, a previs\u00e3o era de que durasse entre tr\u00eas e quatro meses. Com a libera\u00e7\u00e3o de todos os recursos disponibilizados para as montadoras, a estimativa do governo \u00e9 que 125 mil ve\u00edculos tenham sido vendidos durante a iniciativa.<\/p>\n<p>O programa continua para compra de caminh\u00f5es, \u00f4nibus e vans. As informa\u00e7\u00f5es foram divulgadas pelo vice-presidente e ministro do Desenvolvimento, Ind\u00fastria e Com\u00e9rcio Exterior, Geraldo Alckmin, em entrevista coletiva a jornalistas. Segundo ele, o programa &#8220;deu f\u00f4lego \u00e0 cadeia automotiva&#8221;. Para pessoas f\u00edsicas foram disponibilizados R$ 500 milh\u00f5es em cr\u00e9ditos, com a aquisi\u00e7\u00e3o de 95 mil ve\u00edculos.<\/p>\n<p>No dia 30 de junho, foram emplacados 27 mil ve\u00edculos, segundo o ministro esse \u00e9 o maior n\u00famero j\u00e1 registrado na s\u00e9rie hist\u00f3rica. &#8220;Se voc\u00ea pegar o auge da ind\u00fastria, foi a produ\u00e7\u00e3o de 3,8 milh\u00f5es de ve\u00edculos. Esse foi o auge. Hoje, a produ\u00e7\u00e3o \u00e9 2,3 milh\u00f5es. Naquele per\u00edodo, dos 3,8 milh\u00f5es, n\u00e3o teve um dia que emplacou 27 mil ve\u00edculos&#8221;, disse.<\/p>\n<p>Os descontos foram de R$ 2 mil a R$ 8 mil para carros de pequeno porte, com valor total de at\u00e9 R$ 120 mil. Mais cedo nesta sexta-feira, o ministro da Fazenda, Fernando Haddad, j\u00e1 tinha dito que n\u00e3o havia mais &#8220;espa\u00e7o fiscal&#8221; para a amplia\u00e7\u00e3o da iniciativa.<\/p>\n<p>Foto: Getty Imagens<br \/>\nPor: Metro1<\/p>\n","protected":false},"excerpt":{"rendered":"<p>O governo Lula (PT) anunciou, nesta sexta-feira (7), o fim do programa de descontos para baratear carros populares, um m\u00eas<\/p>\n","protected":false},"author":1,"featured_media":7217,"comment_status":"open","ping_status":"open","sticky":false,"template":"","format":"standard","meta":{"colormag_page_container_layout":"default_layout","colormag_page_sidebar_layout":"default_layout","_FSMCFIC_featured_image_caption":"","_FSMCFIC_featured_image_nocaption":"","_FSMCFIC_featured_image_hide":"","footnotes":""},"categories":[2,1],"tags":[],"class_list":["post-7216","post","type-post","status-publish","format-standard","has-post-thumbnail","hentry","category-noticias","category-ultimas"],"yoast_head":"<!-- This site is optimized with the Yoast SEO plugin v27.1.1 - https:\/\/yoast.com\/product\/yoast-seo-wordpress\/ -->\n<title>Governo Lula anuncia fim de programa para baratear carros populares - Brasil not\u00edcias<\/title>\n<meta name=\"robots\" content=\"index, follow, max-snippet:-1, max-image-preview:large, max-video-preview:-1\" \/>\n<link rel=\"canonical\" href=\"https:\/\/brasilnoticias.org\/site\/governo-lula-anuncia-fim-de-programa-para-baratear-carros-populares\/\" \/>\n<meta property=\"og:locale\" content=\"pt_PT\" \/>\n<meta property=\"og:type\" content=\"article\" \/>\n<meta property=\"og:title\" content=\"Governo Lula anuncia fim de programa para baratear carros populares - Brasil not\u00edcias\" \/>\n<meta property=\"og:description\" content=\"O governo Lula (PT) anunciou, nesta sexta-feira (7), o fim do programa de descontos para baratear carros populares, um m\u00eas\" \/>\n<meta property=\"og:url\" content=\"https:\/\/brasilnoticias.org\/site\/governo-lula-anuncia-fim-de-programa-para-baratear-carros-populares\/\" \/>\n<meta property=\"og:site_name\" content=\"Brasil not\u00edcias\" \/>\n<meta property=\"article:published_time\" content=\"2023-07-08T09:40:42+00:00\" \/>\n<meta property=\"og:image\" content=\"https:\/\/brasilnoticias.org\/site\/wp-content\/uploads\/2023\/07\/138427governo-lula-anuncia-fim-de-programa-para-baratear-carros-populares-3.jpg\" \/>\n\t<meta property=\"og:image:width\" content=\"1600\" \/>\n\t<meta property=\"og:image:height\" content=\"752\" \/>\n\t<meta property=\"og:image:type\" content=\"image\/jpeg\" \/>\n<meta name=\"author\" content=\"Reda\u00e7\u00e3o\" \/>\n<meta name=\"twitter:card\" content=\"summary_large_image\" \/>\n<meta name=\"twitter:label1\" content=\"Escrito por\" \/>\n\t<meta name=\"twitter:data1\" content=\"Reda\u00e7\u00e3o\" \/>\n<script type=\"application\/ld+json\" class=\"yoast-schema-graph\">{\"@context\":\"https:\/\/schema.org\",\"@graph\":[{\"@type\":\"Article\",\"@id\":\"https:\/\/brasilnoticias.org\/site\/governo-lula-anuncia-fim-de-programa-para-baratear-carros-populares\/#article\",\"isPartOf\":{\"@id\":\"https:\/\/brasilnoticias.org\/site\/governo-lula-anuncia-fim-de-programa-para-baratear-carros-populares\/\"},\"author\":{\"name\":\"Reda\u00e7\u00e3o\",\"@id\":\"https:\/\/brasilnoticias.org\/site\/#\/schema\/person\/a0e05b973ec4d15c658d51911e53507b\"},\"headline\":\"Governo Lula anuncia fim de programa para baratear carros populares\",\"datePublished\":\"2023-07-08T09:40:42+00:00\",\"mainEntityOfPage\":{\"@id\":\"https:\/\/brasilnoticias.org\/site\/governo-lula-anuncia-fim-de-programa-para-baratear-carros-populares\/\"},\"wordCount\":262,\"commentCount\":0,\"publisher\":{\"@id\":\"https:\/\/brasilnoticias.org\/site\/#organization\"},\"image\":{\"@id\":\"https:\/\/brasilnoticias.org\/site\/governo-lula-anuncia-fim-de-programa-para-baratear-carros-populares\/#primaryimage\"},\"thumbnailUrl\":\"https:\/\/brasilnoticias.org\/site\/wp-content\/uploads\/2023\/07\/138427governo-lula-anuncia-fim-de-programa-para-baratear-carros-populares-3.jpg\",\"articleSection\":[\"Not\u00edcias\",\"\u00daltimas\"],\"inLanguage\":\"pt-PT\",\"potentialAction\":[{\"@type\":\"CommentAction\",\"name\":\"Comment\",\"target\":[\"https:\/\/brasilnoticias.org\/site\/governo-lula-anuncia-fim-de-programa-para-baratear-carros-populares\/#respond\"]}]},{\"@type\":\"WebPage\",\"@id\":\"https:\/\/brasilnoticias.org\/site\/governo-lula-anuncia-fim-de-programa-para-baratear-carros-populares\/\",\"url\":\"https:\/\/brasilnoticias.org\/site\/governo-lula-anuncia-fim-de-programa-para-baratear-carros-populares\/\",\"name\":\"Governo Lula anuncia fim de programa para baratear carros populares - Brasil not\u00edcias\",\"isPartOf\":{\"@id\":\"https:\/\/brasilnoticias.org\/site\/#website\"},\"primaryImageOfPage\":{\"@id\":\"https:\/\/brasilnoticias.org\/site\/governo-lula-anuncia-fim-de-programa-para-baratear-carros-populares\/#primaryimage\"},\"image\":{\"@id\":\"https:\/\/brasilnoticias.org\/site\/governo-lula-anuncia-fim-de-programa-para-baratear-carros-populares\/#primaryimage\"},\"thumbnailUrl\":\"https:\/\/brasilnoticias.org\/site\/wp-content\/uploads\/2023\/07\/138427governo-lula-anuncia-fim-de-programa-para-baratear-carros-populares-3.jpg\",\"datePublished\":\"2023-07-08T09:40:42+00:00\",\"breadcrumb\":{\"@id\":\"https:\/\/brasilnoticias.org\/site\/governo-lula-anuncia-fim-de-programa-para-baratear-carros-populares\/#breadcrumb\"},\"inLanguage\":\"pt-PT\",\"potentialAction\":[{\"@type\":\"ReadAction\",\"target\":[\"https:\/\/brasilnoticias.org\/site\/governo-lula-anuncia-fim-de-programa-para-baratear-carros-populares\/\"]}]},{\"@type\":\"ImageObject\",\"inLanguage\":\"pt-PT\",\"@id\":\"https:\/\/brasilnoticias.org\/site\/governo-lula-anuncia-fim-de-programa-para-baratear-carros-populares\/#primaryimage\",\"url\":\"https:\/\/brasilnoticias.org\/site\/wp-content\/uploads\/2023\/07\/138427governo-lula-anuncia-fim-de-programa-para-baratear-carros-populares-3.jpg\",\"contentUrl\":\"https:\/\/brasilnoticias.org\/site\/wp-content\/uploads\/2023\/07\/138427governo-lula-anuncia-fim-de-programa-para-baratear-carros-populares-3.jpg\",\"width\":1600,\"height\":752},{\"@type\":\"BreadcrumbList\",\"@id\":\"https:\/\/brasilnoticias.org\/site\/governo-lula-anuncia-fim-de-programa-para-baratear-carros-populares\/#breadcrumb\",\"itemListElement\":[{\"@type\":\"ListItem\",\"position\":1,\"name\":\"In\u00edcio\",\"item\":\"https:\/\/brasilnoticias.org\/site\/\"},{\"@type\":\"ListItem\",\"position\":2,\"name\":\"Governo Lula anuncia fim de programa para baratear carros populares\"}]},{\"@type\":\"WebSite\",\"@id\":\"https:\/\/brasilnoticias.org\/site\/#website\",\"url\":\"https:\/\/brasilnoticias.org\/site\/\",\"name\":\"Brasil not\u00edcias\",\"description\":\"Brasil not\u00edcias\",\"publisher\":{\"@id\":\"https:\/\/brasilnoticias.org\/site\/#organization\"},\"potentialAction\":[{\"@type\":\"SearchAction\",\"target\":{\"@type\":\"EntryPoint\",\"urlTemplate\":\"https:\/\/brasilnoticias.org\/site\/?s={search_term_string}\"},\"query-input\":{\"@type\":\"PropertyValueSpecification\",\"valueRequired\":true,\"valueName\":\"search_term_string\"}}],\"inLanguage\":\"pt-PT\"},{\"@type\":\"Organization\",\"@id\":\"https:\/\/brasilnoticias.org\/site\/#organization\",\"name\":\"Brasil not\u00edcias\",\"url\":\"https:\/\/brasilnoticias.org\/site\/\",\"logo\":{\"@type\":\"ImageObject\",\"inLanguage\":\"pt-PT\",\"@id\":\"https:\/\/brasilnoticias.org\/site\/#\/schema\/logo\/image\/\",\"url\":\"https:\/\/brasilnoticias.org\/site\/wp-content\/uploads\/2022\/05\/cropped-brasilnoticias-mini.jpg\",\"contentUrl\":\"https:\/\/brasilnoticias.org\/site\/wp-content\/uploads\/2022\/05\/cropped-brasilnoticias-mini.jpg\",\"width\":314,\"height\":86,\"caption\":\"Brasil not\u00edcias\"},\"image\":{\"@id\":\"https:\/\/brasilnoticias.org\/site\/#\/schema\/logo\/image\/\"}},{\"@type\":\"Person\",\"@id\":\"https:\/\/brasilnoticias.org\/site\/#\/schema\/person\/a0e05b973ec4d15c658d51911e53507b\",\"name\":\"Reda\u00e7\u00e3o\",\"image\":{\"@type\":\"ImageObject\",\"inLanguage\":\"pt-PT\",\"@id\":\"https:\/\/brasilnoticias.org\/site\/#\/schema\/person\/image\/\",\"url\":\"https:\/\/secure.gravatar.com\/avatar\/75d8b050df2de108b08ae78dfb8e374892df24a383c67db9c46a9c604f6aee9c?s=96&d=mm&r=g\",\"contentUrl\":\"https:\/\/secure.gravatar.com\/avatar\/75d8b050df2de108b08ae78dfb8e374892df24a383c67db9c46a9c604f6aee9c?s=96&d=mm&r=g\",\"caption\":\"Reda\u00e7\u00e3o\"},\"sameAs\":[\"https:\/\/brasilnoticias.org\/site\"],\"url\":\"https:\/\/brasilnoticias.org\/site\/author\/fernandozsngmail-com\/\"}]}<\/script>\n<!-- \/ Yoast SEO plugin. -->","yoast_head_json":{"title":"Governo Lula anuncia fim de programa para baratear carros populares - Brasil not\u00edcias","robots":{"index":"index","follow":"follow","max-snippet":"max-snippet:-1","max-image-preview":"max-image-preview:large","max-video-preview":"max-video-preview:-1"},"canonical":"https:\/\/brasilnoticias.org\/site\/governo-lula-anuncia-fim-de-programa-para-baratear-carros-populares\/","og_locale":"pt_PT","og_type":"article","og_title":"Governo Lula anuncia fim de programa para baratear carros populares - Brasil not\u00edcias","og_description":"O governo Lula (PT) anunciou, nesta sexta-feira (7), o fim do programa de descontos para baratear carros populares, um m\u00eas","og_url":"https:\/\/brasilnoticias.org\/site\/governo-lula-anuncia-fim-de-programa-para-baratear-carros-populares\/","og_site_name":"Brasil not\u00edcias","article_published_time":"2023-07-08T09:40:42+00:00","og_image":[{"width":1600,"height":752,"url":"https:\/\/brasilnoticias.org\/site\/wp-content\/uploads\/2023\/07\/138427governo-lula-anuncia-fim-de-programa-para-baratear-carros-populares-3.jpg","type":"image\/jpeg"}],"author":"Reda\u00e7\u00e3o","twitter_card":"summary_large_image","twitter_misc":{"Escrito por":"Reda\u00e7\u00e3o"},"schema":{"@context":"https:\/\/schema.org","@graph":[{"@type":"Article","@id":"https:\/\/brasilnoticias.org\/site\/governo-lula-anuncia-fim-de-programa-para-baratear-carros-populares\/#article","isPartOf":{"@id":"https:\/\/brasilnoticias.org\/site\/governo-lula-anuncia-fim-de-programa-para-baratear-carros-populares\/"},"author":{"name":"Reda\u00e7\u00e3o","@id":"https:\/\/brasilnoticias.org\/site\/#\/schema\/person\/a0e05b973ec4d15c658d51911e53507b"},"headline":"Governo Lula anuncia fim de programa para baratear carros populares","datePublished":"2023-07-08T09:40:42+00:00","mainEntityOfPage":{"@id":"https:\/\/brasilnoticias.org\/site\/governo-lula-anuncia-fim-de-programa-para-baratear-carros-populares\/"},"wordCount":262,"commentCount":0,"publisher":{"@id":"https:\/\/brasilnoticias.org\/site\/#organization"},"image":{"@id":"https:\/\/brasilnoticias.org\/site\/governo-lula-anuncia-fim-de-programa-para-baratear-carros-populares\/#primaryimage"},"thumbnailUrl":"https:\/\/brasilnoticias.org\/site\/wp-content\/uploads\/2023\/07\/138427governo-lula-anuncia-fim-de-programa-para-baratear-carros-populares-3.jpg","articleSection":["Not\u00edcias","\u00daltimas"],"inLanguage":"pt-PT","potentialAction":[{"@type":"CommentAction","name":"Comment","target":["https:\/\/brasilnoticias.org\/site\/governo-lula-anuncia-fim-de-programa-para-baratear-carros-populares\/#respond"]}]},{"@type":"WebPage","@id":"https:\/\/brasilnoticias.org\/site\/governo-lula-anuncia-fim-de-programa-para-baratear-carros-populares\/","url":"https:\/\/brasilnoticias.org\/site\/governo-lula-anuncia-fim-de-programa-para-baratear-carros-populares\/","name":"Governo Lula anuncia fim de programa para baratear carros populares - Brasil not\u00edcias","isPartOf":{"@id":"https:\/\/brasilnoticias.org\/site\/#website"},"primaryImageOfPage":{"@id":"https:\/\/brasilnoticias.org\/site\/governo-lula-anuncia-fim-de-programa-para-baratear-carros-populares\/#primaryimage"},"image":{"@id":"https:\/\/brasilnoticias.org\/site\/governo-lula-anuncia-fim-de-programa-para-baratear-carros-populares\/#primaryimage"},"thumbnailUrl":"https:\/\/brasilnoticias.org\/site\/wp-content\/uploads\/2023\/07\/138427governo-lula-anuncia-fim-de-programa-para-baratear-carros-populares-3.jpg","datePublished":"2023-07-08T09:40:42+00:00","breadcrumb":{"@id":"https:\/\/brasilnoticias.org\/site\/governo-lula-anuncia-fim-de-programa-para-baratear-carros-populares\/#breadcrumb"},"inLanguage":"pt-PT","potentialAction":[{"@type":"ReadAction","target":["https:\/\/brasilnoticias.org\/site\/governo-lula-anuncia-fim-de-programa-para-baratear-carros-populares\/"]}]},{"@type":"ImageObject","inLanguage":"pt-PT","@id":"https:\/\/brasilnoticias.org\/site\/governo-lula-anuncia-fim-de-programa-para-baratear-carros-populares\/#primaryimage","url":"https:\/\/brasilnoticias.org\/site\/wp-content\/uploads\/2023\/07\/138427governo-lula-anuncia-fim-de-programa-para-baratear-carros-populares-3.jpg","contentUrl":"https:\/\/brasilnoticias.org\/site\/wp-content\/uploads\/2023\/07\/138427governo-lula-anuncia-fim-de-programa-para-baratear-carros-populares-3.jpg","width":1600,"height":752},{"@type":"BreadcrumbList","@id":"https:\/\/brasilnoticias.org\/site\/governo-lula-anuncia-fim-de-programa-para-baratear-carros-populares\/#breadcrumb","itemListElement":[{"@type":"ListItem","position":1,"name":"In\u00edcio","item":"https:\/\/brasilnoticias.org\/site\/"},{"@type":"ListItem","position":2,"name":"Governo Lula anuncia fim de programa para baratear carros populares"}]},{"@type":"WebSite","@id":"https:\/\/brasilnoticias.org\/site\/#website","url":"https:\/\/brasilnoticias.org\/site\/","name":"Brasil not\u00edcias","description":"Brasil not\u00edcias","publisher":{"@id":"https:\/\/brasilnoticias.org\/site\/#organization"},"potentialAction":[{"@type":"SearchAction","target":{"@type":"EntryPoint","urlTemplate":"https:\/\/brasilnoticias.org\/site\/?s={search_term_string}"},"query-input":{"@type":"PropertyValueSpecification","valueRequired":true,"valueName":"search_term_string"}}],"inLanguage":"pt-PT"},{"@type":"Organization","@id":"https:\/\/brasilnoticias.org\/site\/#organization","name":"Brasil not\u00edcias","url":"https:\/\/brasilnoticias.org\/site\/","logo":{"@type":"ImageObject","inLanguage":"pt-PT","@id":"https:\/\/brasilnoticias.org\/site\/#\/schema\/logo\/image\/","url":"https:\/\/brasilnoticias.org\/site\/wp-content\/uploads\/2022\/05\/cropped-brasilnoticias-mini.jpg","contentUrl":"https:\/\/brasilnoticias.org\/site\/wp-content\/uploads\/2022\/05\/cropped-brasilnoticias-mini.jpg","width":314,"height":86,"caption":"Brasil not\u00edcias"},"image":{"@id":"https:\/\/brasilnoticias.org\/site\/#\/schema\/logo\/image\/"}},{"@type":"Person","@id":"https:\/\/brasilnoticias.org\/site\/#\/schema\/person\/a0e05b973ec4d15c658d51911e53507b","name":"Reda\u00e7\u00e3o","image":{"@type":"ImageObject","inLanguage":"pt-PT","@id":"https:\/\/brasilnoticias.org\/site\/#\/schema\/person\/image\/","url":"https:\/\/secure.gravatar.com\/avatar\/75d8b050df2de108b08ae78dfb8e374892df24a383c67db9c46a9c604f6aee9c?s=96&d=mm&r=g","contentUrl":"https:\/\/secure.gravatar.com\/avatar\/75d8b050df2de108b08ae78dfb8e374892df24a383c67db9c46a9c604f6aee9c?s=96&d=mm&r=g","caption":"Reda\u00e7\u00e3o"},"sameAs":["https:\/\/brasilnoticias.org\/site"],"url":"https:\/\/brasilnoticias.org\/site\/author\/fernandozsngmail-com\/"}]}},"_links":{"self":[{"href":"https:\/\/brasilnoticias.org\/site\/wp-json\/wp\/v2\/posts\/7216","targetHints":{"allow":["GET"]}}],"collection":[{"href":"https:\/\/brasilnoticias.org\/site\/wp-json\/wp\/v2\/posts"}],"about":[{"href":"https:\/\/brasilnoticias.org\/site\/wp-json\/wp\/v2\/types\/post"}],"author":[{"embeddable":true,"href":"https:\/\/brasilnoticias.org\/site\/wp-json\/wp\/v2\/users\/1"}],"replies":[{"embeddable":true,"href":"https:\/\/brasilnoticias.org\/site\/wp-json\/wp\/v2\/comments?post=7216"}],"version-history":[{"count":1,"href":"https:\/\/brasilnoticias.org\/site\/wp-json\/wp\/v2\/posts\/7216\/revisions"}],"predecessor-version":[{"id":7218,"href":"https:\/\/brasilnoticias.org\/site\/wp-json\/wp\/v2\/posts\/7216\/revisions\/7218"}],"wp:featuredmedia":[{"embeddable":true,"href":"https:\/\/brasilnoticias.org\/site\/wp-json\/wp\/v2\/media\/7217"}],"wp:attachment":[{"href":"https:\/\/brasilnoticias.org\/site\/wp-json\/wp\/v2\/media?parent=7216"}],"wp:term":[{"taxonomy":"category","embeddable":true,"href":"https:\/\/brasilnoticias.org\/site\/wp-json\/wp\/v2\/categories?post=7216"},{"taxonomy":"post_tag","embeddable":true,"href":"https:\/\/brasilnoticias.org\/site\/wp-json\/wp\/v2\/tags?post=7216"}],"curies":[{"name":"wp","href":"https:\/\/api.w.org\/{rel}","templated":true}]}}