{"id":7219,"date":"2023-07-08T18:00:16","date_gmt":"2023-07-08T21:00:16","guid":{"rendered":"https:\/\/brasilnoticias.org\/site\/?p=7219"},"modified":"2023-07-08T12:56:05","modified_gmt":"2023-07-08T15:56:05","slug":"marcos-mion-recebe-oferta-milionaria-para-deixar-globo-diz-colunista","status":"publish","type":"post","link":"https:\/\/brasilnoticias.org\/site\/marcos-mion-recebe-oferta-milionaria-para-deixar-globo-diz-colunista\/","title":{"rendered":"Marcos Mion recebe oferta milion\u00e1ria para deixar Globo, diz colunista"},"content":{"rendered":"<p>Marcos Mion, de 44 anos, vem fazendo um sucesso tremendo nas tardes de s\u00e1bado da TV Globo desde sua estreia no \u201cCaldeir\u00e3o\u201d em setembro de 2021. Por conta da alta visibilidade, o apresentador acabou chamando aten\u00e7\u00e3o do Prime Video, que deseja ter o famoso no cat\u00e1logo de contratados.<\/p>\n<p>De acordo com o colunista Alessandro Lo-Bianco, durante o programa \u201cA Tarde \u00e9 Sua\u201d, o servi\u00e7o digital de streaming faz quest\u00e3o de fechar um v\u00ednculo com o global e, para isso, est\u00e1 disposto a oferecer valores estratosf\u00e9ricos.<\/p>\n<p>Caso Mion escolha por deixar seu espa\u00e7o na televis\u00e3o aberta, ele passar\u00e1 a receber o dobro do valor que ganha atualmente trabalhando em uma das atra\u00e7\u00f5es de maior visibilidade da v\u00eanus platinada. Apesar de n\u00e3o revelar em quanto est\u00e1 estimado, o jornalista afirmou que a proposta chega aos sete d\u00edgitos.<\/p>\n<p>Sabendo do interesse da empresa norte-americana, a emissora da fam\u00edlia Marinho j\u00e1 se adiantou para assegurar que o pai de Romeo, Donatella e Stefano continue dominando o vespertino do fim de semana. Assim, apresentar\u00e1 um novo contrato para ele, incluindo novos valores e uma perspectiva do famoso assumir novos projetos no canal carioca.<\/p>\n<p>Foto  Fornecido por Areavip<br \/>\nArea Vip<\/p>\n","protected":false},"excerpt":{"rendered":"<p>Marcos Mion, de 44 anos, vem fazendo um sucesso tremendo nas tardes de s\u00e1bado da TV Globo desde sua estreia<\/p>\n","protected":false},"author":1,"featured_media":7220,"comment_status":"open","ping_status":"open","sticky":false,"template":"","format":"standard","meta":{"colormag_page_container_layout":"default_layout","colormag_page_sidebar_layout":"default_layout","_FSMCFIC_featured_image_caption":"","_FSMCFIC_featured_image_nocaption":"","_FSMCFIC_featured_image_hide":"","footnotes":""},"categories":[8,1],"tags":[],"class_list":["post-7219","post","type-post","status-publish","format-standard","has-post-thumbnail","hentry","category-entretenimento","category-ultimas"],"yoast_head":"<!-- This site is optimized with the Yoast SEO plugin v27.1.1 - https:\/\/yoast.com\/product\/yoast-seo-wordpress\/ -->\n<title>Marcos Mion recebe oferta milion\u00e1ria para deixar Globo, diz colunista - Brasil not\u00edcias<\/title>\n<meta name=\"robots\" content=\"index, follow, max-snippet:-1, max-image-preview:large, max-video-preview:-1\" \/>\n<link rel=\"canonical\" href=\"https:\/\/brasilnoticias.org\/site\/marcos-mion-recebe-oferta-milionaria-para-deixar-globo-diz-colunista\/\" \/>\n<meta property=\"og:locale\" content=\"pt_PT\" \/>\n<meta property=\"og:type\" content=\"article\" \/>\n<meta property=\"og:title\" content=\"Marcos Mion recebe oferta milion\u00e1ria para deixar Globo, diz colunista - Brasil not\u00edcias\" \/>\n<meta property=\"og:description\" content=\"Marcos Mion, de 44 anos, vem fazendo um sucesso tremendo nas tardes de s\u00e1bado da TV Globo desde sua estreia\" \/>\n<meta property=\"og:url\" content=\"https:\/\/brasilnoticias.org\/site\/marcos-mion-recebe-oferta-milionaria-para-deixar-globo-diz-colunista\/\" \/>\n<meta property=\"og:site_name\" content=\"Brasil not\u00edcias\" \/>\n<meta property=\"article:published_time\" content=\"2023-07-08T21:00:16+00:00\" \/>\n<meta property=\"og:image\" content=\"https:\/\/brasilnoticias.org\/site\/wp-content\/uploads\/2023\/07\/AA1dA9dw.jpg\" \/>\n\t<meta property=\"og:image:width\" content=\"612\" \/>\n\t<meta property=\"og:image:height\" content=\"406\" \/>\n\t<meta property=\"og:image:type\" content=\"image\/jpeg\" \/>\n<meta name=\"author\" content=\"Reda\u00e7\u00e3o\" \/>\n<meta name=\"twitter:card\" content=\"summary_large_image\" \/>\n<meta name=\"twitter:label1\" content=\"Escrito por\" \/>\n\t<meta name=\"twitter:data1\" content=\"Reda\u00e7\u00e3o\" \/>\n<script type=\"application\/ld+json\" class=\"yoast-schema-graph\">{\"@context\":\"https:\/\/schema.org\",\"@graph\":[{\"@type\":\"Article\",\"@id\":\"https:\/\/brasilnoticias.org\/site\/marcos-mion-recebe-oferta-milionaria-para-deixar-globo-diz-colunista\/#article\",\"isPartOf\":{\"@id\":\"https:\/\/brasilnoticias.org\/site\/marcos-mion-recebe-oferta-milionaria-para-deixar-globo-diz-colunista\/\"},\"author\":{\"name\":\"Reda\u00e7\u00e3o\",\"@id\":\"https:\/\/brasilnoticias.org\/site\/#\/schema\/person\/a0e05b973ec4d15c658d51911e53507b\"},\"headline\":\"Marcos Mion recebe oferta milion\u00e1ria para deixar Globo, diz colunista\",\"datePublished\":\"2023-07-08T21:00:16+00:00\",\"mainEntityOfPage\":{\"@id\":\"https:\/\/brasilnoticias.org\/site\/marcos-mion-recebe-oferta-milionaria-para-deixar-globo-diz-colunista\/\"},\"wordCount\":217,\"commentCount\":0,\"publisher\":{\"@id\":\"https:\/\/brasilnoticias.org\/site\/#organization\"},\"image\":{\"@id\":\"https:\/\/brasilnoticias.org\/site\/marcos-mion-recebe-oferta-milionaria-para-deixar-globo-diz-colunista\/#primaryimage\"},\"thumbnailUrl\":\"https:\/\/brasilnoticias.org\/site\/wp-content\/uploads\/2023\/07\/AA1dA9dw.jpg\",\"articleSection\":[\"Entretenimento\",\"\u00daltimas\"],\"inLanguage\":\"pt-PT\",\"potentialAction\":[{\"@type\":\"CommentAction\",\"name\":\"Comment\",\"target\":[\"https:\/\/brasilnoticias.org\/site\/marcos-mion-recebe-oferta-milionaria-para-deixar-globo-diz-colunista\/#respond\"]}]},{\"@type\":\"WebPage\",\"@id\":\"https:\/\/brasilnoticias.org\/site\/marcos-mion-recebe-oferta-milionaria-para-deixar-globo-diz-colunista\/\",\"url\":\"https:\/\/brasilnoticias.org\/site\/marcos-mion-recebe-oferta-milionaria-para-deixar-globo-diz-colunista\/\",\"name\":\"Marcos Mion recebe oferta milion\u00e1ria para deixar Globo, diz colunista - Brasil not\u00edcias\",\"isPartOf\":{\"@id\":\"https:\/\/brasilnoticias.org\/site\/#website\"},\"primaryImageOfPage\":{\"@id\":\"https:\/\/brasilnoticias.org\/site\/marcos-mion-recebe-oferta-milionaria-para-deixar-globo-diz-colunista\/#primaryimage\"},\"image\":{\"@id\":\"https:\/\/brasilnoticias.org\/site\/marcos-mion-recebe-oferta-milionaria-para-deixar-globo-diz-colunista\/#primaryimage\"},\"thumbnailUrl\":\"https:\/\/brasilnoticias.org\/site\/wp-content\/uploads\/2023\/07\/AA1dA9dw.jpg\",\"datePublished\":\"2023-07-08T21:00:16+00:00\",\"breadcrumb\":{\"@id\":\"https:\/\/brasilnoticias.org\/site\/marcos-mion-recebe-oferta-milionaria-para-deixar-globo-diz-colunista\/#breadcrumb\"},\"inLanguage\":\"pt-PT\",\"potentialAction\":[{\"@type\":\"ReadAction\",\"target\":[\"https:\/\/brasilnoticias.org\/site\/marcos-mion-recebe-oferta-milionaria-para-deixar-globo-diz-colunista\/\"]}]},{\"@type\":\"ImageObject\",\"inLanguage\":\"pt-PT\",\"@id\":\"https:\/\/brasilnoticias.org\/site\/marcos-mion-recebe-oferta-milionaria-para-deixar-globo-diz-colunista\/#primaryimage\",\"url\":\"https:\/\/brasilnoticias.org\/site\/wp-content\/uploads\/2023\/07\/AA1dA9dw.jpg\",\"contentUrl\":\"https:\/\/brasilnoticias.org\/site\/wp-content\/uploads\/2023\/07\/AA1dA9dw.jpg\",\"width\":612,\"height\":406},{\"@type\":\"BreadcrumbList\",\"@id\":\"https:\/\/brasilnoticias.org\/site\/marcos-mion-recebe-oferta-milionaria-para-deixar-globo-diz-colunista\/#breadcrumb\",\"itemListElement\":[{\"@type\":\"ListItem\",\"position\":1,\"name\":\"In\u00edcio\",\"item\":\"https:\/\/brasilnoticias.org\/site\/\"},{\"@type\":\"ListItem\",\"position\":2,\"name\":\"Marcos Mion recebe oferta milion\u00e1ria para deixar Globo, diz colunista\"}]},{\"@type\":\"WebSite\",\"@id\":\"https:\/\/brasilnoticias.org\/site\/#website\",\"url\":\"https:\/\/brasilnoticias.org\/site\/\",\"name\":\"Brasil not\u00edcias\",\"description\":\"Brasil not\u00edcias\",\"publisher\":{\"@id\":\"https:\/\/brasilnoticias.org\/site\/#organization\"},\"potentialAction\":[{\"@type\":\"SearchAction\",\"target\":{\"@type\":\"EntryPoint\",\"urlTemplate\":\"https:\/\/brasilnoticias.org\/site\/?s={search_term_string}\"},\"query-input\":{\"@type\":\"PropertyValueSpecification\",\"valueRequired\":true,\"valueName\":\"search_term_string\"}}],\"inLanguage\":\"pt-PT\"},{\"@type\":\"Organization\",\"@id\":\"https:\/\/brasilnoticias.org\/site\/#organization\",\"name\":\"Brasil not\u00edcias\",\"url\":\"https:\/\/brasilnoticias.org\/site\/\",\"logo\":{\"@type\":\"ImageObject\",\"inLanguage\":\"pt-PT\",\"@id\":\"https:\/\/brasilnoticias.org\/site\/#\/schema\/logo\/image\/\",\"url\":\"https:\/\/brasilnoticias.org\/site\/wp-content\/uploads\/2022\/05\/cropped-brasilnoticias-mini.jpg\",\"contentUrl\":\"https:\/\/brasilnoticias.org\/site\/wp-content\/uploads\/2022\/05\/cropped-brasilnoticias-mini.jpg\",\"width\":314,\"height\":86,\"caption\":\"Brasil not\u00edcias\"},\"image\":{\"@id\":\"https:\/\/brasilnoticias.org\/site\/#\/schema\/logo\/image\/\"}},{\"@type\":\"Person\",\"@id\":\"https:\/\/brasilnoticias.org\/site\/#\/schema\/person\/a0e05b973ec4d15c658d51911e53507b\",\"name\":\"Reda\u00e7\u00e3o\",\"image\":{\"@type\":\"ImageObject\",\"inLanguage\":\"pt-PT\",\"@id\":\"https:\/\/brasilnoticias.org\/site\/#\/schema\/person\/image\/\",\"url\":\"https:\/\/secure.gravatar.com\/avatar\/75d8b050df2de108b08ae78dfb8e374892df24a383c67db9c46a9c604f6aee9c?s=96&d=mm&r=g\",\"contentUrl\":\"https:\/\/secure.gravatar.com\/avatar\/75d8b050df2de108b08ae78dfb8e374892df24a383c67db9c46a9c604f6aee9c?s=96&d=mm&r=g\",\"caption\":\"Reda\u00e7\u00e3o\"},\"sameAs\":[\"https:\/\/brasilnoticias.org\/site\"],\"url\":\"https:\/\/brasilnoticias.org\/site\/author\/fernandozsngmail-com\/\"}]}<\/script>\n<!-- \/ Yoast SEO plugin. -->","yoast_head_json":{"title":"Marcos Mion recebe oferta milion\u00e1ria para deixar Globo, diz colunista - Brasil not\u00edcias","robots":{"index":"index","follow":"follow","max-snippet":"max-snippet:-1","max-image-preview":"max-image-preview:large","max-video-preview":"max-video-preview:-1"},"canonical":"https:\/\/brasilnoticias.org\/site\/marcos-mion-recebe-oferta-milionaria-para-deixar-globo-diz-colunista\/","og_locale":"pt_PT","og_type":"article","og_title":"Marcos Mion recebe oferta milion\u00e1ria para deixar Globo, diz colunista - Brasil not\u00edcias","og_description":"Marcos Mion, de 44 anos, vem fazendo um sucesso tremendo nas tardes de s\u00e1bado da TV Globo desde sua estreia","og_url":"https:\/\/brasilnoticias.org\/site\/marcos-mion-recebe-oferta-milionaria-para-deixar-globo-diz-colunista\/","og_site_name":"Brasil not\u00edcias","article_published_time":"2023-07-08T21:00:16+00:00","og_image":[{"width":612,"height":406,"url":"https:\/\/brasilnoticias.org\/site\/wp-content\/uploads\/2023\/07\/AA1dA9dw.jpg","type":"image\/jpeg"}],"author":"Reda\u00e7\u00e3o","twitter_card":"summary_large_image","twitter_misc":{"Escrito por":"Reda\u00e7\u00e3o"},"schema":{"@context":"https:\/\/schema.org","@graph":[{"@type":"Article","@id":"https:\/\/brasilnoticias.org\/site\/marcos-mion-recebe-oferta-milionaria-para-deixar-globo-diz-colunista\/#article","isPartOf":{"@id":"https:\/\/brasilnoticias.org\/site\/marcos-mion-recebe-oferta-milionaria-para-deixar-globo-diz-colunista\/"},"author":{"name":"Reda\u00e7\u00e3o","@id":"https:\/\/brasilnoticias.org\/site\/#\/schema\/person\/a0e05b973ec4d15c658d51911e53507b"},"headline":"Marcos Mion recebe oferta milion\u00e1ria para deixar Globo, diz colunista","datePublished":"2023-07-08T21:00:16+00:00","mainEntityOfPage":{"@id":"https:\/\/brasilnoticias.org\/site\/marcos-mion-recebe-oferta-milionaria-para-deixar-globo-diz-colunista\/"},"wordCount":217,"commentCount":0,"publisher":{"@id":"https:\/\/brasilnoticias.org\/site\/#organization"},"image":{"@id":"https:\/\/brasilnoticias.org\/site\/marcos-mion-recebe-oferta-milionaria-para-deixar-globo-diz-colunista\/#primaryimage"},"thumbnailUrl":"https:\/\/brasilnoticias.org\/site\/wp-content\/uploads\/2023\/07\/AA1dA9dw.jpg","articleSection":["Entretenimento","\u00daltimas"],"inLanguage":"pt-PT","potentialAction":[{"@type":"CommentAction","name":"Comment","target":["https:\/\/brasilnoticias.org\/site\/marcos-mion-recebe-oferta-milionaria-para-deixar-globo-diz-colunista\/#respond"]}]},{"@type":"WebPage","@id":"https:\/\/brasilnoticias.org\/site\/marcos-mion-recebe-oferta-milionaria-para-deixar-globo-diz-colunista\/","url":"https:\/\/brasilnoticias.org\/site\/marcos-mion-recebe-oferta-milionaria-para-deixar-globo-diz-colunista\/","name":"Marcos Mion recebe oferta milion\u00e1ria para deixar Globo, diz colunista - Brasil not\u00edcias","isPartOf":{"@id":"https:\/\/brasilnoticias.org\/site\/#website"},"primaryImageOfPage":{"@id":"https:\/\/brasilnoticias.org\/site\/marcos-mion-recebe-oferta-milionaria-para-deixar-globo-diz-colunista\/#primaryimage"},"image":{"@id":"https:\/\/brasilnoticias.org\/site\/marcos-mion-recebe-oferta-milionaria-para-deixar-globo-diz-colunista\/#primaryimage"},"thumbnailUrl":"https:\/\/brasilnoticias.org\/site\/wp-content\/uploads\/2023\/07\/AA1dA9dw.jpg","datePublished":"2023-07-08T21:00:16+00:00","breadcrumb":{"@id":"https:\/\/brasilnoticias.org\/site\/marcos-mion-recebe-oferta-milionaria-para-deixar-globo-diz-colunista\/#breadcrumb"},"inLanguage":"pt-PT","potentialAction":[{"@type":"ReadAction","target":["https:\/\/brasilnoticias.org\/site\/marcos-mion-recebe-oferta-milionaria-para-deixar-globo-diz-colunista\/"]}]},{"@type":"ImageObject","inLanguage":"pt-PT","@id":"https:\/\/brasilnoticias.org\/site\/marcos-mion-recebe-oferta-milionaria-para-deixar-globo-diz-colunista\/#primaryimage","url":"https:\/\/brasilnoticias.org\/site\/wp-content\/uploads\/2023\/07\/AA1dA9dw.jpg","contentUrl":"https:\/\/brasilnoticias.org\/site\/wp-content\/uploads\/2023\/07\/AA1dA9dw.jpg","width":612,"height":406},{"@type":"BreadcrumbList","@id":"https:\/\/brasilnoticias.org\/site\/marcos-mion-recebe-oferta-milionaria-para-deixar-globo-diz-colunista\/#breadcrumb","itemListElement":[{"@type":"ListItem","position":1,"name":"In\u00edcio","item":"https:\/\/brasilnoticias.org\/site\/"},{"@type":"ListItem","position":2,"name":"Marcos Mion recebe oferta milion\u00e1ria para deixar Globo, diz colunista"}]},{"@type":"WebSite","@id":"https:\/\/brasilnoticias.org\/site\/#website","url":"https:\/\/brasilnoticias.org\/site\/","name":"Brasil not\u00edcias","description":"Brasil not\u00edcias","publisher":{"@id":"https:\/\/brasilnoticias.org\/site\/#organization"},"potentialAction":[{"@type":"SearchAction","target":{"@type":"EntryPoint","urlTemplate":"https:\/\/brasilnoticias.org\/site\/?s={search_term_string}"},"query-input":{"@type":"PropertyValueSpecification","valueRequired":true,"valueName":"search_term_string"}}],"inLanguage":"pt-PT"},{"@type":"Organization","@id":"https:\/\/brasilnoticias.org\/site\/#organization","name":"Brasil not\u00edcias","url":"https:\/\/brasilnoticias.org\/site\/","logo":{"@type":"ImageObject","inLanguage":"pt-PT","@id":"https:\/\/brasilnoticias.org\/site\/#\/schema\/logo\/image\/","url":"https:\/\/brasilnoticias.org\/site\/wp-content\/uploads\/2022\/05\/cropped-brasilnoticias-mini.jpg","contentUrl":"https:\/\/brasilnoticias.org\/site\/wp-content\/uploads\/2022\/05\/cropped-brasilnoticias-mini.jpg","width":314,"height":86,"caption":"Brasil not\u00edcias"},"image":{"@id":"https:\/\/brasilnoticias.org\/site\/#\/schema\/logo\/image\/"}},{"@type":"Person","@id":"https:\/\/brasilnoticias.org\/site\/#\/schema\/person\/a0e05b973ec4d15c658d51911e53507b","name":"Reda\u00e7\u00e3o","image":{"@type":"ImageObject","inLanguage":"pt-PT","@id":"https:\/\/brasilnoticias.org\/site\/#\/schema\/person\/image\/","url":"https:\/\/secure.gravatar.com\/avatar\/75d8b050df2de108b08ae78dfb8e374892df24a383c67db9c46a9c604f6aee9c?s=96&d=mm&r=g","contentUrl":"https:\/\/secure.gravatar.com\/avatar\/75d8b050df2de108b08ae78dfb8e374892df24a383c67db9c46a9c604f6aee9c?s=96&d=mm&r=g","caption":"Reda\u00e7\u00e3o"},"sameAs":["https:\/\/brasilnoticias.org\/site"],"url":"https:\/\/brasilnoticias.org\/site\/author\/fernandozsngmail-com\/"}]}},"_links":{"self":[{"href":"https:\/\/brasilnoticias.org\/site\/wp-json\/wp\/v2\/posts\/7219","targetHints":{"allow":["GET"]}}],"collection":[{"href":"https:\/\/brasilnoticias.org\/site\/wp-json\/wp\/v2\/posts"}],"about":[{"href":"https:\/\/brasilnoticias.org\/site\/wp-json\/wp\/v2\/types\/post"}],"author":[{"embeddable":true,"href":"https:\/\/brasilnoticias.org\/site\/wp-json\/wp\/v2\/users\/1"}],"replies":[{"embeddable":true,"href":"https:\/\/brasilnoticias.org\/site\/wp-json\/wp\/v2\/comments?post=7219"}],"version-history":[{"count":1,"href":"https:\/\/brasilnoticias.org\/site\/wp-json\/wp\/v2\/posts\/7219\/revisions"}],"predecessor-version":[{"id":7221,"href":"https:\/\/brasilnoticias.org\/site\/wp-json\/wp\/v2\/posts\/7219\/revisions\/7221"}],"wp:featuredmedia":[{"embeddable":true,"href":"https:\/\/brasilnoticias.org\/site\/wp-json\/wp\/v2\/media\/7220"}],"wp:attachment":[{"href":"https:\/\/brasilnoticias.org\/site\/wp-json\/wp\/v2\/media?parent=7219"}],"wp:term":[{"taxonomy":"category","embeddable":true,"href":"https:\/\/brasilnoticias.org\/site\/wp-json\/wp\/v2\/categories?post=7219"},{"taxonomy":"post_tag","embeddable":true,"href":"https:\/\/brasilnoticias.org\/site\/wp-json\/wp\/v2\/tags?post=7219"}],"curies":[{"name":"wp","href":"https:\/\/api.w.org\/{rel}","templated":true}]}}