{"id":7235,"date":"2023-07-10T06:31:13","date_gmt":"2023-07-10T09:31:13","guid":{"rendered":"https:\/\/brasilnoticias.org\/site\/?p=7235"},"modified":"2023-07-10T06:31:13","modified_gmt":"2023-07-10T09:31:13","slug":"arrastao-no-pelourinho-cameras-da-ssp-serao-utilizadas-para-localizar-assaltantes-na-regiao","status":"publish","type":"post","link":"https:\/\/brasilnoticias.org\/site\/arrastao-no-pelourinho-cameras-da-ssp-serao-utilizadas-para-localizar-assaltantes-na-regiao\/","title":{"rendered":"Arrast\u00e3o no Pelourinho: C\u00e2meras da SSP ser\u00e3o utilizadas para localizar assaltantes na regi\u00e3o"},"content":{"rendered":"<p>A onda de assaltos, furtos e arrast\u00f5es que assombram o Pelourinho, em Salvador, acendeu um alerta na Secretaria de Seguran\u00e7a P\u00fablica (SSP). Na noite deste s\u00e1bado (8), um jornalista do BNews e outras turistas tiveram seus pertences levados a cerca de 50 metros de um m\u00f3dulo policial.<\/p>\n<p>Neste domingo (9), a SSP, atrav\u00e9s de nota, informou que as pol\u00edcias Militar e Civil usar\u00e3o as c\u00e2meras instaladas no Centro Hist\u00f3rico para identificar os adolescentes suspeitos que agem na regi\u00e3o.<\/p>\n<p>&#8220;Vamos atuar mais uma vez para identificar e localizar os respons\u00e1veis, al\u00e9m de recuperar os bem subtra\u00eddos&#8221;, declarou o secret\u00e1rio da Seguran\u00e7a P\u00fablica, Marcelo Werner.<br \/>\nAo BNews, o coordenador da Prefeitura-bairro do Centro Hist\u00f3rico e ex-oficial da Pol\u00edcia Militar, Coronel Sturaro cobrou aos l\u00edderes pol\u00edticos atitudes para inibir as a\u00e7\u00f5es criminosas em grande escala.<\/p>\n<p>&#8220;Quero pedir a quem tem o poder e a caneta nas m\u00e3os para que comecem a rpensar a nossa legisla\u00e7\u00e3o. Os agentes de seguran\u00e7a p\u00fablica atuam para identificar e prender estes criminosos, mas em um curto espa\u00e7o de tempo estas pessoas acabam retornando \u00e0 criminalidade&#8221;, pontuou Sturaro.<\/p>\n<p>Foto Pixabay<br \/>\nBNews<\/p>\n","protected":false},"excerpt":{"rendered":"<p>A onda de assaltos, furtos e arrast\u00f5es que assombram o Pelourinho, em Salvador, acendeu um alerta na Secretaria de Seguran\u00e7a<\/p>\n","protected":false},"author":1,"featured_media":7236,"comment_status":"open","ping_status":"open","sticky":false,"template":"","format":"standard","meta":{"colormag_page_container_layout":"default_layout","colormag_page_sidebar_layout":"default_layout","_FSMCFIC_featured_image_caption":"","_FSMCFIC_featured_image_nocaption":"","_FSMCFIC_featured_image_hide":"","footnotes":""},"categories":[3,1],"tags":[],"class_list":["post-7235","post","type-post","status-publish","format-standard","has-post-thumbnail","hentry","category-policia","category-ultimas"],"yoast_head":"<!-- This site is optimized with the Yoast SEO plugin v27.1.1 - https:\/\/yoast.com\/product\/yoast-seo-wordpress\/ -->\n<title>Arrast\u00e3o no Pelourinho: C\u00e2meras da SSP ser\u00e3o utilizadas para localizar assaltantes na regi\u00e3o - Brasil not\u00edcias<\/title>\n<meta name=\"robots\" content=\"index, follow, max-snippet:-1, max-image-preview:large, max-video-preview:-1\" \/>\n<link rel=\"canonical\" href=\"https:\/\/brasilnoticias.org\/site\/arrastao-no-pelourinho-cameras-da-ssp-serao-utilizadas-para-localizar-assaltantes-na-regiao\/\" \/>\n<meta property=\"og:locale\" content=\"pt_PT\" \/>\n<meta property=\"og:type\" content=\"article\" \/>\n<meta property=\"og:title\" content=\"Arrast\u00e3o no Pelourinho: C\u00e2meras da SSP ser\u00e3o utilizadas para localizar assaltantes na regi\u00e3o - Brasil not\u00edcias\" \/>\n<meta property=\"og:description\" content=\"A onda de assaltos, furtos e arrast\u00f5es que assombram o Pelourinho, em Salvador, acendeu um alerta na Secretaria de Seguran\u00e7a\" \/>\n<meta property=\"og:url\" content=\"https:\/\/brasilnoticias.org\/site\/arrastao-no-pelourinho-cameras-da-ssp-serao-utilizadas-para-localizar-assaltantes-na-regiao\/\" \/>\n<meta property=\"og:site_name\" content=\"Brasil not\u00edcias\" \/>\n<meta property=\"article:published_time\" content=\"2023-07-10T09:31:13+00:00\" \/>\n<meta property=\"og:image\" content=\"https:\/\/brasilnoticias.org\/site\/wp-content\/uploads\/2023\/07\/brazil-g5c4ad75a7_1280_widelg.jpg\" \/>\n\t<meta property=\"og:image:width\" content=\"800\" \/>\n\t<meta property=\"og:image:height\" content=\"450\" \/>\n\t<meta property=\"og:image:type\" content=\"image\/jpeg\" \/>\n<meta name=\"author\" content=\"Reda\u00e7\u00e3o\" \/>\n<meta name=\"twitter:card\" content=\"summary_large_image\" \/>\n<meta name=\"twitter:label1\" content=\"Escrito por\" \/>\n\t<meta name=\"twitter:data1\" content=\"Reda\u00e7\u00e3o\" \/>\n<script type=\"application\/ld+json\" class=\"yoast-schema-graph\">{\"@context\":\"https:\/\/schema.org\",\"@graph\":[{\"@type\":\"Article\",\"@id\":\"https:\/\/brasilnoticias.org\/site\/arrastao-no-pelourinho-cameras-da-ssp-serao-utilizadas-para-localizar-assaltantes-na-regiao\/#article\",\"isPartOf\":{\"@id\":\"https:\/\/brasilnoticias.org\/site\/arrastao-no-pelourinho-cameras-da-ssp-serao-utilizadas-para-localizar-assaltantes-na-regiao\/\"},\"author\":{\"name\":\"Reda\u00e7\u00e3o\",\"@id\":\"https:\/\/brasilnoticias.org\/site\/#\/schema\/person\/a0e05b973ec4d15c658d51911e53507b\"},\"headline\":\"Arrast\u00e3o no Pelourinho: C\u00e2meras da SSP ser\u00e3o utilizadas para localizar assaltantes na regi\u00e3o\",\"datePublished\":\"2023-07-10T09:31:13+00:00\",\"mainEntityOfPage\":{\"@id\":\"https:\/\/brasilnoticias.org\/site\/arrastao-no-pelourinho-cameras-da-ssp-serao-utilizadas-para-localizar-assaltantes-na-regiao\/\"},\"wordCount\":222,\"commentCount\":0,\"publisher\":{\"@id\":\"https:\/\/brasilnoticias.org\/site\/#organization\"},\"image\":{\"@id\":\"https:\/\/brasilnoticias.org\/site\/arrastao-no-pelourinho-cameras-da-ssp-serao-utilizadas-para-localizar-assaltantes-na-regiao\/#primaryimage\"},\"thumbnailUrl\":\"https:\/\/brasilnoticias.org\/site\/wp-content\/uploads\/2023\/07\/brazil-g5c4ad75a7_1280_widelg.jpg\",\"articleSection\":[\"Pol\u00edcia\",\"\u00daltimas\"],\"inLanguage\":\"pt-PT\",\"potentialAction\":[{\"@type\":\"CommentAction\",\"name\":\"Comment\",\"target\":[\"https:\/\/brasilnoticias.org\/site\/arrastao-no-pelourinho-cameras-da-ssp-serao-utilizadas-para-localizar-assaltantes-na-regiao\/#respond\"]}]},{\"@type\":\"WebPage\",\"@id\":\"https:\/\/brasilnoticias.org\/site\/arrastao-no-pelourinho-cameras-da-ssp-serao-utilizadas-para-localizar-assaltantes-na-regiao\/\",\"url\":\"https:\/\/brasilnoticias.org\/site\/arrastao-no-pelourinho-cameras-da-ssp-serao-utilizadas-para-localizar-assaltantes-na-regiao\/\",\"name\":\"Arrast\u00e3o no Pelourinho: C\u00e2meras da SSP ser\u00e3o utilizadas para localizar assaltantes na regi\u00e3o - Brasil not\u00edcias\",\"isPartOf\":{\"@id\":\"https:\/\/brasilnoticias.org\/site\/#website\"},\"primaryImageOfPage\":{\"@id\":\"https:\/\/brasilnoticias.org\/site\/arrastao-no-pelourinho-cameras-da-ssp-serao-utilizadas-para-localizar-assaltantes-na-regiao\/#primaryimage\"},\"image\":{\"@id\":\"https:\/\/brasilnoticias.org\/site\/arrastao-no-pelourinho-cameras-da-ssp-serao-utilizadas-para-localizar-assaltantes-na-regiao\/#primaryimage\"},\"thumbnailUrl\":\"https:\/\/brasilnoticias.org\/site\/wp-content\/uploads\/2023\/07\/brazil-g5c4ad75a7_1280_widelg.jpg\",\"datePublished\":\"2023-07-10T09:31:13+00:00\",\"breadcrumb\":{\"@id\":\"https:\/\/brasilnoticias.org\/site\/arrastao-no-pelourinho-cameras-da-ssp-serao-utilizadas-para-localizar-assaltantes-na-regiao\/#breadcrumb\"},\"inLanguage\":\"pt-PT\",\"potentialAction\":[{\"@type\":\"ReadAction\",\"target\":[\"https:\/\/brasilnoticias.org\/site\/arrastao-no-pelourinho-cameras-da-ssp-serao-utilizadas-para-localizar-assaltantes-na-regiao\/\"]}]},{\"@type\":\"ImageObject\",\"inLanguage\":\"pt-PT\",\"@id\":\"https:\/\/brasilnoticias.org\/site\/arrastao-no-pelourinho-cameras-da-ssp-serao-utilizadas-para-localizar-assaltantes-na-regiao\/#primaryimage\",\"url\":\"https:\/\/brasilnoticias.org\/site\/wp-content\/uploads\/2023\/07\/brazil-g5c4ad75a7_1280_widelg.jpg\",\"contentUrl\":\"https:\/\/brasilnoticias.org\/site\/wp-content\/uploads\/2023\/07\/brazil-g5c4ad75a7_1280_widelg.jpg\",\"width\":800,\"height\":450},{\"@type\":\"BreadcrumbList\",\"@id\":\"https:\/\/brasilnoticias.org\/site\/arrastao-no-pelourinho-cameras-da-ssp-serao-utilizadas-para-localizar-assaltantes-na-regiao\/#breadcrumb\",\"itemListElement\":[{\"@type\":\"ListItem\",\"position\":1,\"name\":\"In\u00edcio\",\"item\":\"https:\/\/brasilnoticias.org\/site\/\"},{\"@type\":\"ListItem\",\"position\":2,\"name\":\"Arrast\u00e3o no Pelourinho: C\u00e2meras da SSP ser\u00e3o utilizadas para localizar assaltantes na regi\u00e3o\"}]},{\"@type\":\"WebSite\",\"@id\":\"https:\/\/brasilnoticias.org\/site\/#website\",\"url\":\"https:\/\/brasilnoticias.org\/site\/\",\"name\":\"Brasil not\u00edcias\",\"description\":\"Brasil not\u00edcias\",\"publisher\":{\"@id\":\"https:\/\/brasilnoticias.org\/site\/#organization\"},\"potentialAction\":[{\"@type\":\"SearchAction\",\"target\":{\"@type\":\"EntryPoint\",\"urlTemplate\":\"https:\/\/brasilnoticias.org\/site\/?s={search_term_string}\"},\"query-input\":{\"@type\":\"PropertyValueSpecification\",\"valueRequired\":true,\"valueName\":\"search_term_string\"}}],\"inLanguage\":\"pt-PT\"},{\"@type\":\"Organization\",\"@id\":\"https:\/\/brasilnoticias.org\/site\/#organization\",\"name\":\"Brasil not\u00edcias\",\"url\":\"https:\/\/brasilnoticias.org\/site\/\",\"logo\":{\"@type\":\"ImageObject\",\"inLanguage\":\"pt-PT\",\"@id\":\"https:\/\/brasilnoticias.org\/site\/#\/schema\/logo\/image\/\",\"url\":\"https:\/\/brasilnoticias.org\/site\/wp-content\/uploads\/2022\/05\/cropped-brasilnoticias-mini.jpg\",\"contentUrl\":\"https:\/\/brasilnoticias.org\/site\/wp-content\/uploads\/2022\/05\/cropped-brasilnoticias-mini.jpg\",\"width\":314,\"height\":86,\"caption\":\"Brasil not\u00edcias\"},\"image\":{\"@id\":\"https:\/\/brasilnoticias.org\/site\/#\/schema\/logo\/image\/\"}},{\"@type\":\"Person\",\"@id\":\"https:\/\/brasilnoticias.org\/site\/#\/schema\/person\/a0e05b973ec4d15c658d51911e53507b\",\"name\":\"Reda\u00e7\u00e3o\",\"image\":{\"@type\":\"ImageObject\",\"inLanguage\":\"pt-PT\",\"@id\":\"https:\/\/brasilnoticias.org\/site\/#\/schema\/person\/image\/\",\"url\":\"https:\/\/secure.gravatar.com\/avatar\/75d8b050df2de108b08ae78dfb8e374892df24a383c67db9c46a9c604f6aee9c?s=96&d=mm&r=g\",\"contentUrl\":\"https:\/\/secure.gravatar.com\/avatar\/75d8b050df2de108b08ae78dfb8e374892df24a383c67db9c46a9c604f6aee9c?s=96&d=mm&r=g\",\"caption\":\"Reda\u00e7\u00e3o\"},\"sameAs\":[\"https:\/\/brasilnoticias.org\/site\"],\"url\":\"https:\/\/brasilnoticias.org\/site\/author\/fernandozsngmail-com\/\"}]}<\/script>\n<!-- \/ Yoast SEO plugin. -->","yoast_head_json":{"title":"Arrast\u00e3o no Pelourinho: C\u00e2meras da SSP ser\u00e3o utilizadas para localizar assaltantes na regi\u00e3o - Brasil not\u00edcias","robots":{"index":"index","follow":"follow","max-snippet":"max-snippet:-1","max-image-preview":"max-image-preview:large","max-video-preview":"max-video-preview:-1"},"canonical":"https:\/\/brasilnoticias.org\/site\/arrastao-no-pelourinho-cameras-da-ssp-serao-utilizadas-para-localizar-assaltantes-na-regiao\/","og_locale":"pt_PT","og_type":"article","og_title":"Arrast\u00e3o no Pelourinho: C\u00e2meras da SSP ser\u00e3o utilizadas para localizar assaltantes na regi\u00e3o - Brasil not\u00edcias","og_description":"A onda de assaltos, furtos e arrast\u00f5es que assombram o Pelourinho, em Salvador, acendeu um alerta na Secretaria de Seguran\u00e7a","og_url":"https:\/\/brasilnoticias.org\/site\/arrastao-no-pelourinho-cameras-da-ssp-serao-utilizadas-para-localizar-assaltantes-na-regiao\/","og_site_name":"Brasil not\u00edcias","article_published_time":"2023-07-10T09:31:13+00:00","og_image":[{"width":800,"height":450,"url":"https:\/\/brasilnoticias.org\/site\/wp-content\/uploads\/2023\/07\/brazil-g5c4ad75a7_1280_widelg.jpg","type":"image\/jpeg"}],"author":"Reda\u00e7\u00e3o","twitter_card":"summary_large_image","twitter_misc":{"Escrito por":"Reda\u00e7\u00e3o"},"schema":{"@context":"https:\/\/schema.org","@graph":[{"@type":"Article","@id":"https:\/\/brasilnoticias.org\/site\/arrastao-no-pelourinho-cameras-da-ssp-serao-utilizadas-para-localizar-assaltantes-na-regiao\/#article","isPartOf":{"@id":"https:\/\/brasilnoticias.org\/site\/arrastao-no-pelourinho-cameras-da-ssp-serao-utilizadas-para-localizar-assaltantes-na-regiao\/"},"author":{"name":"Reda\u00e7\u00e3o","@id":"https:\/\/brasilnoticias.org\/site\/#\/schema\/person\/a0e05b973ec4d15c658d51911e53507b"},"headline":"Arrast\u00e3o no Pelourinho: C\u00e2meras da SSP ser\u00e3o utilizadas para localizar assaltantes na regi\u00e3o","datePublished":"2023-07-10T09:31:13+00:00","mainEntityOfPage":{"@id":"https:\/\/brasilnoticias.org\/site\/arrastao-no-pelourinho-cameras-da-ssp-serao-utilizadas-para-localizar-assaltantes-na-regiao\/"},"wordCount":222,"commentCount":0,"publisher":{"@id":"https:\/\/brasilnoticias.org\/site\/#organization"},"image":{"@id":"https:\/\/brasilnoticias.org\/site\/arrastao-no-pelourinho-cameras-da-ssp-serao-utilizadas-para-localizar-assaltantes-na-regiao\/#primaryimage"},"thumbnailUrl":"https:\/\/brasilnoticias.org\/site\/wp-content\/uploads\/2023\/07\/brazil-g5c4ad75a7_1280_widelg.jpg","articleSection":["Pol\u00edcia","\u00daltimas"],"inLanguage":"pt-PT","potentialAction":[{"@type":"CommentAction","name":"Comment","target":["https:\/\/brasilnoticias.org\/site\/arrastao-no-pelourinho-cameras-da-ssp-serao-utilizadas-para-localizar-assaltantes-na-regiao\/#respond"]}]},{"@type":"WebPage","@id":"https:\/\/brasilnoticias.org\/site\/arrastao-no-pelourinho-cameras-da-ssp-serao-utilizadas-para-localizar-assaltantes-na-regiao\/","url":"https:\/\/brasilnoticias.org\/site\/arrastao-no-pelourinho-cameras-da-ssp-serao-utilizadas-para-localizar-assaltantes-na-regiao\/","name":"Arrast\u00e3o no Pelourinho: C\u00e2meras da SSP ser\u00e3o utilizadas para localizar assaltantes na regi\u00e3o - Brasil not\u00edcias","isPartOf":{"@id":"https:\/\/brasilnoticias.org\/site\/#website"},"primaryImageOfPage":{"@id":"https:\/\/brasilnoticias.org\/site\/arrastao-no-pelourinho-cameras-da-ssp-serao-utilizadas-para-localizar-assaltantes-na-regiao\/#primaryimage"},"image":{"@id":"https:\/\/brasilnoticias.org\/site\/arrastao-no-pelourinho-cameras-da-ssp-serao-utilizadas-para-localizar-assaltantes-na-regiao\/#primaryimage"},"thumbnailUrl":"https:\/\/brasilnoticias.org\/site\/wp-content\/uploads\/2023\/07\/brazil-g5c4ad75a7_1280_widelg.jpg","datePublished":"2023-07-10T09:31:13+00:00","breadcrumb":{"@id":"https:\/\/brasilnoticias.org\/site\/arrastao-no-pelourinho-cameras-da-ssp-serao-utilizadas-para-localizar-assaltantes-na-regiao\/#breadcrumb"},"inLanguage":"pt-PT","potentialAction":[{"@type":"ReadAction","target":["https:\/\/brasilnoticias.org\/site\/arrastao-no-pelourinho-cameras-da-ssp-serao-utilizadas-para-localizar-assaltantes-na-regiao\/"]}]},{"@type":"ImageObject","inLanguage":"pt-PT","@id":"https:\/\/brasilnoticias.org\/site\/arrastao-no-pelourinho-cameras-da-ssp-serao-utilizadas-para-localizar-assaltantes-na-regiao\/#primaryimage","url":"https:\/\/brasilnoticias.org\/site\/wp-content\/uploads\/2023\/07\/brazil-g5c4ad75a7_1280_widelg.jpg","contentUrl":"https:\/\/brasilnoticias.org\/site\/wp-content\/uploads\/2023\/07\/brazil-g5c4ad75a7_1280_widelg.jpg","width":800,"height":450},{"@type":"BreadcrumbList","@id":"https:\/\/brasilnoticias.org\/site\/arrastao-no-pelourinho-cameras-da-ssp-serao-utilizadas-para-localizar-assaltantes-na-regiao\/#breadcrumb","itemListElement":[{"@type":"ListItem","position":1,"name":"In\u00edcio","item":"https:\/\/brasilnoticias.org\/site\/"},{"@type":"ListItem","position":2,"name":"Arrast\u00e3o no Pelourinho: C\u00e2meras da SSP ser\u00e3o utilizadas para localizar assaltantes na regi\u00e3o"}]},{"@type":"WebSite","@id":"https:\/\/brasilnoticias.org\/site\/#website","url":"https:\/\/brasilnoticias.org\/site\/","name":"Brasil not\u00edcias","description":"Brasil not\u00edcias","publisher":{"@id":"https:\/\/brasilnoticias.org\/site\/#organization"},"potentialAction":[{"@type":"SearchAction","target":{"@type":"EntryPoint","urlTemplate":"https:\/\/brasilnoticias.org\/site\/?s={search_term_string}"},"query-input":{"@type":"PropertyValueSpecification","valueRequired":true,"valueName":"search_term_string"}}],"inLanguage":"pt-PT"},{"@type":"Organization","@id":"https:\/\/brasilnoticias.org\/site\/#organization","name":"Brasil not\u00edcias","url":"https:\/\/brasilnoticias.org\/site\/","logo":{"@type":"ImageObject","inLanguage":"pt-PT","@id":"https:\/\/brasilnoticias.org\/site\/#\/schema\/logo\/image\/","url":"https:\/\/brasilnoticias.org\/site\/wp-content\/uploads\/2022\/05\/cropped-brasilnoticias-mini.jpg","contentUrl":"https:\/\/brasilnoticias.org\/site\/wp-content\/uploads\/2022\/05\/cropped-brasilnoticias-mini.jpg","width":314,"height":86,"caption":"Brasil not\u00edcias"},"image":{"@id":"https:\/\/brasilnoticias.org\/site\/#\/schema\/logo\/image\/"}},{"@type":"Person","@id":"https:\/\/brasilnoticias.org\/site\/#\/schema\/person\/a0e05b973ec4d15c658d51911e53507b","name":"Reda\u00e7\u00e3o","image":{"@type":"ImageObject","inLanguage":"pt-PT","@id":"https:\/\/brasilnoticias.org\/site\/#\/schema\/person\/image\/","url":"https:\/\/secure.gravatar.com\/avatar\/75d8b050df2de108b08ae78dfb8e374892df24a383c67db9c46a9c604f6aee9c?s=96&d=mm&r=g","contentUrl":"https:\/\/secure.gravatar.com\/avatar\/75d8b050df2de108b08ae78dfb8e374892df24a383c67db9c46a9c604f6aee9c?s=96&d=mm&r=g","caption":"Reda\u00e7\u00e3o"},"sameAs":["https:\/\/brasilnoticias.org\/site"],"url":"https:\/\/brasilnoticias.org\/site\/author\/fernandozsngmail-com\/"}]}},"_links":{"self":[{"href":"https:\/\/brasilnoticias.org\/site\/wp-json\/wp\/v2\/posts\/7235","targetHints":{"allow":["GET"]}}],"collection":[{"href":"https:\/\/brasilnoticias.org\/site\/wp-json\/wp\/v2\/posts"}],"about":[{"href":"https:\/\/brasilnoticias.org\/site\/wp-json\/wp\/v2\/types\/post"}],"author":[{"embeddable":true,"href":"https:\/\/brasilnoticias.org\/site\/wp-json\/wp\/v2\/users\/1"}],"replies":[{"embeddable":true,"href":"https:\/\/brasilnoticias.org\/site\/wp-json\/wp\/v2\/comments?post=7235"}],"version-history":[{"count":1,"href":"https:\/\/brasilnoticias.org\/site\/wp-json\/wp\/v2\/posts\/7235\/revisions"}],"predecessor-version":[{"id":7237,"href":"https:\/\/brasilnoticias.org\/site\/wp-json\/wp\/v2\/posts\/7235\/revisions\/7237"}],"wp:featuredmedia":[{"embeddable":true,"href":"https:\/\/brasilnoticias.org\/site\/wp-json\/wp\/v2\/media\/7236"}],"wp:attachment":[{"href":"https:\/\/brasilnoticias.org\/site\/wp-json\/wp\/v2\/media?parent=7235"}],"wp:term":[{"taxonomy":"category","embeddable":true,"href":"https:\/\/brasilnoticias.org\/site\/wp-json\/wp\/v2\/categories?post=7235"},{"taxonomy":"post_tag","embeddable":true,"href":"https:\/\/brasilnoticias.org\/site\/wp-json\/wp\/v2\/tags?post=7235"}],"curies":[{"name":"wp","href":"https:\/\/api.w.org\/{rel}","templated":true}]}}