{"id":7238,"date":"2023-07-10T06:32:48","date_gmt":"2023-07-10T09:32:48","guid":{"rendered":"https:\/\/brasilnoticias.org\/site\/?p=7238"},"modified":"2023-07-10T06:32:48","modified_gmt":"2023-07-10T09:32:48","slug":"em-busca-do-g4-vitoria-enfrenta-lider-da-serie-b","status":"publish","type":"post","link":"https:\/\/brasilnoticias.org\/site\/em-busca-do-g4-vitoria-enfrenta-lider-da-serie-b\/","title":{"rendered":"Em busca do G4, Vit\u00f3ria enfrenta l\u00edder da S\u00e9rie B"},"content":{"rendered":"<p>O Vit\u00f3ria vai a campo nesta segunda-feira (10) contra o Vila Nova, l\u00edder da S\u00e9rie B, e precisa de um triunfo para retornar ao G4 da competi\u00e7\u00e3o. O treinador L\u00e9o Cond\u00e9 ter\u00e1 retornos importantes, como o do zagueiro Wagner Leonardo que cumpriu suspens\u00e3o autom\u00e1tica na \u00faltima rodada, mas tamb\u00e9m ter\u00e1 desfalques importantes, como Zeca e Rodrigo Andrade.<\/p>\n<p>O Le\u00e3o esteve entre os quatro primeiro times na tabela de classifica\u00e7\u00e3o desde a primeira rodada do Campeonato Brasileiro da S\u00e9rie B, chegando inclusive a ser l\u00edder do torneio, mas acabou caindo para a quinta coloca\u00e7\u00e3o pela primeira vez na \u00faltima rodada, quando acabou derrotado pelo Juventude, pelo placar de 1&#215;0, jogando fora de casa.<\/p>\n<p>Al\u00e9m dos retornos de jogadores suspensos e de jogadores que estavam entregues ao departamento m\u00e9dico do clube, o treinador L\u00e9o Cond\u00e9 ter\u00e1 \u00e0 sua disposi\u00e7\u00e3o os dois mais novos refor\u00e7os do seu elenco, o volante Dudu e o atacante Mateus Gon\u00e7alves, e a espectativa \u00e9 inclusive que ambos sejam titulares.<\/p>\n<p>A expectativa \u00e9 que o Vit\u00f3ria v\u00e1 a campo com: Lucas Arcanjo; Pablo Diogo, Camutanga, Jo\u00e3o Victor, Wagner Leonardo e Felipe Vieira; Dudu e Geg\u00ea; Wellington Nem, Mateus Gon\u00e7alves e L\u00e9o Gamalho.<\/p>\n<p>Foto: Victor Ferreira\/EC Vit\u00f3ria<br \/>\nBNews<\/p>\n","protected":false},"excerpt":{"rendered":"<p>O Vit\u00f3ria vai a campo nesta segunda-feira (10) contra o Vila Nova, l\u00edder da S\u00e9rie B, e precisa de um<\/p>\n","protected":false},"author":1,"featured_media":7239,"comment_status":"open","ping_status":"open","sticky":false,"template":"","format":"standard","meta":{"colormag_page_container_layout":"default_layout","colormag_page_sidebar_layout":"default_layout","_FSMCFIC_featured_image_caption":"","_FSMCFIC_featured_image_nocaption":"","_FSMCFIC_featured_image_hide":"","footnotes":""},"categories":[4,1],"tags":[],"class_list":["post-7238","post","type-post","status-publish","format-standard","has-post-thumbnail","hentry","category-esporte","category-ultimas"],"yoast_head":"<!-- This site is optimized with the Yoast SEO plugin v27.1.1 - https:\/\/yoast.com\/product\/yoast-seo-wordpress\/ -->\n<title>Em busca do G4, Vit\u00f3ria enfrenta l\u00edder da S\u00e9rie B - Brasil not\u00edcias<\/title>\n<meta name=\"robots\" content=\"index, follow, max-snippet:-1, max-image-preview:large, max-video-preview:-1\" \/>\n<link rel=\"canonical\" href=\"https:\/\/brasilnoticias.org\/site\/em-busca-do-g4-vitoria-enfrenta-lider-da-serie-b\/\" \/>\n<meta property=\"og:locale\" content=\"pt_PT\" \/>\n<meta property=\"og:type\" content=\"article\" \/>\n<meta property=\"og:title\" content=\"Em busca do G4, Vit\u00f3ria enfrenta l\u00edder da S\u00e9rie B - Brasil not\u00edcias\" \/>\n<meta property=\"og:description\" content=\"O Vit\u00f3ria vai a campo nesta segunda-feira (10) contra o Vila Nova, l\u00edder da S\u00e9rie B, e precisa de um\" \/>\n<meta property=\"og:url\" content=\"https:\/\/brasilnoticias.org\/site\/em-busca-do-g4-vitoria-enfrenta-lider-da-serie-b\/\" \/>\n<meta property=\"og:site_name\" content=\"Brasil not\u00edcias\" \/>\n<meta property=\"article:published_time\" content=\"2023-07-10T09:32:48+00:00\" \/>\n<meta property=\"og:image\" content=\"https:\/\/brasilnoticias.org\/site\/wp-content\/uploads\/2023\/07\/53001234937_52f1dd1240_k_widelg.jpg\" \/>\n\t<meta property=\"og:image:width\" content=\"800\" \/>\n\t<meta property=\"og:image:height\" content=\"450\" \/>\n\t<meta property=\"og:image:type\" content=\"image\/jpeg\" \/>\n<meta name=\"author\" content=\"Reda\u00e7\u00e3o\" \/>\n<meta name=\"twitter:card\" content=\"summary_large_image\" \/>\n<meta name=\"twitter:label1\" content=\"Escrito por\" \/>\n\t<meta name=\"twitter:data1\" content=\"Reda\u00e7\u00e3o\" \/>\n<script type=\"application\/ld+json\" class=\"yoast-schema-graph\">{\"@context\":\"https:\/\/schema.org\",\"@graph\":[{\"@type\":\"Article\",\"@id\":\"https:\/\/brasilnoticias.org\/site\/em-busca-do-g4-vitoria-enfrenta-lider-da-serie-b\/#article\",\"isPartOf\":{\"@id\":\"https:\/\/brasilnoticias.org\/site\/em-busca-do-g4-vitoria-enfrenta-lider-da-serie-b\/\"},\"author\":{\"name\":\"Reda\u00e7\u00e3o\",\"@id\":\"https:\/\/brasilnoticias.org\/site\/#\/schema\/person\/a0e05b973ec4d15c658d51911e53507b\"},\"headline\":\"Em busca do G4, Vit\u00f3ria enfrenta l\u00edder da S\u00e9rie B\",\"datePublished\":\"2023-07-10T09:32:48+00:00\",\"mainEntityOfPage\":{\"@id\":\"https:\/\/brasilnoticias.org\/site\/em-busca-do-g4-vitoria-enfrenta-lider-da-serie-b\/\"},\"wordCount\":233,\"commentCount\":0,\"publisher\":{\"@id\":\"https:\/\/brasilnoticias.org\/site\/#organization\"},\"image\":{\"@id\":\"https:\/\/brasilnoticias.org\/site\/em-busca-do-g4-vitoria-enfrenta-lider-da-serie-b\/#primaryimage\"},\"thumbnailUrl\":\"https:\/\/brasilnoticias.org\/site\/wp-content\/uploads\/2023\/07\/53001234937_52f1dd1240_k_widelg.jpg\",\"articleSection\":[\"Esporte\",\"\u00daltimas\"],\"inLanguage\":\"pt-PT\",\"potentialAction\":[{\"@type\":\"CommentAction\",\"name\":\"Comment\",\"target\":[\"https:\/\/brasilnoticias.org\/site\/em-busca-do-g4-vitoria-enfrenta-lider-da-serie-b\/#respond\"]}]},{\"@type\":\"WebPage\",\"@id\":\"https:\/\/brasilnoticias.org\/site\/em-busca-do-g4-vitoria-enfrenta-lider-da-serie-b\/\",\"url\":\"https:\/\/brasilnoticias.org\/site\/em-busca-do-g4-vitoria-enfrenta-lider-da-serie-b\/\",\"name\":\"Em busca do G4, Vit\u00f3ria enfrenta l\u00edder da S\u00e9rie B - Brasil not\u00edcias\",\"isPartOf\":{\"@id\":\"https:\/\/brasilnoticias.org\/site\/#website\"},\"primaryImageOfPage\":{\"@id\":\"https:\/\/brasilnoticias.org\/site\/em-busca-do-g4-vitoria-enfrenta-lider-da-serie-b\/#primaryimage\"},\"image\":{\"@id\":\"https:\/\/brasilnoticias.org\/site\/em-busca-do-g4-vitoria-enfrenta-lider-da-serie-b\/#primaryimage\"},\"thumbnailUrl\":\"https:\/\/brasilnoticias.org\/site\/wp-content\/uploads\/2023\/07\/53001234937_52f1dd1240_k_widelg.jpg\",\"datePublished\":\"2023-07-10T09:32:48+00:00\",\"breadcrumb\":{\"@id\":\"https:\/\/brasilnoticias.org\/site\/em-busca-do-g4-vitoria-enfrenta-lider-da-serie-b\/#breadcrumb\"},\"inLanguage\":\"pt-PT\",\"potentialAction\":[{\"@type\":\"ReadAction\",\"target\":[\"https:\/\/brasilnoticias.org\/site\/em-busca-do-g4-vitoria-enfrenta-lider-da-serie-b\/\"]}]},{\"@type\":\"ImageObject\",\"inLanguage\":\"pt-PT\",\"@id\":\"https:\/\/brasilnoticias.org\/site\/em-busca-do-g4-vitoria-enfrenta-lider-da-serie-b\/#primaryimage\",\"url\":\"https:\/\/brasilnoticias.org\/site\/wp-content\/uploads\/2023\/07\/53001234937_52f1dd1240_k_widelg.jpg\",\"contentUrl\":\"https:\/\/brasilnoticias.org\/site\/wp-content\/uploads\/2023\/07\/53001234937_52f1dd1240_k_widelg.jpg\",\"width\":800,\"height\":450},{\"@type\":\"BreadcrumbList\",\"@id\":\"https:\/\/brasilnoticias.org\/site\/em-busca-do-g4-vitoria-enfrenta-lider-da-serie-b\/#breadcrumb\",\"itemListElement\":[{\"@type\":\"ListItem\",\"position\":1,\"name\":\"In\u00edcio\",\"item\":\"https:\/\/brasilnoticias.org\/site\/\"},{\"@type\":\"ListItem\",\"position\":2,\"name\":\"Em busca do G4, Vit\u00f3ria enfrenta l\u00edder da S\u00e9rie B\"}]},{\"@type\":\"WebSite\",\"@id\":\"https:\/\/brasilnoticias.org\/site\/#website\",\"url\":\"https:\/\/brasilnoticias.org\/site\/\",\"name\":\"Brasil not\u00edcias\",\"description\":\"Brasil not\u00edcias\",\"publisher\":{\"@id\":\"https:\/\/brasilnoticias.org\/site\/#organization\"},\"potentialAction\":[{\"@type\":\"SearchAction\",\"target\":{\"@type\":\"EntryPoint\",\"urlTemplate\":\"https:\/\/brasilnoticias.org\/site\/?s={search_term_string}\"},\"query-input\":{\"@type\":\"PropertyValueSpecification\",\"valueRequired\":true,\"valueName\":\"search_term_string\"}}],\"inLanguage\":\"pt-PT\"},{\"@type\":\"Organization\",\"@id\":\"https:\/\/brasilnoticias.org\/site\/#organization\",\"name\":\"Brasil not\u00edcias\",\"url\":\"https:\/\/brasilnoticias.org\/site\/\",\"logo\":{\"@type\":\"ImageObject\",\"inLanguage\":\"pt-PT\",\"@id\":\"https:\/\/brasilnoticias.org\/site\/#\/schema\/logo\/image\/\",\"url\":\"https:\/\/brasilnoticias.org\/site\/wp-content\/uploads\/2022\/05\/cropped-brasilnoticias-mini.jpg\",\"contentUrl\":\"https:\/\/brasilnoticias.org\/site\/wp-content\/uploads\/2022\/05\/cropped-brasilnoticias-mini.jpg\",\"width\":314,\"height\":86,\"caption\":\"Brasil not\u00edcias\"},\"image\":{\"@id\":\"https:\/\/brasilnoticias.org\/site\/#\/schema\/logo\/image\/\"}},{\"@type\":\"Person\",\"@id\":\"https:\/\/brasilnoticias.org\/site\/#\/schema\/person\/a0e05b973ec4d15c658d51911e53507b\",\"name\":\"Reda\u00e7\u00e3o\",\"image\":{\"@type\":\"ImageObject\",\"inLanguage\":\"pt-PT\",\"@id\":\"https:\/\/brasilnoticias.org\/site\/#\/schema\/person\/image\/\",\"url\":\"https:\/\/secure.gravatar.com\/avatar\/75d8b050df2de108b08ae78dfb8e374892df24a383c67db9c46a9c604f6aee9c?s=96&d=mm&r=g\",\"contentUrl\":\"https:\/\/secure.gravatar.com\/avatar\/75d8b050df2de108b08ae78dfb8e374892df24a383c67db9c46a9c604f6aee9c?s=96&d=mm&r=g\",\"caption\":\"Reda\u00e7\u00e3o\"},\"sameAs\":[\"https:\/\/brasilnoticias.org\/site\"],\"url\":\"https:\/\/brasilnoticias.org\/site\/author\/fernandozsngmail-com\/\"}]}<\/script>\n<!-- \/ Yoast SEO plugin. -->","yoast_head_json":{"title":"Em busca do G4, Vit\u00f3ria enfrenta l\u00edder da S\u00e9rie B - Brasil not\u00edcias","robots":{"index":"index","follow":"follow","max-snippet":"max-snippet:-1","max-image-preview":"max-image-preview:large","max-video-preview":"max-video-preview:-1"},"canonical":"https:\/\/brasilnoticias.org\/site\/em-busca-do-g4-vitoria-enfrenta-lider-da-serie-b\/","og_locale":"pt_PT","og_type":"article","og_title":"Em busca do G4, Vit\u00f3ria enfrenta l\u00edder da S\u00e9rie B - Brasil not\u00edcias","og_description":"O Vit\u00f3ria vai a campo nesta segunda-feira (10) contra o Vila Nova, l\u00edder da S\u00e9rie B, e precisa de um","og_url":"https:\/\/brasilnoticias.org\/site\/em-busca-do-g4-vitoria-enfrenta-lider-da-serie-b\/","og_site_name":"Brasil not\u00edcias","article_published_time":"2023-07-10T09:32:48+00:00","og_image":[{"width":800,"height":450,"url":"https:\/\/brasilnoticias.org\/site\/wp-content\/uploads\/2023\/07\/53001234937_52f1dd1240_k_widelg.jpg","type":"image\/jpeg"}],"author":"Reda\u00e7\u00e3o","twitter_card":"summary_large_image","twitter_misc":{"Escrito por":"Reda\u00e7\u00e3o"},"schema":{"@context":"https:\/\/schema.org","@graph":[{"@type":"Article","@id":"https:\/\/brasilnoticias.org\/site\/em-busca-do-g4-vitoria-enfrenta-lider-da-serie-b\/#article","isPartOf":{"@id":"https:\/\/brasilnoticias.org\/site\/em-busca-do-g4-vitoria-enfrenta-lider-da-serie-b\/"},"author":{"name":"Reda\u00e7\u00e3o","@id":"https:\/\/brasilnoticias.org\/site\/#\/schema\/person\/a0e05b973ec4d15c658d51911e53507b"},"headline":"Em busca do G4, Vit\u00f3ria enfrenta l\u00edder da S\u00e9rie B","datePublished":"2023-07-10T09:32:48+00:00","mainEntityOfPage":{"@id":"https:\/\/brasilnoticias.org\/site\/em-busca-do-g4-vitoria-enfrenta-lider-da-serie-b\/"},"wordCount":233,"commentCount":0,"publisher":{"@id":"https:\/\/brasilnoticias.org\/site\/#organization"},"image":{"@id":"https:\/\/brasilnoticias.org\/site\/em-busca-do-g4-vitoria-enfrenta-lider-da-serie-b\/#primaryimage"},"thumbnailUrl":"https:\/\/brasilnoticias.org\/site\/wp-content\/uploads\/2023\/07\/53001234937_52f1dd1240_k_widelg.jpg","articleSection":["Esporte","\u00daltimas"],"inLanguage":"pt-PT","potentialAction":[{"@type":"CommentAction","name":"Comment","target":["https:\/\/brasilnoticias.org\/site\/em-busca-do-g4-vitoria-enfrenta-lider-da-serie-b\/#respond"]}]},{"@type":"WebPage","@id":"https:\/\/brasilnoticias.org\/site\/em-busca-do-g4-vitoria-enfrenta-lider-da-serie-b\/","url":"https:\/\/brasilnoticias.org\/site\/em-busca-do-g4-vitoria-enfrenta-lider-da-serie-b\/","name":"Em busca do G4, Vit\u00f3ria enfrenta l\u00edder da S\u00e9rie B - Brasil not\u00edcias","isPartOf":{"@id":"https:\/\/brasilnoticias.org\/site\/#website"},"primaryImageOfPage":{"@id":"https:\/\/brasilnoticias.org\/site\/em-busca-do-g4-vitoria-enfrenta-lider-da-serie-b\/#primaryimage"},"image":{"@id":"https:\/\/brasilnoticias.org\/site\/em-busca-do-g4-vitoria-enfrenta-lider-da-serie-b\/#primaryimage"},"thumbnailUrl":"https:\/\/brasilnoticias.org\/site\/wp-content\/uploads\/2023\/07\/53001234937_52f1dd1240_k_widelg.jpg","datePublished":"2023-07-10T09:32:48+00:00","breadcrumb":{"@id":"https:\/\/brasilnoticias.org\/site\/em-busca-do-g4-vitoria-enfrenta-lider-da-serie-b\/#breadcrumb"},"inLanguage":"pt-PT","potentialAction":[{"@type":"ReadAction","target":["https:\/\/brasilnoticias.org\/site\/em-busca-do-g4-vitoria-enfrenta-lider-da-serie-b\/"]}]},{"@type":"ImageObject","inLanguage":"pt-PT","@id":"https:\/\/brasilnoticias.org\/site\/em-busca-do-g4-vitoria-enfrenta-lider-da-serie-b\/#primaryimage","url":"https:\/\/brasilnoticias.org\/site\/wp-content\/uploads\/2023\/07\/53001234937_52f1dd1240_k_widelg.jpg","contentUrl":"https:\/\/brasilnoticias.org\/site\/wp-content\/uploads\/2023\/07\/53001234937_52f1dd1240_k_widelg.jpg","width":800,"height":450},{"@type":"BreadcrumbList","@id":"https:\/\/brasilnoticias.org\/site\/em-busca-do-g4-vitoria-enfrenta-lider-da-serie-b\/#breadcrumb","itemListElement":[{"@type":"ListItem","position":1,"name":"In\u00edcio","item":"https:\/\/brasilnoticias.org\/site\/"},{"@type":"ListItem","position":2,"name":"Em busca do G4, Vit\u00f3ria enfrenta l\u00edder da S\u00e9rie B"}]},{"@type":"WebSite","@id":"https:\/\/brasilnoticias.org\/site\/#website","url":"https:\/\/brasilnoticias.org\/site\/","name":"Brasil not\u00edcias","description":"Brasil not\u00edcias","publisher":{"@id":"https:\/\/brasilnoticias.org\/site\/#organization"},"potentialAction":[{"@type":"SearchAction","target":{"@type":"EntryPoint","urlTemplate":"https:\/\/brasilnoticias.org\/site\/?s={search_term_string}"},"query-input":{"@type":"PropertyValueSpecification","valueRequired":true,"valueName":"search_term_string"}}],"inLanguage":"pt-PT"},{"@type":"Organization","@id":"https:\/\/brasilnoticias.org\/site\/#organization","name":"Brasil not\u00edcias","url":"https:\/\/brasilnoticias.org\/site\/","logo":{"@type":"ImageObject","inLanguage":"pt-PT","@id":"https:\/\/brasilnoticias.org\/site\/#\/schema\/logo\/image\/","url":"https:\/\/brasilnoticias.org\/site\/wp-content\/uploads\/2022\/05\/cropped-brasilnoticias-mini.jpg","contentUrl":"https:\/\/brasilnoticias.org\/site\/wp-content\/uploads\/2022\/05\/cropped-brasilnoticias-mini.jpg","width":314,"height":86,"caption":"Brasil not\u00edcias"},"image":{"@id":"https:\/\/brasilnoticias.org\/site\/#\/schema\/logo\/image\/"}},{"@type":"Person","@id":"https:\/\/brasilnoticias.org\/site\/#\/schema\/person\/a0e05b973ec4d15c658d51911e53507b","name":"Reda\u00e7\u00e3o","image":{"@type":"ImageObject","inLanguage":"pt-PT","@id":"https:\/\/brasilnoticias.org\/site\/#\/schema\/person\/image\/","url":"https:\/\/secure.gravatar.com\/avatar\/75d8b050df2de108b08ae78dfb8e374892df24a383c67db9c46a9c604f6aee9c?s=96&d=mm&r=g","contentUrl":"https:\/\/secure.gravatar.com\/avatar\/75d8b050df2de108b08ae78dfb8e374892df24a383c67db9c46a9c604f6aee9c?s=96&d=mm&r=g","caption":"Reda\u00e7\u00e3o"},"sameAs":["https:\/\/brasilnoticias.org\/site"],"url":"https:\/\/brasilnoticias.org\/site\/author\/fernandozsngmail-com\/"}]}},"_links":{"self":[{"href":"https:\/\/brasilnoticias.org\/site\/wp-json\/wp\/v2\/posts\/7238","targetHints":{"allow":["GET"]}}],"collection":[{"href":"https:\/\/brasilnoticias.org\/site\/wp-json\/wp\/v2\/posts"}],"about":[{"href":"https:\/\/brasilnoticias.org\/site\/wp-json\/wp\/v2\/types\/post"}],"author":[{"embeddable":true,"href":"https:\/\/brasilnoticias.org\/site\/wp-json\/wp\/v2\/users\/1"}],"replies":[{"embeddable":true,"href":"https:\/\/brasilnoticias.org\/site\/wp-json\/wp\/v2\/comments?post=7238"}],"version-history":[{"count":1,"href":"https:\/\/brasilnoticias.org\/site\/wp-json\/wp\/v2\/posts\/7238\/revisions"}],"predecessor-version":[{"id":7240,"href":"https:\/\/brasilnoticias.org\/site\/wp-json\/wp\/v2\/posts\/7238\/revisions\/7240"}],"wp:featuredmedia":[{"embeddable":true,"href":"https:\/\/brasilnoticias.org\/site\/wp-json\/wp\/v2\/media\/7239"}],"wp:attachment":[{"href":"https:\/\/brasilnoticias.org\/site\/wp-json\/wp\/v2\/media?parent=7238"}],"wp:term":[{"taxonomy":"category","embeddable":true,"href":"https:\/\/brasilnoticias.org\/site\/wp-json\/wp\/v2\/categories?post=7238"},{"taxonomy":"post_tag","embeddable":true,"href":"https:\/\/brasilnoticias.org\/site\/wp-json\/wp\/v2\/tags?post=7238"}],"curies":[{"name":"wp","href":"https:\/\/api.w.org\/{rel}","templated":true}]}}