{"id":7246,"date":"2023-07-10T17:48:31","date_gmt":"2023-07-10T20:48:31","guid":{"rendered":"https:\/\/brasilnoticias.org\/site\/?p=7246"},"modified":"2023-07-10T17:48:31","modified_gmt":"2023-07-10T20:48:31","slug":"capitao-alden-ministra-palestra-na-base-aerea-de-salvador-nesta-segunda-feira","status":"publish","type":"post","link":"https:\/\/brasilnoticias.org\/site\/capitao-alden-ministra-palestra-na-base-aerea-de-salvador-nesta-segunda-feira\/","title":{"rendered":"Capit\u00e3o Alden ministra palestra na Base A\u00e9rea de Salvador nesta segunda-feira"},"content":{"rendered":"<p>Deputado levou o tema \u201cUso da For\u00e7a\u201d como principal tema de sua apresenta\u00e7\u00e3o <\/p>\n<p>A\u00e7\u00f5es de cunho educativo continuam a fazer parte da carreira do deputado federal Capit\u00e3o Alden (PL-BA). O pol\u00edtico entende que compartilhar conhecimento tamb\u00e9m deve fazer parte da atividade parlamentar em prol de benef\u00edcios m\u00faltiplos \u00e0 sociedade. Prova disto que o militar baiano esteve na manh\u00e3 desta segunda-feira (10), na Base A\u00e9rea de Salvador, na oportunidade foi ministrada uma palestra sobre \u201cUso da For\u00e7a\u201d para os profissionais da Aeron\u00e1utica.  <\/p>\n<p>Durante sua explana\u00e7\u00e3o, o Capit\u00e3o Alden fez quest\u00e3o de apresentar de maneira did\u00e1tica como os militares podem utilizar de forma assertiva o \u201cUso da For\u00e7a\u201d e suas aplica\u00e7\u00f5es pr\u00e1ticas em situa\u00e7\u00f5es envolvendo ocorr\u00eancias distintas. Al\u00e9m disso, houve a exposi\u00e7\u00e3o de exemplos reais atrav\u00e9s de recursos audiovisuais. <\/p>\n<p>Os objetivos das orienta\u00e7\u00f5es passadas foram no sentido de evitar eventuais abusos de autoridade e preserva\u00e7\u00e3o da integridade dos profissionais envolvidos em ocorr\u00eancias. Para o legislador federal, toda oportunidade de levar conte\u00fados t\u00e9cnicos associados a situa\u00e7\u00f5es do cotidiano sempre ser\u00e1 bem-vinda.  <\/p>\n<p>\u201cFico feliz pela receptividade da Base A\u00e9rea de Salvador, especialmente, pela aten\u00e7\u00e3o de todos os espectadores da minha palestra hoje mais cedo. Nosso mandato est\u00e1 dispon\u00edvel para contribuir cada vez mais compartilhando conhecimento atrav\u00e9s de a\u00e7\u00f5es educativas para os mais variados segmentos\u201d, comenta Alden.<\/p>\n","protected":false},"excerpt":{"rendered":"<p>Deputado levou o tema \u201cUso da For\u00e7a\u201d como principal tema de sua apresenta\u00e7\u00e3o A\u00e7\u00f5es de cunho educativo continuam a fazer<\/p>\n","protected":false},"author":1,"featured_media":7247,"comment_status":"open","ping_status":"open","sticky":false,"template":"","format":"standard","meta":{"colormag_page_container_layout":"default_layout","colormag_page_sidebar_layout":"default_layout","_FSMCFIC_featured_image_caption":"","_FSMCFIC_featured_image_nocaption":"","_FSMCFIC_featured_image_hide":"","footnotes":""},"categories":[5,1],"tags":[],"class_list":["post-7246","post","type-post","status-publish","format-standard","has-post-thumbnail","hentry","category-politica","category-ultimas"],"yoast_head":"<!-- This site is optimized with the Yoast SEO plugin v27.1.1 - https:\/\/yoast.com\/product\/yoast-seo-wordpress\/ -->\n<title>Capit\u00e3o Alden ministra palestra na Base A\u00e9rea de Salvador nesta segunda-feira - Brasil not\u00edcias<\/title>\n<meta name=\"robots\" content=\"index, follow, max-snippet:-1, max-image-preview:large, max-video-preview:-1\" \/>\n<link rel=\"canonical\" href=\"https:\/\/brasilnoticias.org\/site\/capitao-alden-ministra-palestra-na-base-aerea-de-salvador-nesta-segunda-feira\/\" \/>\n<meta property=\"og:locale\" content=\"pt_PT\" \/>\n<meta property=\"og:type\" content=\"article\" \/>\n<meta property=\"og:title\" content=\"Capit\u00e3o Alden ministra palestra na Base A\u00e9rea de Salvador nesta segunda-feira - Brasil not\u00edcias\" \/>\n<meta property=\"og:description\" content=\"Deputado levou o tema \u201cUso da For\u00e7a\u201d como principal tema de sua apresenta\u00e7\u00e3o A\u00e7\u00f5es de cunho educativo continuam a fazer\" \/>\n<meta property=\"og:url\" content=\"https:\/\/brasilnoticias.org\/site\/capitao-alden-ministra-palestra-na-base-aerea-de-salvador-nesta-segunda-feira\/\" \/>\n<meta property=\"og:site_name\" content=\"Brasil not\u00edcias\" \/>\n<meta property=\"article:published_time\" content=\"2023-07-10T20:48:31+00:00\" \/>\n<meta property=\"og:image\" content=\"https:\/\/brasilnoticias.org\/site\/wp-content\/uploads\/2023\/07\/WhatsApp-Image-2023-07-10-at-17.21.29.jpeg\" \/>\n\t<meta property=\"og:image:width\" content=\"1440\" \/>\n\t<meta property=\"og:image:height\" content=\"959\" \/>\n\t<meta property=\"og:image:type\" content=\"image\/jpeg\" \/>\n<meta name=\"author\" content=\"Reda\u00e7\u00e3o\" \/>\n<meta name=\"twitter:card\" content=\"summary_large_image\" \/>\n<meta name=\"twitter:label1\" content=\"Escrito por\" \/>\n\t<meta name=\"twitter:data1\" content=\"Reda\u00e7\u00e3o\" \/>\n<script type=\"application\/ld+json\" class=\"yoast-schema-graph\">{\"@context\":\"https:\/\/schema.org\",\"@graph\":[{\"@type\":\"Article\",\"@id\":\"https:\/\/brasilnoticias.org\/site\/capitao-alden-ministra-palestra-na-base-aerea-de-salvador-nesta-segunda-feira\/#article\",\"isPartOf\":{\"@id\":\"https:\/\/brasilnoticias.org\/site\/capitao-alden-ministra-palestra-na-base-aerea-de-salvador-nesta-segunda-feira\/\"},\"author\":{\"name\":\"Reda\u00e7\u00e3o\",\"@id\":\"https:\/\/brasilnoticias.org\/site\/#\/schema\/person\/a0e05b973ec4d15c658d51911e53507b\"},\"headline\":\"Capit\u00e3o Alden ministra palestra na Base A\u00e9rea de Salvador nesta segunda-feira\",\"datePublished\":\"2023-07-10T20:48:31+00:00\",\"mainEntityOfPage\":{\"@id\":\"https:\/\/brasilnoticias.org\/site\/capitao-alden-ministra-palestra-na-base-aerea-de-salvador-nesta-segunda-feira\/\"},\"wordCount\":257,\"commentCount\":0,\"publisher\":{\"@id\":\"https:\/\/brasilnoticias.org\/site\/#organization\"},\"image\":{\"@id\":\"https:\/\/brasilnoticias.org\/site\/capitao-alden-ministra-palestra-na-base-aerea-de-salvador-nesta-segunda-feira\/#primaryimage\"},\"thumbnailUrl\":\"https:\/\/brasilnoticias.org\/site\/wp-content\/uploads\/2023\/07\/WhatsApp-Image-2023-07-10-at-17.21.29.jpeg\",\"articleSection\":[\"Pol\u00edtica\",\"\u00daltimas\"],\"inLanguage\":\"pt-PT\",\"potentialAction\":[{\"@type\":\"CommentAction\",\"name\":\"Comment\",\"target\":[\"https:\/\/brasilnoticias.org\/site\/capitao-alden-ministra-palestra-na-base-aerea-de-salvador-nesta-segunda-feira\/#respond\"]}]},{\"@type\":\"WebPage\",\"@id\":\"https:\/\/brasilnoticias.org\/site\/capitao-alden-ministra-palestra-na-base-aerea-de-salvador-nesta-segunda-feira\/\",\"url\":\"https:\/\/brasilnoticias.org\/site\/capitao-alden-ministra-palestra-na-base-aerea-de-salvador-nesta-segunda-feira\/\",\"name\":\"Capit\u00e3o Alden ministra palestra na Base A\u00e9rea de Salvador nesta segunda-feira - Brasil not\u00edcias\",\"isPartOf\":{\"@id\":\"https:\/\/brasilnoticias.org\/site\/#website\"},\"primaryImageOfPage\":{\"@id\":\"https:\/\/brasilnoticias.org\/site\/capitao-alden-ministra-palestra-na-base-aerea-de-salvador-nesta-segunda-feira\/#primaryimage\"},\"image\":{\"@id\":\"https:\/\/brasilnoticias.org\/site\/capitao-alden-ministra-palestra-na-base-aerea-de-salvador-nesta-segunda-feira\/#primaryimage\"},\"thumbnailUrl\":\"https:\/\/brasilnoticias.org\/site\/wp-content\/uploads\/2023\/07\/WhatsApp-Image-2023-07-10-at-17.21.29.jpeg\",\"datePublished\":\"2023-07-10T20:48:31+00:00\",\"breadcrumb\":{\"@id\":\"https:\/\/brasilnoticias.org\/site\/capitao-alden-ministra-palestra-na-base-aerea-de-salvador-nesta-segunda-feira\/#breadcrumb\"},\"inLanguage\":\"pt-PT\",\"potentialAction\":[{\"@type\":\"ReadAction\",\"target\":[\"https:\/\/brasilnoticias.org\/site\/capitao-alden-ministra-palestra-na-base-aerea-de-salvador-nesta-segunda-feira\/\"]}]},{\"@type\":\"ImageObject\",\"inLanguage\":\"pt-PT\",\"@id\":\"https:\/\/brasilnoticias.org\/site\/capitao-alden-ministra-palestra-na-base-aerea-de-salvador-nesta-segunda-feira\/#primaryimage\",\"url\":\"https:\/\/brasilnoticias.org\/site\/wp-content\/uploads\/2023\/07\/WhatsApp-Image-2023-07-10-at-17.21.29.jpeg\",\"contentUrl\":\"https:\/\/brasilnoticias.org\/site\/wp-content\/uploads\/2023\/07\/WhatsApp-Image-2023-07-10-at-17.21.29.jpeg\",\"width\":1440,\"height\":959},{\"@type\":\"BreadcrumbList\",\"@id\":\"https:\/\/brasilnoticias.org\/site\/capitao-alden-ministra-palestra-na-base-aerea-de-salvador-nesta-segunda-feira\/#breadcrumb\",\"itemListElement\":[{\"@type\":\"ListItem\",\"position\":1,\"name\":\"In\u00edcio\",\"item\":\"https:\/\/brasilnoticias.org\/site\/\"},{\"@type\":\"ListItem\",\"position\":2,\"name\":\"Capit\u00e3o Alden ministra palestra na Base A\u00e9rea de Salvador nesta segunda-feira\"}]},{\"@type\":\"WebSite\",\"@id\":\"https:\/\/brasilnoticias.org\/site\/#website\",\"url\":\"https:\/\/brasilnoticias.org\/site\/\",\"name\":\"Brasil not\u00edcias\",\"description\":\"Brasil not\u00edcias\",\"publisher\":{\"@id\":\"https:\/\/brasilnoticias.org\/site\/#organization\"},\"potentialAction\":[{\"@type\":\"SearchAction\",\"target\":{\"@type\":\"EntryPoint\",\"urlTemplate\":\"https:\/\/brasilnoticias.org\/site\/?s={search_term_string}\"},\"query-input\":{\"@type\":\"PropertyValueSpecification\",\"valueRequired\":true,\"valueName\":\"search_term_string\"}}],\"inLanguage\":\"pt-PT\"},{\"@type\":\"Organization\",\"@id\":\"https:\/\/brasilnoticias.org\/site\/#organization\",\"name\":\"Brasil not\u00edcias\",\"url\":\"https:\/\/brasilnoticias.org\/site\/\",\"logo\":{\"@type\":\"ImageObject\",\"inLanguage\":\"pt-PT\",\"@id\":\"https:\/\/brasilnoticias.org\/site\/#\/schema\/logo\/image\/\",\"url\":\"https:\/\/brasilnoticias.org\/site\/wp-content\/uploads\/2022\/05\/cropped-brasilnoticias-mini.jpg\",\"contentUrl\":\"https:\/\/brasilnoticias.org\/site\/wp-content\/uploads\/2022\/05\/cropped-brasilnoticias-mini.jpg\",\"width\":314,\"height\":86,\"caption\":\"Brasil not\u00edcias\"},\"image\":{\"@id\":\"https:\/\/brasilnoticias.org\/site\/#\/schema\/logo\/image\/\"}},{\"@type\":\"Person\",\"@id\":\"https:\/\/brasilnoticias.org\/site\/#\/schema\/person\/a0e05b973ec4d15c658d51911e53507b\",\"name\":\"Reda\u00e7\u00e3o\",\"image\":{\"@type\":\"ImageObject\",\"inLanguage\":\"pt-PT\",\"@id\":\"https:\/\/brasilnoticias.org\/site\/#\/schema\/person\/image\/\",\"url\":\"https:\/\/secure.gravatar.com\/avatar\/75d8b050df2de108b08ae78dfb8e374892df24a383c67db9c46a9c604f6aee9c?s=96&d=mm&r=g\",\"contentUrl\":\"https:\/\/secure.gravatar.com\/avatar\/75d8b050df2de108b08ae78dfb8e374892df24a383c67db9c46a9c604f6aee9c?s=96&d=mm&r=g\",\"caption\":\"Reda\u00e7\u00e3o\"},\"sameAs\":[\"https:\/\/brasilnoticias.org\/site\"],\"url\":\"https:\/\/brasilnoticias.org\/site\/author\/fernandozsngmail-com\/\"}]}<\/script>\n<!-- \/ Yoast SEO plugin. -->","yoast_head_json":{"title":"Capit\u00e3o Alden ministra palestra na Base A\u00e9rea de Salvador nesta segunda-feira - Brasil not\u00edcias","robots":{"index":"index","follow":"follow","max-snippet":"max-snippet:-1","max-image-preview":"max-image-preview:large","max-video-preview":"max-video-preview:-1"},"canonical":"https:\/\/brasilnoticias.org\/site\/capitao-alden-ministra-palestra-na-base-aerea-de-salvador-nesta-segunda-feira\/","og_locale":"pt_PT","og_type":"article","og_title":"Capit\u00e3o Alden ministra palestra na Base A\u00e9rea de Salvador nesta segunda-feira - Brasil not\u00edcias","og_description":"Deputado levou o tema \u201cUso da For\u00e7a\u201d como principal tema de sua apresenta\u00e7\u00e3o A\u00e7\u00f5es de cunho educativo continuam a fazer","og_url":"https:\/\/brasilnoticias.org\/site\/capitao-alden-ministra-palestra-na-base-aerea-de-salvador-nesta-segunda-feira\/","og_site_name":"Brasil not\u00edcias","article_published_time":"2023-07-10T20:48:31+00:00","og_image":[{"width":1440,"height":959,"url":"https:\/\/brasilnoticias.org\/site\/wp-content\/uploads\/2023\/07\/WhatsApp-Image-2023-07-10-at-17.21.29.jpeg","type":"image\/jpeg"}],"author":"Reda\u00e7\u00e3o","twitter_card":"summary_large_image","twitter_misc":{"Escrito por":"Reda\u00e7\u00e3o"},"schema":{"@context":"https:\/\/schema.org","@graph":[{"@type":"Article","@id":"https:\/\/brasilnoticias.org\/site\/capitao-alden-ministra-palestra-na-base-aerea-de-salvador-nesta-segunda-feira\/#article","isPartOf":{"@id":"https:\/\/brasilnoticias.org\/site\/capitao-alden-ministra-palestra-na-base-aerea-de-salvador-nesta-segunda-feira\/"},"author":{"name":"Reda\u00e7\u00e3o","@id":"https:\/\/brasilnoticias.org\/site\/#\/schema\/person\/a0e05b973ec4d15c658d51911e53507b"},"headline":"Capit\u00e3o Alden ministra palestra na Base A\u00e9rea de Salvador nesta segunda-feira","datePublished":"2023-07-10T20:48:31+00:00","mainEntityOfPage":{"@id":"https:\/\/brasilnoticias.org\/site\/capitao-alden-ministra-palestra-na-base-aerea-de-salvador-nesta-segunda-feira\/"},"wordCount":257,"commentCount":0,"publisher":{"@id":"https:\/\/brasilnoticias.org\/site\/#organization"},"image":{"@id":"https:\/\/brasilnoticias.org\/site\/capitao-alden-ministra-palestra-na-base-aerea-de-salvador-nesta-segunda-feira\/#primaryimage"},"thumbnailUrl":"https:\/\/brasilnoticias.org\/site\/wp-content\/uploads\/2023\/07\/WhatsApp-Image-2023-07-10-at-17.21.29.jpeg","articleSection":["Pol\u00edtica","\u00daltimas"],"inLanguage":"pt-PT","potentialAction":[{"@type":"CommentAction","name":"Comment","target":["https:\/\/brasilnoticias.org\/site\/capitao-alden-ministra-palestra-na-base-aerea-de-salvador-nesta-segunda-feira\/#respond"]}]},{"@type":"WebPage","@id":"https:\/\/brasilnoticias.org\/site\/capitao-alden-ministra-palestra-na-base-aerea-de-salvador-nesta-segunda-feira\/","url":"https:\/\/brasilnoticias.org\/site\/capitao-alden-ministra-palestra-na-base-aerea-de-salvador-nesta-segunda-feira\/","name":"Capit\u00e3o Alden ministra palestra na Base A\u00e9rea de Salvador nesta segunda-feira - Brasil not\u00edcias","isPartOf":{"@id":"https:\/\/brasilnoticias.org\/site\/#website"},"primaryImageOfPage":{"@id":"https:\/\/brasilnoticias.org\/site\/capitao-alden-ministra-palestra-na-base-aerea-de-salvador-nesta-segunda-feira\/#primaryimage"},"image":{"@id":"https:\/\/brasilnoticias.org\/site\/capitao-alden-ministra-palestra-na-base-aerea-de-salvador-nesta-segunda-feira\/#primaryimage"},"thumbnailUrl":"https:\/\/brasilnoticias.org\/site\/wp-content\/uploads\/2023\/07\/WhatsApp-Image-2023-07-10-at-17.21.29.jpeg","datePublished":"2023-07-10T20:48:31+00:00","breadcrumb":{"@id":"https:\/\/brasilnoticias.org\/site\/capitao-alden-ministra-palestra-na-base-aerea-de-salvador-nesta-segunda-feira\/#breadcrumb"},"inLanguage":"pt-PT","potentialAction":[{"@type":"ReadAction","target":["https:\/\/brasilnoticias.org\/site\/capitao-alden-ministra-palestra-na-base-aerea-de-salvador-nesta-segunda-feira\/"]}]},{"@type":"ImageObject","inLanguage":"pt-PT","@id":"https:\/\/brasilnoticias.org\/site\/capitao-alden-ministra-palestra-na-base-aerea-de-salvador-nesta-segunda-feira\/#primaryimage","url":"https:\/\/brasilnoticias.org\/site\/wp-content\/uploads\/2023\/07\/WhatsApp-Image-2023-07-10-at-17.21.29.jpeg","contentUrl":"https:\/\/brasilnoticias.org\/site\/wp-content\/uploads\/2023\/07\/WhatsApp-Image-2023-07-10-at-17.21.29.jpeg","width":1440,"height":959},{"@type":"BreadcrumbList","@id":"https:\/\/brasilnoticias.org\/site\/capitao-alden-ministra-palestra-na-base-aerea-de-salvador-nesta-segunda-feira\/#breadcrumb","itemListElement":[{"@type":"ListItem","position":1,"name":"In\u00edcio","item":"https:\/\/brasilnoticias.org\/site\/"},{"@type":"ListItem","position":2,"name":"Capit\u00e3o Alden ministra palestra na Base A\u00e9rea de Salvador nesta segunda-feira"}]},{"@type":"WebSite","@id":"https:\/\/brasilnoticias.org\/site\/#website","url":"https:\/\/brasilnoticias.org\/site\/","name":"Brasil not\u00edcias","description":"Brasil not\u00edcias","publisher":{"@id":"https:\/\/brasilnoticias.org\/site\/#organization"},"potentialAction":[{"@type":"SearchAction","target":{"@type":"EntryPoint","urlTemplate":"https:\/\/brasilnoticias.org\/site\/?s={search_term_string}"},"query-input":{"@type":"PropertyValueSpecification","valueRequired":true,"valueName":"search_term_string"}}],"inLanguage":"pt-PT"},{"@type":"Organization","@id":"https:\/\/brasilnoticias.org\/site\/#organization","name":"Brasil not\u00edcias","url":"https:\/\/brasilnoticias.org\/site\/","logo":{"@type":"ImageObject","inLanguage":"pt-PT","@id":"https:\/\/brasilnoticias.org\/site\/#\/schema\/logo\/image\/","url":"https:\/\/brasilnoticias.org\/site\/wp-content\/uploads\/2022\/05\/cropped-brasilnoticias-mini.jpg","contentUrl":"https:\/\/brasilnoticias.org\/site\/wp-content\/uploads\/2022\/05\/cropped-brasilnoticias-mini.jpg","width":314,"height":86,"caption":"Brasil not\u00edcias"},"image":{"@id":"https:\/\/brasilnoticias.org\/site\/#\/schema\/logo\/image\/"}},{"@type":"Person","@id":"https:\/\/brasilnoticias.org\/site\/#\/schema\/person\/a0e05b973ec4d15c658d51911e53507b","name":"Reda\u00e7\u00e3o","image":{"@type":"ImageObject","inLanguage":"pt-PT","@id":"https:\/\/brasilnoticias.org\/site\/#\/schema\/person\/image\/","url":"https:\/\/secure.gravatar.com\/avatar\/75d8b050df2de108b08ae78dfb8e374892df24a383c67db9c46a9c604f6aee9c?s=96&d=mm&r=g","contentUrl":"https:\/\/secure.gravatar.com\/avatar\/75d8b050df2de108b08ae78dfb8e374892df24a383c67db9c46a9c604f6aee9c?s=96&d=mm&r=g","caption":"Reda\u00e7\u00e3o"},"sameAs":["https:\/\/brasilnoticias.org\/site"],"url":"https:\/\/brasilnoticias.org\/site\/author\/fernandozsngmail-com\/"}]}},"_links":{"self":[{"href":"https:\/\/brasilnoticias.org\/site\/wp-json\/wp\/v2\/posts\/7246","targetHints":{"allow":["GET"]}}],"collection":[{"href":"https:\/\/brasilnoticias.org\/site\/wp-json\/wp\/v2\/posts"}],"about":[{"href":"https:\/\/brasilnoticias.org\/site\/wp-json\/wp\/v2\/types\/post"}],"author":[{"embeddable":true,"href":"https:\/\/brasilnoticias.org\/site\/wp-json\/wp\/v2\/users\/1"}],"replies":[{"embeddable":true,"href":"https:\/\/brasilnoticias.org\/site\/wp-json\/wp\/v2\/comments?post=7246"}],"version-history":[{"count":1,"href":"https:\/\/brasilnoticias.org\/site\/wp-json\/wp\/v2\/posts\/7246\/revisions"}],"predecessor-version":[{"id":7248,"href":"https:\/\/brasilnoticias.org\/site\/wp-json\/wp\/v2\/posts\/7246\/revisions\/7248"}],"wp:featuredmedia":[{"embeddable":true,"href":"https:\/\/brasilnoticias.org\/site\/wp-json\/wp\/v2\/media\/7247"}],"wp:attachment":[{"href":"https:\/\/brasilnoticias.org\/site\/wp-json\/wp\/v2\/media?parent=7246"}],"wp:term":[{"taxonomy":"category","embeddable":true,"href":"https:\/\/brasilnoticias.org\/site\/wp-json\/wp\/v2\/categories?post=7246"},{"taxonomy":"post_tag","embeddable":true,"href":"https:\/\/brasilnoticias.org\/site\/wp-json\/wp\/v2\/tags?post=7246"}],"curies":[{"name":"wp","href":"https:\/\/api.w.org\/{rel}","templated":true}]}}