{"id":7249,"date":"2023-07-10T17:52:16","date_gmt":"2023-07-10T20:52:16","guid":{"rendered":"https:\/\/brasilnoticias.org\/site\/?p=7249"},"modified":"2023-07-10T17:52:16","modified_gmt":"2023-07-10T20:52:16","slug":"time-da-serie-b-demite-treinador-confira","status":"publish","type":"post","link":"https:\/\/brasilnoticias.org\/site\/time-da-serie-b-demite-treinador-confira\/","title":{"rendered":"Time da s\u00e9rie B demite treinador; confira"},"content":{"rendered":"<p>O Atl\u00e9tico-GO anunciou a sa\u00edda do t\u00e9cnico Alberto Valentim, na tarde desta segunda-feira (10). O clube ocupa atualmente a 11\u00aa posi\u00e7\u00e3o na tabela de classifica\u00e7\u00e3o da S\u00e9rie B do Campeonato Brasileiro.<\/p>\n<p>De acordo com o comunicado oficial, o desempenho t\u00e9cnico da equipe vinha apresentando um rendimento &#8220;muito aqu\u00e9m&#8221; do esperado. O Atl\u00e9tico-GO agradeceu ao treinador pelo trabalho realizado e desejou sucesso em sua futura carreira.<\/p>\n<p>Na \u00faltima sexta-feira, o Atl\u00e9tico-GO empatou por 2 a 2 com o Novorizontino, fora de casa, pela 16\u00aa rodada do campeonato. O time registrou apenas uma vit\u00f3ria nas \u00faltimas dez partidas da competi\u00e7\u00e3o.<\/p>\n<p>Confira a nota:<br \/>\n&#8220;O Atl\u00e9tico Goianiense comunica, neste segunda-feira (10), que Alberto Valentim n\u00e3o faz mais parte de sua comiss\u00e3o t\u00e9cnica.<\/p>\n<p>Estamos em busca de uma filosofia diferente, nosso rendimento t\u00e9cnico tem sido muito abaixo dos objetivos tra\u00e7ados no in\u00edcio da competi\u00e7\u00e3o. Agradecemos pelo car\u00e1ter e conduta respons\u00e1vel e desejamos sorte em sua carreira&#8221;.<\/p>\n<p>Na \u00faltima sexta-feira, o Atl\u00e9tico-GO empatou por 2 a 2 com o Novorizontino, fora de casa, pela 16\u00aa rodada do campeonato. O time registrou apenas uma vit\u00f3ria nas \u00faltimas dez partidas da competi\u00e7\u00e3o.<\/p>\n<p>Foto Dinaldo Silva \/ Nayra Halm \/ CBF<br \/>\nBNews<\/p>\n","protected":false},"excerpt":{"rendered":"<p>O Atl\u00e9tico-GO anunciou a sa\u00edda do t\u00e9cnico Alberto Valentim, na tarde desta segunda-feira (10). O clube ocupa atualmente a 11\u00aa<\/p>\n","protected":false},"author":1,"featured_media":7251,"comment_status":"open","ping_status":"open","sticky":false,"template":"","format":"standard","meta":{"colormag_page_container_layout":"default_layout","colormag_page_sidebar_layout":"default_layout","_FSMCFIC_featured_image_caption":"","_FSMCFIC_featured_image_nocaption":"","_FSMCFIC_featured_image_hide":"","footnotes":""},"categories":[4,1],"tags":[],"class_list":["post-7249","post","type-post","status-publish","format-standard","has-post-thumbnail","hentry","category-esporte","category-ultimas"],"yoast_head":"<!-- This site is optimized with the Yoast SEO plugin v27.1.1 - https:\/\/yoast.com\/product\/yoast-seo-wordpress\/ -->\n<title>Time da s\u00e9rie B demite treinador; confira - Brasil not\u00edcias<\/title>\n<meta name=\"robots\" content=\"index, follow, max-snippet:-1, max-image-preview:large, max-video-preview:-1\" \/>\n<link rel=\"canonical\" href=\"https:\/\/brasilnoticias.org\/site\/time-da-serie-b-demite-treinador-confira\/\" \/>\n<meta property=\"og:locale\" content=\"pt_PT\" \/>\n<meta property=\"og:type\" content=\"article\" \/>\n<meta property=\"og:title\" content=\"Time da s\u00e9rie B demite treinador; confira - Brasil not\u00edcias\" \/>\n<meta property=\"og:description\" content=\"O Atl\u00e9tico-GO anunciou a sa\u00edda do t\u00e9cnico Alberto Valentim, na tarde desta segunda-feira (10). O clube ocupa atualmente a 11\u00aa\" \/>\n<meta property=\"og:url\" content=\"https:\/\/brasilnoticias.org\/site\/time-da-serie-b-demite-treinador-confira\/\" \/>\n<meta property=\"og:site_name\" content=\"Brasil not\u00edcias\" \/>\n<meta property=\"article:published_time\" content=\"2023-07-10T20:52:16+00:00\" \/>\n<meta property=\"og:image\" content=\"https:\/\/brasilnoticias.org\/site\/wp-content\/uploads\/2023\/07\/captura_de_tela_167_widelg.webp\" \/>\n\t<meta property=\"og:image:width\" content=\"683\" \/>\n\t<meta property=\"og:image:height\" content=\"422\" \/>\n\t<meta property=\"og:image:type\" content=\"image\/webp\" \/>\n<meta name=\"author\" content=\"Reda\u00e7\u00e3o\" \/>\n<meta name=\"twitter:card\" content=\"summary_large_image\" \/>\n<meta name=\"twitter:label1\" content=\"Escrito por\" \/>\n\t<meta name=\"twitter:data1\" content=\"Reda\u00e7\u00e3o\" \/>\n<script type=\"application\/ld+json\" class=\"yoast-schema-graph\">{\"@context\":\"https:\/\/schema.org\",\"@graph\":[{\"@type\":\"Article\",\"@id\":\"https:\/\/brasilnoticias.org\/site\/time-da-serie-b-demite-treinador-confira\/#article\",\"isPartOf\":{\"@id\":\"https:\/\/brasilnoticias.org\/site\/time-da-serie-b-demite-treinador-confira\/\"},\"author\":{\"name\":\"Reda\u00e7\u00e3o\",\"@id\":\"https:\/\/brasilnoticias.org\/site\/#\/schema\/person\/a0e05b973ec4d15c658d51911e53507b\"},\"headline\":\"Time da s\u00e9rie B demite treinador; confira\",\"datePublished\":\"2023-07-10T20:52:16+00:00\",\"mainEntityOfPage\":{\"@id\":\"https:\/\/brasilnoticias.org\/site\/time-da-serie-b-demite-treinador-confira\/\"},\"wordCount\":216,\"commentCount\":0,\"publisher\":{\"@id\":\"https:\/\/brasilnoticias.org\/site\/#organization\"},\"image\":{\"@id\":\"https:\/\/brasilnoticias.org\/site\/time-da-serie-b-demite-treinador-confira\/#primaryimage\"},\"thumbnailUrl\":\"https:\/\/brasilnoticias.org\/site\/wp-content\/uploads\/2023\/07\/captura_de_tela_167_widelg.webp\",\"articleSection\":[\"Esporte\",\"\u00daltimas\"],\"inLanguage\":\"pt-PT\",\"potentialAction\":[{\"@type\":\"CommentAction\",\"name\":\"Comment\",\"target\":[\"https:\/\/brasilnoticias.org\/site\/time-da-serie-b-demite-treinador-confira\/#respond\"]}]},{\"@type\":\"WebPage\",\"@id\":\"https:\/\/brasilnoticias.org\/site\/time-da-serie-b-demite-treinador-confira\/\",\"url\":\"https:\/\/brasilnoticias.org\/site\/time-da-serie-b-demite-treinador-confira\/\",\"name\":\"Time da s\u00e9rie B demite treinador; confira - Brasil not\u00edcias\",\"isPartOf\":{\"@id\":\"https:\/\/brasilnoticias.org\/site\/#website\"},\"primaryImageOfPage\":{\"@id\":\"https:\/\/brasilnoticias.org\/site\/time-da-serie-b-demite-treinador-confira\/#primaryimage\"},\"image\":{\"@id\":\"https:\/\/brasilnoticias.org\/site\/time-da-serie-b-demite-treinador-confira\/#primaryimage\"},\"thumbnailUrl\":\"https:\/\/brasilnoticias.org\/site\/wp-content\/uploads\/2023\/07\/captura_de_tela_167_widelg.webp\",\"datePublished\":\"2023-07-10T20:52:16+00:00\",\"breadcrumb\":{\"@id\":\"https:\/\/brasilnoticias.org\/site\/time-da-serie-b-demite-treinador-confira\/#breadcrumb\"},\"inLanguage\":\"pt-PT\",\"potentialAction\":[{\"@type\":\"ReadAction\",\"target\":[\"https:\/\/brasilnoticias.org\/site\/time-da-serie-b-demite-treinador-confira\/\"]}]},{\"@type\":\"ImageObject\",\"inLanguage\":\"pt-PT\",\"@id\":\"https:\/\/brasilnoticias.org\/site\/time-da-serie-b-demite-treinador-confira\/#primaryimage\",\"url\":\"https:\/\/brasilnoticias.org\/site\/wp-content\/uploads\/2023\/07\/captura_de_tela_167_widelg.webp\",\"contentUrl\":\"https:\/\/brasilnoticias.org\/site\/wp-content\/uploads\/2023\/07\/captura_de_tela_167_widelg.webp\",\"width\":683,\"height\":422},{\"@type\":\"BreadcrumbList\",\"@id\":\"https:\/\/brasilnoticias.org\/site\/time-da-serie-b-demite-treinador-confira\/#breadcrumb\",\"itemListElement\":[{\"@type\":\"ListItem\",\"position\":1,\"name\":\"In\u00edcio\",\"item\":\"https:\/\/brasilnoticias.org\/site\/\"},{\"@type\":\"ListItem\",\"position\":2,\"name\":\"Time da s\u00e9rie B demite treinador; confira\"}]},{\"@type\":\"WebSite\",\"@id\":\"https:\/\/brasilnoticias.org\/site\/#website\",\"url\":\"https:\/\/brasilnoticias.org\/site\/\",\"name\":\"Brasil not\u00edcias\",\"description\":\"Brasil not\u00edcias\",\"publisher\":{\"@id\":\"https:\/\/brasilnoticias.org\/site\/#organization\"},\"potentialAction\":[{\"@type\":\"SearchAction\",\"target\":{\"@type\":\"EntryPoint\",\"urlTemplate\":\"https:\/\/brasilnoticias.org\/site\/?s={search_term_string}\"},\"query-input\":{\"@type\":\"PropertyValueSpecification\",\"valueRequired\":true,\"valueName\":\"search_term_string\"}}],\"inLanguage\":\"pt-PT\"},{\"@type\":\"Organization\",\"@id\":\"https:\/\/brasilnoticias.org\/site\/#organization\",\"name\":\"Brasil not\u00edcias\",\"url\":\"https:\/\/brasilnoticias.org\/site\/\",\"logo\":{\"@type\":\"ImageObject\",\"inLanguage\":\"pt-PT\",\"@id\":\"https:\/\/brasilnoticias.org\/site\/#\/schema\/logo\/image\/\",\"url\":\"https:\/\/brasilnoticias.org\/site\/wp-content\/uploads\/2022\/05\/cropped-brasilnoticias-mini.jpg\",\"contentUrl\":\"https:\/\/brasilnoticias.org\/site\/wp-content\/uploads\/2022\/05\/cropped-brasilnoticias-mini.jpg\",\"width\":314,\"height\":86,\"caption\":\"Brasil not\u00edcias\"},\"image\":{\"@id\":\"https:\/\/brasilnoticias.org\/site\/#\/schema\/logo\/image\/\"}},{\"@type\":\"Person\",\"@id\":\"https:\/\/brasilnoticias.org\/site\/#\/schema\/person\/a0e05b973ec4d15c658d51911e53507b\",\"name\":\"Reda\u00e7\u00e3o\",\"image\":{\"@type\":\"ImageObject\",\"inLanguage\":\"pt-PT\",\"@id\":\"https:\/\/brasilnoticias.org\/site\/#\/schema\/person\/image\/\",\"url\":\"https:\/\/secure.gravatar.com\/avatar\/75d8b050df2de108b08ae78dfb8e374892df24a383c67db9c46a9c604f6aee9c?s=96&d=mm&r=g\",\"contentUrl\":\"https:\/\/secure.gravatar.com\/avatar\/75d8b050df2de108b08ae78dfb8e374892df24a383c67db9c46a9c604f6aee9c?s=96&d=mm&r=g\",\"caption\":\"Reda\u00e7\u00e3o\"},\"sameAs\":[\"https:\/\/brasilnoticias.org\/site\"],\"url\":\"https:\/\/brasilnoticias.org\/site\/author\/fernandozsngmail-com\/\"}]}<\/script>\n<!-- \/ Yoast SEO plugin. -->","yoast_head_json":{"title":"Time da s\u00e9rie B demite treinador; confira - Brasil not\u00edcias","robots":{"index":"index","follow":"follow","max-snippet":"max-snippet:-1","max-image-preview":"max-image-preview:large","max-video-preview":"max-video-preview:-1"},"canonical":"https:\/\/brasilnoticias.org\/site\/time-da-serie-b-demite-treinador-confira\/","og_locale":"pt_PT","og_type":"article","og_title":"Time da s\u00e9rie B demite treinador; confira - Brasil not\u00edcias","og_description":"O Atl\u00e9tico-GO anunciou a sa\u00edda do t\u00e9cnico Alberto Valentim, na tarde desta segunda-feira (10). O clube ocupa atualmente a 11\u00aa","og_url":"https:\/\/brasilnoticias.org\/site\/time-da-serie-b-demite-treinador-confira\/","og_site_name":"Brasil not\u00edcias","article_published_time":"2023-07-10T20:52:16+00:00","og_image":[{"width":683,"height":422,"url":"https:\/\/brasilnoticias.org\/site\/wp-content\/uploads\/2023\/07\/captura_de_tela_167_widelg.webp","type":"image\/webp"}],"author":"Reda\u00e7\u00e3o","twitter_card":"summary_large_image","twitter_misc":{"Escrito por":"Reda\u00e7\u00e3o"},"schema":{"@context":"https:\/\/schema.org","@graph":[{"@type":"Article","@id":"https:\/\/brasilnoticias.org\/site\/time-da-serie-b-demite-treinador-confira\/#article","isPartOf":{"@id":"https:\/\/brasilnoticias.org\/site\/time-da-serie-b-demite-treinador-confira\/"},"author":{"name":"Reda\u00e7\u00e3o","@id":"https:\/\/brasilnoticias.org\/site\/#\/schema\/person\/a0e05b973ec4d15c658d51911e53507b"},"headline":"Time da s\u00e9rie B demite treinador; confira","datePublished":"2023-07-10T20:52:16+00:00","mainEntityOfPage":{"@id":"https:\/\/brasilnoticias.org\/site\/time-da-serie-b-demite-treinador-confira\/"},"wordCount":216,"commentCount":0,"publisher":{"@id":"https:\/\/brasilnoticias.org\/site\/#organization"},"image":{"@id":"https:\/\/brasilnoticias.org\/site\/time-da-serie-b-demite-treinador-confira\/#primaryimage"},"thumbnailUrl":"https:\/\/brasilnoticias.org\/site\/wp-content\/uploads\/2023\/07\/captura_de_tela_167_widelg.webp","articleSection":["Esporte","\u00daltimas"],"inLanguage":"pt-PT","potentialAction":[{"@type":"CommentAction","name":"Comment","target":["https:\/\/brasilnoticias.org\/site\/time-da-serie-b-demite-treinador-confira\/#respond"]}]},{"@type":"WebPage","@id":"https:\/\/brasilnoticias.org\/site\/time-da-serie-b-demite-treinador-confira\/","url":"https:\/\/brasilnoticias.org\/site\/time-da-serie-b-demite-treinador-confira\/","name":"Time da s\u00e9rie B demite treinador; confira - Brasil not\u00edcias","isPartOf":{"@id":"https:\/\/brasilnoticias.org\/site\/#website"},"primaryImageOfPage":{"@id":"https:\/\/brasilnoticias.org\/site\/time-da-serie-b-demite-treinador-confira\/#primaryimage"},"image":{"@id":"https:\/\/brasilnoticias.org\/site\/time-da-serie-b-demite-treinador-confira\/#primaryimage"},"thumbnailUrl":"https:\/\/brasilnoticias.org\/site\/wp-content\/uploads\/2023\/07\/captura_de_tela_167_widelg.webp","datePublished":"2023-07-10T20:52:16+00:00","breadcrumb":{"@id":"https:\/\/brasilnoticias.org\/site\/time-da-serie-b-demite-treinador-confira\/#breadcrumb"},"inLanguage":"pt-PT","potentialAction":[{"@type":"ReadAction","target":["https:\/\/brasilnoticias.org\/site\/time-da-serie-b-demite-treinador-confira\/"]}]},{"@type":"ImageObject","inLanguage":"pt-PT","@id":"https:\/\/brasilnoticias.org\/site\/time-da-serie-b-demite-treinador-confira\/#primaryimage","url":"https:\/\/brasilnoticias.org\/site\/wp-content\/uploads\/2023\/07\/captura_de_tela_167_widelg.webp","contentUrl":"https:\/\/brasilnoticias.org\/site\/wp-content\/uploads\/2023\/07\/captura_de_tela_167_widelg.webp","width":683,"height":422},{"@type":"BreadcrumbList","@id":"https:\/\/brasilnoticias.org\/site\/time-da-serie-b-demite-treinador-confira\/#breadcrumb","itemListElement":[{"@type":"ListItem","position":1,"name":"In\u00edcio","item":"https:\/\/brasilnoticias.org\/site\/"},{"@type":"ListItem","position":2,"name":"Time da s\u00e9rie B demite treinador; confira"}]},{"@type":"WebSite","@id":"https:\/\/brasilnoticias.org\/site\/#website","url":"https:\/\/brasilnoticias.org\/site\/","name":"Brasil not\u00edcias","description":"Brasil not\u00edcias","publisher":{"@id":"https:\/\/brasilnoticias.org\/site\/#organization"},"potentialAction":[{"@type":"SearchAction","target":{"@type":"EntryPoint","urlTemplate":"https:\/\/brasilnoticias.org\/site\/?s={search_term_string}"},"query-input":{"@type":"PropertyValueSpecification","valueRequired":true,"valueName":"search_term_string"}}],"inLanguage":"pt-PT"},{"@type":"Organization","@id":"https:\/\/brasilnoticias.org\/site\/#organization","name":"Brasil not\u00edcias","url":"https:\/\/brasilnoticias.org\/site\/","logo":{"@type":"ImageObject","inLanguage":"pt-PT","@id":"https:\/\/brasilnoticias.org\/site\/#\/schema\/logo\/image\/","url":"https:\/\/brasilnoticias.org\/site\/wp-content\/uploads\/2022\/05\/cropped-brasilnoticias-mini.jpg","contentUrl":"https:\/\/brasilnoticias.org\/site\/wp-content\/uploads\/2022\/05\/cropped-brasilnoticias-mini.jpg","width":314,"height":86,"caption":"Brasil not\u00edcias"},"image":{"@id":"https:\/\/brasilnoticias.org\/site\/#\/schema\/logo\/image\/"}},{"@type":"Person","@id":"https:\/\/brasilnoticias.org\/site\/#\/schema\/person\/a0e05b973ec4d15c658d51911e53507b","name":"Reda\u00e7\u00e3o","image":{"@type":"ImageObject","inLanguage":"pt-PT","@id":"https:\/\/brasilnoticias.org\/site\/#\/schema\/person\/image\/","url":"https:\/\/secure.gravatar.com\/avatar\/75d8b050df2de108b08ae78dfb8e374892df24a383c67db9c46a9c604f6aee9c?s=96&d=mm&r=g","contentUrl":"https:\/\/secure.gravatar.com\/avatar\/75d8b050df2de108b08ae78dfb8e374892df24a383c67db9c46a9c604f6aee9c?s=96&d=mm&r=g","caption":"Reda\u00e7\u00e3o"},"sameAs":["https:\/\/brasilnoticias.org\/site"],"url":"https:\/\/brasilnoticias.org\/site\/author\/fernandozsngmail-com\/"}]}},"_links":{"self":[{"href":"https:\/\/brasilnoticias.org\/site\/wp-json\/wp\/v2\/posts\/7249","targetHints":{"allow":["GET"]}}],"collection":[{"href":"https:\/\/brasilnoticias.org\/site\/wp-json\/wp\/v2\/posts"}],"about":[{"href":"https:\/\/brasilnoticias.org\/site\/wp-json\/wp\/v2\/types\/post"}],"author":[{"embeddable":true,"href":"https:\/\/brasilnoticias.org\/site\/wp-json\/wp\/v2\/users\/1"}],"replies":[{"embeddable":true,"href":"https:\/\/brasilnoticias.org\/site\/wp-json\/wp\/v2\/comments?post=7249"}],"version-history":[{"count":1,"href":"https:\/\/brasilnoticias.org\/site\/wp-json\/wp\/v2\/posts\/7249\/revisions"}],"predecessor-version":[{"id":7252,"href":"https:\/\/brasilnoticias.org\/site\/wp-json\/wp\/v2\/posts\/7249\/revisions\/7252"}],"wp:featuredmedia":[{"embeddable":true,"href":"https:\/\/brasilnoticias.org\/site\/wp-json\/wp\/v2\/media\/7251"}],"wp:attachment":[{"href":"https:\/\/brasilnoticias.org\/site\/wp-json\/wp\/v2\/media?parent=7249"}],"wp:term":[{"taxonomy":"category","embeddable":true,"href":"https:\/\/brasilnoticias.org\/site\/wp-json\/wp\/v2\/categories?post=7249"},{"taxonomy":"post_tag","embeddable":true,"href":"https:\/\/brasilnoticias.org\/site\/wp-json\/wp\/v2\/tags?post=7249"}],"curies":[{"name":"wp","href":"https:\/\/api.w.org\/{rel}","templated":true}]}}