{"id":727,"date":"2022-06-02T14:07:56","date_gmt":"2022-06-02T17:07:56","guid":{"rendered":"https:\/\/brasilnoticias.org\/site\/?p=727"},"modified":"2022-06-02T14:07:56","modified_gmt":"2022-06-02T17:07:56","slug":"governo-bolsonaro-direciona-1-em-5-ambulancias-ao-piaui-reduto-de-ciro-nogueira","status":"publish","type":"post","link":"https:\/\/brasilnoticias.org\/site\/governo-bolsonaro-direciona-1-em-5-ambulancias-ao-piaui-reduto-de-ciro-nogueira\/","title":{"rendered":"GOVERNO BOLSONARO DIRECIONA 1 EM 5 AMBUL\u00c2NCIAS AO PIAU\u00cd, REDUTO DE CIRO NOGUEIRA"},"content":{"rendered":"<p>Postado em frente a uma ambul\u00e2ncia, o prefeito de Miguel Le\u00e3o (PI), Roberto Le\u00e3o (PP), agradece efusivamente pela entrega do ve\u00edculo.<\/p>\n<p>\u201cEstou aqui em Teresina recebendo essa bel\u00edssima ambul\u00e2ncia, fruto de emenda do nosso ministro Ciro Nogueira juntamente com nossa senadora Eliane Nogueira. E n\u00f3s de Miguel Le\u00e3o s\u00f3 temos a agradecer essa parceria que tem dado certo, que tem ajudado muitos munic\u00edpios\u201d, diz o prefeito da cidadezinha com cerca de 1.500 habitantes.<\/p>\n<p>Os agradecimentos tanto ao ministro-chefe da Casa Civil do governo Jair Bolsonaro (PL-SP), Ciro Nogueira, e \u00e0 sua m\u00e3e, senadora Eliane Nogueira, ambos do Progressistas, t\u00eam se repetido.<\/p>\n<p>Ciro Nogueira \u00e9 um dos principais l\u00edderes do centr\u00e3o, bloco de partidos que d\u00e1 apoio ao presidente Bolsonaro no Congresso em troca de cargos e verbas.<\/p>\n<p>O Piau\u00ed tem sido inundado por ambul\u00e2ncias, v\u00e1rias delas distribu\u00eddas a aliados do cl\u00e3 Nogueira. Isso tem sido turbinado pelo or\u00e7amento das chamadas emendas de relator, que se tornaram um dos principais instrumentos de negocia\u00e7\u00e3o com o Congresso durante o governo Bolsonaro.<\/p>\n<p>O presidente usa o mecanismo para angariar apoio no Legislativo para pautas do interesse do Planalto. A decis\u00e3o sobre a distribui\u00e7\u00e3o dessas emendas ficou concentrada na c\u00fapula do Congresso Nacional, o que desencadeou cr\u00edticas pela falta de transpar\u00eancia na aloca\u00e7\u00e3o dos recursos.<\/p>\n<p>De acordo com sistema do FNS (Fundo Nacional de Sa\u00fade), o Piau\u00ed teve propostas aprovadas para financiamentos de 123 ambul\u00e2ncias no ano passado \u201318% de um total de 683 para o pa\u00eds. \u00c9 como se quase 1 ambul\u00e2ncia de cada 5 financiadas fossem para o estado.<\/p>\n<p>Para se ter uma ideia, Alagoas, com popula\u00e7\u00e3o parecida \u00e0 do Piau\u00ed, teve apenas 11, sempre de acordo com o site do FNS. O estado do ministro tamb\u00e9m teve mais repasses aprovados para a compra deste tipo de ve\u00edculo do que as regi\u00f5es Centro-Oeste, Norte e Sul isoladamente em 2021.<\/p>\n<p>Apenas Eliane Nogueira indicou R$ 8,2 milh\u00f5es para compra de ambul\u00e2ncias por meio das emendas de relator, segundo presta\u00e7\u00e3o de contas dela \u2014no total, as indica\u00e7\u00f5es somam R$ 399,2 milh\u00f5es.<\/p>\n<p>O valor indicado por ela para ambul\u00e2ncias daria para comprar 33 ve\u00edculos do tipo estilo furg\u00e3o ou 35 modelo pick-up.<\/p>\n<p>Algumas das ambul\u00e2ncias est\u00e3o chegando a aliados neste ano, \u00e0s v\u00e9speras da elei\u00e7\u00e3o. E a senadora costuma colher os louros pol\u00edticos dos repasses, ao postar v\u00eddeos com agradecimento dos pol\u00edticos ou anunciando novas cidades beneficiadas.<\/p>\n<p>\u201cPor ser uma \u00e1rea priorit\u00e1ria em meu mandato, fico muito feliz em dar boas novas. O Minist\u00e9rio da Sa\u00fade pagou mais de R$ 1,8 milh\u00e3o em emendas para compra de oito ambul\u00e2ncias. Elas ir\u00e3o refor\u00e7ar o atendimento \u00e0 popula\u00e7\u00e3o\u201d, escreveu a senadora em suas redes sociais.<\/p>\n<p>No post, ela anuncia que as cidades beneficiadas seriam Campo Largo do Piau\u00ed, Caxing\u00f3, Cocal de Telha, Col\u00f4nia do Gurgueia, Dirceu Arcoverde, Inhuma, Milton Brand\u00e3o e Morro Cabe\u00e7a no Tempo \u2014na \u00e9poca da publica\u00e7\u00e3o, apenas uma, a primeira delas, n\u00e3o era governada pelo PP.<\/p>\n<p>Embora nem todas as ambul\u00e2ncias financiadas no Piau\u00ed sejam relativas a emendas do cl\u00e3 Nogueira e aliados, o PP \u00e9 claramente o partido com mais prefeituras beneficiadas \u2013a reportagem encontrou ao menos 36 ve\u00edculos aprovados para munic\u00edpios da sigla apenas em 2021.<\/p>\n<p>Roberto Le\u00e3o, prefeito da cidade de Miguel Le\u00e3o, al\u00e9m de ser do mesmo partido do ministro, aparenta grande proximidade pol\u00edtica em suas redes sociais. \u00c0 Folha ele disse que recebeu a ambul\u00e2ncia ap\u00f3s fazer um of\u00edcio pedindo socorro.<\/p>\n<p>No meu caso, eu fiz uma solicita\u00e7\u00e3o atrav\u00e9s de um of\u00edcio. Eu o apoiei para senador ent\u00e3o eu posso pedir socorro para o senador, como eu fa\u00e7o com meus deputados federais tamb\u00e9m\u201d, afirmou Le\u00e3o.<\/p>\n<p>\u201cPiaui tem tr\u00eas senadores. Como o munic\u00edpio que sou prefeito \u00e9 pequeno, os outros dois senadores nem olham, n\u00e3o tem retorno pol\u00edtico\u201d.<\/p>\n<p>Le\u00e3o afirma que esse tipo de ambul\u00e2ncia \u00e9 uma grande demanda nas cidades do interior, uma vez que n\u00e3o h\u00e1 hospitais em boa parte delas e \u00e9 necess\u00e1rio fazer transfer\u00eancias constantes.<\/p>\n<p>Ele ainda criticou a sa\u00fade estadual, governado pelo PT, atualmente advers\u00e1rio de Nogueira, por n\u00e3o cumprir o cofinanciamento da sa\u00fade, o que aumentaria a necessidade de os prefeitos buscarem mais recursos.<\/p>\n<p>Os repasses para compra deste tipo de equipamento acontecem pelo chamado sistema fundo a fundo, no qual o FNS deposita os valores para as compras na conta dos fundos municipais de sa\u00fade. Devido \u00e0 praticidade e rapidez, boa parte das emendas de relator vai parar no FNS.<\/p>\n<p>Para que o valor seja pago, \u00e9 preciso aprova\u00e7\u00e3o da c\u00fapula do Minist\u00e9rio da Sa\u00fade, que publica uma portaria. Na pr\u00e1tica, \u00e9 a\u00ed que entraria o negociador pol\u00edtico do governo, o pr\u00f3prio ministro Ciro Nogueira, que daria o OK para que os empenhos de fato ocorram, segundo pol\u00edticos ouvidos pela Folha.<\/p>\n<p>Desde que Nogueira assumiu o minist\u00e9rio, o n\u00famero propostas de ambul\u00e2ncia financiadas pelo FNS em seu estado tamb\u00e9m deu um salto\u2014 foram 27 em 2017, 11 em 2018, quatro em 2019, nenhuma em 2020, at\u00e9 chegar a 123 no ano passado, quando o pol\u00edtico do PP assumiu o posto no Executivo.<\/p>\n<p>Os modelos contabilizados no levantamento s\u00e3o as chamadas ambul\u00e2ncias tipo A, as mais simples e mais requisitadas, com valores entre R$ 235 e R$ 249 mil.<\/p>\n<p>Advers\u00e1rio pol\u00edtico de Ciro Nogueira no Piau\u00ed, o ex-ministro da Sa\u00fade do governo Dilma Rousseff (PT) e senador Marcelo Castro (MDB) disse ao jornal O Globo que o ministro chegou a barrar o empenho de recursos indicados por ele.<\/p>\n<p>\u201cEm 40 anos de vida p\u00fablica, nunca escolhi partido ou parlamentar para destinar recursos, quando ocupei cargos importantes.\u201d<\/p>\n<p>\u201cQuando fui ministro da Sa\u00fade, por exemplo, enviei recursos para todos as prefeituras que estavam aptas a receber as verbas do Minist\u00e9rio\u201d, afirmou \u00e0 Folha, ressaltando que fica feliz com \u201cqualquer destina\u00e7\u00e3o de recursos para o Piau\u00ed, seja de qual grupo pol\u00edtico partir\u201d, devido \u00e0 car\u00eancia do estado nesta \u00e1rea.<\/p>\n<p>Um ponto destacado por quem conhece o sistema fundo a fundo turbinado por emendas \u00e9 que pode abrir brecha para casos como o do deputado Josimar de Maranh\u00e3ozinho (PL-MA), flagrado com dinheiro e suspeito de desviar recursos da Sa\u00fade viabilizados por meio de emendas parlamentares \u2014ele nega.<\/p>\n<p>Para o m\u00e9dico<\/p>\n<p>sanitarista e professor da FGV Walter Cintra Ferreira, a an\u00e1lise dos gastos em sa\u00fade deveria ser t\u00e9cnica e transparente.<\/p>\n<p>\u201cQuando voc\u00ea distribui um equipamento p\u00fablico, o crit\u00e9rio da distribui\u00e7\u00e3o deveria ser p\u00fablico e prestando contas por que est\u00e1 mandando ambul\u00e2ncia para o munic\u00edpio A e n\u00e3o estou mandando para o munic\u00edpio B. Essa hist\u00f3ria das emendas est\u00e1 levando a este tipo de distor\u00e7\u00e3o\u201d, diz.<\/p>\n<p>Ferreira afirma que o crit\u00e9rio \u00e9 casu\u00edstico e ineficaz.<\/p>\n<p>Temos um recurso para publicar na sa\u00fade que deveria ser realizado de maneira a provocar o melhor impacto poss\u00edvel nas condi\u00e7\u00f5es da sa\u00fade da popula\u00e7\u00e3o e olhando para as condi\u00e7\u00f5es de desigualdade de cada munic\u00edpio. Quando isso \u00e9 esquartejado pelos deputados e cada um distribui para o seu territ\u00f3rio eleitoral, \u00e9 um desservi\u00e7o\u201d, afirma.<\/p>\n<p>Questionado, o Minist\u00e9rio da Sa\u00fade afirmou que todo o recurso liberado \u201cpassa por uma rigorosa an\u00e1lise t\u00e9cnica realizada por servidores qualificados das secretarias final\u00edsticas\u201d.<\/p>\n<p>No entanto, a pasta afirma que \u201cn\u00e3o existe nenhuma influ\u00eancia de gestores da pasta nas indica\u00e7\u00f5es das chamadas emendas de relator do Or\u00e7amento, o que \u00e9 de compet\u00eancia exclusiva do Congresso Nacional\u201d.<\/p>\n<p>A reportagem procurou o ministro Ciro Nogueira e sua m\u00e3e, Eliane, mas n\u00e3o recebeu resposta at\u00e9 a publica\u00e7\u00e3o desta reportagem.<\/p>\n<p>&nbsp;<\/p>\n<p><span class=\"assinatura_exclusiva\">Artur Rodrigues, Folhapress<\/span><\/p>\n","protected":false},"excerpt":{"rendered":"<p>Postado em frente a uma ambul\u00e2ncia, o prefeito de Miguel Le\u00e3o (PI), Roberto Le\u00e3o (PP), agradece efusivamente pela entrega do<\/p>\n","protected":false},"author":2,"featured_media":728,"comment_status":"open","ping_status":"open","sticky":false,"template":"","format":"standard","meta":{"colormag_page_container_layout":"default_layout","colormag_page_sidebar_layout":"default_layout","_FSMCFIC_featured_image_caption":"","_FSMCFIC_featured_image_nocaption":"","_FSMCFIC_featured_image_hide":"","footnotes":""},"categories":[5,1],"tags":[],"class_list":["post-727","post","type-post","status-publish","format-standard","has-post-thumbnail","hentry","category-politica","category-ultimas"],"yoast_head":"<!-- This site is optimized with the Yoast SEO plugin v27.1.1 - https:\/\/yoast.com\/product\/yoast-seo-wordpress\/ -->\n<title>GOVERNO BOLSONARO DIRECIONA 1 EM 5 AMBUL\u00c2NCIAS AO PIAU\u00cd, REDUTO DE CIRO NOGUEIRA - Brasil not\u00edcias<\/title>\n<meta name=\"robots\" content=\"index, follow, max-snippet:-1, max-image-preview:large, max-video-preview:-1\" \/>\n<link rel=\"canonical\" href=\"https:\/\/brasilnoticias.org\/site\/governo-bolsonaro-direciona-1-em-5-ambulancias-ao-piaui-reduto-de-ciro-nogueira\/\" \/>\n<meta property=\"og:locale\" content=\"pt_PT\" \/>\n<meta property=\"og:type\" content=\"article\" \/>\n<meta property=\"og:title\" content=\"GOVERNO BOLSONARO DIRECIONA 1 EM 5 AMBUL\u00c2NCIAS AO PIAU\u00cd, REDUTO DE CIRO NOGUEIRA - Brasil not\u00edcias\" \/>\n<meta property=\"og:description\" content=\"Postado em frente a uma ambul\u00e2ncia, o prefeito de Miguel Le\u00e3o (PI), Roberto Le\u00e3o (PP), agradece efusivamente pela entrega do\" \/>\n<meta property=\"og:url\" content=\"https:\/\/brasilnoticias.org\/site\/governo-bolsonaro-direciona-1-em-5-ambulancias-ao-piaui-reduto-de-ciro-nogueira\/\" \/>\n<meta property=\"og:site_name\" content=\"Brasil not\u00edcias\" \/>\n<meta property=\"article:published_time\" content=\"2022-06-02T17:07:56+00:00\" \/>\n<meta property=\"og:image\" content=\"https:\/\/brasilnoticias.org\/site\/wp-content\/uploads\/2022\/06\/Screenshot_20220602-135915-029.png\" \/>\n\t<meta property=\"og:image:width\" content=\"720\" \/>\n\t<meta property=\"og:image:height\" content=\"697\" \/>\n\t<meta property=\"og:image:type\" content=\"image\/png\" \/>\n<meta name=\"author\" content=\"Reda\u00e7\u00e3o\" \/>\n<meta name=\"twitter:card\" content=\"summary_large_image\" \/>\n<meta name=\"twitter:label1\" content=\"Escrito por\" \/>\n\t<meta name=\"twitter:data1\" content=\"Reda\u00e7\u00e3o\" \/>\n\t<meta name=\"twitter:label2\" content=\"Tempo estimado de leitura\" \/>\n\t<meta name=\"twitter:data2\" content=\"7 minutos\" \/>\n<script type=\"application\/ld+json\" class=\"yoast-schema-graph\">{\"@context\":\"https:\/\/schema.org\",\"@graph\":[{\"@type\":\"Article\",\"@id\":\"https:\/\/brasilnoticias.org\/site\/governo-bolsonaro-direciona-1-em-5-ambulancias-ao-piaui-reduto-de-ciro-nogueira\/#article\",\"isPartOf\":{\"@id\":\"https:\/\/brasilnoticias.org\/site\/governo-bolsonaro-direciona-1-em-5-ambulancias-ao-piaui-reduto-de-ciro-nogueira\/\"},\"author\":{\"name\":\"Reda\u00e7\u00e3o\",\"@id\":\"https:\/\/brasilnoticias.org\/site\/#\/schema\/person\/f609fa847b5314f1c8b983342f34c798\"},\"headline\":\"GOVERNO BOLSONARO DIRECIONA 1 EM 5 AMBUL\u00c2NCIAS AO PIAU\u00cd, REDUTO DE CIRO NOGUEIRA\",\"datePublished\":\"2022-06-02T17:07:56+00:00\",\"mainEntityOfPage\":{\"@id\":\"https:\/\/brasilnoticias.org\/site\/governo-bolsonaro-direciona-1-em-5-ambulancias-ao-piaui-reduto-de-ciro-nogueira\/\"},\"wordCount\":1341,\"commentCount\":0,\"publisher\":{\"@id\":\"https:\/\/brasilnoticias.org\/site\/#organization\"},\"image\":{\"@id\":\"https:\/\/brasilnoticias.org\/site\/governo-bolsonaro-direciona-1-em-5-ambulancias-ao-piaui-reduto-de-ciro-nogueira\/#primaryimage\"},\"thumbnailUrl\":\"https:\/\/brasilnoticias.org\/site\/wp-content\/uploads\/2022\/06\/Screenshot_20220602-135915-029.png\",\"articleSection\":[\"Pol\u00edtica\",\"\u00daltimas\"],\"inLanguage\":\"pt-PT\",\"potentialAction\":[{\"@type\":\"CommentAction\",\"name\":\"Comment\",\"target\":[\"https:\/\/brasilnoticias.org\/site\/governo-bolsonaro-direciona-1-em-5-ambulancias-ao-piaui-reduto-de-ciro-nogueira\/#respond\"]}]},{\"@type\":\"WebPage\",\"@id\":\"https:\/\/brasilnoticias.org\/site\/governo-bolsonaro-direciona-1-em-5-ambulancias-ao-piaui-reduto-de-ciro-nogueira\/\",\"url\":\"https:\/\/brasilnoticias.org\/site\/governo-bolsonaro-direciona-1-em-5-ambulancias-ao-piaui-reduto-de-ciro-nogueira\/\",\"name\":\"GOVERNO BOLSONARO DIRECIONA 1 EM 5 AMBUL\u00c2NCIAS AO PIAU\u00cd, REDUTO DE CIRO NOGUEIRA - Brasil not\u00edcias\",\"isPartOf\":{\"@id\":\"https:\/\/brasilnoticias.org\/site\/#website\"},\"primaryImageOfPage\":{\"@id\":\"https:\/\/brasilnoticias.org\/site\/governo-bolsonaro-direciona-1-em-5-ambulancias-ao-piaui-reduto-de-ciro-nogueira\/#primaryimage\"},\"image\":{\"@id\":\"https:\/\/brasilnoticias.org\/site\/governo-bolsonaro-direciona-1-em-5-ambulancias-ao-piaui-reduto-de-ciro-nogueira\/#primaryimage\"},\"thumbnailUrl\":\"https:\/\/brasilnoticias.org\/site\/wp-content\/uploads\/2022\/06\/Screenshot_20220602-135915-029.png\",\"datePublished\":\"2022-06-02T17:07:56+00:00\",\"breadcrumb\":{\"@id\":\"https:\/\/brasilnoticias.org\/site\/governo-bolsonaro-direciona-1-em-5-ambulancias-ao-piaui-reduto-de-ciro-nogueira\/#breadcrumb\"},\"inLanguage\":\"pt-PT\",\"potentialAction\":[{\"@type\":\"ReadAction\",\"target\":[\"https:\/\/brasilnoticias.org\/site\/governo-bolsonaro-direciona-1-em-5-ambulancias-ao-piaui-reduto-de-ciro-nogueira\/\"]}]},{\"@type\":\"ImageObject\",\"inLanguage\":\"pt-PT\",\"@id\":\"https:\/\/brasilnoticias.org\/site\/governo-bolsonaro-direciona-1-em-5-ambulancias-ao-piaui-reduto-de-ciro-nogueira\/#primaryimage\",\"url\":\"https:\/\/brasilnoticias.org\/site\/wp-content\/uploads\/2022\/06\/Screenshot_20220602-135915-029.png\",\"contentUrl\":\"https:\/\/brasilnoticias.org\/site\/wp-content\/uploads\/2022\/06\/Screenshot_20220602-135915-029.png\",\"width\":720,\"height\":697},{\"@type\":\"BreadcrumbList\",\"@id\":\"https:\/\/brasilnoticias.org\/site\/governo-bolsonaro-direciona-1-em-5-ambulancias-ao-piaui-reduto-de-ciro-nogueira\/#breadcrumb\",\"itemListElement\":[{\"@type\":\"ListItem\",\"position\":1,\"name\":\"In\u00edcio\",\"item\":\"https:\/\/brasilnoticias.org\/site\/\"},{\"@type\":\"ListItem\",\"position\":2,\"name\":\"GOVERNO BOLSONARO DIRECIONA 1 EM 5 AMBUL\u00c2NCIAS AO PIAU\u00cd, REDUTO DE CIRO NOGUEIRA\"}]},{\"@type\":\"WebSite\",\"@id\":\"https:\/\/brasilnoticias.org\/site\/#website\",\"url\":\"https:\/\/brasilnoticias.org\/site\/\",\"name\":\"Brasil not\u00edcias\",\"description\":\"Brasil not\u00edcias\",\"publisher\":{\"@id\":\"https:\/\/brasilnoticias.org\/site\/#organization\"},\"potentialAction\":[{\"@type\":\"SearchAction\",\"target\":{\"@type\":\"EntryPoint\",\"urlTemplate\":\"https:\/\/brasilnoticias.org\/site\/?s={search_term_string}\"},\"query-input\":{\"@type\":\"PropertyValueSpecification\",\"valueRequired\":true,\"valueName\":\"search_term_string\"}}],\"inLanguage\":\"pt-PT\"},{\"@type\":\"Organization\",\"@id\":\"https:\/\/brasilnoticias.org\/site\/#organization\",\"name\":\"Brasil not\u00edcias\",\"url\":\"https:\/\/brasilnoticias.org\/site\/\",\"logo\":{\"@type\":\"ImageObject\",\"inLanguage\":\"pt-PT\",\"@id\":\"https:\/\/brasilnoticias.org\/site\/#\/schema\/logo\/image\/\",\"url\":\"https:\/\/brasilnoticias.org\/site\/wp-content\/uploads\/2022\/05\/cropped-brasilnoticias-mini.jpg\",\"contentUrl\":\"https:\/\/brasilnoticias.org\/site\/wp-content\/uploads\/2022\/05\/cropped-brasilnoticias-mini.jpg\",\"width\":314,\"height\":86,\"caption\":\"Brasil not\u00edcias\"},\"image\":{\"@id\":\"https:\/\/brasilnoticias.org\/site\/#\/schema\/logo\/image\/\"}},{\"@type\":\"Person\",\"@id\":\"https:\/\/brasilnoticias.org\/site\/#\/schema\/person\/f609fa847b5314f1c8b983342f34c798\",\"name\":\"Reda\u00e7\u00e3o\",\"image\":{\"@type\":\"ImageObject\",\"inLanguage\":\"pt-PT\",\"@id\":\"https:\/\/brasilnoticias.org\/site\/#\/schema\/person\/image\/\",\"url\":\"https:\/\/secure.gravatar.com\/avatar\/447284c06c1ad8b46465a36de9cd0d8326b73387a22799b8b1ffb1fbcff2ed0c?s=96&d=mm&r=g\",\"contentUrl\":\"https:\/\/secure.gravatar.com\/avatar\/447284c06c1ad8b46465a36de9cd0d8326b73387a22799b8b1ffb1fbcff2ed0c?s=96&d=mm&r=g\",\"caption\":\"Reda\u00e7\u00e3o\"},\"url\":\"https:\/\/brasilnoticias.org\/site\/author\/redacao\/\"}]}<\/script>\n<!-- \/ Yoast SEO plugin. -->","yoast_head_json":{"title":"GOVERNO BOLSONARO DIRECIONA 1 EM 5 AMBUL\u00c2NCIAS AO PIAU\u00cd, REDUTO DE CIRO NOGUEIRA - Brasil not\u00edcias","robots":{"index":"index","follow":"follow","max-snippet":"max-snippet:-1","max-image-preview":"max-image-preview:large","max-video-preview":"max-video-preview:-1"},"canonical":"https:\/\/brasilnoticias.org\/site\/governo-bolsonaro-direciona-1-em-5-ambulancias-ao-piaui-reduto-de-ciro-nogueira\/","og_locale":"pt_PT","og_type":"article","og_title":"GOVERNO BOLSONARO DIRECIONA 1 EM 5 AMBUL\u00c2NCIAS AO PIAU\u00cd, REDUTO DE CIRO NOGUEIRA - Brasil not\u00edcias","og_description":"Postado em frente a uma ambul\u00e2ncia, o prefeito de Miguel Le\u00e3o (PI), Roberto Le\u00e3o (PP), agradece efusivamente pela entrega do","og_url":"https:\/\/brasilnoticias.org\/site\/governo-bolsonaro-direciona-1-em-5-ambulancias-ao-piaui-reduto-de-ciro-nogueira\/","og_site_name":"Brasil not\u00edcias","article_published_time":"2022-06-02T17:07:56+00:00","og_image":[{"width":720,"height":697,"url":"https:\/\/brasilnoticias.org\/site\/wp-content\/uploads\/2022\/06\/Screenshot_20220602-135915-029.png","type":"image\/png"}],"author":"Reda\u00e7\u00e3o","twitter_card":"summary_large_image","twitter_misc":{"Escrito por":"Reda\u00e7\u00e3o","Tempo estimado de leitura":"7 minutos"},"schema":{"@context":"https:\/\/schema.org","@graph":[{"@type":"Article","@id":"https:\/\/brasilnoticias.org\/site\/governo-bolsonaro-direciona-1-em-5-ambulancias-ao-piaui-reduto-de-ciro-nogueira\/#article","isPartOf":{"@id":"https:\/\/brasilnoticias.org\/site\/governo-bolsonaro-direciona-1-em-5-ambulancias-ao-piaui-reduto-de-ciro-nogueira\/"},"author":{"name":"Reda\u00e7\u00e3o","@id":"https:\/\/brasilnoticias.org\/site\/#\/schema\/person\/f609fa847b5314f1c8b983342f34c798"},"headline":"GOVERNO BOLSONARO DIRECIONA 1 EM 5 AMBUL\u00c2NCIAS AO PIAU\u00cd, REDUTO DE CIRO NOGUEIRA","datePublished":"2022-06-02T17:07:56+00:00","mainEntityOfPage":{"@id":"https:\/\/brasilnoticias.org\/site\/governo-bolsonaro-direciona-1-em-5-ambulancias-ao-piaui-reduto-de-ciro-nogueira\/"},"wordCount":1341,"commentCount":0,"publisher":{"@id":"https:\/\/brasilnoticias.org\/site\/#organization"},"image":{"@id":"https:\/\/brasilnoticias.org\/site\/governo-bolsonaro-direciona-1-em-5-ambulancias-ao-piaui-reduto-de-ciro-nogueira\/#primaryimage"},"thumbnailUrl":"https:\/\/brasilnoticias.org\/site\/wp-content\/uploads\/2022\/06\/Screenshot_20220602-135915-029.png","articleSection":["Pol\u00edtica","\u00daltimas"],"inLanguage":"pt-PT","potentialAction":[{"@type":"CommentAction","name":"Comment","target":["https:\/\/brasilnoticias.org\/site\/governo-bolsonaro-direciona-1-em-5-ambulancias-ao-piaui-reduto-de-ciro-nogueira\/#respond"]}]},{"@type":"WebPage","@id":"https:\/\/brasilnoticias.org\/site\/governo-bolsonaro-direciona-1-em-5-ambulancias-ao-piaui-reduto-de-ciro-nogueira\/","url":"https:\/\/brasilnoticias.org\/site\/governo-bolsonaro-direciona-1-em-5-ambulancias-ao-piaui-reduto-de-ciro-nogueira\/","name":"GOVERNO BOLSONARO DIRECIONA 1 EM 5 AMBUL\u00c2NCIAS AO PIAU\u00cd, REDUTO DE CIRO NOGUEIRA - Brasil not\u00edcias","isPartOf":{"@id":"https:\/\/brasilnoticias.org\/site\/#website"},"primaryImageOfPage":{"@id":"https:\/\/brasilnoticias.org\/site\/governo-bolsonaro-direciona-1-em-5-ambulancias-ao-piaui-reduto-de-ciro-nogueira\/#primaryimage"},"image":{"@id":"https:\/\/brasilnoticias.org\/site\/governo-bolsonaro-direciona-1-em-5-ambulancias-ao-piaui-reduto-de-ciro-nogueira\/#primaryimage"},"thumbnailUrl":"https:\/\/brasilnoticias.org\/site\/wp-content\/uploads\/2022\/06\/Screenshot_20220602-135915-029.png","datePublished":"2022-06-02T17:07:56+00:00","breadcrumb":{"@id":"https:\/\/brasilnoticias.org\/site\/governo-bolsonaro-direciona-1-em-5-ambulancias-ao-piaui-reduto-de-ciro-nogueira\/#breadcrumb"},"inLanguage":"pt-PT","potentialAction":[{"@type":"ReadAction","target":["https:\/\/brasilnoticias.org\/site\/governo-bolsonaro-direciona-1-em-5-ambulancias-ao-piaui-reduto-de-ciro-nogueira\/"]}]},{"@type":"ImageObject","inLanguage":"pt-PT","@id":"https:\/\/brasilnoticias.org\/site\/governo-bolsonaro-direciona-1-em-5-ambulancias-ao-piaui-reduto-de-ciro-nogueira\/#primaryimage","url":"https:\/\/brasilnoticias.org\/site\/wp-content\/uploads\/2022\/06\/Screenshot_20220602-135915-029.png","contentUrl":"https:\/\/brasilnoticias.org\/site\/wp-content\/uploads\/2022\/06\/Screenshot_20220602-135915-029.png","width":720,"height":697},{"@type":"BreadcrumbList","@id":"https:\/\/brasilnoticias.org\/site\/governo-bolsonaro-direciona-1-em-5-ambulancias-ao-piaui-reduto-de-ciro-nogueira\/#breadcrumb","itemListElement":[{"@type":"ListItem","position":1,"name":"In\u00edcio","item":"https:\/\/brasilnoticias.org\/site\/"},{"@type":"ListItem","position":2,"name":"GOVERNO BOLSONARO DIRECIONA 1 EM 5 AMBUL\u00c2NCIAS AO PIAU\u00cd, REDUTO DE CIRO NOGUEIRA"}]},{"@type":"WebSite","@id":"https:\/\/brasilnoticias.org\/site\/#website","url":"https:\/\/brasilnoticias.org\/site\/","name":"Brasil not\u00edcias","description":"Brasil not\u00edcias","publisher":{"@id":"https:\/\/brasilnoticias.org\/site\/#organization"},"potentialAction":[{"@type":"SearchAction","target":{"@type":"EntryPoint","urlTemplate":"https:\/\/brasilnoticias.org\/site\/?s={search_term_string}"},"query-input":{"@type":"PropertyValueSpecification","valueRequired":true,"valueName":"search_term_string"}}],"inLanguage":"pt-PT"},{"@type":"Organization","@id":"https:\/\/brasilnoticias.org\/site\/#organization","name":"Brasil not\u00edcias","url":"https:\/\/brasilnoticias.org\/site\/","logo":{"@type":"ImageObject","inLanguage":"pt-PT","@id":"https:\/\/brasilnoticias.org\/site\/#\/schema\/logo\/image\/","url":"https:\/\/brasilnoticias.org\/site\/wp-content\/uploads\/2022\/05\/cropped-brasilnoticias-mini.jpg","contentUrl":"https:\/\/brasilnoticias.org\/site\/wp-content\/uploads\/2022\/05\/cropped-brasilnoticias-mini.jpg","width":314,"height":86,"caption":"Brasil not\u00edcias"},"image":{"@id":"https:\/\/brasilnoticias.org\/site\/#\/schema\/logo\/image\/"}},{"@type":"Person","@id":"https:\/\/brasilnoticias.org\/site\/#\/schema\/person\/f609fa847b5314f1c8b983342f34c798","name":"Reda\u00e7\u00e3o","image":{"@type":"ImageObject","inLanguage":"pt-PT","@id":"https:\/\/brasilnoticias.org\/site\/#\/schema\/person\/image\/","url":"https:\/\/secure.gravatar.com\/avatar\/447284c06c1ad8b46465a36de9cd0d8326b73387a22799b8b1ffb1fbcff2ed0c?s=96&d=mm&r=g","contentUrl":"https:\/\/secure.gravatar.com\/avatar\/447284c06c1ad8b46465a36de9cd0d8326b73387a22799b8b1ffb1fbcff2ed0c?s=96&d=mm&r=g","caption":"Reda\u00e7\u00e3o"},"url":"https:\/\/brasilnoticias.org\/site\/author\/redacao\/"}]}},"_links":{"self":[{"href":"https:\/\/brasilnoticias.org\/site\/wp-json\/wp\/v2\/posts\/727","targetHints":{"allow":["GET"]}}],"collection":[{"href":"https:\/\/brasilnoticias.org\/site\/wp-json\/wp\/v2\/posts"}],"about":[{"href":"https:\/\/brasilnoticias.org\/site\/wp-json\/wp\/v2\/types\/post"}],"author":[{"embeddable":true,"href":"https:\/\/brasilnoticias.org\/site\/wp-json\/wp\/v2\/users\/2"}],"replies":[{"embeddable":true,"href":"https:\/\/brasilnoticias.org\/site\/wp-json\/wp\/v2\/comments?post=727"}],"version-history":[{"count":1,"href":"https:\/\/brasilnoticias.org\/site\/wp-json\/wp\/v2\/posts\/727\/revisions"}],"predecessor-version":[{"id":729,"href":"https:\/\/brasilnoticias.org\/site\/wp-json\/wp\/v2\/posts\/727\/revisions\/729"}],"wp:featuredmedia":[{"embeddable":true,"href":"https:\/\/brasilnoticias.org\/site\/wp-json\/wp\/v2\/media\/728"}],"wp:attachment":[{"href":"https:\/\/brasilnoticias.org\/site\/wp-json\/wp\/v2\/media?parent=727"}],"wp:term":[{"taxonomy":"category","embeddable":true,"href":"https:\/\/brasilnoticias.org\/site\/wp-json\/wp\/v2\/categories?post=727"},{"taxonomy":"post_tag","embeddable":true,"href":"https:\/\/brasilnoticias.org\/site\/wp-json\/wp\/v2\/tags?post=727"}],"curies":[{"name":"wp","href":"https:\/\/api.w.org\/{rel}","templated":true}]}}