{"id":7273,"date":"2023-07-11T16:39:29","date_gmt":"2023-07-11T19:39:29","guid":{"rendered":"https:\/\/brasilnoticias.org\/site\/?p=7273"},"modified":"2023-07-11T16:39:29","modified_gmt":"2023-07-11T19:39:29","slug":"guardas-civis-municipais-de-salvador-e-lauro-de-freitas-recebem-titulo-de-doutor-honoris-causa-em-valenca-por-relevantes-servicos-prestados-a-sociedade-baiana","status":"publish","type":"post","link":"https:\/\/brasilnoticias.org\/site\/guardas-civis-municipais-de-salvador-e-lauro-de-freitas-recebem-titulo-de-doutor-honoris-causa-em-valenca-por-relevantes-servicos-prestados-a-sociedade-baiana\/","title":{"rendered":"Guardas Civis Municipais de Salvador e Lauro de Freitas recebem t\u00edtulo de Doutor Honoris Causa em Valen\u00e7a por relevantes servi\u00e7os prestados \u00e0 sociedade baiana"},"content":{"rendered":"<p>Dois guardas civis municipais de Salvador e outros tr\u00eas de Lauro de Freitas receberam, na \u00faltima sexta-feira (7) a maior honraria que uma faculdade pode conceder: o t\u00edtulo Doutor Honoris Causa, que \u00e9 concedido por universidades a pessoas que se destacam em sua \u00e1rea de atua\u00e7\u00e3o. <\/p>\n<p>Os homenageados foram os guardas civis municipais de Salvador Jo\u00e3o Neto e Elma Santana, e de Lauro, de Freitas Jarbas Pires, Roque Cerqueira e Luciana Brasil. O GCM Jo\u00e3o Neto, inclusive, utilizou as redes sociais para agradecer a homenagem. <\/p>\n<p>&#8220;Nesta sexta-feira recebi o t\u00edtulo denominado Honoris Causa ou como diz seu significado literal, &#8216;por causa de honra&#8217;. Aqui, cito o 30th presidente norte americano Calvin Coolidge. &#8216;Ningu\u00e9m jamais foi honrado por aquilo que recebeu. Honra \u00e9 a recompensa por aquilo que damos&#8217;. Assim, agrade\u00e7o a todos que recebem o que posso oferecer e convivem o o que eu posso ser&#8221;, disse o primeiro inspetor de Carreira da Guarda Civil Municipal de Salvador. <\/p>\n<p>Historicamente, um doutor honoris causa recebe o mesmo tratamento e privil\u00e9gios que aqueles que obtiveram um doutorado acad\u00eamico de forma convencional, a menos que se especifique o contr\u00e1rio. A pessoa que recebe o t\u00edtulo de &#8220;doutor honoris causa&#8221; pode usar a abrevia\u00e7\u00e3o &#8220;Dr. h. c.&#8221; e institui\u00e7\u00e3o de reconhecimento civil, O t\u00edtulo \u00e9 dado a uma personalidade eminente, nacional ou estrangeira, que tenha se destacado singularmente por sua contribui\u00e7\u00e3o \u00e0 cultura, \u00e0 educa\u00e7\u00e3o, filosofia da Religi\u00e3o ou \u00e0 humanidade.<\/p>\n","protected":false},"excerpt":{"rendered":"<p>Dois guardas civis municipais de Salvador e outros tr\u00eas de Lauro de Freitas receberam, na \u00faltima sexta-feira (7) a maior<\/p>\n","protected":false},"author":1,"featured_media":7274,"comment_status":"open","ping_status":"open","sticky":false,"template":"","format":"standard","meta":{"colormag_page_container_layout":"default_layout","colormag_page_sidebar_layout":"default_layout","_FSMCFIC_featured_image_caption":"","_FSMCFIC_featured_image_nocaption":"","_FSMCFIC_featured_image_hide":"","footnotes":""},"categories":[2,1],"tags":[],"class_list":["post-7273","post","type-post","status-publish","format-standard","has-post-thumbnail","hentry","category-noticias","category-ultimas"],"yoast_head":"<!-- This site is optimized with the Yoast SEO plugin v27.1.1 - https:\/\/yoast.com\/product\/yoast-seo-wordpress\/ -->\n<title>Guardas Civis Municipais de Salvador e Lauro de Freitas recebem t\u00edtulo de Doutor Honoris Causa em Valen\u00e7a por relevantes servi\u00e7os prestados \u00e0 sociedade baiana - Brasil not\u00edcias<\/title>\n<meta name=\"robots\" content=\"index, follow, max-snippet:-1, max-image-preview:large, max-video-preview:-1\" \/>\n<link rel=\"canonical\" href=\"https:\/\/brasilnoticias.org\/site\/guardas-civis-municipais-de-salvador-e-lauro-de-freitas-recebem-titulo-de-doutor-honoris-causa-em-valenca-por-relevantes-servicos-prestados-a-sociedade-baiana\/\" \/>\n<meta property=\"og:locale\" content=\"pt_PT\" \/>\n<meta property=\"og:type\" content=\"article\" \/>\n<meta property=\"og:title\" content=\"Guardas Civis Municipais de Salvador e Lauro de Freitas recebem t\u00edtulo de Doutor Honoris Causa em Valen\u00e7a por relevantes servi\u00e7os prestados \u00e0 sociedade baiana - Brasil not\u00edcias\" \/>\n<meta property=\"og:description\" content=\"Dois guardas civis municipais de Salvador e outros tr\u00eas de Lauro de Freitas receberam, na \u00faltima sexta-feira (7) a maior\" \/>\n<meta property=\"og:url\" content=\"https:\/\/brasilnoticias.org\/site\/guardas-civis-municipais-de-salvador-e-lauro-de-freitas-recebem-titulo-de-doutor-honoris-causa-em-valenca-por-relevantes-servicos-prestados-a-sociedade-baiana\/\" \/>\n<meta property=\"og:site_name\" content=\"Brasil not\u00edcias\" \/>\n<meta property=\"article:published_time\" content=\"2023-07-11T19:39:29+00:00\" \/>\n<meta property=\"og:image\" content=\"https:\/\/brasilnoticias.org\/site\/wp-content\/uploads\/2023\/07\/WhatsApp-Image-2023-07-11-at-13.45.33-1.jpeg\" \/>\n\t<meta property=\"og:image:width\" content=\"1024\" \/>\n\t<meta property=\"og:image:height\" content=\"890\" \/>\n\t<meta property=\"og:image:type\" content=\"image\/jpeg\" \/>\n<meta name=\"author\" content=\"Reda\u00e7\u00e3o\" \/>\n<meta name=\"twitter:card\" content=\"summary_large_image\" \/>\n<meta name=\"twitter:label1\" content=\"Escrito por\" \/>\n\t<meta name=\"twitter:data1\" content=\"Reda\u00e7\u00e3o\" \/>\n<script type=\"application\/ld+json\" class=\"yoast-schema-graph\">{\"@context\":\"https:\/\/schema.org\",\"@graph\":[{\"@type\":\"Article\",\"@id\":\"https:\/\/brasilnoticias.org\/site\/guardas-civis-municipais-de-salvador-e-lauro-de-freitas-recebem-titulo-de-doutor-honoris-causa-em-valenca-por-relevantes-servicos-prestados-a-sociedade-baiana\/#article\",\"isPartOf\":{\"@id\":\"https:\/\/brasilnoticias.org\/site\/guardas-civis-municipais-de-salvador-e-lauro-de-freitas-recebem-titulo-de-doutor-honoris-causa-em-valenca-por-relevantes-servicos-prestados-a-sociedade-baiana\/\"},\"author\":{\"name\":\"Reda\u00e7\u00e3o\",\"@id\":\"https:\/\/brasilnoticias.org\/site\/#\/schema\/person\/a0e05b973ec4d15c658d51911e53507b\"},\"headline\":\"Guardas Civis Municipais de Salvador e Lauro de Freitas recebem t\u00edtulo de Doutor Honoris Causa em Valen\u00e7a por relevantes servi\u00e7os prestados \u00e0 sociedade baiana\",\"datePublished\":\"2023-07-11T19:39:29+00:00\",\"mainEntityOfPage\":{\"@id\":\"https:\/\/brasilnoticias.org\/site\/guardas-civis-municipais-de-salvador-e-lauro-de-freitas-recebem-titulo-de-doutor-honoris-causa-em-valenca-por-relevantes-servicos-prestados-a-sociedade-baiana\/\"},\"wordCount\":274,\"commentCount\":0,\"publisher\":{\"@id\":\"https:\/\/brasilnoticias.org\/site\/#organization\"},\"image\":{\"@id\":\"https:\/\/brasilnoticias.org\/site\/guardas-civis-municipais-de-salvador-e-lauro-de-freitas-recebem-titulo-de-doutor-honoris-causa-em-valenca-por-relevantes-servicos-prestados-a-sociedade-baiana\/#primaryimage\"},\"thumbnailUrl\":\"https:\/\/brasilnoticias.org\/site\/wp-content\/uploads\/2023\/07\/WhatsApp-Image-2023-07-11-at-13.45.33-1.jpeg\",\"articleSection\":[\"Not\u00edcias\",\"\u00daltimas\"],\"inLanguage\":\"pt-PT\",\"potentialAction\":[{\"@type\":\"CommentAction\",\"name\":\"Comment\",\"target\":[\"https:\/\/brasilnoticias.org\/site\/guardas-civis-municipais-de-salvador-e-lauro-de-freitas-recebem-titulo-de-doutor-honoris-causa-em-valenca-por-relevantes-servicos-prestados-a-sociedade-baiana\/#respond\"]}]},{\"@type\":\"WebPage\",\"@id\":\"https:\/\/brasilnoticias.org\/site\/guardas-civis-municipais-de-salvador-e-lauro-de-freitas-recebem-titulo-de-doutor-honoris-causa-em-valenca-por-relevantes-servicos-prestados-a-sociedade-baiana\/\",\"url\":\"https:\/\/brasilnoticias.org\/site\/guardas-civis-municipais-de-salvador-e-lauro-de-freitas-recebem-titulo-de-doutor-honoris-causa-em-valenca-por-relevantes-servicos-prestados-a-sociedade-baiana\/\",\"name\":\"Guardas Civis Municipais de Salvador e Lauro de Freitas recebem t\u00edtulo de Doutor Honoris Causa em Valen\u00e7a por relevantes servi\u00e7os prestados \u00e0 sociedade baiana - Brasil not\u00edcias\",\"isPartOf\":{\"@id\":\"https:\/\/brasilnoticias.org\/site\/#website\"},\"primaryImageOfPage\":{\"@id\":\"https:\/\/brasilnoticias.org\/site\/guardas-civis-municipais-de-salvador-e-lauro-de-freitas-recebem-titulo-de-doutor-honoris-causa-em-valenca-por-relevantes-servicos-prestados-a-sociedade-baiana\/#primaryimage\"},\"image\":{\"@id\":\"https:\/\/brasilnoticias.org\/site\/guardas-civis-municipais-de-salvador-e-lauro-de-freitas-recebem-titulo-de-doutor-honoris-causa-em-valenca-por-relevantes-servicos-prestados-a-sociedade-baiana\/#primaryimage\"},\"thumbnailUrl\":\"https:\/\/brasilnoticias.org\/site\/wp-content\/uploads\/2023\/07\/WhatsApp-Image-2023-07-11-at-13.45.33-1.jpeg\",\"datePublished\":\"2023-07-11T19:39:29+00:00\",\"breadcrumb\":{\"@id\":\"https:\/\/brasilnoticias.org\/site\/guardas-civis-municipais-de-salvador-e-lauro-de-freitas-recebem-titulo-de-doutor-honoris-causa-em-valenca-por-relevantes-servicos-prestados-a-sociedade-baiana\/#breadcrumb\"},\"inLanguage\":\"pt-PT\",\"potentialAction\":[{\"@type\":\"ReadAction\",\"target\":[\"https:\/\/brasilnoticias.org\/site\/guardas-civis-municipais-de-salvador-e-lauro-de-freitas-recebem-titulo-de-doutor-honoris-causa-em-valenca-por-relevantes-servicos-prestados-a-sociedade-baiana\/\"]}]},{\"@type\":\"ImageObject\",\"inLanguage\":\"pt-PT\",\"@id\":\"https:\/\/brasilnoticias.org\/site\/guardas-civis-municipais-de-salvador-e-lauro-de-freitas-recebem-titulo-de-doutor-honoris-causa-em-valenca-por-relevantes-servicos-prestados-a-sociedade-baiana\/#primaryimage\",\"url\":\"https:\/\/brasilnoticias.org\/site\/wp-content\/uploads\/2023\/07\/WhatsApp-Image-2023-07-11-at-13.45.33-1.jpeg\",\"contentUrl\":\"https:\/\/brasilnoticias.org\/site\/wp-content\/uploads\/2023\/07\/WhatsApp-Image-2023-07-11-at-13.45.33-1.jpeg\",\"width\":1024,\"height\":890},{\"@type\":\"BreadcrumbList\",\"@id\":\"https:\/\/brasilnoticias.org\/site\/guardas-civis-municipais-de-salvador-e-lauro-de-freitas-recebem-titulo-de-doutor-honoris-causa-em-valenca-por-relevantes-servicos-prestados-a-sociedade-baiana\/#breadcrumb\",\"itemListElement\":[{\"@type\":\"ListItem\",\"position\":1,\"name\":\"In\u00edcio\",\"item\":\"https:\/\/brasilnoticias.org\/site\/\"},{\"@type\":\"ListItem\",\"position\":2,\"name\":\"Guardas Civis Municipais de Salvador e Lauro de Freitas recebem t\u00edtulo de Doutor Honoris Causa em Valen\u00e7a por relevantes servi\u00e7os prestados \u00e0 sociedade baiana\"}]},{\"@type\":\"WebSite\",\"@id\":\"https:\/\/brasilnoticias.org\/site\/#website\",\"url\":\"https:\/\/brasilnoticias.org\/site\/\",\"name\":\"Brasil not\u00edcias\",\"description\":\"Brasil not\u00edcias\",\"publisher\":{\"@id\":\"https:\/\/brasilnoticias.org\/site\/#organization\"},\"potentialAction\":[{\"@type\":\"SearchAction\",\"target\":{\"@type\":\"EntryPoint\",\"urlTemplate\":\"https:\/\/brasilnoticias.org\/site\/?s={search_term_string}\"},\"query-input\":{\"@type\":\"PropertyValueSpecification\",\"valueRequired\":true,\"valueName\":\"search_term_string\"}}],\"inLanguage\":\"pt-PT\"},{\"@type\":\"Organization\",\"@id\":\"https:\/\/brasilnoticias.org\/site\/#organization\",\"name\":\"Brasil not\u00edcias\",\"url\":\"https:\/\/brasilnoticias.org\/site\/\",\"logo\":{\"@type\":\"ImageObject\",\"inLanguage\":\"pt-PT\",\"@id\":\"https:\/\/brasilnoticias.org\/site\/#\/schema\/logo\/image\/\",\"url\":\"https:\/\/brasilnoticias.org\/site\/wp-content\/uploads\/2022\/05\/cropped-brasilnoticias-mini.jpg\",\"contentUrl\":\"https:\/\/brasilnoticias.org\/site\/wp-content\/uploads\/2022\/05\/cropped-brasilnoticias-mini.jpg\",\"width\":314,\"height\":86,\"caption\":\"Brasil not\u00edcias\"},\"image\":{\"@id\":\"https:\/\/brasilnoticias.org\/site\/#\/schema\/logo\/image\/\"}},{\"@type\":\"Person\",\"@id\":\"https:\/\/brasilnoticias.org\/site\/#\/schema\/person\/a0e05b973ec4d15c658d51911e53507b\",\"name\":\"Reda\u00e7\u00e3o\",\"image\":{\"@type\":\"ImageObject\",\"inLanguage\":\"pt-PT\",\"@id\":\"https:\/\/brasilnoticias.org\/site\/#\/schema\/person\/image\/\",\"url\":\"https:\/\/secure.gravatar.com\/avatar\/75d8b050df2de108b08ae78dfb8e374892df24a383c67db9c46a9c604f6aee9c?s=96&d=mm&r=g\",\"contentUrl\":\"https:\/\/secure.gravatar.com\/avatar\/75d8b050df2de108b08ae78dfb8e374892df24a383c67db9c46a9c604f6aee9c?s=96&d=mm&r=g\",\"caption\":\"Reda\u00e7\u00e3o\"},\"sameAs\":[\"https:\/\/brasilnoticias.org\/site\"],\"url\":\"https:\/\/brasilnoticias.org\/site\/author\/fernandozsngmail-com\/\"}]}<\/script>\n<!-- \/ Yoast SEO plugin. -->","yoast_head_json":{"title":"Guardas Civis Municipais de Salvador e Lauro de Freitas recebem t\u00edtulo de Doutor Honoris Causa em Valen\u00e7a por relevantes servi\u00e7os prestados \u00e0 sociedade baiana - Brasil not\u00edcias","robots":{"index":"index","follow":"follow","max-snippet":"max-snippet:-1","max-image-preview":"max-image-preview:large","max-video-preview":"max-video-preview:-1"},"canonical":"https:\/\/brasilnoticias.org\/site\/guardas-civis-municipais-de-salvador-e-lauro-de-freitas-recebem-titulo-de-doutor-honoris-causa-em-valenca-por-relevantes-servicos-prestados-a-sociedade-baiana\/","og_locale":"pt_PT","og_type":"article","og_title":"Guardas Civis Municipais de Salvador e Lauro de Freitas recebem t\u00edtulo de Doutor Honoris Causa em Valen\u00e7a por relevantes servi\u00e7os prestados \u00e0 sociedade baiana - Brasil not\u00edcias","og_description":"Dois guardas civis municipais de Salvador e outros tr\u00eas de Lauro de Freitas receberam, na \u00faltima sexta-feira (7) a maior","og_url":"https:\/\/brasilnoticias.org\/site\/guardas-civis-municipais-de-salvador-e-lauro-de-freitas-recebem-titulo-de-doutor-honoris-causa-em-valenca-por-relevantes-servicos-prestados-a-sociedade-baiana\/","og_site_name":"Brasil not\u00edcias","article_published_time":"2023-07-11T19:39:29+00:00","og_image":[{"width":1024,"height":890,"url":"https:\/\/brasilnoticias.org\/site\/wp-content\/uploads\/2023\/07\/WhatsApp-Image-2023-07-11-at-13.45.33-1.jpeg","type":"image\/jpeg"}],"author":"Reda\u00e7\u00e3o","twitter_card":"summary_large_image","twitter_misc":{"Escrito por":"Reda\u00e7\u00e3o"},"schema":{"@context":"https:\/\/schema.org","@graph":[{"@type":"Article","@id":"https:\/\/brasilnoticias.org\/site\/guardas-civis-municipais-de-salvador-e-lauro-de-freitas-recebem-titulo-de-doutor-honoris-causa-em-valenca-por-relevantes-servicos-prestados-a-sociedade-baiana\/#article","isPartOf":{"@id":"https:\/\/brasilnoticias.org\/site\/guardas-civis-municipais-de-salvador-e-lauro-de-freitas-recebem-titulo-de-doutor-honoris-causa-em-valenca-por-relevantes-servicos-prestados-a-sociedade-baiana\/"},"author":{"name":"Reda\u00e7\u00e3o","@id":"https:\/\/brasilnoticias.org\/site\/#\/schema\/person\/a0e05b973ec4d15c658d51911e53507b"},"headline":"Guardas Civis Municipais de Salvador e Lauro de Freitas recebem t\u00edtulo de Doutor Honoris Causa em Valen\u00e7a por relevantes servi\u00e7os prestados \u00e0 sociedade baiana","datePublished":"2023-07-11T19:39:29+00:00","mainEntityOfPage":{"@id":"https:\/\/brasilnoticias.org\/site\/guardas-civis-municipais-de-salvador-e-lauro-de-freitas-recebem-titulo-de-doutor-honoris-causa-em-valenca-por-relevantes-servicos-prestados-a-sociedade-baiana\/"},"wordCount":274,"commentCount":0,"publisher":{"@id":"https:\/\/brasilnoticias.org\/site\/#organization"},"image":{"@id":"https:\/\/brasilnoticias.org\/site\/guardas-civis-municipais-de-salvador-e-lauro-de-freitas-recebem-titulo-de-doutor-honoris-causa-em-valenca-por-relevantes-servicos-prestados-a-sociedade-baiana\/#primaryimage"},"thumbnailUrl":"https:\/\/brasilnoticias.org\/site\/wp-content\/uploads\/2023\/07\/WhatsApp-Image-2023-07-11-at-13.45.33-1.jpeg","articleSection":["Not\u00edcias","\u00daltimas"],"inLanguage":"pt-PT","potentialAction":[{"@type":"CommentAction","name":"Comment","target":["https:\/\/brasilnoticias.org\/site\/guardas-civis-municipais-de-salvador-e-lauro-de-freitas-recebem-titulo-de-doutor-honoris-causa-em-valenca-por-relevantes-servicos-prestados-a-sociedade-baiana\/#respond"]}]},{"@type":"WebPage","@id":"https:\/\/brasilnoticias.org\/site\/guardas-civis-municipais-de-salvador-e-lauro-de-freitas-recebem-titulo-de-doutor-honoris-causa-em-valenca-por-relevantes-servicos-prestados-a-sociedade-baiana\/","url":"https:\/\/brasilnoticias.org\/site\/guardas-civis-municipais-de-salvador-e-lauro-de-freitas-recebem-titulo-de-doutor-honoris-causa-em-valenca-por-relevantes-servicos-prestados-a-sociedade-baiana\/","name":"Guardas Civis Municipais de Salvador e Lauro de Freitas recebem t\u00edtulo de Doutor Honoris Causa em Valen\u00e7a por relevantes servi\u00e7os prestados \u00e0 sociedade baiana - Brasil not\u00edcias","isPartOf":{"@id":"https:\/\/brasilnoticias.org\/site\/#website"},"primaryImageOfPage":{"@id":"https:\/\/brasilnoticias.org\/site\/guardas-civis-municipais-de-salvador-e-lauro-de-freitas-recebem-titulo-de-doutor-honoris-causa-em-valenca-por-relevantes-servicos-prestados-a-sociedade-baiana\/#primaryimage"},"image":{"@id":"https:\/\/brasilnoticias.org\/site\/guardas-civis-municipais-de-salvador-e-lauro-de-freitas-recebem-titulo-de-doutor-honoris-causa-em-valenca-por-relevantes-servicos-prestados-a-sociedade-baiana\/#primaryimage"},"thumbnailUrl":"https:\/\/brasilnoticias.org\/site\/wp-content\/uploads\/2023\/07\/WhatsApp-Image-2023-07-11-at-13.45.33-1.jpeg","datePublished":"2023-07-11T19:39:29+00:00","breadcrumb":{"@id":"https:\/\/brasilnoticias.org\/site\/guardas-civis-municipais-de-salvador-e-lauro-de-freitas-recebem-titulo-de-doutor-honoris-causa-em-valenca-por-relevantes-servicos-prestados-a-sociedade-baiana\/#breadcrumb"},"inLanguage":"pt-PT","potentialAction":[{"@type":"ReadAction","target":["https:\/\/brasilnoticias.org\/site\/guardas-civis-municipais-de-salvador-e-lauro-de-freitas-recebem-titulo-de-doutor-honoris-causa-em-valenca-por-relevantes-servicos-prestados-a-sociedade-baiana\/"]}]},{"@type":"ImageObject","inLanguage":"pt-PT","@id":"https:\/\/brasilnoticias.org\/site\/guardas-civis-municipais-de-salvador-e-lauro-de-freitas-recebem-titulo-de-doutor-honoris-causa-em-valenca-por-relevantes-servicos-prestados-a-sociedade-baiana\/#primaryimage","url":"https:\/\/brasilnoticias.org\/site\/wp-content\/uploads\/2023\/07\/WhatsApp-Image-2023-07-11-at-13.45.33-1.jpeg","contentUrl":"https:\/\/brasilnoticias.org\/site\/wp-content\/uploads\/2023\/07\/WhatsApp-Image-2023-07-11-at-13.45.33-1.jpeg","width":1024,"height":890},{"@type":"BreadcrumbList","@id":"https:\/\/brasilnoticias.org\/site\/guardas-civis-municipais-de-salvador-e-lauro-de-freitas-recebem-titulo-de-doutor-honoris-causa-em-valenca-por-relevantes-servicos-prestados-a-sociedade-baiana\/#breadcrumb","itemListElement":[{"@type":"ListItem","position":1,"name":"In\u00edcio","item":"https:\/\/brasilnoticias.org\/site\/"},{"@type":"ListItem","position":2,"name":"Guardas Civis Municipais de Salvador e Lauro de Freitas recebem t\u00edtulo de Doutor Honoris Causa em Valen\u00e7a por relevantes servi\u00e7os prestados \u00e0 sociedade baiana"}]},{"@type":"WebSite","@id":"https:\/\/brasilnoticias.org\/site\/#website","url":"https:\/\/brasilnoticias.org\/site\/","name":"Brasil not\u00edcias","description":"Brasil not\u00edcias","publisher":{"@id":"https:\/\/brasilnoticias.org\/site\/#organization"},"potentialAction":[{"@type":"SearchAction","target":{"@type":"EntryPoint","urlTemplate":"https:\/\/brasilnoticias.org\/site\/?s={search_term_string}"},"query-input":{"@type":"PropertyValueSpecification","valueRequired":true,"valueName":"search_term_string"}}],"inLanguage":"pt-PT"},{"@type":"Organization","@id":"https:\/\/brasilnoticias.org\/site\/#organization","name":"Brasil not\u00edcias","url":"https:\/\/brasilnoticias.org\/site\/","logo":{"@type":"ImageObject","inLanguage":"pt-PT","@id":"https:\/\/brasilnoticias.org\/site\/#\/schema\/logo\/image\/","url":"https:\/\/brasilnoticias.org\/site\/wp-content\/uploads\/2022\/05\/cropped-brasilnoticias-mini.jpg","contentUrl":"https:\/\/brasilnoticias.org\/site\/wp-content\/uploads\/2022\/05\/cropped-brasilnoticias-mini.jpg","width":314,"height":86,"caption":"Brasil not\u00edcias"},"image":{"@id":"https:\/\/brasilnoticias.org\/site\/#\/schema\/logo\/image\/"}},{"@type":"Person","@id":"https:\/\/brasilnoticias.org\/site\/#\/schema\/person\/a0e05b973ec4d15c658d51911e53507b","name":"Reda\u00e7\u00e3o","image":{"@type":"ImageObject","inLanguage":"pt-PT","@id":"https:\/\/brasilnoticias.org\/site\/#\/schema\/person\/image\/","url":"https:\/\/secure.gravatar.com\/avatar\/75d8b050df2de108b08ae78dfb8e374892df24a383c67db9c46a9c604f6aee9c?s=96&d=mm&r=g","contentUrl":"https:\/\/secure.gravatar.com\/avatar\/75d8b050df2de108b08ae78dfb8e374892df24a383c67db9c46a9c604f6aee9c?s=96&d=mm&r=g","caption":"Reda\u00e7\u00e3o"},"sameAs":["https:\/\/brasilnoticias.org\/site"],"url":"https:\/\/brasilnoticias.org\/site\/author\/fernandozsngmail-com\/"}]}},"_links":{"self":[{"href":"https:\/\/brasilnoticias.org\/site\/wp-json\/wp\/v2\/posts\/7273","targetHints":{"allow":["GET"]}}],"collection":[{"href":"https:\/\/brasilnoticias.org\/site\/wp-json\/wp\/v2\/posts"}],"about":[{"href":"https:\/\/brasilnoticias.org\/site\/wp-json\/wp\/v2\/types\/post"}],"author":[{"embeddable":true,"href":"https:\/\/brasilnoticias.org\/site\/wp-json\/wp\/v2\/users\/1"}],"replies":[{"embeddable":true,"href":"https:\/\/brasilnoticias.org\/site\/wp-json\/wp\/v2\/comments?post=7273"}],"version-history":[{"count":1,"href":"https:\/\/brasilnoticias.org\/site\/wp-json\/wp\/v2\/posts\/7273\/revisions"}],"predecessor-version":[{"id":7275,"href":"https:\/\/brasilnoticias.org\/site\/wp-json\/wp\/v2\/posts\/7273\/revisions\/7275"}],"wp:featuredmedia":[{"embeddable":true,"href":"https:\/\/brasilnoticias.org\/site\/wp-json\/wp\/v2\/media\/7274"}],"wp:attachment":[{"href":"https:\/\/brasilnoticias.org\/site\/wp-json\/wp\/v2\/media?parent=7273"}],"wp:term":[{"taxonomy":"category","embeddable":true,"href":"https:\/\/brasilnoticias.org\/site\/wp-json\/wp\/v2\/categories?post=7273"},{"taxonomy":"post_tag","embeddable":true,"href":"https:\/\/brasilnoticias.org\/site\/wp-json\/wp\/v2\/tags?post=7273"}],"curies":[{"name":"wp","href":"https:\/\/api.w.org\/{rel}","templated":true}]}}