{"id":7276,"date":"2023-07-11T18:00:45","date_gmt":"2023-07-11T21:00:45","guid":{"rendered":"https:\/\/brasilnoticias.org\/site\/?p=7276"},"modified":"2023-07-11T17:15:36","modified_gmt":"2023-07-11T20:15:36","slug":"video-em-menos-de-um-minuto-homens-furtam-duas-motos-em-estacionamento-de-academia-em-salvador","status":"publish","type":"post","link":"https:\/\/brasilnoticias.org\/site\/video-em-menos-de-um-minuto-homens-furtam-duas-motos-em-estacionamento-de-academia-em-salvador\/","title":{"rendered":"V\u00cdDEO: Em menos de um minuto, homens furtam duas motos em estacionamento de academia em Salvador"},"content":{"rendered":"<p>Uma a\u00e7\u00e3o criminosa, de dois homens, no estacionamento de uma academia, em Salvador, chamou aten\u00e7\u00e3o pela velocidade. Em menos de um minuto, a dupla consegue furtar duas motos, que estavam estacionadas na academia Lion Fitness, no bairro de Tancredo Neves.<\/p>\n<p>O furto foi registrado por c\u00e2meras de seguran\u00e7a do local, que fica localizado na via principal do bairro, na rua Direta de Tancredo Neves, pr\u00f3ximo ao conjunto Arvoredo. Nas imagens \u00e9 poss\u00edvel ver um dos homens destravando os ve\u00edculos e em seguida, ele e o comparsa, fogem pilotando as motos.<\/p>\n<div style=\"position:relative;padding-bottom:56.25%;height:0;overflow:hidden;\"> <iframe loading=\"lazy\" style=\"width:100%;height:100%;position:absolute;left:0px;top:0px;overflow:hidden\" frameborder=\"0\" type=\"text\/html\" src=\"https:\/\/www.dailymotion.com\/embed\/video\/x8mfuez?autoplay=1\" width=\"100%\" height=\"100%\" allowfullscreen title=\"Dailymotion Video Player\" allow=\"autoplay\"> <\/iframe> <\/div>\n<p>O caso aconteceu por volta das 21h, em hor\u00e1rio de grande movimento na academia, e dever\u00e1 ser investigado pela Delegacia de Repress\u00e3o a Furtos e Roubos de Ve\u00edculos (DRFRV).<\/p>\n<p>Foto Reprodu\u00e7\u00e3o<br \/>\nBNews<\/p>\n","protected":false},"excerpt":{"rendered":"<p>Uma a\u00e7\u00e3o criminosa, de dois homens, no estacionamento de uma academia, em Salvador, chamou aten\u00e7\u00e3o pela velocidade. Em menos de<\/p>\n","protected":false},"author":1,"featured_media":7277,"comment_status":"open","ping_status":"open","sticky":false,"template":"","format":"standard","meta":{"colormag_page_container_layout":"default_layout","colormag_page_sidebar_layout":"default_layout","_FSMCFIC_featured_image_caption":"","_FSMCFIC_featured_image_nocaption":"","_FSMCFIC_featured_image_hide":"","footnotes":""},"categories":[3,1],"tags":[],"class_list":["post-7276","post","type-post","status-publish","format-standard","has-post-thumbnail","hentry","category-policia","category-ultimas"],"yoast_head":"<!-- This site is optimized with the Yoast SEO plugin v27.1.1 - https:\/\/yoast.com\/product\/yoast-seo-wordpress\/ -->\n<title>V\u00cdDEO: Em menos de um minuto, homens furtam duas motos em estacionamento de academia em Salvador - Brasil not\u00edcias<\/title>\n<meta name=\"robots\" content=\"index, follow, max-snippet:-1, max-image-preview:large, max-video-preview:-1\" \/>\n<link rel=\"canonical\" href=\"https:\/\/brasilnoticias.org\/site\/video-em-menos-de-um-minuto-homens-furtam-duas-motos-em-estacionamento-de-academia-em-salvador\/\" \/>\n<meta property=\"og:locale\" content=\"pt_PT\" \/>\n<meta property=\"og:type\" content=\"article\" \/>\n<meta property=\"og:title\" content=\"V\u00cdDEO: Em menos de um minuto, homens furtam duas motos em estacionamento de academia em Salvador - Brasil not\u00edcias\" \/>\n<meta property=\"og:description\" content=\"Uma a\u00e7\u00e3o criminosa, de dois homens, no estacionamento de uma academia, em Salvador, chamou aten\u00e7\u00e3o pela velocidade. Em menos de\" \/>\n<meta property=\"og:url\" content=\"https:\/\/brasilnoticias.org\/site\/video-em-menos-de-um-minuto-homens-furtam-duas-motos-em-estacionamento-de-academia-em-salvador\/\" \/>\n<meta property=\"og:site_name\" content=\"Brasil not\u00edcias\" \/>\n<meta property=\"article:published_time\" content=\"2023-07-11T21:00:45+00:00\" \/>\n<meta property=\"og:image\" content=\"https:\/\/brasilnoticias.org\/site\/wp-content\/uploads\/2023\/07\/furto_widelg.jpg\" \/>\n\t<meta property=\"og:image:width\" content=\"800\" \/>\n\t<meta property=\"og:image:height\" content=\"450\" \/>\n\t<meta property=\"og:image:type\" content=\"image\/jpeg\" \/>\n<meta name=\"author\" content=\"Reda\u00e7\u00e3o\" \/>\n<meta name=\"twitter:card\" content=\"summary_large_image\" \/>\n<meta name=\"twitter:label1\" content=\"Escrito por\" \/>\n\t<meta name=\"twitter:data1\" content=\"Reda\u00e7\u00e3o\" \/>\n<script type=\"application\/ld+json\" class=\"yoast-schema-graph\">{\"@context\":\"https:\/\/schema.org\",\"@graph\":[{\"@type\":\"Article\",\"@id\":\"https:\/\/brasilnoticias.org\/site\/video-em-menos-de-um-minuto-homens-furtam-duas-motos-em-estacionamento-de-academia-em-salvador\/#article\",\"isPartOf\":{\"@id\":\"https:\/\/brasilnoticias.org\/site\/video-em-menos-de-um-minuto-homens-furtam-duas-motos-em-estacionamento-de-academia-em-salvador\/\"},\"author\":{\"name\":\"Reda\u00e7\u00e3o\",\"@id\":\"https:\/\/brasilnoticias.org\/site\/#\/schema\/person\/a0e05b973ec4d15c658d51911e53507b\"},\"headline\":\"V\u00cdDEO: Em menos de um minuto, homens furtam duas motos em estacionamento de academia em Salvador\",\"datePublished\":\"2023-07-11T21:00:45+00:00\",\"mainEntityOfPage\":{\"@id\":\"https:\/\/brasilnoticias.org\/site\/video-em-menos-de-um-minuto-homens-furtam-duas-motos-em-estacionamento-de-academia-em-salvador\/\"},\"wordCount\":149,\"commentCount\":0,\"publisher\":{\"@id\":\"https:\/\/brasilnoticias.org\/site\/#organization\"},\"image\":{\"@id\":\"https:\/\/brasilnoticias.org\/site\/video-em-menos-de-um-minuto-homens-furtam-duas-motos-em-estacionamento-de-academia-em-salvador\/#primaryimage\"},\"thumbnailUrl\":\"https:\/\/brasilnoticias.org\/site\/wp-content\/uploads\/2023\/07\/furto_widelg.jpg\",\"articleSection\":[\"Pol\u00edcia\",\"\u00daltimas\"],\"inLanguage\":\"pt-PT\",\"potentialAction\":[{\"@type\":\"CommentAction\",\"name\":\"Comment\",\"target\":[\"https:\/\/brasilnoticias.org\/site\/video-em-menos-de-um-minuto-homens-furtam-duas-motos-em-estacionamento-de-academia-em-salvador\/#respond\"]}]},{\"@type\":\"WebPage\",\"@id\":\"https:\/\/brasilnoticias.org\/site\/video-em-menos-de-um-minuto-homens-furtam-duas-motos-em-estacionamento-de-academia-em-salvador\/\",\"url\":\"https:\/\/brasilnoticias.org\/site\/video-em-menos-de-um-minuto-homens-furtam-duas-motos-em-estacionamento-de-academia-em-salvador\/\",\"name\":\"V\u00cdDEO: Em menos de um minuto, homens furtam duas motos em estacionamento de academia em Salvador - Brasil not\u00edcias\",\"isPartOf\":{\"@id\":\"https:\/\/brasilnoticias.org\/site\/#website\"},\"primaryImageOfPage\":{\"@id\":\"https:\/\/brasilnoticias.org\/site\/video-em-menos-de-um-minuto-homens-furtam-duas-motos-em-estacionamento-de-academia-em-salvador\/#primaryimage\"},\"image\":{\"@id\":\"https:\/\/brasilnoticias.org\/site\/video-em-menos-de-um-minuto-homens-furtam-duas-motos-em-estacionamento-de-academia-em-salvador\/#primaryimage\"},\"thumbnailUrl\":\"https:\/\/brasilnoticias.org\/site\/wp-content\/uploads\/2023\/07\/furto_widelg.jpg\",\"datePublished\":\"2023-07-11T21:00:45+00:00\",\"breadcrumb\":{\"@id\":\"https:\/\/brasilnoticias.org\/site\/video-em-menos-de-um-minuto-homens-furtam-duas-motos-em-estacionamento-de-academia-em-salvador\/#breadcrumb\"},\"inLanguage\":\"pt-PT\",\"potentialAction\":[{\"@type\":\"ReadAction\",\"target\":[\"https:\/\/brasilnoticias.org\/site\/video-em-menos-de-um-minuto-homens-furtam-duas-motos-em-estacionamento-de-academia-em-salvador\/\"]}]},{\"@type\":\"ImageObject\",\"inLanguage\":\"pt-PT\",\"@id\":\"https:\/\/brasilnoticias.org\/site\/video-em-menos-de-um-minuto-homens-furtam-duas-motos-em-estacionamento-de-academia-em-salvador\/#primaryimage\",\"url\":\"https:\/\/brasilnoticias.org\/site\/wp-content\/uploads\/2023\/07\/furto_widelg.jpg\",\"contentUrl\":\"https:\/\/brasilnoticias.org\/site\/wp-content\/uploads\/2023\/07\/furto_widelg.jpg\",\"width\":800,\"height\":450},{\"@type\":\"BreadcrumbList\",\"@id\":\"https:\/\/brasilnoticias.org\/site\/video-em-menos-de-um-minuto-homens-furtam-duas-motos-em-estacionamento-de-academia-em-salvador\/#breadcrumb\",\"itemListElement\":[{\"@type\":\"ListItem\",\"position\":1,\"name\":\"In\u00edcio\",\"item\":\"https:\/\/brasilnoticias.org\/site\/\"},{\"@type\":\"ListItem\",\"position\":2,\"name\":\"V\u00cdDEO: Em menos de um minuto, homens furtam duas motos em estacionamento de academia em Salvador\"}]},{\"@type\":\"WebSite\",\"@id\":\"https:\/\/brasilnoticias.org\/site\/#website\",\"url\":\"https:\/\/brasilnoticias.org\/site\/\",\"name\":\"Brasil not\u00edcias\",\"description\":\"Brasil not\u00edcias\",\"publisher\":{\"@id\":\"https:\/\/brasilnoticias.org\/site\/#organization\"},\"potentialAction\":[{\"@type\":\"SearchAction\",\"target\":{\"@type\":\"EntryPoint\",\"urlTemplate\":\"https:\/\/brasilnoticias.org\/site\/?s={search_term_string}\"},\"query-input\":{\"@type\":\"PropertyValueSpecification\",\"valueRequired\":true,\"valueName\":\"search_term_string\"}}],\"inLanguage\":\"pt-PT\"},{\"@type\":\"Organization\",\"@id\":\"https:\/\/brasilnoticias.org\/site\/#organization\",\"name\":\"Brasil not\u00edcias\",\"url\":\"https:\/\/brasilnoticias.org\/site\/\",\"logo\":{\"@type\":\"ImageObject\",\"inLanguage\":\"pt-PT\",\"@id\":\"https:\/\/brasilnoticias.org\/site\/#\/schema\/logo\/image\/\",\"url\":\"https:\/\/brasilnoticias.org\/site\/wp-content\/uploads\/2022\/05\/cropped-brasilnoticias-mini.jpg\",\"contentUrl\":\"https:\/\/brasilnoticias.org\/site\/wp-content\/uploads\/2022\/05\/cropped-brasilnoticias-mini.jpg\",\"width\":314,\"height\":86,\"caption\":\"Brasil not\u00edcias\"},\"image\":{\"@id\":\"https:\/\/brasilnoticias.org\/site\/#\/schema\/logo\/image\/\"}},{\"@type\":\"Person\",\"@id\":\"https:\/\/brasilnoticias.org\/site\/#\/schema\/person\/a0e05b973ec4d15c658d51911e53507b\",\"name\":\"Reda\u00e7\u00e3o\",\"image\":{\"@type\":\"ImageObject\",\"inLanguage\":\"pt-PT\",\"@id\":\"https:\/\/brasilnoticias.org\/site\/#\/schema\/person\/image\/\",\"url\":\"https:\/\/secure.gravatar.com\/avatar\/75d8b050df2de108b08ae78dfb8e374892df24a383c67db9c46a9c604f6aee9c?s=96&d=mm&r=g\",\"contentUrl\":\"https:\/\/secure.gravatar.com\/avatar\/75d8b050df2de108b08ae78dfb8e374892df24a383c67db9c46a9c604f6aee9c?s=96&d=mm&r=g\",\"caption\":\"Reda\u00e7\u00e3o\"},\"sameAs\":[\"https:\/\/brasilnoticias.org\/site\"],\"url\":\"https:\/\/brasilnoticias.org\/site\/author\/fernandozsngmail-com\/\"}]}<\/script>\n<!-- \/ Yoast SEO plugin. -->","yoast_head_json":{"title":"V\u00cdDEO: Em menos de um minuto, homens furtam duas motos em estacionamento de academia em Salvador - Brasil not\u00edcias","robots":{"index":"index","follow":"follow","max-snippet":"max-snippet:-1","max-image-preview":"max-image-preview:large","max-video-preview":"max-video-preview:-1"},"canonical":"https:\/\/brasilnoticias.org\/site\/video-em-menos-de-um-minuto-homens-furtam-duas-motos-em-estacionamento-de-academia-em-salvador\/","og_locale":"pt_PT","og_type":"article","og_title":"V\u00cdDEO: Em menos de um minuto, homens furtam duas motos em estacionamento de academia em Salvador - Brasil not\u00edcias","og_description":"Uma a\u00e7\u00e3o criminosa, de dois homens, no estacionamento de uma academia, em Salvador, chamou aten\u00e7\u00e3o pela velocidade. Em menos de","og_url":"https:\/\/brasilnoticias.org\/site\/video-em-menos-de-um-minuto-homens-furtam-duas-motos-em-estacionamento-de-academia-em-salvador\/","og_site_name":"Brasil not\u00edcias","article_published_time":"2023-07-11T21:00:45+00:00","og_image":[{"width":800,"height":450,"url":"https:\/\/brasilnoticias.org\/site\/wp-content\/uploads\/2023\/07\/furto_widelg.jpg","type":"image\/jpeg"}],"author":"Reda\u00e7\u00e3o","twitter_card":"summary_large_image","twitter_misc":{"Escrito por":"Reda\u00e7\u00e3o"},"schema":{"@context":"https:\/\/schema.org","@graph":[{"@type":"Article","@id":"https:\/\/brasilnoticias.org\/site\/video-em-menos-de-um-minuto-homens-furtam-duas-motos-em-estacionamento-de-academia-em-salvador\/#article","isPartOf":{"@id":"https:\/\/brasilnoticias.org\/site\/video-em-menos-de-um-minuto-homens-furtam-duas-motos-em-estacionamento-de-academia-em-salvador\/"},"author":{"name":"Reda\u00e7\u00e3o","@id":"https:\/\/brasilnoticias.org\/site\/#\/schema\/person\/a0e05b973ec4d15c658d51911e53507b"},"headline":"V\u00cdDEO: Em menos de um minuto, homens furtam duas motos em estacionamento de academia em Salvador","datePublished":"2023-07-11T21:00:45+00:00","mainEntityOfPage":{"@id":"https:\/\/brasilnoticias.org\/site\/video-em-menos-de-um-minuto-homens-furtam-duas-motos-em-estacionamento-de-academia-em-salvador\/"},"wordCount":149,"commentCount":0,"publisher":{"@id":"https:\/\/brasilnoticias.org\/site\/#organization"},"image":{"@id":"https:\/\/brasilnoticias.org\/site\/video-em-menos-de-um-minuto-homens-furtam-duas-motos-em-estacionamento-de-academia-em-salvador\/#primaryimage"},"thumbnailUrl":"https:\/\/brasilnoticias.org\/site\/wp-content\/uploads\/2023\/07\/furto_widelg.jpg","articleSection":["Pol\u00edcia","\u00daltimas"],"inLanguage":"pt-PT","potentialAction":[{"@type":"CommentAction","name":"Comment","target":["https:\/\/brasilnoticias.org\/site\/video-em-menos-de-um-minuto-homens-furtam-duas-motos-em-estacionamento-de-academia-em-salvador\/#respond"]}]},{"@type":"WebPage","@id":"https:\/\/brasilnoticias.org\/site\/video-em-menos-de-um-minuto-homens-furtam-duas-motos-em-estacionamento-de-academia-em-salvador\/","url":"https:\/\/brasilnoticias.org\/site\/video-em-menos-de-um-minuto-homens-furtam-duas-motos-em-estacionamento-de-academia-em-salvador\/","name":"V\u00cdDEO: Em menos de um minuto, homens furtam duas motos em estacionamento de academia em Salvador - Brasil not\u00edcias","isPartOf":{"@id":"https:\/\/brasilnoticias.org\/site\/#website"},"primaryImageOfPage":{"@id":"https:\/\/brasilnoticias.org\/site\/video-em-menos-de-um-minuto-homens-furtam-duas-motos-em-estacionamento-de-academia-em-salvador\/#primaryimage"},"image":{"@id":"https:\/\/brasilnoticias.org\/site\/video-em-menos-de-um-minuto-homens-furtam-duas-motos-em-estacionamento-de-academia-em-salvador\/#primaryimage"},"thumbnailUrl":"https:\/\/brasilnoticias.org\/site\/wp-content\/uploads\/2023\/07\/furto_widelg.jpg","datePublished":"2023-07-11T21:00:45+00:00","breadcrumb":{"@id":"https:\/\/brasilnoticias.org\/site\/video-em-menos-de-um-minuto-homens-furtam-duas-motos-em-estacionamento-de-academia-em-salvador\/#breadcrumb"},"inLanguage":"pt-PT","potentialAction":[{"@type":"ReadAction","target":["https:\/\/brasilnoticias.org\/site\/video-em-menos-de-um-minuto-homens-furtam-duas-motos-em-estacionamento-de-academia-em-salvador\/"]}]},{"@type":"ImageObject","inLanguage":"pt-PT","@id":"https:\/\/brasilnoticias.org\/site\/video-em-menos-de-um-minuto-homens-furtam-duas-motos-em-estacionamento-de-academia-em-salvador\/#primaryimage","url":"https:\/\/brasilnoticias.org\/site\/wp-content\/uploads\/2023\/07\/furto_widelg.jpg","contentUrl":"https:\/\/brasilnoticias.org\/site\/wp-content\/uploads\/2023\/07\/furto_widelg.jpg","width":800,"height":450},{"@type":"BreadcrumbList","@id":"https:\/\/brasilnoticias.org\/site\/video-em-menos-de-um-minuto-homens-furtam-duas-motos-em-estacionamento-de-academia-em-salvador\/#breadcrumb","itemListElement":[{"@type":"ListItem","position":1,"name":"In\u00edcio","item":"https:\/\/brasilnoticias.org\/site\/"},{"@type":"ListItem","position":2,"name":"V\u00cdDEO: Em menos de um minuto, homens furtam duas motos em estacionamento de academia em Salvador"}]},{"@type":"WebSite","@id":"https:\/\/brasilnoticias.org\/site\/#website","url":"https:\/\/brasilnoticias.org\/site\/","name":"Brasil not\u00edcias","description":"Brasil not\u00edcias","publisher":{"@id":"https:\/\/brasilnoticias.org\/site\/#organization"},"potentialAction":[{"@type":"SearchAction","target":{"@type":"EntryPoint","urlTemplate":"https:\/\/brasilnoticias.org\/site\/?s={search_term_string}"},"query-input":{"@type":"PropertyValueSpecification","valueRequired":true,"valueName":"search_term_string"}}],"inLanguage":"pt-PT"},{"@type":"Organization","@id":"https:\/\/brasilnoticias.org\/site\/#organization","name":"Brasil not\u00edcias","url":"https:\/\/brasilnoticias.org\/site\/","logo":{"@type":"ImageObject","inLanguage":"pt-PT","@id":"https:\/\/brasilnoticias.org\/site\/#\/schema\/logo\/image\/","url":"https:\/\/brasilnoticias.org\/site\/wp-content\/uploads\/2022\/05\/cropped-brasilnoticias-mini.jpg","contentUrl":"https:\/\/brasilnoticias.org\/site\/wp-content\/uploads\/2022\/05\/cropped-brasilnoticias-mini.jpg","width":314,"height":86,"caption":"Brasil not\u00edcias"},"image":{"@id":"https:\/\/brasilnoticias.org\/site\/#\/schema\/logo\/image\/"}},{"@type":"Person","@id":"https:\/\/brasilnoticias.org\/site\/#\/schema\/person\/a0e05b973ec4d15c658d51911e53507b","name":"Reda\u00e7\u00e3o","image":{"@type":"ImageObject","inLanguage":"pt-PT","@id":"https:\/\/brasilnoticias.org\/site\/#\/schema\/person\/image\/","url":"https:\/\/secure.gravatar.com\/avatar\/75d8b050df2de108b08ae78dfb8e374892df24a383c67db9c46a9c604f6aee9c?s=96&d=mm&r=g","contentUrl":"https:\/\/secure.gravatar.com\/avatar\/75d8b050df2de108b08ae78dfb8e374892df24a383c67db9c46a9c604f6aee9c?s=96&d=mm&r=g","caption":"Reda\u00e7\u00e3o"},"sameAs":["https:\/\/brasilnoticias.org\/site"],"url":"https:\/\/brasilnoticias.org\/site\/author\/fernandozsngmail-com\/"}]}},"_links":{"self":[{"href":"https:\/\/brasilnoticias.org\/site\/wp-json\/wp\/v2\/posts\/7276","targetHints":{"allow":["GET"]}}],"collection":[{"href":"https:\/\/brasilnoticias.org\/site\/wp-json\/wp\/v2\/posts"}],"about":[{"href":"https:\/\/brasilnoticias.org\/site\/wp-json\/wp\/v2\/types\/post"}],"author":[{"embeddable":true,"href":"https:\/\/brasilnoticias.org\/site\/wp-json\/wp\/v2\/users\/1"}],"replies":[{"embeddable":true,"href":"https:\/\/brasilnoticias.org\/site\/wp-json\/wp\/v2\/comments?post=7276"}],"version-history":[{"count":1,"href":"https:\/\/brasilnoticias.org\/site\/wp-json\/wp\/v2\/posts\/7276\/revisions"}],"predecessor-version":[{"id":7278,"href":"https:\/\/brasilnoticias.org\/site\/wp-json\/wp\/v2\/posts\/7276\/revisions\/7278"}],"wp:featuredmedia":[{"embeddable":true,"href":"https:\/\/brasilnoticias.org\/site\/wp-json\/wp\/v2\/media\/7277"}],"wp:attachment":[{"href":"https:\/\/brasilnoticias.org\/site\/wp-json\/wp\/v2\/media?parent=7276"}],"wp:term":[{"taxonomy":"category","embeddable":true,"href":"https:\/\/brasilnoticias.org\/site\/wp-json\/wp\/v2\/categories?post=7276"},{"taxonomy":"post_tag","embeddable":true,"href":"https:\/\/brasilnoticias.org\/site\/wp-json\/wp\/v2\/tags?post=7276"}],"curies":[{"name":"wp","href":"https:\/\/api.w.org\/{rel}","templated":true}]}}