{"id":7325,"date":"2023-07-13T07:09:15","date_gmt":"2023-07-13T10:09:15","guid":{"rendered":"https:\/\/brasilnoticias.org\/site\/?p=7325"},"modified":"2023-07-13T07:09:15","modified_gmt":"2023-07-13T10:09:15","slug":"nao-deu-bahia-empata-com-gremio-mas-perde-vaga-nos-penaltis","status":"publish","type":"post","link":"https:\/\/brasilnoticias.org\/site\/nao-deu-bahia-empata-com-gremio-mas-perde-vaga-nos-penaltis\/","title":{"rendered":"N\u00e3o deu! Bahia empata com Gr\u00eamio, mas perde vaga nos p\u00eanaltis"},"content":{"rendered":"<p>ntaram na noite desta quarta-feira (12) no segundo jogo v\u00e1lido pelas quartas de finais da Copa do Brasil. Ap\u00f3s mais um empate em 1&#215;1 no tempo regulamentar, com gols de Everaldo, pelo Bahia, e Villasanti, pelo Gr\u00eamio, o tricolor ga\u00facho levou a melhor na disputa por p\u00eanaltis pelo placar de 4&#215;3 e se qualificou para a semifinal da competi\u00e7\u00e3o.<\/p>\n<p>O time da casa come\u00e7ou a partida tentando abafar o Bahia e abrir o placar logo no come\u00e7o. A primeira boa chance veio aos 11&#8242;, Carballo desviou escanteio na primeira trave e obrigou Marcos Felipe a fazer uma linda defesa. O Imortal chegou mais uma vez em cabe\u00e7ada aos 29&#8242;, dessa vez com Bruno Uvini, a bola passou raspando a trave. Aos 38&#8242; o \u00e1rbitro da partida marcou um p\u00eanalti pol\u00eamico depois de chute que desviou no bra\u00e7o de Acevedo que estava colado ao corpo. Na cobran\u00e7a, Cristaldo bateu forte, mas Marcos Felipe fez o primeiro milagre da noite.<\/p>\n<p>Apesar das melhores chances do time ga\u00facho, quem abriu o placar foi o Bahia aos 49&#8242;. Everaldo recebeu passe de Kayky na entrada da grande \u00e1rea, limpou a jogada e soltou uma bomba no \u00e2ngulo de Gabriel Grando, indefens\u00e1vel.<\/p>\n<p>SEGUNDO TEMPO<\/p>\n<p>Na segunda etapa o Gr\u00eamio veio para cima em busca do gol de empate. Mas apesar da press\u00e3o a primeira chance s\u00f3 veios aos 16&#8242;, com Su\u00e1rez que receu lindo lan\u00e7amento e de cabe\u00e7a quase encobriu Marcos Felipe, que mais uma vez conseguiu salvar o Bahia. A partir de ent\u00e3o, com o Gr\u00eamio todo no ataque, o jogo ficou aberto para os contra-ataques do Esquadr\u00e3o. Aos 22&#8242; Ademir de fora da \u00e1rea acertou um belo chute, mas Grando fez uma importante defesa.<\/p>\n<p>O gol de empate veio aos 26&#8242;, ap\u00f3s jogada individual de Ferreirinha na esquerda que cruzou rasteiro para Villasanti completar para o fundo do gol. Aos 40&#8242; come\u00e7ou um festival de chances. Mugni recebeu um lindo lan\u00e7amento de Matheus Bahia, cortou para dentro e chutou colocado, a bola desviou na zaga gremista e bateu no travess\u00e3o. No minuto seguinte, Ferreirinha recebe lindo cruzamento de Su\u00e1rez e finaliza de cabe\u00e7a para grande defesa do goleiro do Bahia.<\/p>\n<p>Aos 43&#8242; mais uma bola na trave do tricolor baiano, dessa vez Ademir recebeu na entrada da grande \u00e1rea e finalizou forte, a bola explodiu no travess\u00e3o. Aos 45&#8242; mais uma bola na trave, dessa vez do Gr\u00eamio, Su\u00e1rez cortou a marca\u00e7\u00e3o e tocou encobrindo Marcos Felipe, o goleiro defende de ponta de dedo e a bola bate no travess\u00e3o.<\/p>\n<p>DISPUTA DE P\u00caNALTIS<\/p>\n<p>Gr\u00eamio &#8211; Reinaldo (GOL), Ferreirinha (GOL), Bruno Alves (PERDEU), Villasanti (GOL), Bitello (PERDEU) e Andr\u00e9 (GOL).<\/p>\n<p>Bahia &#8211; Cauly (GOL), Everaldo (GOL), Cicinho (PERDEU), Acevedo (PERDEU), Yago Felipe (GOL) e Gabriel Xavier (PERDEU).<\/p>\n<p>&nbsp;<\/p>\n<p>&nbsp;<\/p>\n<p>Foto: Reprodu\u00e7\u00e3o\/Sportv<br \/>\nBNews<\/p>\n","protected":false},"excerpt":{"rendered":"<p>ntaram na noite desta quarta-feira (12) no segundo jogo v\u00e1lido pelas quartas de finais da Copa do Brasil. Ap\u00f3s mais<\/p>\n","protected":false},"author":1,"featured_media":7326,"comment_status":"open","ping_status":"open","sticky":false,"template":"","format":"standard","meta":{"colormag_page_container_layout":"default_layout","colormag_page_sidebar_layout":"default_layout","_FSMCFIC_featured_image_caption":"","_FSMCFIC_featured_image_nocaption":"","_FSMCFIC_featured_image_hide":"","footnotes":""},"categories":[4,1],"tags":[],"class_list":["post-7325","post","type-post","status-publish","format-standard","has-post-thumbnail","hentry","category-esporte","category-ultimas"],"yoast_head":"<!-- This site is optimized with the Yoast SEO plugin v27.1.1 - https:\/\/yoast.com\/product\/yoast-seo-wordpress\/ -->\n<title>N\u00e3o deu! Bahia empata com Gr\u00eamio, mas perde vaga nos p\u00eanaltis - Brasil not\u00edcias<\/title>\n<meta name=\"robots\" content=\"index, follow, max-snippet:-1, max-image-preview:large, max-video-preview:-1\" \/>\n<link rel=\"canonical\" href=\"https:\/\/brasilnoticias.org\/site\/nao-deu-bahia-empata-com-gremio-mas-perde-vaga-nos-penaltis\/\" \/>\n<meta property=\"og:locale\" content=\"pt_PT\" \/>\n<meta property=\"og:type\" content=\"article\" \/>\n<meta property=\"og:title\" content=\"N\u00e3o deu! Bahia empata com Gr\u00eamio, mas perde vaga nos p\u00eanaltis - Brasil not\u00edcias\" \/>\n<meta property=\"og:description\" content=\"ntaram na noite desta quarta-feira (12) no segundo jogo v\u00e1lido pelas quartas de finais da Copa do Brasil. Ap\u00f3s mais\" \/>\n<meta property=\"og:url\" content=\"https:\/\/brasilnoticias.org\/site\/nao-deu-bahia-empata-com-gremio-mas-perde-vaga-nos-penaltis\/\" \/>\n<meta property=\"og:site_name\" content=\"Brasil not\u00edcias\" \/>\n<meta property=\"article:published_time\" content=\"2023-07-13T10:09:15+00:00\" \/>\n<meta property=\"og:image\" content=\"https:\/\/brasilnoticias.org\/site\/wp-content\/uploads\/2023\/07\/whatsapp_image_2023-07-12_at_22.17.34_widelg.jpeg\" \/>\n\t<meta property=\"og:image:width\" content=\"800\" \/>\n\t<meta property=\"og:image:height\" content=\"450\" \/>\n\t<meta property=\"og:image:type\" content=\"image\/jpeg\" \/>\n<meta name=\"author\" content=\"Reda\u00e7\u00e3o\" \/>\n<meta name=\"twitter:card\" content=\"summary_large_image\" \/>\n<meta name=\"twitter:label1\" content=\"Escrito por\" \/>\n\t<meta name=\"twitter:data1\" content=\"Reda\u00e7\u00e3o\" \/>\n\t<meta name=\"twitter:label2\" content=\"Tempo estimado de leitura\" \/>\n\t<meta name=\"twitter:data2\" content=\"3 minutos\" \/>\n<script type=\"application\/ld+json\" class=\"yoast-schema-graph\">{\"@context\":\"https:\/\/schema.org\",\"@graph\":[{\"@type\":\"Article\",\"@id\":\"https:\/\/brasilnoticias.org\/site\/nao-deu-bahia-empata-com-gremio-mas-perde-vaga-nos-penaltis\/#article\",\"isPartOf\":{\"@id\":\"https:\/\/brasilnoticias.org\/site\/nao-deu-bahia-empata-com-gremio-mas-perde-vaga-nos-penaltis\/\"},\"author\":{\"name\":\"Reda\u00e7\u00e3o\",\"@id\":\"https:\/\/brasilnoticias.org\/site\/#\/schema\/person\/a0e05b973ec4d15c658d51911e53507b\"},\"headline\":\"N\u00e3o deu! Bahia empata com Gr\u00eamio, mas perde vaga nos p\u00eanaltis\",\"datePublished\":\"2023-07-13T10:09:15+00:00\",\"mainEntityOfPage\":{\"@id\":\"https:\/\/brasilnoticias.org\/site\/nao-deu-bahia-empata-com-gremio-mas-perde-vaga-nos-penaltis\/\"},\"wordCount\":509,\"commentCount\":0,\"publisher\":{\"@id\":\"https:\/\/brasilnoticias.org\/site\/#organization\"},\"image\":{\"@id\":\"https:\/\/brasilnoticias.org\/site\/nao-deu-bahia-empata-com-gremio-mas-perde-vaga-nos-penaltis\/#primaryimage\"},\"thumbnailUrl\":\"https:\/\/brasilnoticias.org\/site\/wp-content\/uploads\/2023\/07\/whatsapp_image_2023-07-12_at_22.17.34_widelg.jpeg\",\"articleSection\":[\"Esporte\",\"\u00daltimas\"],\"inLanguage\":\"pt-PT\",\"potentialAction\":[{\"@type\":\"CommentAction\",\"name\":\"Comment\",\"target\":[\"https:\/\/brasilnoticias.org\/site\/nao-deu-bahia-empata-com-gremio-mas-perde-vaga-nos-penaltis\/#respond\"]}]},{\"@type\":\"WebPage\",\"@id\":\"https:\/\/brasilnoticias.org\/site\/nao-deu-bahia-empata-com-gremio-mas-perde-vaga-nos-penaltis\/\",\"url\":\"https:\/\/brasilnoticias.org\/site\/nao-deu-bahia-empata-com-gremio-mas-perde-vaga-nos-penaltis\/\",\"name\":\"N\u00e3o deu! Bahia empata com Gr\u00eamio, mas perde vaga nos p\u00eanaltis - Brasil not\u00edcias\",\"isPartOf\":{\"@id\":\"https:\/\/brasilnoticias.org\/site\/#website\"},\"primaryImageOfPage\":{\"@id\":\"https:\/\/brasilnoticias.org\/site\/nao-deu-bahia-empata-com-gremio-mas-perde-vaga-nos-penaltis\/#primaryimage\"},\"image\":{\"@id\":\"https:\/\/brasilnoticias.org\/site\/nao-deu-bahia-empata-com-gremio-mas-perde-vaga-nos-penaltis\/#primaryimage\"},\"thumbnailUrl\":\"https:\/\/brasilnoticias.org\/site\/wp-content\/uploads\/2023\/07\/whatsapp_image_2023-07-12_at_22.17.34_widelg.jpeg\",\"datePublished\":\"2023-07-13T10:09:15+00:00\",\"breadcrumb\":{\"@id\":\"https:\/\/brasilnoticias.org\/site\/nao-deu-bahia-empata-com-gremio-mas-perde-vaga-nos-penaltis\/#breadcrumb\"},\"inLanguage\":\"pt-PT\",\"potentialAction\":[{\"@type\":\"ReadAction\",\"target\":[\"https:\/\/brasilnoticias.org\/site\/nao-deu-bahia-empata-com-gremio-mas-perde-vaga-nos-penaltis\/\"]}]},{\"@type\":\"ImageObject\",\"inLanguage\":\"pt-PT\",\"@id\":\"https:\/\/brasilnoticias.org\/site\/nao-deu-bahia-empata-com-gremio-mas-perde-vaga-nos-penaltis\/#primaryimage\",\"url\":\"https:\/\/brasilnoticias.org\/site\/wp-content\/uploads\/2023\/07\/whatsapp_image_2023-07-12_at_22.17.34_widelg.jpeg\",\"contentUrl\":\"https:\/\/brasilnoticias.org\/site\/wp-content\/uploads\/2023\/07\/whatsapp_image_2023-07-12_at_22.17.34_widelg.jpeg\",\"width\":800,\"height\":450},{\"@type\":\"BreadcrumbList\",\"@id\":\"https:\/\/brasilnoticias.org\/site\/nao-deu-bahia-empata-com-gremio-mas-perde-vaga-nos-penaltis\/#breadcrumb\",\"itemListElement\":[{\"@type\":\"ListItem\",\"position\":1,\"name\":\"In\u00edcio\",\"item\":\"https:\/\/brasilnoticias.org\/site\/\"},{\"@type\":\"ListItem\",\"position\":2,\"name\":\"N\u00e3o deu! Bahia empata com Gr\u00eamio, mas perde vaga nos p\u00eanaltis\"}]},{\"@type\":\"WebSite\",\"@id\":\"https:\/\/brasilnoticias.org\/site\/#website\",\"url\":\"https:\/\/brasilnoticias.org\/site\/\",\"name\":\"Brasil not\u00edcias\",\"description\":\"Brasil not\u00edcias\",\"publisher\":{\"@id\":\"https:\/\/brasilnoticias.org\/site\/#organization\"},\"potentialAction\":[{\"@type\":\"SearchAction\",\"target\":{\"@type\":\"EntryPoint\",\"urlTemplate\":\"https:\/\/brasilnoticias.org\/site\/?s={search_term_string}\"},\"query-input\":{\"@type\":\"PropertyValueSpecification\",\"valueRequired\":true,\"valueName\":\"search_term_string\"}}],\"inLanguage\":\"pt-PT\"},{\"@type\":\"Organization\",\"@id\":\"https:\/\/brasilnoticias.org\/site\/#organization\",\"name\":\"Brasil not\u00edcias\",\"url\":\"https:\/\/brasilnoticias.org\/site\/\",\"logo\":{\"@type\":\"ImageObject\",\"inLanguage\":\"pt-PT\",\"@id\":\"https:\/\/brasilnoticias.org\/site\/#\/schema\/logo\/image\/\",\"url\":\"https:\/\/brasilnoticias.org\/site\/wp-content\/uploads\/2022\/05\/cropped-brasilnoticias-mini.jpg\",\"contentUrl\":\"https:\/\/brasilnoticias.org\/site\/wp-content\/uploads\/2022\/05\/cropped-brasilnoticias-mini.jpg\",\"width\":314,\"height\":86,\"caption\":\"Brasil not\u00edcias\"},\"image\":{\"@id\":\"https:\/\/brasilnoticias.org\/site\/#\/schema\/logo\/image\/\"}},{\"@type\":\"Person\",\"@id\":\"https:\/\/brasilnoticias.org\/site\/#\/schema\/person\/a0e05b973ec4d15c658d51911e53507b\",\"name\":\"Reda\u00e7\u00e3o\",\"image\":{\"@type\":\"ImageObject\",\"inLanguage\":\"pt-PT\",\"@id\":\"https:\/\/brasilnoticias.org\/site\/#\/schema\/person\/image\/\",\"url\":\"https:\/\/secure.gravatar.com\/avatar\/75d8b050df2de108b08ae78dfb8e374892df24a383c67db9c46a9c604f6aee9c?s=96&d=mm&r=g\",\"contentUrl\":\"https:\/\/secure.gravatar.com\/avatar\/75d8b050df2de108b08ae78dfb8e374892df24a383c67db9c46a9c604f6aee9c?s=96&d=mm&r=g\",\"caption\":\"Reda\u00e7\u00e3o\"},\"sameAs\":[\"https:\/\/brasilnoticias.org\/site\"],\"url\":\"https:\/\/brasilnoticias.org\/site\/author\/fernandozsngmail-com\/\"}]}<\/script>\n<!-- \/ Yoast SEO plugin. -->","yoast_head_json":{"title":"N\u00e3o deu! Bahia empata com Gr\u00eamio, mas perde vaga nos p\u00eanaltis - Brasil not\u00edcias","robots":{"index":"index","follow":"follow","max-snippet":"max-snippet:-1","max-image-preview":"max-image-preview:large","max-video-preview":"max-video-preview:-1"},"canonical":"https:\/\/brasilnoticias.org\/site\/nao-deu-bahia-empata-com-gremio-mas-perde-vaga-nos-penaltis\/","og_locale":"pt_PT","og_type":"article","og_title":"N\u00e3o deu! Bahia empata com Gr\u00eamio, mas perde vaga nos p\u00eanaltis - Brasil not\u00edcias","og_description":"ntaram na noite desta quarta-feira (12) no segundo jogo v\u00e1lido pelas quartas de finais da Copa do Brasil. Ap\u00f3s mais","og_url":"https:\/\/brasilnoticias.org\/site\/nao-deu-bahia-empata-com-gremio-mas-perde-vaga-nos-penaltis\/","og_site_name":"Brasil not\u00edcias","article_published_time":"2023-07-13T10:09:15+00:00","og_image":[{"width":800,"height":450,"url":"https:\/\/brasilnoticias.org\/site\/wp-content\/uploads\/2023\/07\/whatsapp_image_2023-07-12_at_22.17.34_widelg.jpeg","type":"image\/jpeg"}],"author":"Reda\u00e7\u00e3o","twitter_card":"summary_large_image","twitter_misc":{"Escrito por":"Reda\u00e7\u00e3o","Tempo estimado de leitura":"3 minutos"},"schema":{"@context":"https:\/\/schema.org","@graph":[{"@type":"Article","@id":"https:\/\/brasilnoticias.org\/site\/nao-deu-bahia-empata-com-gremio-mas-perde-vaga-nos-penaltis\/#article","isPartOf":{"@id":"https:\/\/brasilnoticias.org\/site\/nao-deu-bahia-empata-com-gremio-mas-perde-vaga-nos-penaltis\/"},"author":{"name":"Reda\u00e7\u00e3o","@id":"https:\/\/brasilnoticias.org\/site\/#\/schema\/person\/a0e05b973ec4d15c658d51911e53507b"},"headline":"N\u00e3o deu! Bahia empata com Gr\u00eamio, mas perde vaga nos p\u00eanaltis","datePublished":"2023-07-13T10:09:15+00:00","mainEntityOfPage":{"@id":"https:\/\/brasilnoticias.org\/site\/nao-deu-bahia-empata-com-gremio-mas-perde-vaga-nos-penaltis\/"},"wordCount":509,"commentCount":0,"publisher":{"@id":"https:\/\/brasilnoticias.org\/site\/#organization"},"image":{"@id":"https:\/\/brasilnoticias.org\/site\/nao-deu-bahia-empata-com-gremio-mas-perde-vaga-nos-penaltis\/#primaryimage"},"thumbnailUrl":"https:\/\/brasilnoticias.org\/site\/wp-content\/uploads\/2023\/07\/whatsapp_image_2023-07-12_at_22.17.34_widelg.jpeg","articleSection":["Esporte","\u00daltimas"],"inLanguage":"pt-PT","potentialAction":[{"@type":"CommentAction","name":"Comment","target":["https:\/\/brasilnoticias.org\/site\/nao-deu-bahia-empata-com-gremio-mas-perde-vaga-nos-penaltis\/#respond"]}]},{"@type":"WebPage","@id":"https:\/\/brasilnoticias.org\/site\/nao-deu-bahia-empata-com-gremio-mas-perde-vaga-nos-penaltis\/","url":"https:\/\/brasilnoticias.org\/site\/nao-deu-bahia-empata-com-gremio-mas-perde-vaga-nos-penaltis\/","name":"N\u00e3o deu! Bahia empata com Gr\u00eamio, mas perde vaga nos p\u00eanaltis - Brasil not\u00edcias","isPartOf":{"@id":"https:\/\/brasilnoticias.org\/site\/#website"},"primaryImageOfPage":{"@id":"https:\/\/brasilnoticias.org\/site\/nao-deu-bahia-empata-com-gremio-mas-perde-vaga-nos-penaltis\/#primaryimage"},"image":{"@id":"https:\/\/brasilnoticias.org\/site\/nao-deu-bahia-empata-com-gremio-mas-perde-vaga-nos-penaltis\/#primaryimage"},"thumbnailUrl":"https:\/\/brasilnoticias.org\/site\/wp-content\/uploads\/2023\/07\/whatsapp_image_2023-07-12_at_22.17.34_widelg.jpeg","datePublished":"2023-07-13T10:09:15+00:00","breadcrumb":{"@id":"https:\/\/brasilnoticias.org\/site\/nao-deu-bahia-empata-com-gremio-mas-perde-vaga-nos-penaltis\/#breadcrumb"},"inLanguage":"pt-PT","potentialAction":[{"@type":"ReadAction","target":["https:\/\/brasilnoticias.org\/site\/nao-deu-bahia-empata-com-gremio-mas-perde-vaga-nos-penaltis\/"]}]},{"@type":"ImageObject","inLanguage":"pt-PT","@id":"https:\/\/brasilnoticias.org\/site\/nao-deu-bahia-empata-com-gremio-mas-perde-vaga-nos-penaltis\/#primaryimage","url":"https:\/\/brasilnoticias.org\/site\/wp-content\/uploads\/2023\/07\/whatsapp_image_2023-07-12_at_22.17.34_widelg.jpeg","contentUrl":"https:\/\/brasilnoticias.org\/site\/wp-content\/uploads\/2023\/07\/whatsapp_image_2023-07-12_at_22.17.34_widelg.jpeg","width":800,"height":450},{"@type":"BreadcrumbList","@id":"https:\/\/brasilnoticias.org\/site\/nao-deu-bahia-empata-com-gremio-mas-perde-vaga-nos-penaltis\/#breadcrumb","itemListElement":[{"@type":"ListItem","position":1,"name":"In\u00edcio","item":"https:\/\/brasilnoticias.org\/site\/"},{"@type":"ListItem","position":2,"name":"N\u00e3o deu! Bahia empata com Gr\u00eamio, mas perde vaga nos p\u00eanaltis"}]},{"@type":"WebSite","@id":"https:\/\/brasilnoticias.org\/site\/#website","url":"https:\/\/brasilnoticias.org\/site\/","name":"Brasil not\u00edcias","description":"Brasil not\u00edcias","publisher":{"@id":"https:\/\/brasilnoticias.org\/site\/#organization"},"potentialAction":[{"@type":"SearchAction","target":{"@type":"EntryPoint","urlTemplate":"https:\/\/brasilnoticias.org\/site\/?s={search_term_string}"},"query-input":{"@type":"PropertyValueSpecification","valueRequired":true,"valueName":"search_term_string"}}],"inLanguage":"pt-PT"},{"@type":"Organization","@id":"https:\/\/brasilnoticias.org\/site\/#organization","name":"Brasil not\u00edcias","url":"https:\/\/brasilnoticias.org\/site\/","logo":{"@type":"ImageObject","inLanguage":"pt-PT","@id":"https:\/\/brasilnoticias.org\/site\/#\/schema\/logo\/image\/","url":"https:\/\/brasilnoticias.org\/site\/wp-content\/uploads\/2022\/05\/cropped-brasilnoticias-mini.jpg","contentUrl":"https:\/\/brasilnoticias.org\/site\/wp-content\/uploads\/2022\/05\/cropped-brasilnoticias-mini.jpg","width":314,"height":86,"caption":"Brasil not\u00edcias"},"image":{"@id":"https:\/\/brasilnoticias.org\/site\/#\/schema\/logo\/image\/"}},{"@type":"Person","@id":"https:\/\/brasilnoticias.org\/site\/#\/schema\/person\/a0e05b973ec4d15c658d51911e53507b","name":"Reda\u00e7\u00e3o","image":{"@type":"ImageObject","inLanguage":"pt-PT","@id":"https:\/\/brasilnoticias.org\/site\/#\/schema\/person\/image\/","url":"https:\/\/secure.gravatar.com\/avatar\/75d8b050df2de108b08ae78dfb8e374892df24a383c67db9c46a9c604f6aee9c?s=96&d=mm&r=g","contentUrl":"https:\/\/secure.gravatar.com\/avatar\/75d8b050df2de108b08ae78dfb8e374892df24a383c67db9c46a9c604f6aee9c?s=96&d=mm&r=g","caption":"Reda\u00e7\u00e3o"},"sameAs":["https:\/\/brasilnoticias.org\/site"],"url":"https:\/\/brasilnoticias.org\/site\/author\/fernandozsngmail-com\/"}]}},"_links":{"self":[{"href":"https:\/\/brasilnoticias.org\/site\/wp-json\/wp\/v2\/posts\/7325","targetHints":{"allow":["GET"]}}],"collection":[{"href":"https:\/\/brasilnoticias.org\/site\/wp-json\/wp\/v2\/posts"}],"about":[{"href":"https:\/\/brasilnoticias.org\/site\/wp-json\/wp\/v2\/types\/post"}],"author":[{"embeddable":true,"href":"https:\/\/brasilnoticias.org\/site\/wp-json\/wp\/v2\/users\/1"}],"replies":[{"embeddable":true,"href":"https:\/\/brasilnoticias.org\/site\/wp-json\/wp\/v2\/comments?post=7325"}],"version-history":[{"count":1,"href":"https:\/\/brasilnoticias.org\/site\/wp-json\/wp\/v2\/posts\/7325\/revisions"}],"predecessor-version":[{"id":7327,"href":"https:\/\/brasilnoticias.org\/site\/wp-json\/wp\/v2\/posts\/7325\/revisions\/7327"}],"wp:featuredmedia":[{"embeddable":true,"href":"https:\/\/brasilnoticias.org\/site\/wp-json\/wp\/v2\/media\/7326"}],"wp:attachment":[{"href":"https:\/\/brasilnoticias.org\/site\/wp-json\/wp\/v2\/media?parent=7325"}],"wp:term":[{"taxonomy":"category","embeddable":true,"href":"https:\/\/brasilnoticias.org\/site\/wp-json\/wp\/v2\/categories?post=7325"},{"taxonomy":"post_tag","embeddable":true,"href":"https:\/\/brasilnoticias.org\/site\/wp-json\/wp\/v2\/tags?post=7325"}],"curies":[{"name":"wp","href":"https:\/\/api.w.org\/{rel}","templated":true}]}}