{"id":7334,"date":"2023-07-13T07:25:59","date_gmt":"2023-07-13T10:25:59","guid":{"rendered":"https:\/\/brasilnoticias.org\/site\/?p=7334"},"modified":"2023-07-13T07:25:59","modified_gmt":"2023-07-13T10:25:59","slug":"dois-colegios-na-bahia-terao-que-ser-readaptados-apos-governo-encerrar-escolas-civico-militares","status":"publish","type":"post","link":"https:\/\/brasilnoticias.org\/site\/dois-colegios-na-bahia-terao-que-ser-readaptados-apos-governo-encerrar-escolas-civico-militares\/","title":{"rendered":"Dois col\u00e9gios na Bahia ter\u00e3o que ser readaptados ap\u00f3s governo encerrar escolas c\u00edvico-militares"},"content":{"rendered":"<p>Duas escolas municipais da Bahia, que est\u00e3o inclu\u00eddas no Programa Nacional das Escolas C\u00edvico-Militares (Pecim), ter\u00e3o que ser reintegradas \u00e0 rede regular de ensino ap\u00f3s o governo federal decidir encerrar o programa. <\/p>\n<p>A decis\u00e3o do Minist\u00e9rio da Educa\u00e7\u00e3o deve ser implementada em todas as escolas at\u00e9 o fim do ano letivo. Em nota t\u00e9cnica, o MEC argumentou que a modalidade do programa apresenta desvio de finalidade das For\u00e7as Armadas.<\/p>\n<p>Al\u00e9m disso, o Minist\u00e9rio apontou que h\u00e1 um problema de execu\u00e7\u00e3o or\u00e7ament\u00e1ria no programa e que os investimentos poderiam ser mobilizados em outras frentes. Outro motivo listado pela pasta foi embasado na aus\u00eancia de coes\u00e3o com o sistema educacional brasileiro e o modelo did\u00e1tico-pedag\u00f3gico adotado.<\/p>\n<p>Com o fim do programa federal, as 202 escolas, que contam com cerca de 120 mil alunos matriculados, n\u00e3o ser\u00e3o fechadas, mas sim readaptadas \u00e0 administra\u00e7\u00e3o e \u00e0 metodologia da rede de ensino nacional. Na Bahia, s\u00e3o elas: Escola Municipal Quinze de Novembro, em Feira de Santana, e Escola Municipalizada Carlos Santana, em Vit\u00f3ria da Conquista.<\/p>\n<p>Foto: Rerpodu\u00e7\u00e3o\/Google Maps<br \/>\nPor: Metro1<\/p>\n","protected":false},"excerpt":{"rendered":"<p>Duas escolas municipais da Bahia, que est\u00e3o inclu\u00eddas no Programa Nacional das Escolas C\u00edvico-Militares (Pecim), ter\u00e3o que ser reintegradas \u00e0<\/p>\n","protected":false},"author":1,"featured_media":7335,"comment_status":"open","ping_status":"open","sticky":false,"template":"","format":"standard","meta":{"colormag_page_container_layout":"default_layout","colormag_page_sidebar_layout":"default_layout","_FSMCFIC_featured_image_caption":"","_FSMCFIC_featured_image_nocaption":"","_FSMCFIC_featured_image_hide":"","footnotes":""},"categories":[2,1],"tags":[],"class_list":["post-7334","post","type-post","status-publish","format-standard","has-post-thumbnail","hentry","category-noticias","category-ultimas"],"yoast_head":"<!-- This site is optimized with the Yoast SEO plugin v27.1.1 - https:\/\/yoast.com\/product\/yoast-seo-wordpress\/ -->\n<title>Dois col\u00e9gios na Bahia ter\u00e3o que ser readaptados ap\u00f3s governo encerrar escolas c\u00edvico-militares - Brasil not\u00edcias<\/title>\n<meta name=\"robots\" content=\"index, follow, max-snippet:-1, max-image-preview:large, max-video-preview:-1\" \/>\n<link rel=\"canonical\" href=\"https:\/\/brasilnoticias.org\/site\/dois-colegios-na-bahia-terao-que-ser-readaptados-apos-governo-encerrar-escolas-civico-militares\/\" \/>\n<meta property=\"og:locale\" content=\"pt_PT\" \/>\n<meta property=\"og:type\" content=\"article\" \/>\n<meta property=\"og:title\" content=\"Dois col\u00e9gios na Bahia ter\u00e3o que ser readaptados ap\u00f3s governo encerrar escolas c\u00edvico-militares - Brasil not\u00edcias\" \/>\n<meta property=\"og:description\" content=\"Duas escolas municipais da Bahia, que est\u00e3o inclu\u00eddas no Programa Nacional das Escolas C\u00edvico-Militares (Pecim), ter\u00e3o que ser reintegradas \u00e0\" \/>\n<meta property=\"og:url\" content=\"https:\/\/brasilnoticias.org\/site\/dois-colegios-na-bahia-terao-que-ser-readaptados-apos-governo-encerrar-escolas-civico-militares\/\" \/>\n<meta property=\"og:site_name\" content=\"Brasil not\u00edcias\" \/>\n<meta property=\"article:published_time\" content=\"2023-07-13T10:25:59+00:00\" \/>\n<meta property=\"og:image\" content=\"https:\/\/brasilnoticias.org\/site\/wp-content\/uploads\/2023\/07\/138608dois-colegios-na-bahia-terao-que-ser-readaptados-apos-governo-encerrar-escolas-civico-militares-3.jpg\" \/>\n\t<meta property=\"og:image:width\" content=\"1600\" \/>\n\t<meta property=\"og:image:height\" content=\"752\" \/>\n\t<meta property=\"og:image:type\" content=\"image\/jpeg\" \/>\n<meta name=\"author\" content=\"Reda\u00e7\u00e3o\" \/>\n<meta name=\"twitter:card\" content=\"summary_large_image\" \/>\n<meta name=\"twitter:label1\" content=\"Escrito por\" \/>\n\t<meta name=\"twitter:data1\" content=\"Reda\u00e7\u00e3o\" \/>\n<script type=\"application\/ld+json\" class=\"yoast-schema-graph\">{\"@context\":\"https:\/\/schema.org\",\"@graph\":[{\"@type\":\"Article\",\"@id\":\"https:\/\/brasilnoticias.org\/site\/dois-colegios-na-bahia-terao-que-ser-readaptados-apos-governo-encerrar-escolas-civico-militares\/#article\",\"isPartOf\":{\"@id\":\"https:\/\/brasilnoticias.org\/site\/dois-colegios-na-bahia-terao-que-ser-readaptados-apos-governo-encerrar-escolas-civico-militares\/\"},\"author\":{\"name\":\"Reda\u00e7\u00e3o\",\"@id\":\"https:\/\/brasilnoticias.org\/site\/#\/schema\/person\/a0e05b973ec4d15c658d51911e53507b\"},\"headline\":\"Dois col\u00e9gios na Bahia ter\u00e3o que ser readaptados ap\u00f3s governo encerrar escolas c\u00edvico-militares\",\"datePublished\":\"2023-07-13T10:25:59+00:00\",\"mainEntityOfPage\":{\"@id\":\"https:\/\/brasilnoticias.org\/site\/dois-colegios-na-bahia-terao-que-ser-readaptados-apos-governo-encerrar-escolas-civico-militares\/\"},\"wordCount\":213,\"commentCount\":0,\"publisher\":{\"@id\":\"https:\/\/brasilnoticias.org\/site\/#organization\"},\"image\":{\"@id\":\"https:\/\/brasilnoticias.org\/site\/dois-colegios-na-bahia-terao-que-ser-readaptados-apos-governo-encerrar-escolas-civico-militares\/#primaryimage\"},\"thumbnailUrl\":\"https:\/\/brasilnoticias.org\/site\/wp-content\/uploads\/2023\/07\/138608dois-colegios-na-bahia-terao-que-ser-readaptados-apos-governo-encerrar-escolas-civico-militares-3.jpg\",\"articleSection\":[\"Not\u00edcias\",\"\u00daltimas\"],\"inLanguage\":\"pt-PT\",\"potentialAction\":[{\"@type\":\"CommentAction\",\"name\":\"Comment\",\"target\":[\"https:\/\/brasilnoticias.org\/site\/dois-colegios-na-bahia-terao-que-ser-readaptados-apos-governo-encerrar-escolas-civico-militares\/#respond\"]}]},{\"@type\":\"WebPage\",\"@id\":\"https:\/\/brasilnoticias.org\/site\/dois-colegios-na-bahia-terao-que-ser-readaptados-apos-governo-encerrar-escolas-civico-militares\/\",\"url\":\"https:\/\/brasilnoticias.org\/site\/dois-colegios-na-bahia-terao-que-ser-readaptados-apos-governo-encerrar-escolas-civico-militares\/\",\"name\":\"Dois col\u00e9gios na Bahia ter\u00e3o que ser readaptados ap\u00f3s governo encerrar escolas c\u00edvico-militares - Brasil not\u00edcias\",\"isPartOf\":{\"@id\":\"https:\/\/brasilnoticias.org\/site\/#website\"},\"primaryImageOfPage\":{\"@id\":\"https:\/\/brasilnoticias.org\/site\/dois-colegios-na-bahia-terao-que-ser-readaptados-apos-governo-encerrar-escolas-civico-militares\/#primaryimage\"},\"image\":{\"@id\":\"https:\/\/brasilnoticias.org\/site\/dois-colegios-na-bahia-terao-que-ser-readaptados-apos-governo-encerrar-escolas-civico-militares\/#primaryimage\"},\"thumbnailUrl\":\"https:\/\/brasilnoticias.org\/site\/wp-content\/uploads\/2023\/07\/138608dois-colegios-na-bahia-terao-que-ser-readaptados-apos-governo-encerrar-escolas-civico-militares-3.jpg\",\"datePublished\":\"2023-07-13T10:25:59+00:00\",\"breadcrumb\":{\"@id\":\"https:\/\/brasilnoticias.org\/site\/dois-colegios-na-bahia-terao-que-ser-readaptados-apos-governo-encerrar-escolas-civico-militares\/#breadcrumb\"},\"inLanguage\":\"pt-PT\",\"potentialAction\":[{\"@type\":\"ReadAction\",\"target\":[\"https:\/\/brasilnoticias.org\/site\/dois-colegios-na-bahia-terao-que-ser-readaptados-apos-governo-encerrar-escolas-civico-militares\/\"]}]},{\"@type\":\"ImageObject\",\"inLanguage\":\"pt-PT\",\"@id\":\"https:\/\/brasilnoticias.org\/site\/dois-colegios-na-bahia-terao-que-ser-readaptados-apos-governo-encerrar-escolas-civico-militares\/#primaryimage\",\"url\":\"https:\/\/brasilnoticias.org\/site\/wp-content\/uploads\/2023\/07\/138608dois-colegios-na-bahia-terao-que-ser-readaptados-apos-governo-encerrar-escolas-civico-militares-3.jpg\",\"contentUrl\":\"https:\/\/brasilnoticias.org\/site\/wp-content\/uploads\/2023\/07\/138608dois-colegios-na-bahia-terao-que-ser-readaptados-apos-governo-encerrar-escolas-civico-militares-3.jpg\",\"width\":1600,\"height\":752},{\"@type\":\"BreadcrumbList\",\"@id\":\"https:\/\/brasilnoticias.org\/site\/dois-colegios-na-bahia-terao-que-ser-readaptados-apos-governo-encerrar-escolas-civico-militares\/#breadcrumb\",\"itemListElement\":[{\"@type\":\"ListItem\",\"position\":1,\"name\":\"In\u00edcio\",\"item\":\"https:\/\/brasilnoticias.org\/site\/\"},{\"@type\":\"ListItem\",\"position\":2,\"name\":\"Dois col\u00e9gios na Bahia ter\u00e3o que ser readaptados ap\u00f3s governo encerrar escolas c\u00edvico-militares\"}]},{\"@type\":\"WebSite\",\"@id\":\"https:\/\/brasilnoticias.org\/site\/#website\",\"url\":\"https:\/\/brasilnoticias.org\/site\/\",\"name\":\"Brasil not\u00edcias\",\"description\":\"Brasil not\u00edcias\",\"publisher\":{\"@id\":\"https:\/\/brasilnoticias.org\/site\/#organization\"},\"potentialAction\":[{\"@type\":\"SearchAction\",\"target\":{\"@type\":\"EntryPoint\",\"urlTemplate\":\"https:\/\/brasilnoticias.org\/site\/?s={search_term_string}\"},\"query-input\":{\"@type\":\"PropertyValueSpecification\",\"valueRequired\":true,\"valueName\":\"search_term_string\"}}],\"inLanguage\":\"pt-PT\"},{\"@type\":\"Organization\",\"@id\":\"https:\/\/brasilnoticias.org\/site\/#organization\",\"name\":\"Brasil not\u00edcias\",\"url\":\"https:\/\/brasilnoticias.org\/site\/\",\"logo\":{\"@type\":\"ImageObject\",\"inLanguage\":\"pt-PT\",\"@id\":\"https:\/\/brasilnoticias.org\/site\/#\/schema\/logo\/image\/\",\"url\":\"https:\/\/brasilnoticias.org\/site\/wp-content\/uploads\/2022\/05\/cropped-brasilnoticias-mini.jpg\",\"contentUrl\":\"https:\/\/brasilnoticias.org\/site\/wp-content\/uploads\/2022\/05\/cropped-brasilnoticias-mini.jpg\",\"width\":314,\"height\":86,\"caption\":\"Brasil not\u00edcias\"},\"image\":{\"@id\":\"https:\/\/brasilnoticias.org\/site\/#\/schema\/logo\/image\/\"}},{\"@type\":\"Person\",\"@id\":\"https:\/\/brasilnoticias.org\/site\/#\/schema\/person\/a0e05b973ec4d15c658d51911e53507b\",\"name\":\"Reda\u00e7\u00e3o\",\"image\":{\"@type\":\"ImageObject\",\"inLanguage\":\"pt-PT\",\"@id\":\"https:\/\/brasilnoticias.org\/site\/#\/schema\/person\/image\/\",\"url\":\"https:\/\/secure.gravatar.com\/avatar\/75d8b050df2de108b08ae78dfb8e374892df24a383c67db9c46a9c604f6aee9c?s=96&d=mm&r=g\",\"contentUrl\":\"https:\/\/secure.gravatar.com\/avatar\/75d8b050df2de108b08ae78dfb8e374892df24a383c67db9c46a9c604f6aee9c?s=96&d=mm&r=g\",\"caption\":\"Reda\u00e7\u00e3o\"},\"sameAs\":[\"https:\/\/brasilnoticias.org\/site\"],\"url\":\"https:\/\/brasilnoticias.org\/site\/author\/fernandozsngmail-com\/\"}]}<\/script>\n<!-- \/ Yoast SEO plugin. -->","yoast_head_json":{"title":"Dois col\u00e9gios na Bahia ter\u00e3o que ser readaptados ap\u00f3s governo encerrar escolas c\u00edvico-militares - Brasil not\u00edcias","robots":{"index":"index","follow":"follow","max-snippet":"max-snippet:-1","max-image-preview":"max-image-preview:large","max-video-preview":"max-video-preview:-1"},"canonical":"https:\/\/brasilnoticias.org\/site\/dois-colegios-na-bahia-terao-que-ser-readaptados-apos-governo-encerrar-escolas-civico-militares\/","og_locale":"pt_PT","og_type":"article","og_title":"Dois col\u00e9gios na Bahia ter\u00e3o que ser readaptados ap\u00f3s governo encerrar escolas c\u00edvico-militares - Brasil not\u00edcias","og_description":"Duas escolas municipais da Bahia, que est\u00e3o inclu\u00eddas no Programa Nacional das Escolas C\u00edvico-Militares (Pecim), ter\u00e3o que ser reintegradas \u00e0","og_url":"https:\/\/brasilnoticias.org\/site\/dois-colegios-na-bahia-terao-que-ser-readaptados-apos-governo-encerrar-escolas-civico-militares\/","og_site_name":"Brasil not\u00edcias","article_published_time":"2023-07-13T10:25:59+00:00","og_image":[{"width":1600,"height":752,"url":"https:\/\/brasilnoticias.org\/site\/wp-content\/uploads\/2023\/07\/138608dois-colegios-na-bahia-terao-que-ser-readaptados-apos-governo-encerrar-escolas-civico-militares-3.jpg","type":"image\/jpeg"}],"author":"Reda\u00e7\u00e3o","twitter_card":"summary_large_image","twitter_misc":{"Escrito por":"Reda\u00e7\u00e3o"},"schema":{"@context":"https:\/\/schema.org","@graph":[{"@type":"Article","@id":"https:\/\/brasilnoticias.org\/site\/dois-colegios-na-bahia-terao-que-ser-readaptados-apos-governo-encerrar-escolas-civico-militares\/#article","isPartOf":{"@id":"https:\/\/brasilnoticias.org\/site\/dois-colegios-na-bahia-terao-que-ser-readaptados-apos-governo-encerrar-escolas-civico-militares\/"},"author":{"name":"Reda\u00e7\u00e3o","@id":"https:\/\/brasilnoticias.org\/site\/#\/schema\/person\/a0e05b973ec4d15c658d51911e53507b"},"headline":"Dois col\u00e9gios na Bahia ter\u00e3o que ser readaptados ap\u00f3s governo encerrar escolas c\u00edvico-militares","datePublished":"2023-07-13T10:25:59+00:00","mainEntityOfPage":{"@id":"https:\/\/brasilnoticias.org\/site\/dois-colegios-na-bahia-terao-que-ser-readaptados-apos-governo-encerrar-escolas-civico-militares\/"},"wordCount":213,"commentCount":0,"publisher":{"@id":"https:\/\/brasilnoticias.org\/site\/#organization"},"image":{"@id":"https:\/\/brasilnoticias.org\/site\/dois-colegios-na-bahia-terao-que-ser-readaptados-apos-governo-encerrar-escolas-civico-militares\/#primaryimage"},"thumbnailUrl":"https:\/\/brasilnoticias.org\/site\/wp-content\/uploads\/2023\/07\/138608dois-colegios-na-bahia-terao-que-ser-readaptados-apos-governo-encerrar-escolas-civico-militares-3.jpg","articleSection":["Not\u00edcias","\u00daltimas"],"inLanguage":"pt-PT","potentialAction":[{"@type":"CommentAction","name":"Comment","target":["https:\/\/brasilnoticias.org\/site\/dois-colegios-na-bahia-terao-que-ser-readaptados-apos-governo-encerrar-escolas-civico-militares\/#respond"]}]},{"@type":"WebPage","@id":"https:\/\/brasilnoticias.org\/site\/dois-colegios-na-bahia-terao-que-ser-readaptados-apos-governo-encerrar-escolas-civico-militares\/","url":"https:\/\/brasilnoticias.org\/site\/dois-colegios-na-bahia-terao-que-ser-readaptados-apos-governo-encerrar-escolas-civico-militares\/","name":"Dois col\u00e9gios na Bahia ter\u00e3o que ser readaptados ap\u00f3s governo encerrar escolas c\u00edvico-militares - Brasil not\u00edcias","isPartOf":{"@id":"https:\/\/brasilnoticias.org\/site\/#website"},"primaryImageOfPage":{"@id":"https:\/\/brasilnoticias.org\/site\/dois-colegios-na-bahia-terao-que-ser-readaptados-apos-governo-encerrar-escolas-civico-militares\/#primaryimage"},"image":{"@id":"https:\/\/brasilnoticias.org\/site\/dois-colegios-na-bahia-terao-que-ser-readaptados-apos-governo-encerrar-escolas-civico-militares\/#primaryimage"},"thumbnailUrl":"https:\/\/brasilnoticias.org\/site\/wp-content\/uploads\/2023\/07\/138608dois-colegios-na-bahia-terao-que-ser-readaptados-apos-governo-encerrar-escolas-civico-militares-3.jpg","datePublished":"2023-07-13T10:25:59+00:00","breadcrumb":{"@id":"https:\/\/brasilnoticias.org\/site\/dois-colegios-na-bahia-terao-que-ser-readaptados-apos-governo-encerrar-escolas-civico-militares\/#breadcrumb"},"inLanguage":"pt-PT","potentialAction":[{"@type":"ReadAction","target":["https:\/\/brasilnoticias.org\/site\/dois-colegios-na-bahia-terao-que-ser-readaptados-apos-governo-encerrar-escolas-civico-militares\/"]}]},{"@type":"ImageObject","inLanguage":"pt-PT","@id":"https:\/\/brasilnoticias.org\/site\/dois-colegios-na-bahia-terao-que-ser-readaptados-apos-governo-encerrar-escolas-civico-militares\/#primaryimage","url":"https:\/\/brasilnoticias.org\/site\/wp-content\/uploads\/2023\/07\/138608dois-colegios-na-bahia-terao-que-ser-readaptados-apos-governo-encerrar-escolas-civico-militares-3.jpg","contentUrl":"https:\/\/brasilnoticias.org\/site\/wp-content\/uploads\/2023\/07\/138608dois-colegios-na-bahia-terao-que-ser-readaptados-apos-governo-encerrar-escolas-civico-militares-3.jpg","width":1600,"height":752},{"@type":"BreadcrumbList","@id":"https:\/\/brasilnoticias.org\/site\/dois-colegios-na-bahia-terao-que-ser-readaptados-apos-governo-encerrar-escolas-civico-militares\/#breadcrumb","itemListElement":[{"@type":"ListItem","position":1,"name":"In\u00edcio","item":"https:\/\/brasilnoticias.org\/site\/"},{"@type":"ListItem","position":2,"name":"Dois col\u00e9gios na Bahia ter\u00e3o que ser readaptados ap\u00f3s governo encerrar escolas c\u00edvico-militares"}]},{"@type":"WebSite","@id":"https:\/\/brasilnoticias.org\/site\/#website","url":"https:\/\/brasilnoticias.org\/site\/","name":"Brasil not\u00edcias","description":"Brasil not\u00edcias","publisher":{"@id":"https:\/\/brasilnoticias.org\/site\/#organization"},"potentialAction":[{"@type":"SearchAction","target":{"@type":"EntryPoint","urlTemplate":"https:\/\/brasilnoticias.org\/site\/?s={search_term_string}"},"query-input":{"@type":"PropertyValueSpecification","valueRequired":true,"valueName":"search_term_string"}}],"inLanguage":"pt-PT"},{"@type":"Organization","@id":"https:\/\/brasilnoticias.org\/site\/#organization","name":"Brasil not\u00edcias","url":"https:\/\/brasilnoticias.org\/site\/","logo":{"@type":"ImageObject","inLanguage":"pt-PT","@id":"https:\/\/brasilnoticias.org\/site\/#\/schema\/logo\/image\/","url":"https:\/\/brasilnoticias.org\/site\/wp-content\/uploads\/2022\/05\/cropped-brasilnoticias-mini.jpg","contentUrl":"https:\/\/brasilnoticias.org\/site\/wp-content\/uploads\/2022\/05\/cropped-brasilnoticias-mini.jpg","width":314,"height":86,"caption":"Brasil not\u00edcias"},"image":{"@id":"https:\/\/brasilnoticias.org\/site\/#\/schema\/logo\/image\/"}},{"@type":"Person","@id":"https:\/\/brasilnoticias.org\/site\/#\/schema\/person\/a0e05b973ec4d15c658d51911e53507b","name":"Reda\u00e7\u00e3o","image":{"@type":"ImageObject","inLanguage":"pt-PT","@id":"https:\/\/brasilnoticias.org\/site\/#\/schema\/person\/image\/","url":"https:\/\/secure.gravatar.com\/avatar\/75d8b050df2de108b08ae78dfb8e374892df24a383c67db9c46a9c604f6aee9c?s=96&d=mm&r=g","contentUrl":"https:\/\/secure.gravatar.com\/avatar\/75d8b050df2de108b08ae78dfb8e374892df24a383c67db9c46a9c604f6aee9c?s=96&d=mm&r=g","caption":"Reda\u00e7\u00e3o"},"sameAs":["https:\/\/brasilnoticias.org\/site"],"url":"https:\/\/brasilnoticias.org\/site\/author\/fernandozsngmail-com\/"}]}},"_links":{"self":[{"href":"https:\/\/brasilnoticias.org\/site\/wp-json\/wp\/v2\/posts\/7334","targetHints":{"allow":["GET"]}}],"collection":[{"href":"https:\/\/brasilnoticias.org\/site\/wp-json\/wp\/v2\/posts"}],"about":[{"href":"https:\/\/brasilnoticias.org\/site\/wp-json\/wp\/v2\/types\/post"}],"author":[{"embeddable":true,"href":"https:\/\/brasilnoticias.org\/site\/wp-json\/wp\/v2\/users\/1"}],"replies":[{"embeddable":true,"href":"https:\/\/brasilnoticias.org\/site\/wp-json\/wp\/v2\/comments?post=7334"}],"version-history":[{"count":1,"href":"https:\/\/brasilnoticias.org\/site\/wp-json\/wp\/v2\/posts\/7334\/revisions"}],"predecessor-version":[{"id":7336,"href":"https:\/\/brasilnoticias.org\/site\/wp-json\/wp\/v2\/posts\/7334\/revisions\/7336"}],"wp:featuredmedia":[{"embeddable":true,"href":"https:\/\/brasilnoticias.org\/site\/wp-json\/wp\/v2\/media\/7335"}],"wp:attachment":[{"href":"https:\/\/brasilnoticias.org\/site\/wp-json\/wp\/v2\/media?parent=7334"}],"wp:term":[{"taxonomy":"category","embeddable":true,"href":"https:\/\/brasilnoticias.org\/site\/wp-json\/wp\/v2\/categories?post=7334"},{"taxonomy":"post_tag","embeddable":true,"href":"https:\/\/brasilnoticias.org\/site\/wp-json\/wp\/v2\/tags?post=7334"}],"curies":[{"name":"wp","href":"https:\/\/api.w.org\/{rel}","templated":true}]}}