{"id":7338,"date":"2023-07-13T09:46:22","date_gmt":"2023-07-13T12:46:22","guid":{"rendered":"https:\/\/brasilnoticias.org\/site\/?p=7338"},"modified":"2023-07-13T09:46:22","modified_gmt":"2023-07-13T12:46:22","slug":"capitao-alden-visita-relator-do-projeto-que-aumenta-idade-limite-para-o-ingresso-nas-carreiras-de-policiais-e-bombeiros-militares","status":"publish","type":"post","link":"https:\/\/brasilnoticias.org\/site\/capitao-alden-visita-relator-do-projeto-que-aumenta-idade-limite-para-o-ingresso-nas-carreiras-de-policiais-e-bombeiros-militares\/","title":{"rendered":"Capit\u00e3o Alden visita relator do projeto que aumenta idade-limite para o ingresso nas carreiras de policiais e bombeiros militares"},"content":{"rendered":"<p>Na \u00faltima semana, o deputado federal Capit\u00e3o Alden (PL-BA) visitou o relator na Comiss\u00e3o de Constitui\u00e7\u00e3o e Justi\u00e7a (CCJ) na C\u00e2mara Federal, do Projeto de Lei 1469\/2020, de autoria do deputado federal Capit\u00e3o Derrite (PL-SP), que disp\u00f5e sobre a altera\u00e7\u00e3o do Decreto-Lei n\u00ba 667\/1969, para regrar em \u00e2mbito nacional, a idade-limite para o ingresso nas carreiras de policiais e bombeiros militares, o deputado Pedro Aihara (Patriota-MG).<\/p>\n<p>Capit\u00e3o Alden se manifestou, mais uma vez, favor\u00e1vel ao projeto. Na Comiss\u00e3o de Seguran\u00e7a P\u00fablica e Combate ao Crime Organizado, o parlamentar baiano foi o relator e aprovou a proposta.  \u201cEm caso de aprovado, os 35 anos passar\u00e3o a ser a idade m\u00e1xima para ingressos nas pol\u00edcias militares. E 40 anos para os Quadros de oficiais m\u00e9dicos, de sa\u00fade e de outras especializa\u00e7\u00f5es eventualmente existentes em \u00e2mbito estadual ou distrital. Vamos lutar para que esse projeto avance e essa conquista seja legitimada em definitivo\u201d, afirma Alden.<\/p>\n<p>Durante seu mandato na Assembleia Legislativa da Bahia (Alba), o Capit\u00e3o Alden foi um dos principais defensores dessa altera\u00e7\u00e3o na idade-limite para os ingressos nas carreiras militares. O parlamentar protocolou projetos com este objetivo e fez quest\u00e3o de levar essa luta \u00e0 C\u00e2mara dos Deputados.<\/p>\n<p>\u201cTenho certeza que estamos bem mais perto da concretiza\u00e7\u00e3o desta vit\u00f3ria. Os concurseiros que depositaram em mim essa miss\u00e3o, nosso mandato, segue firme nessa miss\u00e3o\u201d, pontua Alden.<\/p>\n","protected":false},"excerpt":{"rendered":"<p>Na \u00faltima semana, o deputado federal Capit\u00e3o Alden (PL-BA) visitou o relator na Comiss\u00e3o de Constitui\u00e7\u00e3o e Justi\u00e7a (CCJ) na<\/p>\n","protected":false},"author":1,"featured_media":7339,"comment_status":"open","ping_status":"open","sticky":false,"template":"","format":"standard","meta":{"colormag_page_container_layout":"default_layout","colormag_page_sidebar_layout":"default_layout","_FSMCFIC_featured_image_caption":"","_FSMCFIC_featured_image_nocaption":"","_FSMCFIC_featured_image_hide":"","footnotes":""},"categories":[5,1],"tags":[],"class_list":["post-7338","post","type-post","status-publish","format-standard","has-post-thumbnail","hentry","category-politica","category-ultimas"],"yoast_head":"<!-- This site is optimized with the Yoast SEO plugin v27.1.1 - https:\/\/yoast.com\/product\/yoast-seo-wordpress\/ -->\n<title>Capit\u00e3o Alden visita relator do projeto que aumenta idade-limite para o ingresso nas carreiras de policiais e bombeiros militares - Brasil not\u00edcias<\/title>\n<meta name=\"robots\" content=\"index, follow, max-snippet:-1, max-image-preview:large, max-video-preview:-1\" \/>\n<link rel=\"canonical\" href=\"https:\/\/brasilnoticias.org\/site\/capitao-alden-visita-relator-do-projeto-que-aumenta-idade-limite-para-o-ingresso-nas-carreiras-de-policiais-e-bombeiros-militares\/\" \/>\n<meta property=\"og:locale\" content=\"pt_PT\" \/>\n<meta property=\"og:type\" content=\"article\" \/>\n<meta property=\"og:title\" content=\"Capit\u00e3o Alden visita relator do projeto que aumenta idade-limite para o ingresso nas carreiras de policiais e bombeiros militares - Brasil not\u00edcias\" \/>\n<meta property=\"og:description\" content=\"Na \u00faltima semana, o deputado federal Capit\u00e3o Alden (PL-BA) visitou o relator na Comiss\u00e3o de Constitui\u00e7\u00e3o e Justi\u00e7a (CCJ) na\" \/>\n<meta property=\"og:url\" content=\"https:\/\/brasilnoticias.org\/site\/capitao-alden-visita-relator-do-projeto-que-aumenta-idade-limite-para-o-ingresso-nas-carreiras-de-policiais-e-bombeiros-militares\/\" \/>\n<meta property=\"og:site_name\" content=\"Brasil not\u00edcias\" \/>\n<meta property=\"article:published_time\" content=\"2023-07-13T12:46:22+00:00\" \/>\n<meta property=\"og:image\" content=\"https:\/\/brasilnoticias.org\/site\/wp-content\/uploads\/2023\/07\/WhatsApp-Image-2023-07-13-at-09.23.18.jpeg\" \/>\n\t<meta property=\"og:image:width\" content=\"960\" \/>\n\t<meta property=\"og:image:height\" content=\"567\" \/>\n\t<meta property=\"og:image:type\" content=\"image\/jpeg\" \/>\n<meta name=\"author\" content=\"Reda\u00e7\u00e3o\" \/>\n<meta name=\"twitter:card\" content=\"summary_large_image\" \/>\n<meta name=\"twitter:label1\" content=\"Escrito por\" \/>\n\t<meta name=\"twitter:data1\" content=\"Reda\u00e7\u00e3o\" \/>\n<script type=\"application\/ld+json\" class=\"yoast-schema-graph\">{\"@context\":\"https:\/\/schema.org\",\"@graph\":[{\"@type\":\"Article\",\"@id\":\"https:\/\/brasilnoticias.org\/site\/capitao-alden-visita-relator-do-projeto-que-aumenta-idade-limite-para-o-ingresso-nas-carreiras-de-policiais-e-bombeiros-militares\/#article\",\"isPartOf\":{\"@id\":\"https:\/\/brasilnoticias.org\/site\/capitao-alden-visita-relator-do-projeto-que-aumenta-idade-limite-para-o-ingresso-nas-carreiras-de-policiais-e-bombeiros-militares\/\"},\"author\":{\"name\":\"Reda\u00e7\u00e3o\",\"@id\":\"https:\/\/brasilnoticias.org\/site\/#\/schema\/person\/a0e05b973ec4d15c658d51911e53507b\"},\"headline\":\"Capit\u00e3o Alden visita relator do projeto que aumenta idade-limite para o ingresso nas carreiras de policiais e bombeiros militares\",\"datePublished\":\"2023-07-13T12:46:22+00:00\",\"mainEntityOfPage\":{\"@id\":\"https:\/\/brasilnoticias.org\/site\/capitao-alden-visita-relator-do-projeto-que-aumenta-idade-limite-para-o-ingresso-nas-carreiras-de-policiais-e-bombeiros-militares\/\"},\"wordCount\":266,\"commentCount\":0,\"publisher\":{\"@id\":\"https:\/\/brasilnoticias.org\/site\/#organization\"},\"image\":{\"@id\":\"https:\/\/brasilnoticias.org\/site\/capitao-alden-visita-relator-do-projeto-que-aumenta-idade-limite-para-o-ingresso-nas-carreiras-de-policiais-e-bombeiros-militares\/#primaryimage\"},\"thumbnailUrl\":\"https:\/\/brasilnoticias.org\/site\/wp-content\/uploads\/2023\/07\/WhatsApp-Image-2023-07-13-at-09.23.18.jpeg\",\"articleSection\":[\"Pol\u00edtica\",\"\u00daltimas\"],\"inLanguage\":\"pt-PT\",\"potentialAction\":[{\"@type\":\"CommentAction\",\"name\":\"Comment\",\"target\":[\"https:\/\/brasilnoticias.org\/site\/capitao-alden-visita-relator-do-projeto-que-aumenta-idade-limite-para-o-ingresso-nas-carreiras-de-policiais-e-bombeiros-militares\/#respond\"]}]},{\"@type\":\"WebPage\",\"@id\":\"https:\/\/brasilnoticias.org\/site\/capitao-alden-visita-relator-do-projeto-que-aumenta-idade-limite-para-o-ingresso-nas-carreiras-de-policiais-e-bombeiros-militares\/\",\"url\":\"https:\/\/brasilnoticias.org\/site\/capitao-alden-visita-relator-do-projeto-que-aumenta-idade-limite-para-o-ingresso-nas-carreiras-de-policiais-e-bombeiros-militares\/\",\"name\":\"Capit\u00e3o Alden visita relator do projeto que aumenta idade-limite para o ingresso nas carreiras de policiais e bombeiros militares - Brasil not\u00edcias\",\"isPartOf\":{\"@id\":\"https:\/\/brasilnoticias.org\/site\/#website\"},\"primaryImageOfPage\":{\"@id\":\"https:\/\/brasilnoticias.org\/site\/capitao-alden-visita-relator-do-projeto-que-aumenta-idade-limite-para-o-ingresso-nas-carreiras-de-policiais-e-bombeiros-militares\/#primaryimage\"},\"image\":{\"@id\":\"https:\/\/brasilnoticias.org\/site\/capitao-alden-visita-relator-do-projeto-que-aumenta-idade-limite-para-o-ingresso-nas-carreiras-de-policiais-e-bombeiros-militares\/#primaryimage\"},\"thumbnailUrl\":\"https:\/\/brasilnoticias.org\/site\/wp-content\/uploads\/2023\/07\/WhatsApp-Image-2023-07-13-at-09.23.18.jpeg\",\"datePublished\":\"2023-07-13T12:46:22+00:00\",\"breadcrumb\":{\"@id\":\"https:\/\/brasilnoticias.org\/site\/capitao-alden-visita-relator-do-projeto-que-aumenta-idade-limite-para-o-ingresso-nas-carreiras-de-policiais-e-bombeiros-militares\/#breadcrumb\"},\"inLanguage\":\"pt-PT\",\"potentialAction\":[{\"@type\":\"ReadAction\",\"target\":[\"https:\/\/brasilnoticias.org\/site\/capitao-alden-visita-relator-do-projeto-que-aumenta-idade-limite-para-o-ingresso-nas-carreiras-de-policiais-e-bombeiros-militares\/\"]}]},{\"@type\":\"ImageObject\",\"inLanguage\":\"pt-PT\",\"@id\":\"https:\/\/brasilnoticias.org\/site\/capitao-alden-visita-relator-do-projeto-que-aumenta-idade-limite-para-o-ingresso-nas-carreiras-de-policiais-e-bombeiros-militares\/#primaryimage\",\"url\":\"https:\/\/brasilnoticias.org\/site\/wp-content\/uploads\/2023\/07\/WhatsApp-Image-2023-07-13-at-09.23.18.jpeg\",\"contentUrl\":\"https:\/\/brasilnoticias.org\/site\/wp-content\/uploads\/2023\/07\/WhatsApp-Image-2023-07-13-at-09.23.18.jpeg\",\"width\":960,\"height\":567},{\"@type\":\"BreadcrumbList\",\"@id\":\"https:\/\/brasilnoticias.org\/site\/capitao-alden-visita-relator-do-projeto-que-aumenta-idade-limite-para-o-ingresso-nas-carreiras-de-policiais-e-bombeiros-militares\/#breadcrumb\",\"itemListElement\":[{\"@type\":\"ListItem\",\"position\":1,\"name\":\"In\u00edcio\",\"item\":\"https:\/\/brasilnoticias.org\/site\/\"},{\"@type\":\"ListItem\",\"position\":2,\"name\":\"Capit\u00e3o Alden visita relator do projeto que aumenta idade-limite para o ingresso nas carreiras de policiais e bombeiros militares\"}]},{\"@type\":\"WebSite\",\"@id\":\"https:\/\/brasilnoticias.org\/site\/#website\",\"url\":\"https:\/\/brasilnoticias.org\/site\/\",\"name\":\"Brasil not\u00edcias\",\"description\":\"Brasil not\u00edcias\",\"publisher\":{\"@id\":\"https:\/\/brasilnoticias.org\/site\/#organization\"},\"potentialAction\":[{\"@type\":\"SearchAction\",\"target\":{\"@type\":\"EntryPoint\",\"urlTemplate\":\"https:\/\/brasilnoticias.org\/site\/?s={search_term_string}\"},\"query-input\":{\"@type\":\"PropertyValueSpecification\",\"valueRequired\":true,\"valueName\":\"search_term_string\"}}],\"inLanguage\":\"pt-PT\"},{\"@type\":\"Organization\",\"@id\":\"https:\/\/brasilnoticias.org\/site\/#organization\",\"name\":\"Brasil not\u00edcias\",\"url\":\"https:\/\/brasilnoticias.org\/site\/\",\"logo\":{\"@type\":\"ImageObject\",\"inLanguage\":\"pt-PT\",\"@id\":\"https:\/\/brasilnoticias.org\/site\/#\/schema\/logo\/image\/\",\"url\":\"https:\/\/brasilnoticias.org\/site\/wp-content\/uploads\/2022\/05\/cropped-brasilnoticias-mini.jpg\",\"contentUrl\":\"https:\/\/brasilnoticias.org\/site\/wp-content\/uploads\/2022\/05\/cropped-brasilnoticias-mini.jpg\",\"width\":314,\"height\":86,\"caption\":\"Brasil not\u00edcias\"},\"image\":{\"@id\":\"https:\/\/brasilnoticias.org\/site\/#\/schema\/logo\/image\/\"}},{\"@type\":\"Person\",\"@id\":\"https:\/\/brasilnoticias.org\/site\/#\/schema\/person\/a0e05b973ec4d15c658d51911e53507b\",\"name\":\"Reda\u00e7\u00e3o\",\"image\":{\"@type\":\"ImageObject\",\"inLanguage\":\"pt-PT\",\"@id\":\"https:\/\/brasilnoticias.org\/site\/#\/schema\/person\/image\/\",\"url\":\"https:\/\/secure.gravatar.com\/avatar\/75d8b050df2de108b08ae78dfb8e374892df24a383c67db9c46a9c604f6aee9c?s=96&d=mm&r=g\",\"contentUrl\":\"https:\/\/secure.gravatar.com\/avatar\/75d8b050df2de108b08ae78dfb8e374892df24a383c67db9c46a9c604f6aee9c?s=96&d=mm&r=g\",\"caption\":\"Reda\u00e7\u00e3o\"},\"sameAs\":[\"https:\/\/brasilnoticias.org\/site\"],\"url\":\"https:\/\/brasilnoticias.org\/site\/author\/fernandozsngmail-com\/\"}]}<\/script>\n<!-- \/ Yoast SEO plugin. -->","yoast_head_json":{"title":"Capit\u00e3o Alden visita relator do projeto que aumenta idade-limite para o ingresso nas carreiras de policiais e bombeiros militares - Brasil not\u00edcias","robots":{"index":"index","follow":"follow","max-snippet":"max-snippet:-1","max-image-preview":"max-image-preview:large","max-video-preview":"max-video-preview:-1"},"canonical":"https:\/\/brasilnoticias.org\/site\/capitao-alden-visita-relator-do-projeto-que-aumenta-idade-limite-para-o-ingresso-nas-carreiras-de-policiais-e-bombeiros-militares\/","og_locale":"pt_PT","og_type":"article","og_title":"Capit\u00e3o Alden visita relator do projeto que aumenta idade-limite para o ingresso nas carreiras de policiais e bombeiros militares - Brasil not\u00edcias","og_description":"Na \u00faltima semana, o deputado federal Capit\u00e3o Alden (PL-BA) visitou o relator na Comiss\u00e3o de Constitui\u00e7\u00e3o e Justi\u00e7a (CCJ) na","og_url":"https:\/\/brasilnoticias.org\/site\/capitao-alden-visita-relator-do-projeto-que-aumenta-idade-limite-para-o-ingresso-nas-carreiras-de-policiais-e-bombeiros-militares\/","og_site_name":"Brasil not\u00edcias","article_published_time":"2023-07-13T12:46:22+00:00","og_image":[{"width":960,"height":567,"url":"https:\/\/brasilnoticias.org\/site\/wp-content\/uploads\/2023\/07\/WhatsApp-Image-2023-07-13-at-09.23.18.jpeg","type":"image\/jpeg"}],"author":"Reda\u00e7\u00e3o","twitter_card":"summary_large_image","twitter_misc":{"Escrito por":"Reda\u00e7\u00e3o"},"schema":{"@context":"https:\/\/schema.org","@graph":[{"@type":"Article","@id":"https:\/\/brasilnoticias.org\/site\/capitao-alden-visita-relator-do-projeto-que-aumenta-idade-limite-para-o-ingresso-nas-carreiras-de-policiais-e-bombeiros-militares\/#article","isPartOf":{"@id":"https:\/\/brasilnoticias.org\/site\/capitao-alden-visita-relator-do-projeto-que-aumenta-idade-limite-para-o-ingresso-nas-carreiras-de-policiais-e-bombeiros-militares\/"},"author":{"name":"Reda\u00e7\u00e3o","@id":"https:\/\/brasilnoticias.org\/site\/#\/schema\/person\/a0e05b973ec4d15c658d51911e53507b"},"headline":"Capit\u00e3o Alden visita relator do projeto que aumenta idade-limite para o ingresso nas carreiras de policiais e bombeiros militares","datePublished":"2023-07-13T12:46:22+00:00","mainEntityOfPage":{"@id":"https:\/\/brasilnoticias.org\/site\/capitao-alden-visita-relator-do-projeto-que-aumenta-idade-limite-para-o-ingresso-nas-carreiras-de-policiais-e-bombeiros-militares\/"},"wordCount":266,"commentCount":0,"publisher":{"@id":"https:\/\/brasilnoticias.org\/site\/#organization"},"image":{"@id":"https:\/\/brasilnoticias.org\/site\/capitao-alden-visita-relator-do-projeto-que-aumenta-idade-limite-para-o-ingresso-nas-carreiras-de-policiais-e-bombeiros-militares\/#primaryimage"},"thumbnailUrl":"https:\/\/brasilnoticias.org\/site\/wp-content\/uploads\/2023\/07\/WhatsApp-Image-2023-07-13-at-09.23.18.jpeg","articleSection":["Pol\u00edtica","\u00daltimas"],"inLanguage":"pt-PT","potentialAction":[{"@type":"CommentAction","name":"Comment","target":["https:\/\/brasilnoticias.org\/site\/capitao-alden-visita-relator-do-projeto-que-aumenta-idade-limite-para-o-ingresso-nas-carreiras-de-policiais-e-bombeiros-militares\/#respond"]}]},{"@type":"WebPage","@id":"https:\/\/brasilnoticias.org\/site\/capitao-alden-visita-relator-do-projeto-que-aumenta-idade-limite-para-o-ingresso-nas-carreiras-de-policiais-e-bombeiros-militares\/","url":"https:\/\/brasilnoticias.org\/site\/capitao-alden-visita-relator-do-projeto-que-aumenta-idade-limite-para-o-ingresso-nas-carreiras-de-policiais-e-bombeiros-militares\/","name":"Capit\u00e3o Alden visita relator do projeto que aumenta idade-limite para o ingresso nas carreiras de policiais e bombeiros militares - Brasil not\u00edcias","isPartOf":{"@id":"https:\/\/brasilnoticias.org\/site\/#website"},"primaryImageOfPage":{"@id":"https:\/\/brasilnoticias.org\/site\/capitao-alden-visita-relator-do-projeto-que-aumenta-idade-limite-para-o-ingresso-nas-carreiras-de-policiais-e-bombeiros-militares\/#primaryimage"},"image":{"@id":"https:\/\/brasilnoticias.org\/site\/capitao-alden-visita-relator-do-projeto-que-aumenta-idade-limite-para-o-ingresso-nas-carreiras-de-policiais-e-bombeiros-militares\/#primaryimage"},"thumbnailUrl":"https:\/\/brasilnoticias.org\/site\/wp-content\/uploads\/2023\/07\/WhatsApp-Image-2023-07-13-at-09.23.18.jpeg","datePublished":"2023-07-13T12:46:22+00:00","breadcrumb":{"@id":"https:\/\/brasilnoticias.org\/site\/capitao-alden-visita-relator-do-projeto-que-aumenta-idade-limite-para-o-ingresso-nas-carreiras-de-policiais-e-bombeiros-militares\/#breadcrumb"},"inLanguage":"pt-PT","potentialAction":[{"@type":"ReadAction","target":["https:\/\/brasilnoticias.org\/site\/capitao-alden-visita-relator-do-projeto-que-aumenta-idade-limite-para-o-ingresso-nas-carreiras-de-policiais-e-bombeiros-militares\/"]}]},{"@type":"ImageObject","inLanguage":"pt-PT","@id":"https:\/\/brasilnoticias.org\/site\/capitao-alden-visita-relator-do-projeto-que-aumenta-idade-limite-para-o-ingresso-nas-carreiras-de-policiais-e-bombeiros-militares\/#primaryimage","url":"https:\/\/brasilnoticias.org\/site\/wp-content\/uploads\/2023\/07\/WhatsApp-Image-2023-07-13-at-09.23.18.jpeg","contentUrl":"https:\/\/brasilnoticias.org\/site\/wp-content\/uploads\/2023\/07\/WhatsApp-Image-2023-07-13-at-09.23.18.jpeg","width":960,"height":567},{"@type":"BreadcrumbList","@id":"https:\/\/brasilnoticias.org\/site\/capitao-alden-visita-relator-do-projeto-que-aumenta-idade-limite-para-o-ingresso-nas-carreiras-de-policiais-e-bombeiros-militares\/#breadcrumb","itemListElement":[{"@type":"ListItem","position":1,"name":"In\u00edcio","item":"https:\/\/brasilnoticias.org\/site\/"},{"@type":"ListItem","position":2,"name":"Capit\u00e3o Alden visita relator do projeto que aumenta idade-limite para o ingresso nas carreiras de policiais e bombeiros militares"}]},{"@type":"WebSite","@id":"https:\/\/brasilnoticias.org\/site\/#website","url":"https:\/\/brasilnoticias.org\/site\/","name":"Brasil not\u00edcias","description":"Brasil not\u00edcias","publisher":{"@id":"https:\/\/brasilnoticias.org\/site\/#organization"},"potentialAction":[{"@type":"SearchAction","target":{"@type":"EntryPoint","urlTemplate":"https:\/\/brasilnoticias.org\/site\/?s={search_term_string}"},"query-input":{"@type":"PropertyValueSpecification","valueRequired":true,"valueName":"search_term_string"}}],"inLanguage":"pt-PT"},{"@type":"Organization","@id":"https:\/\/brasilnoticias.org\/site\/#organization","name":"Brasil not\u00edcias","url":"https:\/\/brasilnoticias.org\/site\/","logo":{"@type":"ImageObject","inLanguage":"pt-PT","@id":"https:\/\/brasilnoticias.org\/site\/#\/schema\/logo\/image\/","url":"https:\/\/brasilnoticias.org\/site\/wp-content\/uploads\/2022\/05\/cropped-brasilnoticias-mini.jpg","contentUrl":"https:\/\/brasilnoticias.org\/site\/wp-content\/uploads\/2022\/05\/cropped-brasilnoticias-mini.jpg","width":314,"height":86,"caption":"Brasil not\u00edcias"},"image":{"@id":"https:\/\/brasilnoticias.org\/site\/#\/schema\/logo\/image\/"}},{"@type":"Person","@id":"https:\/\/brasilnoticias.org\/site\/#\/schema\/person\/a0e05b973ec4d15c658d51911e53507b","name":"Reda\u00e7\u00e3o","image":{"@type":"ImageObject","inLanguage":"pt-PT","@id":"https:\/\/brasilnoticias.org\/site\/#\/schema\/person\/image\/","url":"https:\/\/secure.gravatar.com\/avatar\/75d8b050df2de108b08ae78dfb8e374892df24a383c67db9c46a9c604f6aee9c?s=96&d=mm&r=g","contentUrl":"https:\/\/secure.gravatar.com\/avatar\/75d8b050df2de108b08ae78dfb8e374892df24a383c67db9c46a9c604f6aee9c?s=96&d=mm&r=g","caption":"Reda\u00e7\u00e3o"},"sameAs":["https:\/\/brasilnoticias.org\/site"],"url":"https:\/\/brasilnoticias.org\/site\/author\/fernandozsngmail-com\/"}]}},"_links":{"self":[{"href":"https:\/\/brasilnoticias.org\/site\/wp-json\/wp\/v2\/posts\/7338","targetHints":{"allow":["GET"]}}],"collection":[{"href":"https:\/\/brasilnoticias.org\/site\/wp-json\/wp\/v2\/posts"}],"about":[{"href":"https:\/\/brasilnoticias.org\/site\/wp-json\/wp\/v2\/types\/post"}],"author":[{"embeddable":true,"href":"https:\/\/brasilnoticias.org\/site\/wp-json\/wp\/v2\/users\/1"}],"replies":[{"embeddable":true,"href":"https:\/\/brasilnoticias.org\/site\/wp-json\/wp\/v2\/comments?post=7338"}],"version-history":[{"count":1,"href":"https:\/\/brasilnoticias.org\/site\/wp-json\/wp\/v2\/posts\/7338\/revisions"}],"predecessor-version":[{"id":7340,"href":"https:\/\/brasilnoticias.org\/site\/wp-json\/wp\/v2\/posts\/7338\/revisions\/7340"}],"wp:featuredmedia":[{"embeddable":true,"href":"https:\/\/brasilnoticias.org\/site\/wp-json\/wp\/v2\/media\/7339"}],"wp:attachment":[{"href":"https:\/\/brasilnoticias.org\/site\/wp-json\/wp\/v2\/media?parent=7338"}],"wp:term":[{"taxonomy":"category","embeddable":true,"href":"https:\/\/brasilnoticias.org\/site\/wp-json\/wp\/v2\/categories?post=7338"},{"taxonomy":"post_tag","embeddable":true,"href":"https:\/\/brasilnoticias.org\/site\/wp-json\/wp\/v2\/tags?post=7338"}],"curies":[{"name":"wp","href":"https:\/\/api.w.org\/{rel}","templated":true}]}}