{"id":7350,"date":"2023-07-13T18:30:55","date_gmt":"2023-07-13T21:30:55","guid":{"rendered":"https:\/\/brasilnoticias.org\/site\/?p=7350"},"modified":"2023-07-13T16:19:15","modified_gmt":"2023-07-13T19:19:15","slug":"idoso-de-100-anos-que-matou-homem-apos-testemunhar-briga-de-casal-vai-a-juri-popular","status":"publish","type":"post","link":"https:\/\/brasilnoticias.org\/site\/idoso-de-100-anos-que-matou-homem-apos-testemunhar-briga-de-casal-vai-a-juri-popular\/","title":{"rendered":"Idoso de 100 anos que matou homem ap\u00f3s testemunhar briga de casal vai a j\u00fari popular"},"content":{"rendered":"<p>O policial militar da reserva de 100 anos que matou um homem a tiros ap\u00f3s testemunhar uma briga de casal no Dois de Julho, em 2021, vai a j\u00fari popular, decidiu o Tribunal de Justi\u00e7a da Bahia. Ainda cabe recurso da decis\u00e3o, divulgada na quarta-feira (12).<\/p>\n<p>Ainda em 2021, Emiliano Melo dos Santos foi denunciado pelo Minist\u00e9rio P\u00fablico pela morte de Welton Lopes Costa, que aconteceu em 22 de agosto daquele ano. Ele foi denunciado por homic\u00eddio com recurso que dificultou ou impossibilitou a defesa da v\u00edtima em rela\u00e7\u00e3o a Welton, que foi morto aos 34 anos, e ainda por les\u00e3o culposa a Jennifer Carvalho dos Santos, namora de Welton.<\/p>\n<p>O idoso teve pris\u00e3o domiciliar cumprida no ano do crime. Ele usa tornozeleira eletr\u00f4nica atualmente.<\/p>\n<p>Crime<\/p>\n<p>Conforme consta na den\u00fancia, por volta das 16h do dia do crime, Welton ia para casa acompanhado de sua companheira, Jennifer, quando tiveram um breve desentendimento. Na ocasi\u00e3o, o denunciado, que caminhava atr\u00e1s do casal, visualizando a cena, perguntou a Jeniffer se algo estava acontecendo e mesmo com a resposta negativa dela, atirou repentinamente contra Welton, atingindo inicialmente sua companheira.<\/p>\n<p>Quando Welton se virou para o idoso, tamb\u00e9m foi atingido por disparos de fogo que causaram sua morte. Welton tinha comprado um carro novo na v\u00e9spera e estava comemorando no dia do crime.<\/p>\n<p>Um v\u00eddeo feito por uma testemunha flagrou o momento do crime. Outro registro mostra o momento em que o irm\u00e3o da v\u00edtima e outras pessoas impedem o idoso de sair do local. &#8220;Por que o senhor fez isso com meu irm\u00e3o? \u00c9 um pai de fam\u00edlia, trabalhador. Voc\u00ea vai ficar aqui. Voc\u00ea est\u00e1 preso em flagrante&#8221;, diz o irm\u00e3o de Welton nas imagens. <\/p>\n<p>Na ocasi\u00e3o, moradores do Dois de Julho contaram que a v\u00edtima havia comprado um carro novo na v\u00e9spera do crime e estava celebrando. Todos os envolvidos moravam na regi\u00e3o.<\/p>\n<p>Foto Cr\u00e9dito: Arisson Marinho\/Arquivo CORREIO<br \/>\nCorreio da bahia<\/p>\n","protected":false},"excerpt":{"rendered":"<p>O policial militar da reserva de 100 anos que matou um homem a tiros ap\u00f3s testemunhar uma briga de casal<\/p>\n","protected":false},"author":1,"featured_media":7351,"comment_status":"open","ping_status":"open","sticky":false,"template":"","format":"standard","meta":{"colormag_page_container_layout":"default_layout","colormag_page_sidebar_layout":"default_layout","_FSMCFIC_featured_image_caption":"","_FSMCFIC_featured_image_nocaption":"","_FSMCFIC_featured_image_hide":"","footnotes":""},"categories":[7,1],"tags":[],"class_list":["post-7350","post","type-post","status-publish","format-standard","has-post-thumbnail","hentry","category-justica","category-ultimas"],"yoast_head":"<!-- This site is optimized with the Yoast SEO plugin v27.1.1 - https:\/\/yoast.com\/product\/yoast-seo-wordpress\/ -->\n<title>Idoso de 100 anos que matou homem ap\u00f3s testemunhar briga de casal vai a j\u00fari popular - Brasil not\u00edcias<\/title>\n<meta name=\"robots\" content=\"index, follow, max-snippet:-1, max-image-preview:large, max-video-preview:-1\" \/>\n<link rel=\"canonical\" href=\"https:\/\/brasilnoticias.org\/site\/idoso-de-100-anos-que-matou-homem-apos-testemunhar-briga-de-casal-vai-a-juri-popular\/\" \/>\n<meta property=\"og:locale\" content=\"pt_PT\" \/>\n<meta property=\"og:type\" content=\"article\" \/>\n<meta property=\"og:title\" content=\"Idoso de 100 anos que matou homem ap\u00f3s testemunhar briga de casal vai a j\u00fari popular - Brasil not\u00edcias\" \/>\n<meta property=\"og:description\" content=\"O policial militar da reserva de 100 anos que matou um homem a tiros ap\u00f3s testemunhar uma briga de casal\" \/>\n<meta property=\"og:url\" content=\"https:\/\/brasilnoticias.org\/site\/idoso-de-100-anos-que-matou-homem-apos-testemunhar-briga-de-casal-vai-a-juri-popular\/\" \/>\n<meta property=\"og:site_name\" content=\"Brasil not\u00edcias\" \/>\n<meta property=\"article:published_time\" content=\"2023-07-13T21:30:55+00:00\" \/>\n<meta property=\"og:image\" content=\"https:\/\/brasilnoticias.org\/site\/wp-content\/uploads\/2023\/07\/477578a8-7321-47fb-90b6-93fc2f019d7d.jpg\" \/>\n\t<meta property=\"og:image:width\" content=\"600\" \/>\n\t<meta property=\"og:image:height\" content=\"400\" \/>\n\t<meta property=\"og:image:type\" content=\"image\/jpeg\" \/>\n<meta name=\"author\" content=\"Reda\u00e7\u00e3o\" \/>\n<meta name=\"twitter:card\" content=\"summary_large_image\" \/>\n<meta name=\"twitter:label1\" content=\"Escrito por\" \/>\n\t<meta name=\"twitter:data1\" content=\"Reda\u00e7\u00e3o\" \/>\n<script type=\"application\/ld+json\" class=\"yoast-schema-graph\">{\"@context\":\"https:\/\/schema.org\",\"@graph\":[{\"@type\":\"Article\",\"@id\":\"https:\/\/brasilnoticias.org\/site\/idoso-de-100-anos-que-matou-homem-apos-testemunhar-briga-de-casal-vai-a-juri-popular\/#article\",\"isPartOf\":{\"@id\":\"https:\/\/brasilnoticias.org\/site\/idoso-de-100-anos-que-matou-homem-apos-testemunhar-briga-de-casal-vai-a-juri-popular\/\"},\"author\":{\"name\":\"Reda\u00e7\u00e3o\",\"@id\":\"https:\/\/brasilnoticias.org\/site\/#\/schema\/person\/a0e05b973ec4d15c658d51911e53507b\"},\"headline\":\"Idoso de 100 anos que matou homem ap\u00f3s testemunhar briga de casal vai a j\u00fari popular\",\"datePublished\":\"2023-07-13T21:30:55+00:00\",\"mainEntityOfPage\":{\"@id\":\"https:\/\/brasilnoticias.org\/site\/idoso-de-100-anos-que-matou-homem-apos-testemunhar-briga-de-casal-vai-a-juri-popular\/\"},\"wordCount\":358,\"commentCount\":0,\"publisher\":{\"@id\":\"https:\/\/brasilnoticias.org\/site\/#organization\"},\"image\":{\"@id\":\"https:\/\/brasilnoticias.org\/site\/idoso-de-100-anos-que-matou-homem-apos-testemunhar-briga-de-casal-vai-a-juri-popular\/#primaryimage\"},\"thumbnailUrl\":\"https:\/\/brasilnoticias.org\/site\/wp-content\/uploads\/2023\/07\/477578a8-7321-47fb-90b6-93fc2f019d7d.jpg\",\"articleSection\":[\"Justi\u00e7a\",\"\u00daltimas\"],\"inLanguage\":\"pt-PT\",\"potentialAction\":[{\"@type\":\"CommentAction\",\"name\":\"Comment\",\"target\":[\"https:\/\/brasilnoticias.org\/site\/idoso-de-100-anos-que-matou-homem-apos-testemunhar-briga-de-casal-vai-a-juri-popular\/#respond\"]}]},{\"@type\":\"WebPage\",\"@id\":\"https:\/\/brasilnoticias.org\/site\/idoso-de-100-anos-que-matou-homem-apos-testemunhar-briga-de-casal-vai-a-juri-popular\/\",\"url\":\"https:\/\/brasilnoticias.org\/site\/idoso-de-100-anos-que-matou-homem-apos-testemunhar-briga-de-casal-vai-a-juri-popular\/\",\"name\":\"Idoso de 100 anos que matou homem ap\u00f3s testemunhar briga de casal vai a j\u00fari popular - Brasil not\u00edcias\",\"isPartOf\":{\"@id\":\"https:\/\/brasilnoticias.org\/site\/#website\"},\"primaryImageOfPage\":{\"@id\":\"https:\/\/brasilnoticias.org\/site\/idoso-de-100-anos-que-matou-homem-apos-testemunhar-briga-de-casal-vai-a-juri-popular\/#primaryimage\"},\"image\":{\"@id\":\"https:\/\/brasilnoticias.org\/site\/idoso-de-100-anos-que-matou-homem-apos-testemunhar-briga-de-casal-vai-a-juri-popular\/#primaryimage\"},\"thumbnailUrl\":\"https:\/\/brasilnoticias.org\/site\/wp-content\/uploads\/2023\/07\/477578a8-7321-47fb-90b6-93fc2f019d7d.jpg\",\"datePublished\":\"2023-07-13T21:30:55+00:00\",\"breadcrumb\":{\"@id\":\"https:\/\/brasilnoticias.org\/site\/idoso-de-100-anos-que-matou-homem-apos-testemunhar-briga-de-casal-vai-a-juri-popular\/#breadcrumb\"},\"inLanguage\":\"pt-PT\",\"potentialAction\":[{\"@type\":\"ReadAction\",\"target\":[\"https:\/\/brasilnoticias.org\/site\/idoso-de-100-anos-que-matou-homem-apos-testemunhar-briga-de-casal-vai-a-juri-popular\/\"]}]},{\"@type\":\"ImageObject\",\"inLanguage\":\"pt-PT\",\"@id\":\"https:\/\/brasilnoticias.org\/site\/idoso-de-100-anos-que-matou-homem-apos-testemunhar-briga-de-casal-vai-a-juri-popular\/#primaryimage\",\"url\":\"https:\/\/brasilnoticias.org\/site\/wp-content\/uploads\/2023\/07\/477578a8-7321-47fb-90b6-93fc2f019d7d.jpg\",\"contentUrl\":\"https:\/\/brasilnoticias.org\/site\/wp-content\/uploads\/2023\/07\/477578a8-7321-47fb-90b6-93fc2f019d7d.jpg\",\"width\":600,\"height\":400},{\"@type\":\"BreadcrumbList\",\"@id\":\"https:\/\/brasilnoticias.org\/site\/idoso-de-100-anos-que-matou-homem-apos-testemunhar-briga-de-casal-vai-a-juri-popular\/#breadcrumb\",\"itemListElement\":[{\"@type\":\"ListItem\",\"position\":1,\"name\":\"In\u00edcio\",\"item\":\"https:\/\/brasilnoticias.org\/site\/\"},{\"@type\":\"ListItem\",\"position\":2,\"name\":\"Idoso de 100 anos que matou homem ap\u00f3s testemunhar briga de casal vai a j\u00fari popular\"}]},{\"@type\":\"WebSite\",\"@id\":\"https:\/\/brasilnoticias.org\/site\/#website\",\"url\":\"https:\/\/brasilnoticias.org\/site\/\",\"name\":\"Brasil not\u00edcias\",\"description\":\"Brasil not\u00edcias\",\"publisher\":{\"@id\":\"https:\/\/brasilnoticias.org\/site\/#organization\"},\"potentialAction\":[{\"@type\":\"SearchAction\",\"target\":{\"@type\":\"EntryPoint\",\"urlTemplate\":\"https:\/\/brasilnoticias.org\/site\/?s={search_term_string}\"},\"query-input\":{\"@type\":\"PropertyValueSpecification\",\"valueRequired\":true,\"valueName\":\"search_term_string\"}}],\"inLanguage\":\"pt-PT\"},{\"@type\":\"Organization\",\"@id\":\"https:\/\/brasilnoticias.org\/site\/#organization\",\"name\":\"Brasil not\u00edcias\",\"url\":\"https:\/\/brasilnoticias.org\/site\/\",\"logo\":{\"@type\":\"ImageObject\",\"inLanguage\":\"pt-PT\",\"@id\":\"https:\/\/brasilnoticias.org\/site\/#\/schema\/logo\/image\/\",\"url\":\"https:\/\/brasilnoticias.org\/site\/wp-content\/uploads\/2022\/05\/cropped-brasilnoticias-mini.jpg\",\"contentUrl\":\"https:\/\/brasilnoticias.org\/site\/wp-content\/uploads\/2022\/05\/cropped-brasilnoticias-mini.jpg\",\"width\":314,\"height\":86,\"caption\":\"Brasil not\u00edcias\"},\"image\":{\"@id\":\"https:\/\/brasilnoticias.org\/site\/#\/schema\/logo\/image\/\"}},{\"@type\":\"Person\",\"@id\":\"https:\/\/brasilnoticias.org\/site\/#\/schema\/person\/a0e05b973ec4d15c658d51911e53507b\",\"name\":\"Reda\u00e7\u00e3o\",\"image\":{\"@type\":\"ImageObject\",\"inLanguage\":\"pt-PT\",\"@id\":\"https:\/\/brasilnoticias.org\/site\/#\/schema\/person\/image\/\",\"url\":\"https:\/\/secure.gravatar.com\/avatar\/75d8b050df2de108b08ae78dfb8e374892df24a383c67db9c46a9c604f6aee9c?s=96&d=mm&r=g\",\"contentUrl\":\"https:\/\/secure.gravatar.com\/avatar\/75d8b050df2de108b08ae78dfb8e374892df24a383c67db9c46a9c604f6aee9c?s=96&d=mm&r=g\",\"caption\":\"Reda\u00e7\u00e3o\"},\"sameAs\":[\"https:\/\/brasilnoticias.org\/site\"],\"url\":\"https:\/\/brasilnoticias.org\/site\/author\/fernandozsngmail-com\/\"}]}<\/script>\n<!-- \/ Yoast SEO plugin. -->","yoast_head_json":{"title":"Idoso de 100 anos que matou homem ap\u00f3s testemunhar briga de casal vai a j\u00fari popular - Brasil not\u00edcias","robots":{"index":"index","follow":"follow","max-snippet":"max-snippet:-1","max-image-preview":"max-image-preview:large","max-video-preview":"max-video-preview:-1"},"canonical":"https:\/\/brasilnoticias.org\/site\/idoso-de-100-anos-que-matou-homem-apos-testemunhar-briga-de-casal-vai-a-juri-popular\/","og_locale":"pt_PT","og_type":"article","og_title":"Idoso de 100 anos que matou homem ap\u00f3s testemunhar briga de casal vai a j\u00fari popular - Brasil not\u00edcias","og_description":"O policial militar da reserva de 100 anos que matou um homem a tiros ap\u00f3s testemunhar uma briga de casal","og_url":"https:\/\/brasilnoticias.org\/site\/idoso-de-100-anos-que-matou-homem-apos-testemunhar-briga-de-casal-vai-a-juri-popular\/","og_site_name":"Brasil not\u00edcias","article_published_time":"2023-07-13T21:30:55+00:00","og_image":[{"width":600,"height":400,"url":"https:\/\/brasilnoticias.org\/site\/wp-content\/uploads\/2023\/07\/477578a8-7321-47fb-90b6-93fc2f019d7d.jpg","type":"image\/jpeg"}],"author":"Reda\u00e7\u00e3o","twitter_card":"summary_large_image","twitter_misc":{"Escrito por":"Reda\u00e7\u00e3o"},"schema":{"@context":"https:\/\/schema.org","@graph":[{"@type":"Article","@id":"https:\/\/brasilnoticias.org\/site\/idoso-de-100-anos-que-matou-homem-apos-testemunhar-briga-de-casal-vai-a-juri-popular\/#article","isPartOf":{"@id":"https:\/\/brasilnoticias.org\/site\/idoso-de-100-anos-que-matou-homem-apos-testemunhar-briga-de-casal-vai-a-juri-popular\/"},"author":{"name":"Reda\u00e7\u00e3o","@id":"https:\/\/brasilnoticias.org\/site\/#\/schema\/person\/a0e05b973ec4d15c658d51911e53507b"},"headline":"Idoso de 100 anos que matou homem ap\u00f3s testemunhar briga de casal vai a j\u00fari popular","datePublished":"2023-07-13T21:30:55+00:00","mainEntityOfPage":{"@id":"https:\/\/brasilnoticias.org\/site\/idoso-de-100-anos-que-matou-homem-apos-testemunhar-briga-de-casal-vai-a-juri-popular\/"},"wordCount":358,"commentCount":0,"publisher":{"@id":"https:\/\/brasilnoticias.org\/site\/#organization"},"image":{"@id":"https:\/\/brasilnoticias.org\/site\/idoso-de-100-anos-que-matou-homem-apos-testemunhar-briga-de-casal-vai-a-juri-popular\/#primaryimage"},"thumbnailUrl":"https:\/\/brasilnoticias.org\/site\/wp-content\/uploads\/2023\/07\/477578a8-7321-47fb-90b6-93fc2f019d7d.jpg","articleSection":["Justi\u00e7a","\u00daltimas"],"inLanguage":"pt-PT","potentialAction":[{"@type":"CommentAction","name":"Comment","target":["https:\/\/brasilnoticias.org\/site\/idoso-de-100-anos-que-matou-homem-apos-testemunhar-briga-de-casal-vai-a-juri-popular\/#respond"]}]},{"@type":"WebPage","@id":"https:\/\/brasilnoticias.org\/site\/idoso-de-100-anos-que-matou-homem-apos-testemunhar-briga-de-casal-vai-a-juri-popular\/","url":"https:\/\/brasilnoticias.org\/site\/idoso-de-100-anos-que-matou-homem-apos-testemunhar-briga-de-casal-vai-a-juri-popular\/","name":"Idoso de 100 anos que matou homem ap\u00f3s testemunhar briga de casal vai a j\u00fari popular - Brasil not\u00edcias","isPartOf":{"@id":"https:\/\/brasilnoticias.org\/site\/#website"},"primaryImageOfPage":{"@id":"https:\/\/brasilnoticias.org\/site\/idoso-de-100-anos-que-matou-homem-apos-testemunhar-briga-de-casal-vai-a-juri-popular\/#primaryimage"},"image":{"@id":"https:\/\/brasilnoticias.org\/site\/idoso-de-100-anos-que-matou-homem-apos-testemunhar-briga-de-casal-vai-a-juri-popular\/#primaryimage"},"thumbnailUrl":"https:\/\/brasilnoticias.org\/site\/wp-content\/uploads\/2023\/07\/477578a8-7321-47fb-90b6-93fc2f019d7d.jpg","datePublished":"2023-07-13T21:30:55+00:00","breadcrumb":{"@id":"https:\/\/brasilnoticias.org\/site\/idoso-de-100-anos-que-matou-homem-apos-testemunhar-briga-de-casal-vai-a-juri-popular\/#breadcrumb"},"inLanguage":"pt-PT","potentialAction":[{"@type":"ReadAction","target":["https:\/\/brasilnoticias.org\/site\/idoso-de-100-anos-que-matou-homem-apos-testemunhar-briga-de-casal-vai-a-juri-popular\/"]}]},{"@type":"ImageObject","inLanguage":"pt-PT","@id":"https:\/\/brasilnoticias.org\/site\/idoso-de-100-anos-que-matou-homem-apos-testemunhar-briga-de-casal-vai-a-juri-popular\/#primaryimage","url":"https:\/\/brasilnoticias.org\/site\/wp-content\/uploads\/2023\/07\/477578a8-7321-47fb-90b6-93fc2f019d7d.jpg","contentUrl":"https:\/\/brasilnoticias.org\/site\/wp-content\/uploads\/2023\/07\/477578a8-7321-47fb-90b6-93fc2f019d7d.jpg","width":600,"height":400},{"@type":"BreadcrumbList","@id":"https:\/\/brasilnoticias.org\/site\/idoso-de-100-anos-que-matou-homem-apos-testemunhar-briga-de-casal-vai-a-juri-popular\/#breadcrumb","itemListElement":[{"@type":"ListItem","position":1,"name":"In\u00edcio","item":"https:\/\/brasilnoticias.org\/site\/"},{"@type":"ListItem","position":2,"name":"Idoso de 100 anos que matou homem ap\u00f3s testemunhar briga de casal vai a j\u00fari popular"}]},{"@type":"WebSite","@id":"https:\/\/brasilnoticias.org\/site\/#website","url":"https:\/\/brasilnoticias.org\/site\/","name":"Brasil not\u00edcias","description":"Brasil not\u00edcias","publisher":{"@id":"https:\/\/brasilnoticias.org\/site\/#organization"},"potentialAction":[{"@type":"SearchAction","target":{"@type":"EntryPoint","urlTemplate":"https:\/\/brasilnoticias.org\/site\/?s={search_term_string}"},"query-input":{"@type":"PropertyValueSpecification","valueRequired":true,"valueName":"search_term_string"}}],"inLanguage":"pt-PT"},{"@type":"Organization","@id":"https:\/\/brasilnoticias.org\/site\/#organization","name":"Brasil not\u00edcias","url":"https:\/\/brasilnoticias.org\/site\/","logo":{"@type":"ImageObject","inLanguage":"pt-PT","@id":"https:\/\/brasilnoticias.org\/site\/#\/schema\/logo\/image\/","url":"https:\/\/brasilnoticias.org\/site\/wp-content\/uploads\/2022\/05\/cropped-brasilnoticias-mini.jpg","contentUrl":"https:\/\/brasilnoticias.org\/site\/wp-content\/uploads\/2022\/05\/cropped-brasilnoticias-mini.jpg","width":314,"height":86,"caption":"Brasil not\u00edcias"},"image":{"@id":"https:\/\/brasilnoticias.org\/site\/#\/schema\/logo\/image\/"}},{"@type":"Person","@id":"https:\/\/brasilnoticias.org\/site\/#\/schema\/person\/a0e05b973ec4d15c658d51911e53507b","name":"Reda\u00e7\u00e3o","image":{"@type":"ImageObject","inLanguage":"pt-PT","@id":"https:\/\/brasilnoticias.org\/site\/#\/schema\/person\/image\/","url":"https:\/\/secure.gravatar.com\/avatar\/75d8b050df2de108b08ae78dfb8e374892df24a383c67db9c46a9c604f6aee9c?s=96&d=mm&r=g","contentUrl":"https:\/\/secure.gravatar.com\/avatar\/75d8b050df2de108b08ae78dfb8e374892df24a383c67db9c46a9c604f6aee9c?s=96&d=mm&r=g","caption":"Reda\u00e7\u00e3o"},"sameAs":["https:\/\/brasilnoticias.org\/site"],"url":"https:\/\/brasilnoticias.org\/site\/author\/fernandozsngmail-com\/"}]}},"_links":{"self":[{"href":"https:\/\/brasilnoticias.org\/site\/wp-json\/wp\/v2\/posts\/7350","targetHints":{"allow":["GET"]}}],"collection":[{"href":"https:\/\/brasilnoticias.org\/site\/wp-json\/wp\/v2\/posts"}],"about":[{"href":"https:\/\/brasilnoticias.org\/site\/wp-json\/wp\/v2\/types\/post"}],"author":[{"embeddable":true,"href":"https:\/\/brasilnoticias.org\/site\/wp-json\/wp\/v2\/users\/1"}],"replies":[{"embeddable":true,"href":"https:\/\/brasilnoticias.org\/site\/wp-json\/wp\/v2\/comments?post=7350"}],"version-history":[{"count":1,"href":"https:\/\/brasilnoticias.org\/site\/wp-json\/wp\/v2\/posts\/7350\/revisions"}],"predecessor-version":[{"id":7352,"href":"https:\/\/brasilnoticias.org\/site\/wp-json\/wp\/v2\/posts\/7350\/revisions\/7352"}],"wp:featuredmedia":[{"embeddable":true,"href":"https:\/\/brasilnoticias.org\/site\/wp-json\/wp\/v2\/media\/7351"}],"wp:attachment":[{"href":"https:\/\/brasilnoticias.org\/site\/wp-json\/wp\/v2\/media?parent=7350"}],"wp:term":[{"taxonomy":"category","embeddable":true,"href":"https:\/\/brasilnoticias.org\/site\/wp-json\/wp\/v2\/categories?post=7350"},{"taxonomy":"post_tag","embeddable":true,"href":"https:\/\/brasilnoticias.org\/site\/wp-json\/wp\/v2\/tags?post=7350"}],"curies":[{"name":"wp","href":"https:\/\/api.w.org\/{rel}","templated":true}]}}