{"id":736,"date":"2022-06-02T14:12:19","date_gmt":"2022-06-02T17:12:19","guid":{"rendered":"https:\/\/brasilnoticias.org\/site\/?p=736"},"modified":"2022-06-02T14:12:19","modified_gmt":"2022-06-02T17:12:19","slug":"professor-de-educacao-fisica-e-morto-enquanto-pedalava-no-dique-do-tororo","status":"publish","type":"post","link":"https:\/\/brasilnoticias.org\/site\/professor-de-educacao-fisica-e-morto-enquanto-pedalava-no-dique-do-tororo\/","title":{"rendered":"PROFESSOR DE EDUCA\u00c7\u00c3O F\u00cdSICA \u00c9 MORTO ENQUANTO PEDALAVA NO DIQUE DO TOROR\u00d3"},"content":{"rendered":"<blockquote>\n<div class=\"artigo_texto\">\n<p>Um professor de educa\u00e7\u00e3o f\u00edsica, identificado como Rodrigo, foi morto com um tiro no peito, na noite de quarta-feira (1\u00ba), enquanto passava de bicicleta no Dique do Toror\u00f3, sentido Esta\u00e7\u00e3o da Lapa, em Salvador. O homem, de 24 anos, estava no telefone conversando com a noiva quando dois homens armados o abordaram, nas proximidades da quadra do bloco Apaxes do Toror\u00f3.<\/p>\n<p>De acordo com informa\u00e7\u00f5es da TV Record Itapoan, no momento do crime, a v\u00edtima estava fazendo exerc\u00edcios. Do outro lado da linha, a noiva ouviu os disparos que mataram o seu companheiro. O professor se preparava para prestar o concurso da Pol\u00edcia Civil, que ser\u00e1 realizado em julho deste ano. Ele iria ser pai de uma crian\u00e7a, fruto de um outro relacionamento.<\/p>\n<p>Rodrigo chegou a ser socorrido por uma ambul\u00e2ncia do Servi\u00e7o de Atendimento M\u00f3vel de Urg\u00eancia (SAMU), que passou no local minutos depois do crime. Ele foi socorrido para o Hospital Geral do Estado (HGE), onde chegou ainda com vida.<\/p>\n<p>A m\u00e3e da v\u00edtima disse que conversou com o filho antes dele sair de casa para fazer o exerc\u00edcio. Ela preparava omeletes para ele quando recebeu a not\u00edcia que algo havia acontecido com Rodrigo. O professor era filho \u00fanico.<\/p>\n<p>Uma dor que n\u00e3o desejo a m\u00e3e nenhuma, pessoas de bem morrendo e a pol\u00edcia n\u00e3o faz nada. Perdi meu filho por uma porcaria de bicicleta. Nunca me deu trabalho, uma saudade, uma dor profunda, um vazio, n\u00e3o consigo descrever. N\u00e3o queria enterr\u00e1-lo, mas vou ser obrigada. Quero justi\u00e7a\u201d, contou \u00e0 m\u00e3e, em entrevista \u00e0 TV Record Itapoan. O sepultamento do professor ser\u00e1 realizado \u00e0s 16h40 desta quinta (2), no Cemit\u00e9rio do Campo Santo, na Federa\u00e7\u00e3o.<\/p>\n<p>Em nota, a Pol\u00edcia Militar afirmou que n\u00e3o h\u00e1 dados quanto \u00e0s circunst\u00e2ncias do crime, nem quanto \u00e0 autoria e \u00e0 motiva\u00e7\u00e3o, que dever\u00e3o ser investigadas pela Pol\u00edcia Civil. O\u00a0<strong>BNews<\/strong>\u00a0tamb\u00e9m entrou em contato com a assessoria de comunica\u00e7\u00e3o da Civil e aguarda mais detalhes sobre o latroc\u00ednio \u2014 roubo seguido de morte. Esta mat\u00e9ria ser\u00e1 atualizada assim que houver uma resposta.<\/p>\n<\/div>\n<p>&nbsp;<\/p>\n<p>&nbsp;<\/p><\/blockquote>\n<p>Bnews<\/p>\n","protected":false},"excerpt":{"rendered":"<p>Um professor de educa\u00e7\u00e3o f\u00edsica, identificado como Rodrigo, foi morto com um tiro no peito, na noite de quarta-feira (1\u00ba),<\/p>\n","protected":false},"author":2,"featured_media":737,"comment_status":"open","ping_status":"open","sticky":false,"template":"","format":"standard","meta":{"colormag_page_container_layout":"default_layout","colormag_page_sidebar_layout":"default_layout","_FSMCFIC_featured_image_caption":"","_FSMCFIC_featured_image_nocaption":"","_FSMCFIC_featured_image_hide":"","footnotes":""},"categories":[3,1],"tags":[],"class_list":["post-736","post","type-post","status-publish","format-standard","has-post-thumbnail","hentry","category-policia","category-ultimas"],"yoast_head":"<!-- This site is optimized with the Yoast SEO plugin v27.1.1 - https:\/\/yoast.com\/product\/yoast-seo-wordpress\/ -->\n<title>PROFESSOR DE EDUCA\u00c7\u00c3O F\u00cdSICA \u00c9 MORTO ENQUANTO PEDALAVA NO DIQUE DO TOROR\u00d3 - Brasil not\u00edcias<\/title>\n<meta name=\"robots\" content=\"index, follow, max-snippet:-1, max-image-preview:large, max-video-preview:-1\" \/>\n<link rel=\"canonical\" href=\"https:\/\/brasilnoticias.org\/site\/professor-de-educacao-fisica-e-morto-enquanto-pedalava-no-dique-do-tororo\/\" \/>\n<meta property=\"og:locale\" content=\"pt_PT\" \/>\n<meta property=\"og:type\" content=\"article\" \/>\n<meta property=\"og:title\" content=\"PROFESSOR DE EDUCA\u00c7\u00c3O F\u00cdSICA \u00c9 MORTO ENQUANTO PEDALAVA NO DIQUE DO TOROR\u00d3 - Brasil not\u00edcias\" \/>\n<meta property=\"og:description\" content=\"Um professor de educa\u00e7\u00e3o f\u00edsica, identificado como Rodrigo, foi morto com um tiro no peito, na noite de quarta-feira (1\u00ba),\" \/>\n<meta property=\"og:url\" content=\"https:\/\/brasilnoticias.org\/site\/professor-de-educacao-fisica-e-morto-enquanto-pedalava-no-dique-do-tororo\/\" \/>\n<meta property=\"og:site_name\" content=\"Brasil not\u00edcias\" \/>\n<meta property=\"article:published_time\" content=\"2022-06-02T17:12:19+00:00\" \/>\n<meta property=\"og:image\" content=\"https:\/\/brasilnoticias.org\/site\/wp-content\/uploads\/2022\/06\/professor-morto-dique_widelg.jpg\" \/>\n\t<meta property=\"og:image:width\" content=\"600\" \/>\n\t<meta property=\"og:image:height\" content=\"300\" \/>\n\t<meta property=\"og:image:type\" content=\"image\/jpeg\" \/>\n<meta name=\"author\" content=\"Reda\u00e7\u00e3o\" \/>\n<meta name=\"twitter:card\" content=\"summary_large_image\" \/>\n<meta name=\"twitter:label1\" content=\"Escrito por\" \/>\n\t<meta name=\"twitter:data1\" content=\"Reda\u00e7\u00e3o\" \/>\n\t<meta name=\"twitter:label2\" content=\"Tempo estimado de leitura\" \/>\n\t<meta name=\"twitter:data2\" content=\"2 minutos\" \/>\n<script type=\"application\/ld+json\" class=\"yoast-schema-graph\">{\"@context\":\"https:\/\/schema.org\",\"@graph\":[{\"@type\":\"Article\",\"@id\":\"https:\/\/brasilnoticias.org\/site\/professor-de-educacao-fisica-e-morto-enquanto-pedalava-no-dique-do-tororo\/#article\",\"isPartOf\":{\"@id\":\"https:\/\/brasilnoticias.org\/site\/professor-de-educacao-fisica-e-morto-enquanto-pedalava-no-dique-do-tororo\/\"},\"author\":{\"name\":\"Reda\u00e7\u00e3o\",\"@id\":\"https:\/\/brasilnoticias.org\/site\/#\/schema\/person\/f609fa847b5314f1c8b983342f34c798\"},\"headline\":\"PROFESSOR DE EDUCA\u00c7\u00c3O F\u00cdSICA \u00c9 MORTO ENQUANTO PEDALAVA NO DIQUE DO TOROR\u00d3\",\"datePublished\":\"2022-06-02T17:12:19+00:00\",\"mainEntityOfPage\":{\"@id\":\"https:\/\/brasilnoticias.org\/site\/professor-de-educacao-fisica-e-morto-enquanto-pedalava-no-dique-do-tororo\/\"},\"wordCount\":385,\"commentCount\":0,\"publisher\":{\"@id\":\"https:\/\/brasilnoticias.org\/site\/#organization\"},\"image\":{\"@id\":\"https:\/\/brasilnoticias.org\/site\/professor-de-educacao-fisica-e-morto-enquanto-pedalava-no-dique-do-tororo\/#primaryimage\"},\"thumbnailUrl\":\"https:\/\/brasilnoticias.org\/site\/wp-content\/uploads\/2022\/06\/professor-morto-dique_widelg.jpg\",\"articleSection\":[\"Pol\u00edcia\",\"\u00daltimas\"],\"inLanguage\":\"pt-PT\",\"potentialAction\":[{\"@type\":\"CommentAction\",\"name\":\"Comment\",\"target\":[\"https:\/\/brasilnoticias.org\/site\/professor-de-educacao-fisica-e-morto-enquanto-pedalava-no-dique-do-tororo\/#respond\"]}]},{\"@type\":\"WebPage\",\"@id\":\"https:\/\/brasilnoticias.org\/site\/professor-de-educacao-fisica-e-morto-enquanto-pedalava-no-dique-do-tororo\/\",\"url\":\"https:\/\/brasilnoticias.org\/site\/professor-de-educacao-fisica-e-morto-enquanto-pedalava-no-dique-do-tororo\/\",\"name\":\"PROFESSOR DE EDUCA\u00c7\u00c3O F\u00cdSICA \u00c9 MORTO ENQUANTO PEDALAVA NO DIQUE DO TOROR\u00d3 - Brasil not\u00edcias\",\"isPartOf\":{\"@id\":\"https:\/\/brasilnoticias.org\/site\/#website\"},\"primaryImageOfPage\":{\"@id\":\"https:\/\/brasilnoticias.org\/site\/professor-de-educacao-fisica-e-morto-enquanto-pedalava-no-dique-do-tororo\/#primaryimage\"},\"image\":{\"@id\":\"https:\/\/brasilnoticias.org\/site\/professor-de-educacao-fisica-e-morto-enquanto-pedalava-no-dique-do-tororo\/#primaryimage\"},\"thumbnailUrl\":\"https:\/\/brasilnoticias.org\/site\/wp-content\/uploads\/2022\/06\/professor-morto-dique_widelg.jpg\",\"datePublished\":\"2022-06-02T17:12:19+00:00\",\"breadcrumb\":{\"@id\":\"https:\/\/brasilnoticias.org\/site\/professor-de-educacao-fisica-e-morto-enquanto-pedalava-no-dique-do-tororo\/#breadcrumb\"},\"inLanguage\":\"pt-PT\",\"potentialAction\":[{\"@type\":\"ReadAction\",\"target\":[\"https:\/\/brasilnoticias.org\/site\/professor-de-educacao-fisica-e-morto-enquanto-pedalava-no-dique-do-tororo\/\"]}]},{\"@type\":\"ImageObject\",\"inLanguage\":\"pt-PT\",\"@id\":\"https:\/\/brasilnoticias.org\/site\/professor-de-educacao-fisica-e-morto-enquanto-pedalava-no-dique-do-tororo\/#primaryimage\",\"url\":\"https:\/\/brasilnoticias.org\/site\/wp-content\/uploads\/2022\/06\/professor-morto-dique_widelg.jpg\",\"contentUrl\":\"https:\/\/brasilnoticias.org\/site\/wp-content\/uploads\/2022\/06\/professor-morto-dique_widelg.jpg\",\"width\":600,\"height\":300},{\"@type\":\"BreadcrumbList\",\"@id\":\"https:\/\/brasilnoticias.org\/site\/professor-de-educacao-fisica-e-morto-enquanto-pedalava-no-dique-do-tororo\/#breadcrumb\",\"itemListElement\":[{\"@type\":\"ListItem\",\"position\":1,\"name\":\"In\u00edcio\",\"item\":\"https:\/\/brasilnoticias.org\/site\/\"},{\"@type\":\"ListItem\",\"position\":2,\"name\":\"PROFESSOR DE EDUCA\u00c7\u00c3O F\u00cdSICA \u00c9 MORTO ENQUANTO PEDALAVA NO DIQUE DO TOROR\u00d3\"}]},{\"@type\":\"WebSite\",\"@id\":\"https:\/\/brasilnoticias.org\/site\/#website\",\"url\":\"https:\/\/brasilnoticias.org\/site\/\",\"name\":\"Brasil not\u00edcias\",\"description\":\"Brasil not\u00edcias\",\"publisher\":{\"@id\":\"https:\/\/brasilnoticias.org\/site\/#organization\"},\"potentialAction\":[{\"@type\":\"SearchAction\",\"target\":{\"@type\":\"EntryPoint\",\"urlTemplate\":\"https:\/\/brasilnoticias.org\/site\/?s={search_term_string}\"},\"query-input\":{\"@type\":\"PropertyValueSpecification\",\"valueRequired\":true,\"valueName\":\"search_term_string\"}}],\"inLanguage\":\"pt-PT\"},{\"@type\":\"Organization\",\"@id\":\"https:\/\/brasilnoticias.org\/site\/#organization\",\"name\":\"Brasil not\u00edcias\",\"url\":\"https:\/\/brasilnoticias.org\/site\/\",\"logo\":{\"@type\":\"ImageObject\",\"inLanguage\":\"pt-PT\",\"@id\":\"https:\/\/brasilnoticias.org\/site\/#\/schema\/logo\/image\/\",\"url\":\"https:\/\/brasilnoticias.org\/site\/wp-content\/uploads\/2022\/05\/cropped-brasilnoticias-mini.jpg\",\"contentUrl\":\"https:\/\/brasilnoticias.org\/site\/wp-content\/uploads\/2022\/05\/cropped-brasilnoticias-mini.jpg\",\"width\":314,\"height\":86,\"caption\":\"Brasil not\u00edcias\"},\"image\":{\"@id\":\"https:\/\/brasilnoticias.org\/site\/#\/schema\/logo\/image\/\"}},{\"@type\":\"Person\",\"@id\":\"https:\/\/brasilnoticias.org\/site\/#\/schema\/person\/f609fa847b5314f1c8b983342f34c798\",\"name\":\"Reda\u00e7\u00e3o\",\"image\":{\"@type\":\"ImageObject\",\"inLanguage\":\"pt-PT\",\"@id\":\"https:\/\/brasilnoticias.org\/site\/#\/schema\/person\/image\/\",\"url\":\"https:\/\/secure.gravatar.com\/avatar\/447284c06c1ad8b46465a36de9cd0d8326b73387a22799b8b1ffb1fbcff2ed0c?s=96&d=mm&r=g\",\"contentUrl\":\"https:\/\/secure.gravatar.com\/avatar\/447284c06c1ad8b46465a36de9cd0d8326b73387a22799b8b1ffb1fbcff2ed0c?s=96&d=mm&r=g\",\"caption\":\"Reda\u00e7\u00e3o\"},\"url\":\"https:\/\/brasilnoticias.org\/site\/author\/redacao\/\"}]}<\/script>\n<!-- \/ Yoast SEO plugin. -->","yoast_head_json":{"title":"PROFESSOR DE EDUCA\u00c7\u00c3O F\u00cdSICA \u00c9 MORTO ENQUANTO PEDALAVA NO DIQUE DO TOROR\u00d3 - Brasil not\u00edcias","robots":{"index":"index","follow":"follow","max-snippet":"max-snippet:-1","max-image-preview":"max-image-preview:large","max-video-preview":"max-video-preview:-1"},"canonical":"https:\/\/brasilnoticias.org\/site\/professor-de-educacao-fisica-e-morto-enquanto-pedalava-no-dique-do-tororo\/","og_locale":"pt_PT","og_type":"article","og_title":"PROFESSOR DE EDUCA\u00c7\u00c3O F\u00cdSICA \u00c9 MORTO ENQUANTO PEDALAVA NO DIQUE DO TOROR\u00d3 - Brasil not\u00edcias","og_description":"Um professor de educa\u00e7\u00e3o f\u00edsica, identificado como Rodrigo, foi morto com um tiro no peito, na noite de quarta-feira (1\u00ba),","og_url":"https:\/\/brasilnoticias.org\/site\/professor-de-educacao-fisica-e-morto-enquanto-pedalava-no-dique-do-tororo\/","og_site_name":"Brasil not\u00edcias","article_published_time":"2022-06-02T17:12:19+00:00","og_image":[{"width":600,"height":300,"url":"https:\/\/brasilnoticias.org\/site\/wp-content\/uploads\/2022\/06\/professor-morto-dique_widelg.jpg","type":"image\/jpeg"}],"author":"Reda\u00e7\u00e3o","twitter_card":"summary_large_image","twitter_misc":{"Escrito por":"Reda\u00e7\u00e3o","Tempo estimado de leitura":"2 minutos"},"schema":{"@context":"https:\/\/schema.org","@graph":[{"@type":"Article","@id":"https:\/\/brasilnoticias.org\/site\/professor-de-educacao-fisica-e-morto-enquanto-pedalava-no-dique-do-tororo\/#article","isPartOf":{"@id":"https:\/\/brasilnoticias.org\/site\/professor-de-educacao-fisica-e-morto-enquanto-pedalava-no-dique-do-tororo\/"},"author":{"name":"Reda\u00e7\u00e3o","@id":"https:\/\/brasilnoticias.org\/site\/#\/schema\/person\/f609fa847b5314f1c8b983342f34c798"},"headline":"PROFESSOR DE EDUCA\u00c7\u00c3O F\u00cdSICA \u00c9 MORTO ENQUANTO PEDALAVA NO DIQUE DO TOROR\u00d3","datePublished":"2022-06-02T17:12:19+00:00","mainEntityOfPage":{"@id":"https:\/\/brasilnoticias.org\/site\/professor-de-educacao-fisica-e-morto-enquanto-pedalava-no-dique-do-tororo\/"},"wordCount":385,"commentCount":0,"publisher":{"@id":"https:\/\/brasilnoticias.org\/site\/#organization"},"image":{"@id":"https:\/\/brasilnoticias.org\/site\/professor-de-educacao-fisica-e-morto-enquanto-pedalava-no-dique-do-tororo\/#primaryimage"},"thumbnailUrl":"https:\/\/brasilnoticias.org\/site\/wp-content\/uploads\/2022\/06\/professor-morto-dique_widelg.jpg","articleSection":["Pol\u00edcia","\u00daltimas"],"inLanguage":"pt-PT","potentialAction":[{"@type":"CommentAction","name":"Comment","target":["https:\/\/brasilnoticias.org\/site\/professor-de-educacao-fisica-e-morto-enquanto-pedalava-no-dique-do-tororo\/#respond"]}]},{"@type":"WebPage","@id":"https:\/\/brasilnoticias.org\/site\/professor-de-educacao-fisica-e-morto-enquanto-pedalava-no-dique-do-tororo\/","url":"https:\/\/brasilnoticias.org\/site\/professor-de-educacao-fisica-e-morto-enquanto-pedalava-no-dique-do-tororo\/","name":"PROFESSOR DE EDUCA\u00c7\u00c3O F\u00cdSICA \u00c9 MORTO ENQUANTO PEDALAVA NO DIQUE DO TOROR\u00d3 - Brasil not\u00edcias","isPartOf":{"@id":"https:\/\/brasilnoticias.org\/site\/#website"},"primaryImageOfPage":{"@id":"https:\/\/brasilnoticias.org\/site\/professor-de-educacao-fisica-e-morto-enquanto-pedalava-no-dique-do-tororo\/#primaryimage"},"image":{"@id":"https:\/\/brasilnoticias.org\/site\/professor-de-educacao-fisica-e-morto-enquanto-pedalava-no-dique-do-tororo\/#primaryimage"},"thumbnailUrl":"https:\/\/brasilnoticias.org\/site\/wp-content\/uploads\/2022\/06\/professor-morto-dique_widelg.jpg","datePublished":"2022-06-02T17:12:19+00:00","breadcrumb":{"@id":"https:\/\/brasilnoticias.org\/site\/professor-de-educacao-fisica-e-morto-enquanto-pedalava-no-dique-do-tororo\/#breadcrumb"},"inLanguage":"pt-PT","potentialAction":[{"@type":"ReadAction","target":["https:\/\/brasilnoticias.org\/site\/professor-de-educacao-fisica-e-morto-enquanto-pedalava-no-dique-do-tororo\/"]}]},{"@type":"ImageObject","inLanguage":"pt-PT","@id":"https:\/\/brasilnoticias.org\/site\/professor-de-educacao-fisica-e-morto-enquanto-pedalava-no-dique-do-tororo\/#primaryimage","url":"https:\/\/brasilnoticias.org\/site\/wp-content\/uploads\/2022\/06\/professor-morto-dique_widelg.jpg","contentUrl":"https:\/\/brasilnoticias.org\/site\/wp-content\/uploads\/2022\/06\/professor-morto-dique_widelg.jpg","width":600,"height":300},{"@type":"BreadcrumbList","@id":"https:\/\/brasilnoticias.org\/site\/professor-de-educacao-fisica-e-morto-enquanto-pedalava-no-dique-do-tororo\/#breadcrumb","itemListElement":[{"@type":"ListItem","position":1,"name":"In\u00edcio","item":"https:\/\/brasilnoticias.org\/site\/"},{"@type":"ListItem","position":2,"name":"PROFESSOR DE EDUCA\u00c7\u00c3O F\u00cdSICA \u00c9 MORTO ENQUANTO PEDALAVA NO DIQUE DO TOROR\u00d3"}]},{"@type":"WebSite","@id":"https:\/\/brasilnoticias.org\/site\/#website","url":"https:\/\/brasilnoticias.org\/site\/","name":"Brasil not\u00edcias","description":"Brasil not\u00edcias","publisher":{"@id":"https:\/\/brasilnoticias.org\/site\/#organization"},"potentialAction":[{"@type":"SearchAction","target":{"@type":"EntryPoint","urlTemplate":"https:\/\/brasilnoticias.org\/site\/?s={search_term_string}"},"query-input":{"@type":"PropertyValueSpecification","valueRequired":true,"valueName":"search_term_string"}}],"inLanguage":"pt-PT"},{"@type":"Organization","@id":"https:\/\/brasilnoticias.org\/site\/#organization","name":"Brasil not\u00edcias","url":"https:\/\/brasilnoticias.org\/site\/","logo":{"@type":"ImageObject","inLanguage":"pt-PT","@id":"https:\/\/brasilnoticias.org\/site\/#\/schema\/logo\/image\/","url":"https:\/\/brasilnoticias.org\/site\/wp-content\/uploads\/2022\/05\/cropped-brasilnoticias-mini.jpg","contentUrl":"https:\/\/brasilnoticias.org\/site\/wp-content\/uploads\/2022\/05\/cropped-brasilnoticias-mini.jpg","width":314,"height":86,"caption":"Brasil not\u00edcias"},"image":{"@id":"https:\/\/brasilnoticias.org\/site\/#\/schema\/logo\/image\/"}},{"@type":"Person","@id":"https:\/\/brasilnoticias.org\/site\/#\/schema\/person\/f609fa847b5314f1c8b983342f34c798","name":"Reda\u00e7\u00e3o","image":{"@type":"ImageObject","inLanguage":"pt-PT","@id":"https:\/\/brasilnoticias.org\/site\/#\/schema\/person\/image\/","url":"https:\/\/secure.gravatar.com\/avatar\/447284c06c1ad8b46465a36de9cd0d8326b73387a22799b8b1ffb1fbcff2ed0c?s=96&d=mm&r=g","contentUrl":"https:\/\/secure.gravatar.com\/avatar\/447284c06c1ad8b46465a36de9cd0d8326b73387a22799b8b1ffb1fbcff2ed0c?s=96&d=mm&r=g","caption":"Reda\u00e7\u00e3o"},"url":"https:\/\/brasilnoticias.org\/site\/author\/redacao\/"}]}},"_links":{"self":[{"href":"https:\/\/brasilnoticias.org\/site\/wp-json\/wp\/v2\/posts\/736","targetHints":{"allow":["GET"]}}],"collection":[{"href":"https:\/\/brasilnoticias.org\/site\/wp-json\/wp\/v2\/posts"}],"about":[{"href":"https:\/\/brasilnoticias.org\/site\/wp-json\/wp\/v2\/types\/post"}],"author":[{"embeddable":true,"href":"https:\/\/brasilnoticias.org\/site\/wp-json\/wp\/v2\/users\/2"}],"replies":[{"embeddable":true,"href":"https:\/\/brasilnoticias.org\/site\/wp-json\/wp\/v2\/comments?post=736"}],"version-history":[{"count":1,"href":"https:\/\/brasilnoticias.org\/site\/wp-json\/wp\/v2\/posts\/736\/revisions"}],"predecessor-version":[{"id":738,"href":"https:\/\/brasilnoticias.org\/site\/wp-json\/wp\/v2\/posts\/736\/revisions\/738"}],"wp:featuredmedia":[{"embeddable":true,"href":"https:\/\/brasilnoticias.org\/site\/wp-json\/wp\/v2\/media\/737"}],"wp:attachment":[{"href":"https:\/\/brasilnoticias.org\/site\/wp-json\/wp\/v2\/media?parent=736"}],"wp:term":[{"taxonomy":"category","embeddable":true,"href":"https:\/\/brasilnoticias.org\/site\/wp-json\/wp\/v2\/categories?post=736"},{"taxonomy":"post_tag","embeddable":true,"href":"https:\/\/brasilnoticias.org\/site\/wp-json\/wp\/v2\/tags?post=736"}],"curies":[{"name":"wp","href":"https:\/\/api.w.org\/{rel}","templated":true}]}}