{"id":7379,"date":"2023-07-15T06:44:27","date_gmt":"2023-07-15T09:44:27","guid":{"rendered":"https:\/\/brasilnoticias.org\/site\/?p=7379"},"modified":"2023-07-15T06:44:27","modified_gmt":"2023-07-15T09:44:27","slug":"dois-homens-morrem-em-simoes-filho-durante-operacao-da-pc-fuzil-pistola-e-granadas-foram-apreendidos","status":"publish","type":"post","link":"https:\/\/brasilnoticias.org\/site\/dois-homens-morrem-em-simoes-filho-durante-operacao-da-pc-fuzil-pistola-e-granadas-foram-apreendidos\/","title":{"rendered":"Dois homens morrem em Sim\u00f5es Filho durante opera\u00e7\u00e3o da PC; fuzil, pistola e granadas foram apreendidos"},"content":{"rendered":"<p>Equipes da Coordena\u00e7\u00e3o de Opera\u00e7\u00f5es e Recursos Especiais (Core), antiga COE, realizaram uma incurs\u00e3o em \u00e1rea de mata, por 30 horas, na regi\u00e3o de Sim\u00f5es Filho, na Regi\u00e3o Metropolitana de Salvador.<\/p>\n<p>O resultado dessa opera\u00e7\u00e3o da Pol\u00edcia Civil se deu nesta sexta-feira (14), quando os investigadores localizaram um grupo de homens armados, que teriam disparado na dire\u00e7\u00e3o das equipes. No revide, dois suspeitos foram atingidos e, apesar de socorridos a uma unidade de sa\u00fade, acabaram morrendo.<\/p>\n<p>Com o grupo, os investigadores localizaram armas de grande poder grande poder destrutivo, como um fuzil com carregador calibre 556, uma pistola de fabrica\u00e7\u00e3o turca, um carregador de submetralhadora .40, muni\u00e7\u00f5es de v\u00e1rios calibres e duas granadas artesanais, al\u00e9m de drogas e uniformes no estilo militar.<\/p>\n<p>O material foi encaminhado para o Departamento de Homic\u00eddios e Prote\u00e7\u00e3o \u00e0 Pessoa (DHPP), onde foram realizados os procedimentos de pol\u00edcia judici\u00e1ria relativos ao caso.<\/p>\n<p>Foto Haeckel Dias\/Ascom-PC (Ilustrativa)<br \/>\nBNews<\/p>\n","protected":false},"excerpt":{"rendered":"<p>Equipes da Coordena\u00e7\u00e3o de Opera\u00e7\u00f5es e Recursos Especiais (Core), antiga COE, realizaram uma incurs\u00e3o em \u00e1rea de mata, por 30<\/p>\n","protected":false},"author":1,"featured_media":7380,"comment_status":"open","ping_status":"open","sticky":false,"template":"","format":"standard","meta":{"colormag_page_container_layout":"default_layout","colormag_page_sidebar_layout":"default_layout","_FSMCFIC_featured_image_caption":"","_FSMCFIC_featured_image_nocaption":"","_FSMCFIC_featured_image_hide":"","footnotes":""},"categories":[5,1],"tags":[],"class_list":["post-7379","post","type-post","status-publish","format-standard","has-post-thumbnail","hentry","category-politica","category-ultimas"],"yoast_head":"<!-- This site is optimized with the Yoast SEO plugin v27.1.1 - https:\/\/yoast.com\/product\/yoast-seo-wordpress\/ -->\n<title>Dois homens morrem em Sim\u00f5es Filho durante opera\u00e7\u00e3o da PC; fuzil, pistola e granadas foram apreendidos - Brasil not\u00edcias<\/title>\n<meta name=\"robots\" content=\"index, follow, max-snippet:-1, max-image-preview:large, max-video-preview:-1\" \/>\n<link rel=\"canonical\" href=\"https:\/\/brasilnoticias.org\/site\/dois-homens-morrem-em-simoes-filho-durante-operacao-da-pc-fuzil-pistola-e-granadas-foram-apreendidos\/\" \/>\n<meta property=\"og:locale\" content=\"pt_PT\" \/>\n<meta property=\"og:type\" content=\"article\" \/>\n<meta property=\"og:title\" content=\"Dois homens morrem em Sim\u00f5es Filho durante opera\u00e7\u00e3o da PC; fuzil, pistola e granadas foram apreendidos - Brasil not\u00edcias\" \/>\n<meta property=\"og:description\" content=\"Equipes da Coordena\u00e7\u00e3o de Opera\u00e7\u00f5es e Recursos Especiais (Core), antiga COE, realizaram uma incurs\u00e3o em \u00e1rea de mata, por 30\" \/>\n<meta property=\"og:url\" content=\"https:\/\/brasilnoticias.org\/site\/dois-homens-morrem-em-simoes-filho-durante-operacao-da-pc-fuzil-pistola-e-granadas-foram-apreendidos\/\" \/>\n<meta property=\"og:site_name\" content=\"Brasil not\u00edcias\" \/>\n<meta property=\"article:published_time\" content=\"2023-07-15T09:44:27+00:00\" \/>\n<meta property=\"og:image\" content=\"https:\/\/brasilnoticias.org\/site\/wp-content\/uploads\/2023\/07\/core_widelg.jpeg\" \/>\n\t<meta property=\"og:image:width\" content=\"800\" \/>\n\t<meta property=\"og:image:height\" content=\"450\" \/>\n\t<meta property=\"og:image:type\" content=\"image\/jpeg\" \/>\n<meta name=\"author\" content=\"Reda\u00e7\u00e3o\" \/>\n<meta name=\"twitter:card\" content=\"summary_large_image\" \/>\n<meta name=\"twitter:label1\" content=\"Escrito por\" \/>\n\t<meta name=\"twitter:data1\" content=\"Reda\u00e7\u00e3o\" \/>\n<script type=\"application\/ld+json\" class=\"yoast-schema-graph\">{\"@context\":\"https:\/\/schema.org\",\"@graph\":[{\"@type\":\"Article\",\"@id\":\"https:\/\/brasilnoticias.org\/site\/dois-homens-morrem-em-simoes-filho-durante-operacao-da-pc-fuzil-pistola-e-granadas-foram-apreendidos\/#article\",\"isPartOf\":{\"@id\":\"https:\/\/brasilnoticias.org\/site\/dois-homens-morrem-em-simoes-filho-durante-operacao-da-pc-fuzil-pistola-e-granadas-foram-apreendidos\/\"},\"author\":{\"name\":\"Reda\u00e7\u00e3o\",\"@id\":\"https:\/\/brasilnoticias.org\/site\/#\/schema\/person\/a0e05b973ec4d15c658d51911e53507b\"},\"headline\":\"Dois homens morrem em Sim\u00f5es Filho durante opera\u00e7\u00e3o da PC; fuzil, pistola e granadas foram apreendidos\",\"datePublished\":\"2023-07-15T09:44:27+00:00\",\"mainEntityOfPage\":{\"@id\":\"https:\/\/brasilnoticias.org\/site\/dois-homens-morrem-em-simoes-filho-durante-operacao-da-pc-fuzil-pistola-e-granadas-foram-apreendidos\/\"},\"wordCount\":184,\"commentCount\":0,\"publisher\":{\"@id\":\"https:\/\/brasilnoticias.org\/site\/#organization\"},\"image\":{\"@id\":\"https:\/\/brasilnoticias.org\/site\/dois-homens-morrem-em-simoes-filho-durante-operacao-da-pc-fuzil-pistola-e-granadas-foram-apreendidos\/#primaryimage\"},\"thumbnailUrl\":\"https:\/\/brasilnoticias.org\/site\/wp-content\/uploads\/2023\/07\/core_widelg.jpeg\",\"articleSection\":[\"Pol\u00edtica\",\"\u00daltimas\"],\"inLanguage\":\"pt-PT\",\"potentialAction\":[{\"@type\":\"CommentAction\",\"name\":\"Comment\",\"target\":[\"https:\/\/brasilnoticias.org\/site\/dois-homens-morrem-em-simoes-filho-durante-operacao-da-pc-fuzil-pistola-e-granadas-foram-apreendidos\/#respond\"]}]},{\"@type\":\"WebPage\",\"@id\":\"https:\/\/brasilnoticias.org\/site\/dois-homens-morrem-em-simoes-filho-durante-operacao-da-pc-fuzil-pistola-e-granadas-foram-apreendidos\/\",\"url\":\"https:\/\/brasilnoticias.org\/site\/dois-homens-morrem-em-simoes-filho-durante-operacao-da-pc-fuzil-pistola-e-granadas-foram-apreendidos\/\",\"name\":\"Dois homens morrem em Sim\u00f5es Filho durante opera\u00e7\u00e3o da PC; fuzil, pistola e granadas foram apreendidos - Brasil not\u00edcias\",\"isPartOf\":{\"@id\":\"https:\/\/brasilnoticias.org\/site\/#website\"},\"primaryImageOfPage\":{\"@id\":\"https:\/\/brasilnoticias.org\/site\/dois-homens-morrem-em-simoes-filho-durante-operacao-da-pc-fuzil-pistola-e-granadas-foram-apreendidos\/#primaryimage\"},\"image\":{\"@id\":\"https:\/\/brasilnoticias.org\/site\/dois-homens-morrem-em-simoes-filho-durante-operacao-da-pc-fuzil-pistola-e-granadas-foram-apreendidos\/#primaryimage\"},\"thumbnailUrl\":\"https:\/\/brasilnoticias.org\/site\/wp-content\/uploads\/2023\/07\/core_widelg.jpeg\",\"datePublished\":\"2023-07-15T09:44:27+00:00\",\"breadcrumb\":{\"@id\":\"https:\/\/brasilnoticias.org\/site\/dois-homens-morrem-em-simoes-filho-durante-operacao-da-pc-fuzil-pistola-e-granadas-foram-apreendidos\/#breadcrumb\"},\"inLanguage\":\"pt-PT\",\"potentialAction\":[{\"@type\":\"ReadAction\",\"target\":[\"https:\/\/brasilnoticias.org\/site\/dois-homens-morrem-em-simoes-filho-durante-operacao-da-pc-fuzil-pistola-e-granadas-foram-apreendidos\/\"]}]},{\"@type\":\"ImageObject\",\"inLanguage\":\"pt-PT\",\"@id\":\"https:\/\/brasilnoticias.org\/site\/dois-homens-morrem-em-simoes-filho-durante-operacao-da-pc-fuzil-pistola-e-granadas-foram-apreendidos\/#primaryimage\",\"url\":\"https:\/\/brasilnoticias.org\/site\/wp-content\/uploads\/2023\/07\/core_widelg.jpeg\",\"contentUrl\":\"https:\/\/brasilnoticias.org\/site\/wp-content\/uploads\/2023\/07\/core_widelg.jpeg\",\"width\":800,\"height\":450},{\"@type\":\"BreadcrumbList\",\"@id\":\"https:\/\/brasilnoticias.org\/site\/dois-homens-morrem-em-simoes-filho-durante-operacao-da-pc-fuzil-pistola-e-granadas-foram-apreendidos\/#breadcrumb\",\"itemListElement\":[{\"@type\":\"ListItem\",\"position\":1,\"name\":\"In\u00edcio\",\"item\":\"https:\/\/brasilnoticias.org\/site\/\"},{\"@type\":\"ListItem\",\"position\":2,\"name\":\"Dois homens morrem em Sim\u00f5es Filho durante opera\u00e7\u00e3o da PC; fuzil, pistola e granadas foram apreendidos\"}]},{\"@type\":\"WebSite\",\"@id\":\"https:\/\/brasilnoticias.org\/site\/#website\",\"url\":\"https:\/\/brasilnoticias.org\/site\/\",\"name\":\"Brasil not\u00edcias\",\"description\":\"Brasil not\u00edcias\",\"publisher\":{\"@id\":\"https:\/\/brasilnoticias.org\/site\/#organization\"},\"potentialAction\":[{\"@type\":\"SearchAction\",\"target\":{\"@type\":\"EntryPoint\",\"urlTemplate\":\"https:\/\/brasilnoticias.org\/site\/?s={search_term_string}\"},\"query-input\":{\"@type\":\"PropertyValueSpecification\",\"valueRequired\":true,\"valueName\":\"search_term_string\"}}],\"inLanguage\":\"pt-PT\"},{\"@type\":\"Organization\",\"@id\":\"https:\/\/brasilnoticias.org\/site\/#organization\",\"name\":\"Brasil not\u00edcias\",\"url\":\"https:\/\/brasilnoticias.org\/site\/\",\"logo\":{\"@type\":\"ImageObject\",\"inLanguage\":\"pt-PT\",\"@id\":\"https:\/\/brasilnoticias.org\/site\/#\/schema\/logo\/image\/\",\"url\":\"https:\/\/brasilnoticias.org\/site\/wp-content\/uploads\/2022\/05\/cropped-brasilnoticias-mini.jpg\",\"contentUrl\":\"https:\/\/brasilnoticias.org\/site\/wp-content\/uploads\/2022\/05\/cropped-brasilnoticias-mini.jpg\",\"width\":314,\"height\":86,\"caption\":\"Brasil not\u00edcias\"},\"image\":{\"@id\":\"https:\/\/brasilnoticias.org\/site\/#\/schema\/logo\/image\/\"}},{\"@type\":\"Person\",\"@id\":\"https:\/\/brasilnoticias.org\/site\/#\/schema\/person\/a0e05b973ec4d15c658d51911e53507b\",\"name\":\"Reda\u00e7\u00e3o\",\"image\":{\"@type\":\"ImageObject\",\"inLanguage\":\"pt-PT\",\"@id\":\"https:\/\/brasilnoticias.org\/site\/#\/schema\/person\/image\/\",\"url\":\"https:\/\/secure.gravatar.com\/avatar\/75d8b050df2de108b08ae78dfb8e374892df24a383c67db9c46a9c604f6aee9c?s=96&d=mm&r=g\",\"contentUrl\":\"https:\/\/secure.gravatar.com\/avatar\/75d8b050df2de108b08ae78dfb8e374892df24a383c67db9c46a9c604f6aee9c?s=96&d=mm&r=g\",\"caption\":\"Reda\u00e7\u00e3o\"},\"sameAs\":[\"https:\/\/brasilnoticias.org\/site\"],\"url\":\"https:\/\/brasilnoticias.org\/site\/author\/fernandozsngmail-com\/\"}]}<\/script>\n<!-- \/ Yoast SEO plugin. -->","yoast_head_json":{"title":"Dois homens morrem em Sim\u00f5es Filho durante opera\u00e7\u00e3o da PC; fuzil, pistola e granadas foram apreendidos - Brasil not\u00edcias","robots":{"index":"index","follow":"follow","max-snippet":"max-snippet:-1","max-image-preview":"max-image-preview:large","max-video-preview":"max-video-preview:-1"},"canonical":"https:\/\/brasilnoticias.org\/site\/dois-homens-morrem-em-simoes-filho-durante-operacao-da-pc-fuzil-pistola-e-granadas-foram-apreendidos\/","og_locale":"pt_PT","og_type":"article","og_title":"Dois homens morrem em Sim\u00f5es Filho durante opera\u00e7\u00e3o da PC; fuzil, pistola e granadas foram apreendidos - Brasil not\u00edcias","og_description":"Equipes da Coordena\u00e7\u00e3o de Opera\u00e7\u00f5es e Recursos Especiais (Core), antiga COE, realizaram uma incurs\u00e3o em \u00e1rea de mata, por 30","og_url":"https:\/\/brasilnoticias.org\/site\/dois-homens-morrem-em-simoes-filho-durante-operacao-da-pc-fuzil-pistola-e-granadas-foram-apreendidos\/","og_site_name":"Brasil not\u00edcias","article_published_time":"2023-07-15T09:44:27+00:00","og_image":[{"width":800,"height":450,"url":"https:\/\/brasilnoticias.org\/site\/wp-content\/uploads\/2023\/07\/core_widelg.jpeg","type":"image\/jpeg"}],"author":"Reda\u00e7\u00e3o","twitter_card":"summary_large_image","twitter_misc":{"Escrito por":"Reda\u00e7\u00e3o"},"schema":{"@context":"https:\/\/schema.org","@graph":[{"@type":"Article","@id":"https:\/\/brasilnoticias.org\/site\/dois-homens-morrem-em-simoes-filho-durante-operacao-da-pc-fuzil-pistola-e-granadas-foram-apreendidos\/#article","isPartOf":{"@id":"https:\/\/brasilnoticias.org\/site\/dois-homens-morrem-em-simoes-filho-durante-operacao-da-pc-fuzil-pistola-e-granadas-foram-apreendidos\/"},"author":{"name":"Reda\u00e7\u00e3o","@id":"https:\/\/brasilnoticias.org\/site\/#\/schema\/person\/a0e05b973ec4d15c658d51911e53507b"},"headline":"Dois homens morrem em Sim\u00f5es Filho durante opera\u00e7\u00e3o da PC; fuzil, pistola e granadas foram apreendidos","datePublished":"2023-07-15T09:44:27+00:00","mainEntityOfPage":{"@id":"https:\/\/brasilnoticias.org\/site\/dois-homens-morrem-em-simoes-filho-durante-operacao-da-pc-fuzil-pistola-e-granadas-foram-apreendidos\/"},"wordCount":184,"commentCount":0,"publisher":{"@id":"https:\/\/brasilnoticias.org\/site\/#organization"},"image":{"@id":"https:\/\/brasilnoticias.org\/site\/dois-homens-morrem-em-simoes-filho-durante-operacao-da-pc-fuzil-pistola-e-granadas-foram-apreendidos\/#primaryimage"},"thumbnailUrl":"https:\/\/brasilnoticias.org\/site\/wp-content\/uploads\/2023\/07\/core_widelg.jpeg","articleSection":["Pol\u00edtica","\u00daltimas"],"inLanguage":"pt-PT","potentialAction":[{"@type":"CommentAction","name":"Comment","target":["https:\/\/brasilnoticias.org\/site\/dois-homens-morrem-em-simoes-filho-durante-operacao-da-pc-fuzil-pistola-e-granadas-foram-apreendidos\/#respond"]}]},{"@type":"WebPage","@id":"https:\/\/brasilnoticias.org\/site\/dois-homens-morrem-em-simoes-filho-durante-operacao-da-pc-fuzil-pistola-e-granadas-foram-apreendidos\/","url":"https:\/\/brasilnoticias.org\/site\/dois-homens-morrem-em-simoes-filho-durante-operacao-da-pc-fuzil-pistola-e-granadas-foram-apreendidos\/","name":"Dois homens morrem em Sim\u00f5es Filho durante opera\u00e7\u00e3o da PC; fuzil, pistola e granadas foram apreendidos - Brasil not\u00edcias","isPartOf":{"@id":"https:\/\/brasilnoticias.org\/site\/#website"},"primaryImageOfPage":{"@id":"https:\/\/brasilnoticias.org\/site\/dois-homens-morrem-em-simoes-filho-durante-operacao-da-pc-fuzil-pistola-e-granadas-foram-apreendidos\/#primaryimage"},"image":{"@id":"https:\/\/brasilnoticias.org\/site\/dois-homens-morrem-em-simoes-filho-durante-operacao-da-pc-fuzil-pistola-e-granadas-foram-apreendidos\/#primaryimage"},"thumbnailUrl":"https:\/\/brasilnoticias.org\/site\/wp-content\/uploads\/2023\/07\/core_widelg.jpeg","datePublished":"2023-07-15T09:44:27+00:00","breadcrumb":{"@id":"https:\/\/brasilnoticias.org\/site\/dois-homens-morrem-em-simoes-filho-durante-operacao-da-pc-fuzil-pistola-e-granadas-foram-apreendidos\/#breadcrumb"},"inLanguage":"pt-PT","potentialAction":[{"@type":"ReadAction","target":["https:\/\/brasilnoticias.org\/site\/dois-homens-morrem-em-simoes-filho-durante-operacao-da-pc-fuzil-pistola-e-granadas-foram-apreendidos\/"]}]},{"@type":"ImageObject","inLanguage":"pt-PT","@id":"https:\/\/brasilnoticias.org\/site\/dois-homens-morrem-em-simoes-filho-durante-operacao-da-pc-fuzil-pistola-e-granadas-foram-apreendidos\/#primaryimage","url":"https:\/\/brasilnoticias.org\/site\/wp-content\/uploads\/2023\/07\/core_widelg.jpeg","contentUrl":"https:\/\/brasilnoticias.org\/site\/wp-content\/uploads\/2023\/07\/core_widelg.jpeg","width":800,"height":450},{"@type":"BreadcrumbList","@id":"https:\/\/brasilnoticias.org\/site\/dois-homens-morrem-em-simoes-filho-durante-operacao-da-pc-fuzil-pistola-e-granadas-foram-apreendidos\/#breadcrumb","itemListElement":[{"@type":"ListItem","position":1,"name":"In\u00edcio","item":"https:\/\/brasilnoticias.org\/site\/"},{"@type":"ListItem","position":2,"name":"Dois homens morrem em Sim\u00f5es Filho durante opera\u00e7\u00e3o da PC; fuzil, pistola e granadas foram apreendidos"}]},{"@type":"WebSite","@id":"https:\/\/brasilnoticias.org\/site\/#website","url":"https:\/\/brasilnoticias.org\/site\/","name":"Brasil not\u00edcias","description":"Brasil not\u00edcias","publisher":{"@id":"https:\/\/brasilnoticias.org\/site\/#organization"},"potentialAction":[{"@type":"SearchAction","target":{"@type":"EntryPoint","urlTemplate":"https:\/\/brasilnoticias.org\/site\/?s={search_term_string}"},"query-input":{"@type":"PropertyValueSpecification","valueRequired":true,"valueName":"search_term_string"}}],"inLanguage":"pt-PT"},{"@type":"Organization","@id":"https:\/\/brasilnoticias.org\/site\/#organization","name":"Brasil not\u00edcias","url":"https:\/\/brasilnoticias.org\/site\/","logo":{"@type":"ImageObject","inLanguage":"pt-PT","@id":"https:\/\/brasilnoticias.org\/site\/#\/schema\/logo\/image\/","url":"https:\/\/brasilnoticias.org\/site\/wp-content\/uploads\/2022\/05\/cropped-brasilnoticias-mini.jpg","contentUrl":"https:\/\/brasilnoticias.org\/site\/wp-content\/uploads\/2022\/05\/cropped-brasilnoticias-mini.jpg","width":314,"height":86,"caption":"Brasil not\u00edcias"},"image":{"@id":"https:\/\/brasilnoticias.org\/site\/#\/schema\/logo\/image\/"}},{"@type":"Person","@id":"https:\/\/brasilnoticias.org\/site\/#\/schema\/person\/a0e05b973ec4d15c658d51911e53507b","name":"Reda\u00e7\u00e3o","image":{"@type":"ImageObject","inLanguage":"pt-PT","@id":"https:\/\/brasilnoticias.org\/site\/#\/schema\/person\/image\/","url":"https:\/\/secure.gravatar.com\/avatar\/75d8b050df2de108b08ae78dfb8e374892df24a383c67db9c46a9c604f6aee9c?s=96&d=mm&r=g","contentUrl":"https:\/\/secure.gravatar.com\/avatar\/75d8b050df2de108b08ae78dfb8e374892df24a383c67db9c46a9c604f6aee9c?s=96&d=mm&r=g","caption":"Reda\u00e7\u00e3o"},"sameAs":["https:\/\/brasilnoticias.org\/site"],"url":"https:\/\/brasilnoticias.org\/site\/author\/fernandozsngmail-com\/"}]}},"_links":{"self":[{"href":"https:\/\/brasilnoticias.org\/site\/wp-json\/wp\/v2\/posts\/7379","targetHints":{"allow":["GET"]}}],"collection":[{"href":"https:\/\/brasilnoticias.org\/site\/wp-json\/wp\/v2\/posts"}],"about":[{"href":"https:\/\/brasilnoticias.org\/site\/wp-json\/wp\/v2\/types\/post"}],"author":[{"embeddable":true,"href":"https:\/\/brasilnoticias.org\/site\/wp-json\/wp\/v2\/users\/1"}],"replies":[{"embeddable":true,"href":"https:\/\/brasilnoticias.org\/site\/wp-json\/wp\/v2\/comments?post=7379"}],"version-history":[{"count":1,"href":"https:\/\/brasilnoticias.org\/site\/wp-json\/wp\/v2\/posts\/7379\/revisions"}],"predecessor-version":[{"id":7381,"href":"https:\/\/brasilnoticias.org\/site\/wp-json\/wp\/v2\/posts\/7379\/revisions\/7381"}],"wp:featuredmedia":[{"embeddable":true,"href":"https:\/\/brasilnoticias.org\/site\/wp-json\/wp\/v2\/media\/7380"}],"wp:attachment":[{"href":"https:\/\/brasilnoticias.org\/site\/wp-json\/wp\/v2\/media?parent=7379"}],"wp:term":[{"taxonomy":"category","embeddable":true,"href":"https:\/\/brasilnoticias.org\/site\/wp-json\/wp\/v2\/categories?post=7379"},{"taxonomy":"post_tag","embeddable":true,"href":"https:\/\/brasilnoticias.org\/site\/wp-json\/wp\/v2\/tags?post=7379"}],"curies":[{"name":"wp","href":"https:\/\/api.w.org\/{rel}","templated":true}]}}