{"id":7385,"date":"2023-07-15T07:57:06","date_gmt":"2023-07-15T10:57:06","guid":{"rendered":"https:\/\/brasilnoticias.org\/site\/?p=7385"},"modified":"2023-07-15T07:57:06","modified_gmt":"2023-07-15T10:57:06","slug":"adolescente-e-apreendido-suspeito-de-escravizar-e-abusar-de-meninas-no-discord","status":"publish","type":"post","link":"https:\/\/brasilnoticias.org\/site\/adolescente-e-apreendido-suspeito-de-escravizar-e-abusar-de-meninas-no-discord\/","title":{"rendered":"Adolescente \u00e9 apreendido suspeito de &#8216;escravizar&#8217; e abusar de meninas no Discord"},"content":{"rendered":"<p>Um adolescente de 16 anos foi apreendido na quarta-feira (12) pela Pol\u00edcia Civil de Minas Gerais por suspeita de estimular a viol\u00eancia e praticar &#8220;atos infracionais&#8221; an\u00e1logos a estupro de vulner\u00e1vel no Discord. Ele foi encaminhado para o sistema socioeducativo.<\/p>\n<p>O adolescente \u00e9 suspeito de comandar um grupo que realizava atos de tortura f\u00edsica, psicol\u00f3gica e sexual contra outras menores de 18 anos. Nas conversas, meninas eram induzidas a cometer automutila\u00e7\u00e3o, suic\u00eddio, atos libidinosos com elas mesmas e at\u00e9 zoofilia.<\/p>\n<p>&#8220;Descobrimos que o adolescente residente em Belo Horizonte era o principal ordenador desses atos perversos. Os investigados chegaram a pedir que ela tomasse urina do vaso, raspasse a sobrancelha, induziram-na a introduzir objetos na vagina; e, ante tudo isso, eles [suspeitos] faziam contagem regressiva para que ela executasse cada ato&#8221;, descreveu o delegado \u00c2ngelo Ramalho.<\/p>\n<p>Uma das v\u00edtimas era uma menina de 13 anos, residente em outro estado, que foi obrigada a se automutilar sob amea\u00e7a do grupo. De acordo com a investiga\u00e7\u00e3o, em um dos casos, os suspeitos pediram para que a jovem realizasse atos libidinosos com o cachorro de estima\u00e7\u00e3o dela e, em outro momento, que ela quebrasse a pata do animal e urinasse nele.<\/p>\n<p>Al\u00e9m disso, a adolescente foi obrigada a escrever na pr\u00f3pria pele, com canivete, o nome do grupo ao qual os suspeitos pertenciam. Segundo a pol\u00edcia, a v\u00edtima tentou realizar a a\u00e7\u00e3o, mas o canivete estava sem corte, e o l\u00edder do grupo ordenou que ela utilizasse uma l\u00e2mina de apontador para concluir a automutila\u00e7\u00e3o.<\/p>\n<p>Ainda conforme a pol\u00edcia, sess\u00f5es como essas eram recorrentes e tinham dura\u00e7\u00e3o de cerca de uma hora. A rede social tamb\u00e9m era utilizada para disseminar mensagens de apologia nazista e de misoginia.<\/p>\n<p>De acordo com o delegado, o adolescente formatou os equipamentos eletr\u00f4nicos e apagou evid\u00eancias porque j\u00e1 esperava ser alvo de opera\u00e7\u00e3o policial, ap\u00f3s outros comparsas terem sido identificados e presos em outros estados. &#8220;Mas ele nos trouxe informa\u00e7\u00f5es importantes de outros casos, de outras v\u00edtimas, de outros autores. E como ele \u00e9 menor, ele quer fazer esse tipo de colabora\u00e7\u00e3o&#8221;, explicou.<\/p>\n<p>&#8220;Conectada ao mesmo servidor, e sob amea\u00e7a de ser exposta, a v\u00edtima era subjugada, humilhada e sofria viol\u00eancia psicol\u00f3gica com consequ\u00eancias f\u00edsica e sexual, al\u00e9m de instigada ao suic\u00eddio. O que os investigados impeliam na v\u00edtima era um estado de &#8216;escravid\u00e3o virtual&#8217;. Ela n\u00e3o poderia parar ou teria conte\u00fados revelados para familiares e na escola&#8221;, afirmou o delegado.<\/p>\n<p>Bnews<br \/>\nFoto Alexander Shatov \/ Unsplash<\/p>\n","protected":false},"excerpt":{"rendered":"<p>Um adolescente de 16 anos foi apreendido na quarta-feira (12) pela Pol\u00edcia Civil de Minas Gerais por suspeita de estimular<\/p>\n","protected":false},"author":1,"featured_media":7386,"comment_status":"open","ping_status":"open","sticky":false,"template":"","format":"standard","meta":{"colormag_page_container_layout":"default_layout","colormag_page_sidebar_layout":"default_layout","_FSMCFIC_featured_image_caption":"","_FSMCFIC_featured_image_nocaption":"","_FSMCFIC_featured_image_hide":"","footnotes":""},"categories":[2,1],"tags":[],"class_list":["post-7385","post","type-post","status-publish","format-standard","has-post-thumbnail","hentry","category-noticias","category-ultimas"],"yoast_head":"<!-- This site is optimized with the Yoast SEO plugin v27.1.1 - https:\/\/yoast.com\/product\/yoast-seo-wordpress\/ -->\n<title>Adolescente \u00e9 apreendido suspeito de &#039;escravizar&#039; e abusar de meninas no Discord - Brasil not\u00edcias<\/title>\n<meta name=\"robots\" content=\"index, follow, max-snippet:-1, max-image-preview:large, max-video-preview:-1\" \/>\n<link rel=\"canonical\" href=\"https:\/\/brasilnoticias.org\/site\/adolescente-e-apreendido-suspeito-de-escravizar-e-abusar-de-meninas-no-discord\/\" \/>\n<meta property=\"og:locale\" content=\"pt_PT\" \/>\n<meta property=\"og:type\" content=\"article\" \/>\n<meta property=\"og:title\" content=\"Adolescente \u00e9 apreendido suspeito de &#039;escravizar&#039; e abusar de meninas no Discord - Brasil not\u00edcias\" \/>\n<meta property=\"og:description\" content=\"Um adolescente de 16 anos foi apreendido na quarta-feira (12) pela Pol\u00edcia Civil de Minas Gerais por suspeita de estimular\" \/>\n<meta property=\"og:url\" content=\"https:\/\/brasilnoticias.org\/site\/adolescente-e-apreendido-suspeito-de-escravizar-e-abusar-de-meninas-no-discord\/\" \/>\n<meta property=\"og:site_name\" content=\"Brasil not\u00edcias\" \/>\n<meta property=\"article:published_time\" content=\"2023-07-15T10:57:06+00:00\" \/>\n<meta property=\"og:image\" content=\"https:\/\/brasilnoticias.org\/site\/wp-content\/uploads\/2023\/07\/discord_widelg.jpg\" \/>\n\t<meta property=\"og:image:width\" content=\"800\" \/>\n\t<meta property=\"og:image:height\" content=\"450\" \/>\n\t<meta property=\"og:image:type\" content=\"image\/jpeg\" \/>\n<meta name=\"author\" content=\"Reda\u00e7\u00e3o\" \/>\n<meta name=\"twitter:card\" content=\"summary_large_image\" \/>\n<meta name=\"twitter:label1\" content=\"Escrito por\" \/>\n\t<meta name=\"twitter:data1\" content=\"Reda\u00e7\u00e3o\" \/>\n<script type=\"application\/ld+json\" class=\"yoast-schema-graph\">{\"@context\":\"https:\/\/schema.org\",\"@graph\":[{\"@type\":\"Article\",\"@id\":\"https:\/\/brasilnoticias.org\/site\/adolescente-e-apreendido-suspeito-de-escravizar-e-abusar-de-meninas-no-discord\/#article\",\"isPartOf\":{\"@id\":\"https:\/\/brasilnoticias.org\/site\/adolescente-e-apreendido-suspeito-de-escravizar-e-abusar-de-meninas-no-discord\/\"},\"author\":{\"name\":\"Reda\u00e7\u00e3o\",\"@id\":\"https:\/\/brasilnoticias.org\/site\/#\/schema\/person\/a0e05b973ec4d15c658d51911e53507b\"},\"headline\":\"Adolescente \u00e9 apreendido suspeito de &#8216;escravizar&#8217; e abusar de meninas no Discord\",\"datePublished\":\"2023-07-15T10:57:06+00:00\",\"mainEntityOfPage\":{\"@id\":\"https:\/\/brasilnoticias.org\/site\/adolescente-e-apreendido-suspeito-de-escravizar-e-abusar-de-meninas-no-discord\/\"},\"wordCount\":455,\"commentCount\":0,\"publisher\":{\"@id\":\"https:\/\/brasilnoticias.org\/site\/#organization\"},\"image\":{\"@id\":\"https:\/\/brasilnoticias.org\/site\/adolescente-e-apreendido-suspeito-de-escravizar-e-abusar-de-meninas-no-discord\/#primaryimage\"},\"thumbnailUrl\":\"https:\/\/brasilnoticias.org\/site\/wp-content\/uploads\/2023\/07\/discord_widelg.jpg\",\"articleSection\":[\"Not\u00edcias\",\"\u00daltimas\"],\"inLanguage\":\"pt-PT\",\"potentialAction\":[{\"@type\":\"CommentAction\",\"name\":\"Comment\",\"target\":[\"https:\/\/brasilnoticias.org\/site\/adolescente-e-apreendido-suspeito-de-escravizar-e-abusar-de-meninas-no-discord\/#respond\"]}]},{\"@type\":\"WebPage\",\"@id\":\"https:\/\/brasilnoticias.org\/site\/adolescente-e-apreendido-suspeito-de-escravizar-e-abusar-de-meninas-no-discord\/\",\"url\":\"https:\/\/brasilnoticias.org\/site\/adolescente-e-apreendido-suspeito-de-escravizar-e-abusar-de-meninas-no-discord\/\",\"name\":\"Adolescente \u00e9 apreendido suspeito de 'escravizar' e abusar de meninas no Discord - Brasil not\u00edcias\",\"isPartOf\":{\"@id\":\"https:\/\/brasilnoticias.org\/site\/#website\"},\"primaryImageOfPage\":{\"@id\":\"https:\/\/brasilnoticias.org\/site\/adolescente-e-apreendido-suspeito-de-escravizar-e-abusar-de-meninas-no-discord\/#primaryimage\"},\"image\":{\"@id\":\"https:\/\/brasilnoticias.org\/site\/adolescente-e-apreendido-suspeito-de-escravizar-e-abusar-de-meninas-no-discord\/#primaryimage\"},\"thumbnailUrl\":\"https:\/\/brasilnoticias.org\/site\/wp-content\/uploads\/2023\/07\/discord_widelg.jpg\",\"datePublished\":\"2023-07-15T10:57:06+00:00\",\"breadcrumb\":{\"@id\":\"https:\/\/brasilnoticias.org\/site\/adolescente-e-apreendido-suspeito-de-escravizar-e-abusar-de-meninas-no-discord\/#breadcrumb\"},\"inLanguage\":\"pt-PT\",\"potentialAction\":[{\"@type\":\"ReadAction\",\"target\":[\"https:\/\/brasilnoticias.org\/site\/adolescente-e-apreendido-suspeito-de-escravizar-e-abusar-de-meninas-no-discord\/\"]}]},{\"@type\":\"ImageObject\",\"inLanguage\":\"pt-PT\",\"@id\":\"https:\/\/brasilnoticias.org\/site\/adolescente-e-apreendido-suspeito-de-escravizar-e-abusar-de-meninas-no-discord\/#primaryimage\",\"url\":\"https:\/\/brasilnoticias.org\/site\/wp-content\/uploads\/2023\/07\/discord_widelg.jpg\",\"contentUrl\":\"https:\/\/brasilnoticias.org\/site\/wp-content\/uploads\/2023\/07\/discord_widelg.jpg\",\"width\":800,\"height\":450},{\"@type\":\"BreadcrumbList\",\"@id\":\"https:\/\/brasilnoticias.org\/site\/adolescente-e-apreendido-suspeito-de-escravizar-e-abusar-de-meninas-no-discord\/#breadcrumb\",\"itemListElement\":[{\"@type\":\"ListItem\",\"position\":1,\"name\":\"In\u00edcio\",\"item\":\"https:\/\/brasilnoticias.org\/site\/\"},{\"@type\":\"ListItem\",\"position\":2,\"name\":\"Adolescente \u00e9 apreendido suspeito de &#8216;escravizar&#8217; e abusar de meninas no Discord\"}]},{\"@type\":\"WebSite\",\"@id\":\"https:\/\/brasilnoticias.org\/site\/#website\",\"url\":\"https:\/\/brasilnoticias.org\/site\/\",\"name\":\"Brasil not\u00edcias\",\"description\":\"Brasil not\u00edcias\",\"publisher\":{\"@id\":\"https:\/\/brasilnoticias.org\/site\/#organization\"},\"potentialAction\":[{\"@type\":\"SearchAction\",\"target\":{\"@type\":\"EntryPoint\",\"urlTemplate\":\"https:\/\/brasilnoticias.org\/site\/?s={search_term_string}\"},\"query-input\":{\"@type\":\"PropertyValueSpecification\",\"valueRequired\":true,\"valueName\":\"search_term_string\"}}],\"inLanguage\":\"pt-PT\"},{\"@type\":\"Organization\",\"@id\":\"https:\/\/brasilnoticias.org\/site\/#organization\",\"name\":\"Brasil not\u00edcias\",\"url\":\"https:\/\/brasilnoticias.org\/site\/\",\"logo\":{\"@type\":\"ImageObject\",\"inLanguage\":\"pt-PT\",\"@id\":\"https:\/\/brasilnoticias.org\/site\/#\/schema\/logo\/image\/\",\"url\":\"https:\/\/brasilnoticias.org\/site\/wp-content\/uploads\/2022\/05\/cropped-brasilnoticias-mini.jpg\",\"contentUrl\":\"https:\/\/brasilnoticias.org\/site\/wp-content\/uploads\/2022\/05\/cropped-brasilnoticias-mini.jpg\",\"width\":314,\"height\":86,\"caption\":\"Brasil not\u00edcias\"},\"image\":{\"@id\":\"https:\/\/brasilnoticias.org\/site\/#\/schema\/logo\/image\/\"}},{\"@type\":\"Person\",\"@id\":\"https:\/\/brasilnoticias.org\/site\/#\/schema\/person\/a0e05b973ec4d15c658d51911e53507b\",\"name\":\"Reda\u00e7\u00e3o\",\"image\":{\"@type\":\"ImageObject\",\"inLanguage\":\"pt-PT\",\"@id\":\"https:\/\/brasilnoticias.org\/site\/#\/schema\/person\/image\/\",\"url\":\"https:\/\/secure.gravatar.com\/avatar\/75d8b050df2de108b08ae78dfb8e374892df24a383c67db9c46a9c604f6aee9c?s=96&d=mm&r=g\",\"contentUrl\":\"https:\/\/secure.gravatar.com\/avatar\/75d8b050df2de108b08ae78dfb8e374892df24a383c67db9c46a9c604f6aee9c?s=96&d=mm&r=g\",\"caption\":\"Reda\u00e7\u00e3o\"},\"sameAs\":[\"https:\/\/brasilnoticias.org\/site\"],\"url\":\"https:\/\/brasilnoticias.org\/site\/author\/fernandozsngmail-com\/\"}]}<\/script>\n<!-- \/ Yoast SEO plugin. -->","yoast_head_json":{"title":"Adolescente \u00e9 apreendido suspeito de 'escravizar' e abusar de meninas no Discord - Brasil not\u00edcias","robots":{"index":"index","follow":"follow","max-snippet":"max-snippet:-1","max-image-preview":"max-image-preview:large","max-video-preview":"max-video-preview:-1"},"canonical":"https:\/\/brasilnoticias.org\/site\/adolescente-e-apreendido-suspeito-de-escravizar-e-abusar-de-meninas-no-discord\/","og_locale":"pt_PT","og_type":"article","og_title":"Adolescente \u00e9 apreendido suspeito de 'escravizar' e abusar de meninas no Discord - Brasil not\u00edcias","og_description":"Um adolescente de 16 anos foi apreendido na quarta-feira (12) pela Pol\u00edcia Civil de Minas Gerais por suspeita de estimular","og_url":"https:\/\/brasilnoticias.org\/site\/adolescente-e-apreendido-suspeito-de-escravizar-e-abusar-de-meninas-no-discord\/","og_site_name":"Brasil not\u00edcias","article_published_time":"2023-07-15T10:57:06+00:00","og_image":[{"width":800,"height":450,"url":"https:\/\/brasilnoticias.org\/site\/wp-content\/uploads\/2023\/07\/discord_widelg.jpg","type":"image\/jpeg"}],"author":"Reda\u00e7\u00e3o","twitter_card":"summary_large_image","twitter_misc":{"Escrito por":"Reda\u00e7\u00e3o"},"schema":{"@context":"https:\/\/schema.org","@graph":[{"@type":"Article","@id":"https:\/\/brasilnoticias.org\/site\/adolescente-e-apreendido-suspeito-de-escravizar-e-abusar-de-meninas-no-discord\/#article","isPartOf":{"@id":"https:\/\/brasilnoticias.org\/site\/adolescente-e-apreendido-suspeito-de-escravizar-e-abusar-de-meninas-no-discord\/"},"author":{"name":"Reda\u00e7\u00e3o","@id":"https:\/\/brasilnoticias.org\/site\/#\/schema\/person\/a0e05b973ec4d15c658d51911e53507b"},"headline":"Adolescente \u00e9 apreendido suspeito de &#8216;escravizar&#8217; e abusar de meninas no Discord","datePublished":"2023-07-15T10:57:06+00:00","mainEntityOfPage":{"@id":"https:\/\/brasilnoticias.org\/site\/adolescente-e-apreendido-suspeito-de-escravizar-e-abusar-de-meninas-no-discord\/"},"wordCount":455,"commentCount":0,"publisher":{"@id":"https:\/\/brasilnoticias.org\/site\/#organization"},"image":{"@id":"https:\/\/brasilnoticias.org\/site\/adolescente-e-apreendido-suspeito-de-escravizar-e-abusar-de-meninas-no-discord\/#primaryimage"},"thumbnailUrl":"https:\/\/brasilnoticias.org\/site\/wp-content\/uploads\/2023\/07\/discord_widelg.jpg","articleSection":["Not\u00edcias","\u00daltimas"],"inLanguage":"pt-PT","potentialAction":[{"@type":"CommentAction","name":"Comment","target":["https:\/\/brasilnoticias.org\/site\/adolescente-e-apreendido-suspeito-de-escravizar-e-abusar-de-meninas-no-discord\/#respond"]}]},{"@type":"WebPage","@id":"https:\/\/brasilnoticias.org\/site\/adolescente-e-apreendido-suspeito-de-escravizar-e-abusar-de-meninas-no-discord\/","url":"https:\/\/brasilnoticias.org\/site\/adolescente-e-apreendido-suspeito-de-escravizar-e-abusar-de-meninas-no-discord\/","name":"Adolescente \u00e9 apreendido suspeito de 'escravizar' e abusar de meninas no Discord - Brasil not\u00edcias","isPartOf":{"@id":"https:\/\/brasilnoticias.org\/site\/#website"},"primaryImageOfPage":{"@id":"https:\/\/brasilnoticias.org\/site\/adolescente-e-apreendido-suspeito-de-escravizar-e-abusar-de-meninas-no-discord\/#primaryimage"},"image":{"@id":"https:\/\/brasilnoticias.org\/site\/adolescente-e-apreendido-suspeito-de-escravizar-e-abusar-de-meninas-no-discord\/#primaryimage"},"thumbnailUrl":"https:\/\/brasilnoticias.org\/site\/wp-content\/uploads\/2023\/07\/discord_widelg.jpg","datePublished":"2023-07-15T10:57:06+00:00","breadcrumb":{"@id":"https:\/\/brasilnoticias.org\/site\/adolescente-e-apreendido-suspeito-de-escravizar-e-abusar-de-meninas-no-discord\/#breadcrumb"},"inLanguage":"pt-PT","potentialAction":[{"@type":"ReadAction","target":["https:\/\/brasilnoticias.org\/site\/adolescente-e-apreendido-suspeito-de-escravizar-e-abusar-de-meninas-no-discord\/"]}]},{"@type":"ImageObject","inLanguage":"pt-PT","@id":"https:\/\/brasilnoticias.org\/site\/adolescente-e-apreendido-suspeito-de-escravizar-e-abusar-de-meninas-no-discord\/#primaryimage","url":"https:\/\/brasilnoticias.org\/site\/wp-content\/uploads\/2023\/07\/discord_widelg.jpg","contentUrl":"https:\/\/brasilnoticias.org\/site\/wp-content\/uploads\/2023\/07\/discord_widelg.jpg","width":800,"height":450},{"@type":"BreadcrumbList","@id":"https:\/\/brasilnoticias.org\/site\/adolescente-e-apreendido-suspeito-de-escravizar-e-abusar-de-meninas-no-discord\/#breadcrumb","itemListElement":[{"@type":"ListItem","position":1,"name":"In\u00edcio","item":"https:\/\/brasilnoticias.org\/site\/"},{"@type":"ListItem","position":2,"name":"Adolescente \u00e9 apreendido suspeito de &#8216;escravizar&#8217; e abusar de meninas no Discord"}]},{"@type":"WebSite","@id":"https:\/\/brasilnoticias.org\/site\/#website","url":"https:\/\/brasilnoticias.org\/site\/","name":"Brasil not\u00edcias","description":"Brasil not\u00edcias","publisher":{"@id":"https:\/\/brasilnoticias.org\/site\/#organization"},"potentialAction":[{"@type":"SearchAction","target":{"@type":"EntryPoint","urlTemplate":"https:\/\/brasilnoticias.org\/site\/?s={search_term_string}"},"query-input":{"@type":"PropertyValueSpecification","valueRequired":true,"valueName":"search_term_string"}}],"inLanguage":"pt-PT"},{"@type":"Organization","@id":"https:\/\/brasilnoticias.org\/site\/#organization","name":"Brasil not\u00edcias","url":"https:\/\/brasilnoticias.org\/site\/","logo":{"@type":"ImageObject","inLanguage":"pt-PT","@id":"https:\/\/brasilnoticias.org\/site\/#\/schema\/logo\/image\/","url":"https:\/\/brasilnoticias.org\/site\/wp-content\/uploads\/2022\/05\/cropped-brasilnoticias-mini.jpg","contentUrl":"https:\/\/brasilnoticias.org\/site\/wp-content\/uploads\/2022\/05\/cropped-brasilnoticias-mini.jpg","width":314,"height":86,"caption":"Brasil not\u00edcias"},"image":{"@id":"https:\/\/brasilnoticias.org\/site\/#\/schema\/logo\/image\/"}},{"@type":"Person","@id":"https:\/\/brasilnoticias.org\/site\/#\/schema\/person\/a0e05b973ec4d15c658d51911e53507b","name":"Reda\u00e7\u00e3o","image":{"@type":"ImageObject","inLanguage":"pt-PT","@id":"https:\/\/brasilnoticias.org\/site\/#\/schema\/person\/image\/","url":"https:\/\/secure.gravatar.com\/avatar\/75d8b050df2de108b08ae78dfb8e374892df24a383c67db9c46a9c604f6aee9c?s=96&d=mm&r=g","contentUrl":"https:\/\/secure.gravatar.com\/avatar\/75d8b050df2de108b08ae78dfb8e374892df24a383c67db9c46a9c604f6aee9c?s=96&d=mm&r=g","caption":"Reda\u00e7\u00e3o"},"sameAs":["https:\/\/brasilnoticias.org\/site"],"url":"https:\/\/brasilnoticias.org\/site\/author\/fernandozsngmail-com\/"}]}},"_links":{"self":[{"href":"https:\/\/brasilnoticias.org\/site\/wp-json\/wp\/v2\/posts\/7385","targetHints":{"allow":["GET"]}}],"collection":[{"href":"https:\/\/brasilnoticias.org\/site\/wp-json\/wp\/v2\/posts"}],"about":[{"href":"https:\/\/brasilnoticias.org\/site\/wp-json\/wp\/v2\/types\/post"}],"author":[{"embeddable":true,"href":"https:\/\/brasilnoticias.org\/site\/wp-json\/wp\/v2\/users\/1"}],"replies":[{"embeddable":true,"href":"https:\/\/brasilnoticias.org\/site\/wp-json\/wp\/v2\/comments?post=7385"}],"version-history":[{"count":1,"href":"https:\/\/brasilnoticias.org\/site\/wp-json\/wp\/v2\/posts\/7385\/revisions"}],"predecessor-version":[{"id":7387,"href":"https:\/\/brasilnoticias.org\/site\/wp-json\/wp\/v2\/posts\/7385\/revisions\/7387"}],"wp:featuredmedia":[{"embeddable":true,"href":"https:\/\/brasilnoticias.org\/site\/wp-json\/wp\/v2\/media\/7386"}],"wp:attachment":[{"href":"https:\/\/brasilnoticias.org\/site\/wp-json\/wp\/v2\/media?parent=7385"}],"wp:term":[{"taxonomy":"category","embeddable":true,"href":"https:\/\/brasilnoticias.org\/site\/wp-json\/wp\/v2\/categories?post=7385"},{"taxonomy":"post_tag","embeddable":true,"href":"https:\/\/brasilnoticias.org\/site\/wp-json\/wp\/v2\/tags?post=7385"}],"curies":[{"name":"wp","href":"https:\/\/api.w.org\/{rel}","templated":true}]}}