{"id":7392,"date":"2023-07-15T19:29:34","date_gmt":"2023-07-15T22:29:34","guid":{"rendered":"https:\/\/brasilnoticias.org\/site\/?p=7392"},"modified":"2023-07-15T19:29:34","modified_gmt":"2023-07-15T22:29:34","slug":"linfoma-nao-hodgkin-entenda-o-cancer-de-jorge-aragao","status":"publish","type":"post","link":"https:\/\/brasilnoticias.org\/site\/linfoma-nao-hodgkin-entenda-o-cancer-de-jorge-aragao\/","title":{"rendered":"Linfoma n\u00e3o Hodgkin: entenda o c\u00e2ncer de Jorge Arag\u00e3o"},"content":{"rendered":"<p>O cantor e compositor Jorge Arag\u00e3o foi diagnosticado com um linfoma n\u00e3o Hodgkin. A informa\u00e7\u00e3o foi confirmada pela assessoria de imprensa do artista neste s\u00e1bado (15).<\/p>\n<p>Segundo o comunicado, o cantor est\u00e1 em casa e n\u00e3o precisou ser internado.<\/p>\n<p>&#8220;O artista iniciar\u00e1 imediatamente o seu tratamento e segue confiante, sob o cuidado da hematologista Caroline Rebello, e contando com o apoio, ora\u00e7\u00f5es e energias positivas de todos para seguir tranquilo&#8221;, informou a equipe do m\u00fasico por meio de nota.<\/p>\n<p>A seguir, entenda o que \u00e9 o linfoma n\u00e3o Hodgkin, quais s\u00e3o os tratamentos poss\u00edveis e os principais sintomas.<\/p>\n<p>O que \u00e9 o linfoma n\u00e3o Hodgkin?<br \/>\nDe acordo com o INCA (Instituto Nacional do C\u00e2ncer), o linfoma n\u00e3o Hodgkin (LNH) \u00e9 um tipo de c\u00e2ncer que tem origem nas c\u00e9lulas do sistema linf\u00e1tico e que se espalha de maneira n\u00e3o ordenada. Existem mais de 20 tipos diferentes de linfomas n\u00e3o Hodgkin.<\/p>\n<p>O sistema linf\u00e1tico faz parte do sistema imunol\u00f3gico, que ajuda o corpo a combater doen\u00e7as. E, como o tecido linf\u00e1tico \u00e9 encontrado em todo o corpo, o linfoma pode come\u00e7ar em qualquer lugar, dificultando o diagn\u00f3stico. O linfoma pode atingir crian\u00e7as, adolescentes e adultos, mas \u00e9 mais comum em pessoas mais velhas.<\/p>\n<p>Quais s\u00e3o os principais sintomas?<br \/>\nO principal sintoma do linfoma n\u00e3o Hodgkin \u00e9 o aumento dos g\u00e2nglios linf\u00e1ticos, que se manifesta pelo surgimento de caro\u00e7os em regi\u00f5es como o pesco\u00e7o, virilha e axila. Outros sintomas podem incluir febre, suor noturno, tosse, coceira na pele e perda de peso.<br \/>\nQuais s\u00e3o as op\u00e7\u00f5es de tratamento?<br \/>\nEntre as op\u00e7\u00f5es de tratamento, est\u00e3o a quimioterapia, a imunoterapia, a radioterapia e o transplante de medula \u00f3ssea. Segundo informa\u00e7\u00f5es da Associa\u00e7\u00e3o Brasileira de Linfoma e Leucemia (Abrale), as chances de cura s\u00e3o, em m\u00e9dia, de 60% a 70%.<\/p>\n<p>Quais as diferen\u00e7as entre o linfoma de Hodgkin e o linfoma n\u00e3o Hodgkin?<br \/>\nApesar de terem sintomas parecidos, os linfomas de Hodgkin e n\u00e3o-Hodgkin s\u00e3o diferentes. De acordo com o Hospital Oswaldo Cruz, no Rio de Janeiro, a diferen\u00e7a entre eles est\u00e1 na caracter\u00edstica das c\u00e9lulas encontradas no tumor. Somente ap\u00f3s bi\u00f3psia \u00e9 poss\u00edvel fazer a diferencia\u00e7\u00e3o.<\/p>\n<p>O linfoma de Hodgkin apresenta alto \u00edndice de cura com quimioterapia de primeira linha. Isso quer dizer que, logo no primeiro tipo de tratamento que o paciente faz, ele tem boas chances de apresentar bons resultados.<\/p>\n<p>Famosos com linfoma n\u00e3o Hodgkin<br \/>\nOutros famosos, como os atores Edson Celulari e Reynaldo Gianecchini, a ex-presidente Dilma Rousseff e a autora de telenovelas Gl\u00f3ria Perez tamb\u00e9m tiveram a doen\u00e7a diagnosticada.<\/p>\n<p>No ano passado, a atriz Jane Fonda revelou que estava em tratamento contra a doen\u00e7a, com sess\u00f5es de quimioterapia. Em 2021, o comentarista Caio Ribeiro tamb\u00e9m foi diagnosticado com o linfoma. Em outubro daquele ano, ele postou um v\u00eddeo dizendo que respondeu bem ao tratamento com quimioterapia e que n\u00e3o estava mais com os linfomas.<\/p>\n<p>G1<br \/>\nFoto Divulga\u00e7\u00e3o Vivo Rio<\/p>\n","protected":false},"excerpt":{"rendered":"<p>O cantor e compositor Jorge Arag\u00e3o foi diagnosticado com um linfoma n\u00e3o Hodgkin. A informa\u00e7\u00e3o foi confirmada pela assessoria de<\/p>\n","protected":false},"author":1,"featured_media":7393,"comment_status":"open","ping_status":"open","sticky":false,"template":"","format":"standard","meta":{"colormag_page_container_layout":"default_layout","colormag_page_sidebar_layout":"default_layout","_FSMCFIC_featured_image_caption":"","_FSMCFIC_featured_image_nocaption":"","_FSMCFIC_featured_image_hide":"","footnotes":""},"categories":[2,1],"tags":[],"class_list":["post-7392","post","type-post","status-publish","format-standard","has-post-thumbnail","hentry","category-noticias","category-ultimas"],"yoast_head":"<!-- This site is optimized with the Yoast SEO plugin v27.1.1 - https:\/\/yoast.com\/product\/yoast-seo-wordpress\/ -->\n<title>Linfoma n\u00e3o Hodgkin: entenda o c\u00e2ncer de Jorge Arag\u00e3o - Brasil not\u00edcias<\/title>\n<meta name=\"robots\" content=\"index, follow, max-snippet:-1, max-image-preview:large, max-video-preview:-1\" \/>\n<link rel=\"canonical\" href=\"https:\/\/brasilnoticias.org\/site\/linfoma-nao-hodgkin-entenda-o-cancer-de-jorge-aragao\/\" \/>\n<meta property=\"og:locale\" content=\"pt_PT\" \/>\n<meta property=\"og:type\" content=\"article\" \/>\n<meta property=\"og:title\" content=\"Linfoma n\u00e3o Hodgkin: entenda o c\u00e2ncer de Jorge Arag\u00e3o - Brasil not\u00edcias\" \/>\n<meta property=\"og:description\" content=\"O cantor e compositor Jorge Arag\u00e3o foi diagnosticado com um linfoma n\u00e3o Hodgkin. A informa\u00e7\u00e3o foi confirmada pela assessoria de\" \/>\n<meta property=\"og:url\" content=\"https:\/\/brasilnoticias.org\/site\/linfoma-nao-hodgkin-entenda-o-cancer-de-jorge-aragao\/\" \/>\n<meta property=\"og:site_name\" content=\"Brasil not\u00edcias\" \/>\n<meta property=\"article:published_time\" content=\"2023-07-15T22:29:34+00:00\" \/>\n<meta property=\"og:image\" content=\"https:\/\/brasilnoticias.org\/site\/wp-content\/uploads\/2023\/07\/aragao2.webp\" \/>\n\t<meta property=\"og:image:width\" content=\"1008\" \/>\n\t<meta property=\"og:image:height\" content=\"672\" \/>\n\t<meta property=\"og:image:type\" content=\"image\/webp\" \/>\n<meta name=\"author\" content=\"Reda\u00e7\u00e3o\" \/>\n<meta name=\"twitter:card\" content=\"summary_large_image\" \/>\n<meta name=\"twitter:label1\" content=\"Escrito por\" \/>\n\t<meta name=\"twitter:data1\" content=\"Reda\u00e7\u00e3o\" \/>\n<script type=\"application\/ld+json\" class=\"yoast-schema-graph\">{\"@context\":\"https:\/\/schema.org\",\"@graph\":[{\"@type\":\"Article\",\"@id\":\"https:\/\/brasilnoticias.org\/site\/linfoma-nao-hodgkin-entenda-o-cancer-de-jorge-aragao\/#article\",\"isPartOf\":{\"@id\":\"https:\/\/brasilnoticias.org\/site\/linfoma-nao-hodgkin-entenda-o-cancer-de-jorge-aragao\/\"},\"author\":{\"name\":\"Reda\u00e7\u00e3o\",\"@id\":\"https:\/\/brasilnoticias.org\/site\/#\/schema\/person\/a0e05b973ec4d15c658d51911e53507b\"},\"headline\":\"Linfoma n\u00e3o Hodgkin: entenda o c\u00e2ncer de Jorge Arag\u00e3o\",\"datePublished\":\"2023-07-15T22:29:34+00:00\",\"mainEntityOfPage\":{\"@id\":\"https:\/\/brasilnoticias.org\/site\/linfoma-nao-hodgkin-entenda-o-cancer-de-jorge-aragao\/\"},\"wordCount\":540,\"commentCount\":0,\"publisher\":{\"@id\":\"https:\/\/brasilnoticias.org\/site\/#organization\"},\"image\":{\"@id\":\"https:\/\/brasilnoticias.org\/site\/linfoma-nao-hodgkin-entenda-o-cancer-de-jorge-aragao\/#primaryimage\"},\"thumbnailUrl\":\"https:\/\/brasilnoticias.org\/site\/wp-content\/uploads\/2023\/07\/aragao2.webp\",\"articleSection\":[\"Not\u00edcias\",\"\u00daltimas\"],\"inLanguage\":\"pt-PT\",\"potentialAction\":[{\"@type\":\"CommentAction\",\"name\":\"Comment\",\"target\":[\"https:\/\/brasilnoticias.org\/site\/linfoma-nao-hodgkin-entenda-o-cancer-de-jorge-aragao\/#respond\"]}]},{\"@type\":\"WebPage\",\"@id\":\"https:\/\/brasilnoticias.org\/site\/linfoma-nao-hodgkin-entenda-o-cancer-de-jorge-aragao\/\",\"url\":\"https:\/\/brasilnoticias.org\/site\/linfoma-nao-hodgkin-entenda-o-cancer-de-jorge-aragao\/\",\"name\":\"Linfoma n\u00e3o Hodgkin: entenda o c\u00e2ncer de Jorge Arag\u00e3o - Brasil not\u00edcias\",\"isPartOf\":{\"@id\":\"https:\/\/brasilnoticias.org\/site\/#website\"},\"primaryImageOfPage\":{\"@id\":\"https:\/\/brasilnoticias.org\/site\/linfoma-nao-hodgkin-entenda-o-cancer-de-jorge-aragao\/#primaryimage\"},\"image\":{\"@id\":\"https:\/\/brasilnoticias.org\/site\/linfoma-nao-hodgkin-entenda-o-cancer-de-jorge-aragao\/#primaryimage\"},\"thumbnailUrl\":\"https:\/\/brasilnoticias.org\/site\/wp-content\/uploads\/2023\/07\/aragao2.webp\",\"datePublished\":\"2023-07-15T22:29:34+00:00\",\"breadcrumb\":{\"@id\":\"https:\/\/brasilnoticias.org\/site\/linfoma-nao-hodgkin-entenda-o-cancer-de-jorge-aragao\/#breadcrumb\"},\"inLanguage\":\"pt-PT\",\"potentialAction\":[{\"@type\":\"ReadAction\",\"target\":[\"https:\/\/brasilnoticias.org\/site\/linfoma-nao-hodgkin-entenda-o-cancer-de-jorge-aragao\/\"]}]},{\"@type\":\"ImageObject\",\"inLanguage\":\"pt-PT\",\"@id\":\"https:\/\/brasilnoticias.org\/site\/linfoma-nao-hodgkin-entenda-o-cancer-de-jorge-aragao\/#primaryimage\",\"url\":\"https:\/\/brasilnoticias.org\/site\/wp-content\/uploads\/2023\/07\/aragao2.webp\",\"contentUrl\":\"https:\/\/brasilnoticias.org\/site\/wp-content\/uploads\/2023\/07\/aragao2.webp\",\"width\":1008,\"height\":672},{\"@type\":\"BreadcrumbList\",\"@id\":\"https:\/\/brasilnoticias.org\/site\/linfoma-nao-hodgkin-entenda-o-cancer-de-jorge-aragao\/#breadcrumb\",\"itemListElement\":[{\"@type\":\"ListItem\",\"position\":1,\"name\":\"In\u00edcio\",\"item\":\"https:\/\/brasilnoticias.org\/site\/\"},{\"@type\":\"ListItem\",\"position\":2,\"name\":\"Linfoma n\u00e3o Hodgkin: entenda o c\u00e2ncer de Jorge Arag\u00e3o\"}]},{\"@type\":\"WebSite\",\"@id\":\"https:\/\/brasilnoticias.org\/site\/#website\",\"url\":\"https:\/\/brasilnoticias.org\/site\/\",\"name\":\"Brasil not\u00edcias\",\"description\":\"Brasil not\u00edcias\",\"publisher\":{\"@id\":\"https:\/\/brasilnoticias.org\/site\/#organization\"},\"potentialAction\":[{\"@type\":\"SearchAction\",\"target\":{\"@type\":\"EntryPoint\",\"urlTemplate\":\"https:\/\/brasilnoticias.org\/site\/?s={search_term_string}\"},\"query-input\":{\"@type\":\"PropertyValueSpecification\",\"valueRequired\":true,\"valueName\":\"search_term_string\"}}],\"inLanguage\":\"pt-PT\"},{\"@type\":\"Organization\",\"@id\":\"https:\/\/brasilnoticias.org\/site\/#organization\",\"name\":\"Brasil not\u00edcias\",\"url\":\"https:\/\/brasilnoticias.org\/site\/\",\"logo\":{\"@type\":\"ImageObject\",\"inLanguage\":\"pt-PT\",\"@id\":\"https:\/\/brasilnoticias.org\/site\/#\/schema\/logo\/image\/\",\"url\":\"https:\/\/brasilnoticias.org\/site\/wp-content\/uploads\/2022\/05\/cropped-brasilnoticias-mini.jpg\",\"contentUrl\":\"https:\/\/brasilnoticias.org\/site\/wp-content\/uploads\/2022\/05\/cropped-brasilnoticias-mini.jpg\",\"width\":314,\"height\":86,\"caption\":\"Brasil not\u00edcias\"},\"image\":{\"@id\":\"https:\/\/brasilnoticias.org\/site\/#\/schema\/logo\/image\/\"}},{\"@type\":\"Person\",\"@id\":\"https:\/\/brasilnoticias.org\/site\/#\/schema\/person\/a0e05b973ec4d15c658d51911e53507b\",\"name\":\"Reda\u00e7\u00e3o\",\"image\":{\"@type\":\"ImageObject\",\"inLanguage\":\"pt-PT\",\"@id\":\"https:\/\/brasilnoticias.org\/site\/#\/schema\/person\/image\/\",\"url\":\"https:\/\/secure.gravatar.com\/avatar\/75d8b050df2de108b08ae78dfb8e374892df24a383c67db9c46a9c604f6aee9c?s=96&d=mm&r=g\",\"contentUrl\":\"https:\/\/secure.gravatar.com\/avatar\/75d8b050df2de108b08ae78dfb8e374892df24a383c67db9c46a9c604f6aee9c?s=96&d=mm&r=g\",\"caption\":\"Reda\u00e7\u00e3o\"},\"sameAs\":[\"https:\/\/brasilnoticias.org\/site\"],\"url\":\"https:\/\/brasilnoticias.org\/site\/author\/fernandozsngmail-com\/\"}]}<\/script>\n<!-- \/ Yoast SEO plugin. -->","yoast_head_json":{"title":"Linfoma n\u00e3o Hodgkin: entenda o c\u00e2ncer de Jorge Arag\u00e3o - Brasil not\u00edcias","robots":{"index":"index","follow":"follow","max-snippet":"max-snippet:-1","max-image-preview":"max-image-preview:large","max-video-preview":"max-video-preview:-1"},"canonical":"https:\/\/brasilnoticias.org\/site\/linfoma-nao-hodgkin-entenda-o-cancer-de-jorge-aragao\/","og_locale":"pt_PT","og_type":"article","og_title":"Linfoma n\u00e3o Hodgkin: entenda o c\u00e2ncer de Jorge Arag\u00e3o - Brasil not\u00edcias","og_description":"O cantor e compositor Jorge Arag\u00e3o foi diagnosticado com um linfoma n\u00e3o Hodgkin. A informa\u00e7\u00e3o foi confirmada pela assessoria de","og_url":"https:\/\/brasilnoticias.org\/site\/linfoma-nao-hodgkin-entenda-o-cancer-de-jorge-aragao\/","og_site_name":"Brasil not\u00edcias","article_published_time":"2023-07-15T22:29:34+00:00","og_image":[{"width":1008,"height":672,"url":"https:\/\/brasilnoticias.org\/site\/wp-content\/uploads\/2023\/07\/aragao2.webp","type":"image\/webp"}],"author":"Reda\u00e7\u00e3o","twitter_card":"summary_large_image","twitter_misc":{"Escrito por":"Reda\u00e7\u00e3o"},"schema":{"@context":"https:\/\/schema.org","@graph":[{"@type":"Article","@id":"https:\/\/brasilnoticias.org\/site\/linfoma-nao-hodgkin-entenda-o-cancer-de-jorge-aragao\/#article","isPartOf":{"@id":"https:\/\/brasilnoticias.org\/site\/linfoma-nao-hodgkin-entenda-o-cancer-de-jorge-aragao\/"},"author":{"name":"Reda\u00e7\u00e3o","@id":"https:\/\/brasilnoticias.org\/site\/#\/schema\/person\/a0e05b973ec4d15c658d51911e53507b"},"headline":"Linfoma n\u00e3o Hodgkin: entenda o c\u00e2ncer de Jorge Arag\u00e3o","datePublished":"2023-07-15T22:29:34+00:00","mainEntityOfPage":{"@id":"https:\/\/brasilnoticias.org\/site\/linfoma-nao-hodgkin-entenda-o-cancer-de-jorge-aragao\/"},"wordCount":540,"commentCount":0,"publisher":{"@id":"https:\/\/brasilnoticias.org\/site\/#organization"},"image":{"@id":"https:\/\/brasilnoticias.org\/site\/linfoma-nao-hodgkin-entenda-o-cancer-de-jorge-aragao\/#primaryimage"},"thumbnailUrl":"https:\/\/brasilnoticias.org\/site\/wp-content\/uploads\/2023\/07\/aragao2.webp","articleSection":["Not\u00edcias","\u00daltimas"],"inLanguage":"pt-PT","potentialAction":[{"@type":"CommentAction","name":"Comment","target":["https:\/\/brasilnoticias.org\/site\/linfoma-nao-hodgkin-entenda-o-cancer-de-jorge-aragao\/#respond"]}]},{"@type":"WebPage","@id":"https:\/\/brasilnoticias.org\/site\/linfoma-nao-hodgkin-entenda-o-cancer-de-jorge-aragao\/","url":"https:\/\/brasilnoticias.org\/site\/linfoma-nao-hodgkin-entenda-o-cancer-de-jorge-aragao\/","name":"Linfoma n\u00e3o Hodgkin: entenda o c\u00e2ncer de Jorge Arag\u00e3o - Brasil not\u00edcias","isPartOf":{"@id":"https:\/\/brasilnoticias.org\/site\/#website"},"primaryImageOfPage":{"@id":"https:\/\/brasilnoticias.org\/site\/linfoma-nao-hodgkin-entenda-o-cancer-de-jorge-aragao\/#primaryimage"},"image":{"@id":"https:\/\/brasilnoticias.org\/site\/linfoma-nao-hodgkin-entenda-o-cancer-de-jorge-aragao\/#primaryimage"},"thumbnailUrl":"https:\/\/brasilnoticias.org\/site\/wp-content\/uploads\/2023\/07\/aragao2.webp","datePublished":"2023-07-15T22:29:34+00:00","breadcrumb":{"@id":"https:\/\/brasilnoticias.org\/site\/linfoma-nao-hodgkin-entenda-o-cancer-de-jorge-aragao\/#breadcrumb"},"inLanguage":"pt-PT","potentialAction":[{"@type":"ReadAction","target":["https:\/\/brasilnoticias.org\/site\/linfoma-nao-hodgkin-entenda-o-cancer-de-jorge-aragao\/"]}]},{"@type":"ImageObject","inLanguage":"pt-PT","@id":"https:\/\/brasilnoticias.org\/site\/linfoma-nao-hodgkin-entenda-o-cancer-de-jorge-aragao\/#primaryimage","url":"https:\/\/brasilnoticias.org\/site\/wp-content\/uploads\/2023\/07\/aragao2.webp","contentUrl":"https:\/\/brasilnoticias.org\/site\/wp-content\/uploads\/2023\/07\/aragao2.webp","width":1008,"height":672},{"@type":"BreadcrumbList","@id":"https:\/\/brasilnoticias.org\/site\/linfoma-nao-hodgkin-entenda-o-cancer-de-jorge-aragao\/#breadcrumb","itemListElement":[{"@type":"ListItem","position":1,"name":"In\u00edcio","item":"https:\/\/brasilnoticias.org\/site\/"},{"@type":"ListItem","position":2,"name":"Linfoma n\u00e3o Hodgkin: entenda o c\u00e2ncer de Jorge Arag\u00e3o"}]},{"@type":"WebSite","@id":"https:\/\/brasilnoticias.org\/site\/#website","url":"https:\/\/brasilnoticias.org\/site\/","name":"Brasil not\u00edcias","description":"Brasil not\u00edcias","publisher":{"@id":"https:\/\/brasilnoticias.org\/site\/#organization"},"potentialAction":[{"@type":"SearchAction","target":{"@type":"EntryPoint","urlTemplate":"https:\/\/brasilnoticias.org\/site\/?s={search_term_string}"},"query-input":{"@type":"PropertyValueSpecification","valueRequired":true,"valueName":"search_term_string"}}],"inLanguage":"pt-PT"},{"@type":"Organization","@id":"https:\/\/brasilnoticias.org\/site\/#organization","name":"Brasil not\u00edcias","url":"https:\/\/brasilnoticias.org\/site\/","logo":{"@type":"ImageObject","inLanguage":"pt-PT","@id":"https:\/\/brasilnoticias.org\/site\/#\/schema\/logo\/image\/","url":"https:\/\/brasilnoticias.org\/site\/wp-content\/uploads\/2022\/05\/cropped-brasilnoticias-mini.jpg","contentUrl":"https:\/\/brasilnoticias.org\/site\/wp-content\/uploads\/2022\/05\/cropped-brasilnoticias-mini.jpg","width":314,"height":86,"caption":"Brasil not\u00edcias"},"image":{"@id":"https:\/\/brasilnoticias.org\/site\/#\/schema\/logo\/image\/"}},{"@type":"Person","@id":"https:\/\/brasilnoticias.org\/site\/#\/schema\/person\/a0e05b973ec4d15c658d51911e53507b","name":"Reda\u00e7\u00e3o","image":{"@type":"ImageObject","inLanguage":"pt-PT","@id":"https:\/\/brasilnoticias.org\/site\/#\/schema\/person\/image\/","url":"https:\/\/secure.gravatar.com\/avatar\/75d8b050df2de108b08ae78dfb8e374892df24a383c67db9c46a9c604f6aee9c?s=96&d=mm&r=g","contentUrl":"https:\/\/secure.gravatar.com\/avatar\/75d8b050df2de108b08ae78dfb8e374892df24a383c67db9c46a9c604f6aee9c?s=96&d=mm&r=g","caption":"Reda\u00e7\u00e3o"},"sameAs":["https:\/\/brasilnoticias.org\/site"],"url":"https:\/\/brasilnoticias.org\/site\/author\/fernandozsngmail-com\/"}]}},"_links":{"self":[{"href":"https:\/\/brasilnoticias.org\/site\/wp-json\/wp\/v2\/posts\/7392","targetHints":{"allow":["GET"]}}],"collection":[{"href":"https:\/\/brasilnoticias.org\/site\/wp-json\/wp\/v2\/posts"}],"about":[{"href":"https:\/\/brasilnoticias.org\/site\/wp-json\/wp\/v2\/types\/post"}],"author":[{"embeddable":true,"href":"https:\/\/brasilnoticias.org\/site\/wp-json\/wp\/v2\/users\/1"}],"replies":[{"embeddable":true,"href":"https:\/\/brasilnoticias.org\/site\/wp-json\/wp\/v2\/comments?post=7392"}],"version-history":[{"count":1,"href":"https:\/\/brasilnoticias.org\/site\/wp-json\/wp\/v2\/posts\/7392\/revisions"}],"predecessor-version":[{"id":7394,"href":"https:\/\/brasilnoticias.org\/site\/wp-json\/wp\/v2\/posts\/7392\/revisions\/7394"}],"wp:featuredmedia":[{"embeddable":true,"href":"https:\/\/brasilnoticias.org\/site\/wp-json\/wp\/v2\/media\/7393"}],"wp:attachment":[{"href":"https:\/\/brasilnoticias.org\/site\/wp-json\/wp\/v2\/media?parent=7392"}],"wp:term":[{"taxonomy":"category","embeddable":true,"href":"https:\/\/brasilnoticias.org\/site\/wp-json\/wp\/v2\/categories?post=7392"},{"taxonomy":"post_tag","embeddable":true,"href":"https:\/\/brasilnoticias.org\/site\/wp-json\/wp\/v2\/tags?post=7392"}],"curies":[{"name":"wp","href":"https:\/\/api.w.org\/{rel}","templated":true}]}}