{"id":7398,"date":"2023-07-15T19:36:27","date_gmt":"2023-07-15T22:36:27","guid":{"rendered":"https:\/\/brasilnoticias.org\/site\/?p=7398"},"modified":"2023-07-15T19:36:27","modified_gmt":"2023-07-15T22:36:27","slug":"arbitro-idosos-e-motorista-vitimas-de-acidente-que-deixou-mortos-na-ba-retornavam-de-tratamento-contra-cancer","status":"publish","type":"post","link":"https:\/\/brasilnoticias.org\/site\/arbitro-idosos-e-motorista-vitimas-de-acidente-que-deixou-mortos-na-ba-retornavam-de-tratamento-contra-cancer\/","title":{"rendered":"\u00c1rbitro, idosos e motorista: v\u00edtimas de acidente que deixou mortos na BA retornavam de tratamento contra c\u00e2ncer"},"content":{"rendered":"<p>As v\u00edtimas do acidente entre um carro que transportava pacientes da cidade de Valente e um caminh\u00e3o, na noite de sexta-feira (14), na BR-116, na Bahia, foram identificadas pela Pol\u00edcia Rodovi\u00e1ria Federal e pela prefeitura.<\/p>\n<p>Incialmente, a prefeitura de Valente, respons\u00e1vel pelo carro envolvido no acidente, havia informado que seis pessoas tinham morrido: cinco no local da batida e a sexta no hospital para onde foi socorrida. No entanto, ao chegar no hospital, a fam\u00edlia da v\u00edtima identificada como Maria Rita dos Reis, verificou que ela estava viva.<\/p>\n<p>O acidente aconteceu no KM 375, na regi\u00e3o de Serrinha, cidade a cerca de 180 km de Salvador.<\/p>\n<p>Parte das v\u00edtimas fazia tratamento contra o c\u00e2ncer em Salvador, atrav\u00e9s do programa de Tratamento Fora do Domic\u00edlio (TFD). O ve\u00edculo envolvido na batida era da Secretaria de Sa\u00fade da prefeitura de Valente.<\/p>\n<p>As v\u00edtimas tinham entre 34 e 77 anos. Elas morreram no local. Outras duas pessoas ficaram feridas, mas sobreviveram ao acidente e foram socorridas para um hospital: Jo\u00e3o Paulo Pinheiro Ara\u00fajo e Maria Rita dos Reis, de 49 anos, que acompanhava a m\u00e3e nas consultas em Salvador. O estado de sa\u00fade de Maria Rita n\u00e3o foi divulgado. A m\u00e3e dela, de 77 anos, est\u00e1 entre os mortos.<\/p>\n<p>J\u00e1 Jo\u00e3o Paulo, est\u00e1 bem e consciente. Um s\u00e9timo ocupante do ve\u00edculo foi liberado ap\u00f3s atendimento m\u00e9dico.<\/p>\n<p>Entre os mortos est\u00e3o o motorista do ve\u00edculo, um casal, uma idosa e um \u00e1rbitro de futebol da cidade de Valente. Confira que s\u00e3o as v\u00edtimas:<\/p>\n<p>Dionizio Ara\u00fajo, 76 anos, e Ant\u00f4nia Bispo, 54 anos. O idoso tratava um c\u00e2ncer de pr\u00f3stata e voltava da \u00faltima consulta realizada em Salvador. Ele estava com a companheira Ant\u00f4nia Bispo, que o acompanhava nas consultas.<\/p>\n<p>Paulo Vitor Silva de Lima, 34 anos, motorista do ve\u00edculo. Servidor p\u00fablico da prefeitura de Valente, Paulo Vitor trabalhava h\u00e1 sete anos para a Secretaria de Sa\u00fade, onde transportava passageiros para Salvador.<\/p>\n<p>Joelson Batista da Silva, 65 anos. O idoso era \u00e1rbitro de futebol na cidade e fazia tratamento contra um c\u00e2ncer de pr\u00f3stata. Ele fazia as \u00faltimas consultas do tratamento. A liga desportiva da cidade divulgou nota de pesar pela morte do \u00e1rbitro. O idoso retornava em um \u00f4nibus, mas no caminho trocou de lugar com uma mulher que estava com uma crian\u00e7a de colo e seguia viagem no carro.<\/p>\n<p>Os corpos das cinco v\u00edtimas foram levados para o Instituto M\u00e9dico Legal (IML) de Serrinha. De acordo com a Pol\u00edcia Rodovi\u00e1ria Federal, a colis\u00e3o ocorreu por volta de 20h.<\/p>\n<p>A prefeitura de Valente divulgou nota de pesar nas redes sociais.<\/p>\n<p>Na nota assinada pelo prefeito Ubaldino Amaral, a prefeitura manifesta condol\u00eancias \u00e0s fam\u00edlias e destaca que o motorista era um &#8220;servidor p\u00fablico dedicado e comprometido com o zelo e bem estar daqueles que transportava&#8221;.<\/p>\n<p>A Liga Desportiva de Valentense tamb\u00e9m divulgou nota onde lamenta o acidente e a morte do \u00e1rbitro Joelson Batista.<\/p>\n<p>Foto: Reprodu\u00e7\u00e3o\/TV Bahia<br \/>\nG1<\/p>\n","protected":false},"excerpt":{"rendered":"<p>As v\u00edtimas do acidente entre um carro que transportava pacientes da cidade de Valente e um caminh\u00e3o, na noite de<\/p>\n","protected":false},"author":1,"featured_media":7399,"comment_status":"open","ping_status":"open","sticky":false,"template":"","format":"standard","meta":{"colormag_page_container_layout":"default_layout","colormag_page_sidebar_layout":"default_layout","_FSMCFIC_featured_image_caption":"","_FSMCFIC_featured_image_nocaption":"","_FSMCFIC_featured_image_hide":"","footnotes":""},"categories":[2,1],"tags":[],"class_list":["post-7398","post","type-post","status-publish","format-standard","has-post-thumbnail","hentry","category-noticias","category-ultimas"],"yoast_head":"<!-- This site is optimized with the Yoast SEO plugin v27.1.1 - https:\/\/yoast.com\/product\/yoast-seo-wordpress\/ -->\n<title>\u00c1rbitro, idosos e motorista: v\u00edtimas de acidente que deixou mortos na BA retornavam de tratamento contra c\u00e2ncer - Brasil not\u00edcias<\/title>\n<meta name=\"robots\" content=\"index, follow, max-snippet:-1, max-image-preview:large, max-video-preview:-1\" \/>\n<link rel=\"canonical\" href=\"https:\/\/brasilnoticias.org\/site\/arbitro-idosos-e-motorista-vitimas-de-acidente-que-deixou-mortos-na-ba-retornavam-de-tratamento-contra-cancer\/\" \/>\n<meta property=\"og:locale\" content=\"pt_PT\" \/>\n<meta property=\"og:type\" content=\"article\" \/>\n<meta property=\"og:title\" content=\"\u00c1rbitro, idosos e motorista: v\u00edtimas de acidente que deixou mortos na BA retornavam de tratamento contra c\u00e2ncer - Brasil not\u00edcias\" \/>\n<meta property=\"og:description\" content=\"As v\u00edtimas do acidente entre um carro que transportava pacientes da cidade de Valente e um caminh\u00e3o, na noite de\" \/>\n<meta property=\"og:url\" content=\"https:\/\/brasilnoticias.org\/site\/arbitro-idosos-e-motorista-vitimas-de-acidente-que-deixou-mortos-na-ba-retornavam-de-tratamento-contra-cancer\/\" \/>\n<meta property=\"og:site_name\" content=\"Brasil not\u00edcias\" \/>\n<meta property=\"article:published_time\" content=\"2023-07-15T22:36:27+00:00\" \/>\n<meta property=\"og:image\" content=\"https:\/\/brasilnoticias.org\/site\/wp-content\/uploads\/2023\/07\/design-sem-nome-2-.webp\" \/>\n\t<meta property=\"og:image:width\" content=\"984\" \/>\n\t<meta property=\"og:image:height\" content=\"655\" \/>\n\t<meta property=\"og:image:type\" content=\"image\/webp\" \/>\n<meta name=\"author\" content=\"Reda\u00e7\u00e3o\" \/>\n<meta name=\"twitter:card\" content=\"summary_large_image\" \/>\n<meta name=\"twitter:label1\" content=\"Escrito por\" \/>\n\t<meta name=\"twitter:data1\" content=\"Reda\u00e7\u00e3o\" \/>\n<script type=\"application\/ld+json\" class=\"yoast-schema-graph\">{\"@context\":\"https:\/\/schema.org\",\"@graph\":[{\"@type\":\"Article\",\"@id\":\"https:\/\/brasilnoticias.org\/site\/arbitro-idosos-e-motorista-vitimas-de-acidente-que-deixou-mortos-na-ba-retornavam-de-tratamento-contra-cancer\/#article\",\"isPartOf\":{\"@id\":\"https:\/\/brasilnoticias.org\/site\/arbitro-idosos-e-motorista-vitimas-de-acidente-que-deixou-mortos-na-ba-retornavam-de-tratamento-contra-cancer\/\"},\"author\":{\"name\":\"Reda\u00e7\u00e3o\",\"@id\":\"https:\/\/brasilnoticias.org\/site\/#\/schema\/person\/a0e05b973ec4d15c658d51911e53507b\"},\"headline\":\"\u00c1rbitro, idosos e motorista: v\u00edtimas de acidente que deixou mortos na BA retornavam de tratamento contra c\u00e2ncer\",\"datePublished\":\"2023-07-15T22:36:27+00:00\",\"mainEntityOfPage\":{\"@id\":\"https:\/\/brasilnoticias.org\/site\/arbitro-idosos-e-motorista-vitimas-de-acidente-que-deixou-mortos-na-ba-retornavam-de-tratamento-contra-cancer\/\"},\"wordCount\":543,\"commentCount\":0,\"publisher\":{\"@id\":\"https:\/\/brasilnoticias.org\/site\/#organization\"},\"image\":{\"@id\":\"https:\/\/brasilnoticias.org\/site\/arbitro-idosos-e-motorista-vitimas-de-acidente-que-deixou-mortos-na-ba-retornavam-de-tratamento-contra-cancer\/#primaryimage\"},\"thumbnailUrl\":\"https:\/\/brasilnoticias.org\/site\/wp-content\/uploads\/2023\/07\/design-sem-nome-2-.webp\",\"articleSection\":[\"Not\u00edcias\",\"\u00daltimas\"],\"inLanguage\":\"pt-PT\",\"potentialAction\":[{\"@type\":\"CommentAction\",\"name\":\"Comment\",\"target\":[\"https:\/\/brasilnoticias.org\/site\/arbitro-idosos-e-motorista-vitimas-de-acidente-que-deixou-mortos-na-ba-retornavam-de-tratamento-contra-cancer\/#respond\"]}]},{\"@type\":\"WebPage\",\"@id\":\"https:\/\/brasilnoticias.org\/site\/arbitro-idosos-e-motorista-vitimas-de-acidente-que-deixou-mortos-na-ba-retornavam-de-tratamento-contra-cancer\/\",\"url\":\"https:\/\/brasilnoticias.org\/site\/arbitro-idosos-e-motorista-vitimas-de-acidente-que-deixou-mortos-na-ba-retornavam-de-tratamento-contra-cancer\/\",\"name\":\"\u00c1rbitro, idosos e motorista: v\u00edtimas de acidente que deixou mortos na BA retornavam de tratamento contra c\u00e2ncer - Brasil not\u00edcias\",\"isPartOf\":{\"@id\":\"https:\/\/brasilnoticias.org\/site\/#website\"},\"primaryImageOfPage\":{\"@id\":\"https:\/\/brasilnoticias.org\/site\/arbitro-idosos-e-motorista-vitimas-de-acidente-que-deixou-mortos-na-ba-retornavam-de-tratamento-contra-cancer\/#primaryimage\"},\"image\":{\"@id\":\"https:\/\/brasilnoticias.org\/site\/arbitro-idosos-e-motorista-vitimas-de-acidente-que-deixou-mortos-na-ba-retornavam-de-tratamento-contra-cancer\/#primaryimage\"},\"thumbnailUrl\":\"https:\/\/brasilnoticias.org\/site\/wp-content\/uploads\/2023\/07\/design-sem-nome-2-.webp\",\"datePublished\":\"2023-07-15T22:36:27+00:00\",\"breadcrumb\":{\"@id\":\"https:\/\/brasilnoticias.org\/site\/arbitro-idosos-e-motorista-vitimas-de-acidente-que-deixou-mortos-na-ba-retornavam-de-tratamento-contra-cancer\/#breadcrumb\"},\"inLanguage\":\"pt-PT\",\"potentialAction\":[{\"@type\":\"ReadAction\",\"target\":[\"https:\/\/brasilnoticias.org\/site\/arbitro-idosos-e-motorista-vitimas-de-acidente-que-deixou-mortos-na-ba-retornavam-de-tratamento-contra-cancer\/\"]}]},{\"@type\":\"ImageObject\",\"inLanguage\":\"pt-PT\",\"@id\":\"https:\/\/brasilnoticias.org\/site\/arbitro-idosos-e-motorista-vitimas-de-acidente-que-deixou-mortos-na-ba-retornavam-de-tratamento-contra-cancer\/#primaryimage\",\"url\":\"https:\/\/brasilnoticias.org\/site\/wp-content\/uploads\/2023\/07\/design-sem-nome-2-.webp\",\"contentUrl\":\"https:\/\/brasilnoticias.org\/site\/wp-content\/uploads\/2023\/07\/design-sem-nome-2-.webp\",\"width\":984,\"height\":655},{\"@type\":\"BreadcrumbList\",\"@id\":\"https:\/\/brasilnoticias.org\/site\/arbitro-idosos-e-motorista-vitimas-de-acidente-que-deixou-mortos-na-ba-retornavam-de-tratamento-contra-cancer\/#breadcrumb\",\"itemListElement\":[{\"@type\":\"ListItem\",\"position\":1,\"name\":\"In\u00edcio\",\"item\":\"https:\/\/brasilnoticias.org\/site\/\"},{\"@type\":\"ListItem\",\"position\":2,\"name\":\"\u00c1rbitro, idosos e motorista: v\u00edtimas de acidente que deixou mortos na BA retornavam de tratamento contra c\u00e2ncer\"}]},{\"@type\":\"WebSite\",\"@id\":\"https:\/\/brasilnoticias.org\/site\/#website\",\"url\":\"https:\/\/brasilnoticias.org\/site\/\",\"name\":\"Brasil not\u00edcias\",\"description\":\"Brasil not\u00edcias\",\"publisher\":{\"@id\":\"https:\/\/brasilnoticias.org\/site\/#organization\"},\"potentialAction\":[{\"@type\":\"SearchAction\",\"target\":{\"@type\":\"EntryPoint\",\"urlTemplate\":\"https:\/\/brasilnoticias.org\/site\/?s={search_term_string}\"},\"query-input\":{\"@type\":\"PropertyValueSpecification\",\"valueRequired\":true,\"valueName\":\"search_term_string\"}}],\"inLanguage\":\"pt-PT\"},{\"@type\":\"Organization\",\"@id\":\"https:\/\/brasilnoticias.org\/site\/#organization\",\"name\":\"Brasil not\u00edcias\",\"url\":\"https:\/\/brasilnoticias.org\/site\/\",\"logo\":{\"@type\":\"ImageObject\",\"inLanguage\":\"pt-PT\",\"@id\":\"https:\/\/brasilnoticias.org\/site\/#\/schema\/logo\/image\/\",\"url\":\"https:\/\/brasilnoticias.org\/site\/wp-content\/uploads\/2022\/05\/cropped-brasilnoticias-mini.jpg\",\"contentUrl\":\"https:\/\/brasilnoticias.org\/site\/wp-content\/uploads\/2022\/05\/cropped-brasilnoticias-mini.jpg\",\"width\":314,\"height\":86,\"caption\":\"Brasil not\u00edcias\"},\"image\":{\"@id\":\"https:\/\/brasilnoticias.org\/site\/#\/schema\/logo\/image\/\"}},{\"@type\":\"Person\",\"@id\":\"https:\/\/brasilnoticias.org\/site\/#\/schema\/person\/a0e05b973ec4d15c658d51911e53507b\",\"name\":\"Reda\u00e7\u00e3o\",\"image\":{\"@type\":\"ImageObject\",\"inLanguage\":\"pt-PT\",\"@id\":\"https:\/\/brasilnoticias.org\/site\/#\/schema\/person\/image\/\",\"url\":\"https:\/\/secure.gravatar.com\/avatar\/75d8b050df2de108b08ae78dfb8e374892df24a383c67db9c46a9c604f6aee9c?s=96&d=mm&r=g\",\"contentUrl\":\"https:\/\/secure.gravatar.com\/avatar\/75d8b050df2de108b08ae78dfb8e374892df24a383c67db9c46a9c604f6aee9c?s=96&d=mm&r=g\",\"caption\":\"Reda\u00e7\u00e3o\"},\"sameAs\":[\"https:\/\/brasilnoticias.org\/site\"],\"url\":\"https:\/\/brasilnoticias.org\/site\/author\/fernandozsngmail-com\/\"}]}<\/script>\n<!-- \/ Yoast SEO plugin. -->","yoast_head_json":{"title":"\u00c1rbitro, idosos e motorista: v\u00edtimas de acidente que deixou mortos na BA retornavam de tratamento contra c\u00e2ncer - Brasil not\u00edcias","robots":{"index":"index","follow":"follow","max-snippet":"max-snippet:-1","max-image-preview":"max-image-preview:large","max-video-preview":"max-video-preview:-1"},"canonical":"https:\/\/brasilnoticias.org\/site\/arbitro-idosos-e-motorista-vitimas-de-acidente-que-deixou-mortos-na-ba-retornavam-de-tratamento-contra-cancer\/","og_locale":"pt_PT","og_type":"article","og_title":"\u00c1rbitro, idosos e motorista: v\u00edtimas de acidente que deixou mortos na BA retornavam de tratamento contra c\u00e2ncer - Brasil not\u00edcias","og_description":"As v\u00edtimas do acidente entre um carro que transportava pacientes da cidade de Valente e um caminh\u00e3o, na noite de","og_url":"https:\/\/brasilnoticias.org\/site\/arbitro-idosos-e-motorista-vitimas-de-acidente-que-deixou-mortos-na-ba-retornavam-de-tratamento-contra-cancer\/","og_site_name":"Brasil not\u00edcias","article_published_time":"2023-07-15T22:36:27+00:00","og_image":[{"width":984,"height":655,"url":"https:\/\/brasilnoticias.org\/site\/wp-content\/uploads\/2023\/07\/design-sem-nome-2-.webp","type":"image\/webp"}],"author":"Reda\u00e7\u00e3o","twitter_card":"summary_large_image","twitter_misc":{"Escrito por":"Reda\u00e7\u00e3o"},"schema":{"@context":"https:\/\/schema.org","@graph":[{"@type":"Article","@id":"https:\/\/brasilnoticias.org\/site\/arbitro-idosos-e-motorista-vitimas-de-acidente-que-deixou-mortos-na-ba-retornavam-de-tratamento-contra-cancer\/#article","isPartOf":{"@id":"https:\/\/brasilnoticias.org\/site\/arbitro-idosos-e-motorista-vitimas-de-acidente-que-deixou-mortos-na-ba-retornavam-de-tratamento-contra-cancer\/"},"author":{"name":"Reda\u00e7\u00e3o","@id":"https:\/\/brasilnoticias.org\/site\/#\/schema\/person\/a0e05b973ec4d15c658d51911e53507b"},"headline":"\u00c1rbitro, idosos e motorista: v\u00edtimas de acidente que deixou mortos na BA retornavam de tratamento contra c\u00e2ncer","datePublished":"2023-07-15T22:36:27+00:00","mainEntityOfPage":{"@id":"https:\/\/brasilnoticias.org\/site\/arbitro-idosos-e-motorista-vitimas-de-acidente-que-deixou-mortos-na-ba-retornavam-de-tratamento-contra-cancer\/"},"wordCount":543,"commentCount":0,"publisher":{"@id":"https:\/\/brasilnoticias.org\/site\/#organization"},"image":{"@id":"https:\/\/brasilnoticias.org\/site\/arbitro-idosos-e-motorista-vitimas-de-acidente-que-deixou-mortos-na-ba-retornavam-de-tratamento-contra-cancer\/#primaryimage"},"thumbnailUrl":"https:\/\/brasilnoticias.org\/site\/wp-content\/uploads\/2023\/07\/design-sem-nome-2-.webp","articleSection":["Not\u00edcias","\u00daltimas"],"inLanguage":"pt-PT","potentialAction":[{"@type":"CommentAction","name":"Comment","target":["https:\/\/brasilnoticias.org\/site\/arbitro-idosos-e-motorista-vitimas-de-acidente-que-deixou-mortos-na-ba-retornavam-de-tratamento-contra-cancer\/#respond"]}]},{"@type":"WebPage","@id":"https:\/\/brasilnoticias.org\/site\/arbitro-idosos-e-motorista-vitimas-de-acidente-que-deixou-mortos-na-ba-retornavam-de-tratamento-contra-cancer\/","url":"https:\/\/brasilnoticias.org\/site\/arbitro-idosos-e-motorista-vitimas-de-acidente-que-deixou-mortos-na-ba-retornavam-de-tratamento-contra-cancer\/","name":"\u00c1rbitro, idosos e motorista: v\u00edtimas de acidente que deixou mortos na BA retornavam de tratamento contra c\u00e2ncer - Brasil not\u00edcias","isPartOf":{"@id":"https:\/\/brasilnoticias.org\/site\/#website"},"primaryImageOfPage":{"@id":"https:\/\/brasilnoticias.org\/site\/arbitro-idosos-e-motorista-vitimas-de-acidente-que-deixou-mortos-na-ba-retornavam-de-tratamento-contra-cancer\/#primaryimage"},"image":{"@id":"https:\/\/brasilnoticias.org\/site\/arbitro-idosos-e-motorista-vitimas-de-acidente-que-deixou-mortos-na-ba-retornavam-de-tratamento-contra-cancer\/#primaryimage"},"thumbnailUrl":"https:\/\/brasilnoticias.org\/site\/wp-content\/uploads\/2023\/07\/design-sem-nome-2-.webp","datePublished":"2023-07-15T22:36:27+00:00","breadcrumb":{"@id":"https:\/\/brasilnoticias.org\/site\/arbitro-idosos-e-motorista-vitimas-de-acidente-que-deixou-mortos-na-ba-retornavam-de-tratamento-contra-cancer\/#breadcrumb"},"inLanguage":"pt-PT","potentialAction":[{"@type":"ReadAction","target":["https:\/\/brasilnoticias.org\/site\/arbitro-idosos-e-motorista-vitimas-de-acidente-que-deixou-mortos-na-ba-retornavam-de-tratamento-contra-cancer\/"]}]},{"@type":"ImageObject","inLanguage":"pt-PT","@id":"https:\/\/brasilnoticias.org\/site\/arbitro-idosos-e-motorista-vitimas-de-acidente-que-deixou-mortos-na-ba-retornavam-de-tratamento-contra-cancer\/#primaryimage","url":"https:\/\/brasilnoticias.org\/site\/wp-content\/uploads\/2023\/07\/design-sem-nome-2-.webp","contentUrl":"https:\/\/brasilnoticias.org\/site\/wp-content\/uploads\/2023\/07\/design-sem-nome-2-.webp","width":984,"height":655},{"@type":"BreadcrumbList","@id":"https:\/\/brasilnoticias.org\/site\/arbitro-idosos-e-motorista-vitimas-de-acidente-que-deixou-mortos-na-ba-retornavam-de-tratamento-contra-cancer\/#breadcrumb","itemListElement":[{"@type":"ListItem","position":1,"name":"In\u00edcio","item":"https:\/\/brasilnoticias.org\/site\/"},{"@type":"ListItem","position":2,"name":"\u00c1rbitro, idosos e motorista: v\u00edtimas de acidente que deixou mortos na BA retornavam de tratamento contra c\u00e2ncer"}]},{"@type":"WebSite","@id":"https:\/\/brasilnoticias.org\/site\/#website","url":"https:\/\/brasilnoticias.org\/site\/","name":"Brasil not\u00edcias","description":"Brasil not\u00edcias","publisher":{"@id":"https:\/\/brasilnoticias.org\/site\/#organization"},"potentialAction":[{"@type":"SearchAction","target":{"@type":"EntryPoint","urlTemplate":"https:\/\/brasilnoticias.org\/site\/?s={search_term_string}"},"query-input":{"@type":"PropertyValueSpecification","valueRequired":true,"valueName":"search_term_string"}}],"inLanguage":"pt-PT"},{"@type":"Organization","@id":"https:\/\/brasilnoticias.org\/site\/#organization","name":"Brasil not\u00edcias","url":"https:\/\/brasilnoticias.org\/site\/","logo":{"@type":"ImageObject","inLanguage":"pt-PT","@id":"https:\/\/brasilnoticias.org\/site\/#\/schema\/logo\/image\/","url":"https:\/\/brasilnoticias.org\/site\/wp-content\/uploads\/2022\/05\/cropped-brasilnoticias-mini.jpg","contentUrl":"https:\/\/brasilnoticias.org\/site\/wp-content\/uploads\/2022\/05\/cropped-brasilnoticias-mini.jpg","width":314,"height":86,"caption":"Brasil not\u00edcias"},"image":{"@id":"https:\/\/brasilnoticias.org\/site\/#\/schema\/logo\/image\/"}},{"@type":"Person","@id":"https:\/\/brasilnoticias.org\/site\/#\/schema\/person\/a0e05b973ec4d15c658d51911e53507b","name":"Reda\u00e7\u00e3o","image":{"@type":"ImageObject","inLanguage":"pt-PT","@id":"https:\/\/brasilnoticias.org\/site\/#\/schema\/person\/image\/","url":"https:\/\/secure.gravatar.com\/avatar\/75d8b050df2de108b08ae78dfb8e374892df24a383c67db9c46a9c604f6aee9c?s=96&d=mm&r=g","contentUrl":"https:\/\/secure.gravatar.com\/avatar\/75d8b050df2de108b08ae78dfb8e374892df24a383c67db9c46a9c604f6aee9c?s=96&d=mm&r=g","caption":"Reda\u00e7\u00e3o"},"sameAs":["https:\/\/brasilnoticias.org\/site"],"url":"https:\/\/brasilnoticias.org\/site\/author\/fernandozsngmail-com\/"}]}},"_links":{"self":[{"href":"https:\/\/brasilnoticias.org\/site\/wp-json\/wp\/v2\/posts\/7398","targetHints":{"allow":["GET"]}}],"collection":[{"href":"https:\/\/brasilnoticias.org\/site\/wp-json\/wp\/v2\/posts"}],"about":[{"href":"https:\/\/brasilnoticias.org\/site\/wp-json\/wp\/v2\/types\/post"}],"author":[{"embeddable":true,"href":"https:\/\/brasilnoticias.org\/site\/wp-json\/wp\/v2\/users\/1"}],"replies":[{"embeddable":true,"href":"https:\/\/brasilnoticias.org\/site\/wp-json\/wp\/v2\/comments?post=7398"}],"version-history":[{"count":1,"href":"https:\/\/brasilnoticias.org\/site\/wp-json\/wp\/v2\/posts\/7398\/revisions"}],"predecessor-version":[{"id":7400,"href":"https:\/\/brasilnoticias.org\/site\/wp-json\/wp\/v2\/posts\/7398\/revisions\/7400"}],"wp:featuredmedia":[{"embeddable":true,"href":"https:\/\/brasilnoticias.org\/site\/wp-json\/wp\/v2\/media\/7399"}],"wp:attachment":[{"href":"https:\/\/brasilnoticias.org\/site\/wp-json\/wp\/v2\/media?parent=7398"}],"wp:term":[{"taxonomy":"category","embeddable":true,"href":"https:\/\/brasilnoticias.org\/site\/wp-json\/wp\/v2\/categories?post=7398"},{"taxonomy":"post_tag","embeddable":true,"href":"https:\/\/brasilnoticias.org\/site\/wp-json\/wp\/v2\/tags?post=7398"}],"curies":[{"name":"wp","href":"https:\/\/api.w.org\/{rel}","templated":true}]}}