{"id":7401,"date":"2023-07-15T19:40:05","date_gmt":"2023-07-15T22:40:05","guid":{"rendered":"https:\/\/brasilnoticias.org\/site\/?p=7401"},"modified":"2023-07-15T19:40:31","modified_gmt":"2023-07-15T22:40:31","slug":"entenda-por-que-as-compras-dos-governos-viraram-tema-de-disputa-entre-mercosul-e-uniao-europeia","status":"publish","type":"post","link":"https:\/\/brasilnoticias.org\/site\/entenda-por-que-as-compras-dos-governos-viraram-tema-de-disputa-entre-mercosul-e-uniao-europeia\/","title":{"rendered":"Entenda por que as compras dos governos viraram tema de disputa entre Mercosul e Uni\u00e3o Europeia"},"content":{"rendered":"<p>Titular da presid\u00eancia rotativa do Mercosul desde o in\u00edcio do m\u00eas, o presidente Luiz In\u00e1cio Lula da Silva (PT) afirmou na \u00faltima segunda (12) que n\u00e3o abre m\u00e3o de rediscutir um tema central nas negocia\u00e7\u00f5es do acordo entre o bloco e a Uni\u00e3o Europeia: as compras governamentais.<\/p>\n<p>O dilema trata, basicamente, da possibilidade de que empresas sediadas no Mercosul participem em p\u00e9 de igualdade de licita\u00e7\u00f5es no bloco europeu \u2013 e vice-versa. Na pr\u00e1tica, o acordo dificulta que governos deem prioridades \u00e0s empresas locais para estimular a produ\u00e7\u00e3o interna, por exemplo.<\/p>\n<p>Neste s\u00e1bado (15), Lula embarca para uma c\u00fapula em Bruxelas (B\u00e9lgica) que reunir\u00e1, na pr\u00f3xima semana, l\u00edderes de pa\u00edses da Am\u00e9rica Latina e da Europa. O presidente ter\u00e1 sete reuni\u00f5es bilaterais, e pode aproveitar a oportunidade para discutir esse ponto.<\/p>\n<p>O acordo entre Mercosul e Uni\u00e3o Europeia \u00e9 negociado desde 1999. A parte comercial foi conclu\u00edda em 2019, e as partes pol\u00edticas e de coopera\u00e7\u00e3o, no ano seguinte. Desde ent\u00e3o, o processo est\u00e1 em fase de revis\u00e3o.<\/p>\n<p>Como o Brasil est\u00e1 na Presid\u00eancia do Mercosul e a Espanha, no comando da Uni\u00e3o Europeia, h\u00e1 uma expectativa entre os pa\u00edses de que o acordo possa ser conclu\u00eddo ainda neste ano. H\u00e1 ainda, no entanto, algumas diverg\u00eancias.<\/p>\n<p>A Uni\u00e3o Europeia, por exemplo, enviou um documento adicional que prev\u00ea novas exig\u00eancias na \u00e1rea ambiental e eventuais san\u00e7\u00f5es, o que foi visto como uma &#8220;amea\u00e7a&#8221; por parte do governo brasileiro.<\/p>\n<p>O Brasil, por sua vez, entende que a vers\u00e3o atual do acordo relacionada \u00e0s compras governamentais pode prejudicar a ind\u00fastria nacional.<\/p>\n<p>Diante disso, o g1 listou abaixo uma s\u00e9rie de perguntas e respostas sobre o tema:<\/p>\n<p>O que prev\u00ea o trecho do acordo sobre compras governamentais?<br \/>\nA participa\u00e7\u00e3o ser\u00e1 irrestrita?<br \/>\nComo surgiu a decis\u00e3o de rediscutir o tema?<br \/>\nComo poderia haver preju\u00edzo?<br \/>\nA reabertura das discuss\u00f5es \u00e9 consenso no governo?<br \/>\nA decis\u00e3o final cabe a quem?<br \/>\nA partir da decis\u00e3o, quais os pr\u00f3ximos passos?<br \/>\nQual o mecanismo para isso?<br \/>\nH\u00e1 um prazo determinado?<br \/>\nBrasil assume a presid\u00eancia do Mercosul pelos pr\u00f3ximos 6 meses<\/p>\n<p>O que prev\u00ea o trecho do acordo sobre compras governamentais?<br \/>\nEsse trecho prev\u00ea que empresas europeias poder\u00e3o participar em condi\u00e7\u00e3o de igualdade de licita\u00e7\u00f5es em pa\u00edses do Mercosul e que empresas do bloco sul-americano poder\u00e3o concorrer em licita\u00e7\u00f5es nos pa\u00edses europeus.<\/p>\n<p>Essas licita\u00e7\u00f5es envolvem, por exemplo, aquisi\u00e7\u00e3o de bens, contrata\u00e7\u00e3o de servi\u00e7os e execu\u00e7\u00e3o de obras com recursos p\u00fablicos.<\/p>\n<p>A participa\u00e7\u00e3o ser\u00e1 irrestrita?<br \/>\nSegundo integrantes do governo ouvidos pelo g1, n\u00e3o. Poder\u00e3o ser definidas exce\u00e7\u00f5es nas quais o governo ser\u00e1 autorizado a priorizar empresas locais.<\/p>\n<p>Como surgiu a decis\u00e3o de rediscutir o tema?<br \/>\nDe acordo com fontes ouvidas pelo g1, a avalia\u00e7\u00e3o de integrantes do governo Lula \u00e9 que, da forma como est\u00e1, o acordo pode, eventualmente, prejudicar ou n\u00e3o estimular a ind\u00fastria nacional.<\/p>\n<p>O governo entende que, por ser um &#8220;grande comprador&#8221; em diversas \u00e1reas, como sa\u00fade, defesa e agricultura, pode estimular o desenvolvimento desses setores e, consequentemente, a economia como um todo. E uma eventual participa\u00e7\u00e3o estrangeira pode prejudicar a produ\u00e7\u00e3o interna.<\/p>\n<p>Como poderia haver preju\u00edzo?<br \/>\nSegundo essas fontes, a avalia\u00e7\u00e3o \u00e9 que o setor de sa\u00fade, por exemplo, \u00e9 estimulado pelas compras governamentais \u2013 uma vez que o poder p\u00fablico \u00e9 quem compra equipamentos, insumos e medicamentos para o Sistema \u00danico de Sa\u00fade (SUS).<\/p>\n<p>Foto: Ricardo Stuckert\/Presid\u00eancia da Rep\u00fablica<br \/>\nG1<\/p>\n","protected":false},"excerpt":{"rendered":"<p>Titular da presid\u00eancia rotativa do Mercosul desde o in\u00edcio do m\u00eas, o presidente Luiz In\u00e1cio Lula da Silva (PT) afirmou<\/p>\n","protected":false},"author":1,"featured_media":7402,"comment_status":"open","ping_status":"open","sticky":false,"template":"","format":"standard","meta":{"colormag_page_container_layout":"default_layout","colormag_page_sidebar_layout":"default_layout","_FSMCFIC_featured_image_caption":"","_FSMCFIC_featured_image_nocaption":"","_FSMCFIC_featured_image_hide":"","footnotes":""},"categories":[5,1],"tags":[],"class_list":["post-7401","post","type-post","status-publish","format-standard","has-post-thumbnail","hentry","category-politica","category-ultimas"],"yoast_head":"<!-- This site is optimized with the Yoast SEO plugin v27.1.1 - https:\/\/yoast.com\/product\/yoast-seo-wordpress\/ -->\n<title>Entenda por que as compras dos governos viraram tema de disputa entre Mercosul e Uni\u00e3o Europeia - Brasil not\u00edcias<\/title>\n<meta name=\"robots\" content=\"index, follow, max-snippet:-1, max-image-preview:large, max-video-preview:-1\" \/>\n<link rel=\"canonical\" href=\"https:\/\/brasilnoticias.org\/site\/entenda-por-que-as-compras-dos-governos-viraram-tema-de-disputa-entre-mercosul-e-uniao-europeia\/\" \/>\n<meta property=\"og:locale\" content=\"pt_PT\" \/>\n<meta property=\"og:type\" content=\"article\" \/>\n<meta property=\"og:title\" content=\"Entenda por que as compras dos governos viraram tema de disputa entre Mercosul e Uni\u00e3o Europeia - Brasil not\u00edcias\" \/>\n<meta property=\"og:description\" content=\"Titular da presid\u00eancia rotativa do Mercosul desde o in\u00edcio do m\u00eas, o presidente Luiz In\u00e1cio Lula da Silva (PT) afirmou\" \/>\n<meta property=\"og:url\" content=\"https:\/\/brasilnoticias.org\/site\/entenda-por-que-as-compras-dos-governos-viraram-tema-de-disputa-entre-mercosul-e-uniao-europeia\/\" \/>\n<meta property=\"og:site_name\" content=\"Brasil not\u00edcias\" \/>\n<meta property=\"article:published_time\" content=\"2023-07-15T22:40:05+00:00\" \/>\n<meta property=\"article:modified_time\" content=\"2023-07-15T22:40:31+00:00\" \/>\n<meta property=\"og:image\" content=\"https:\/\/brasilnoticias.org\/site\/wp-content\/uploads\/2023\/07\/whatsapp-image-2023-07-04-at-13.51.32.webp\" \/>\n\t<meta property=\"og:image:width\" content=\"984\" \/>\n\t<meta property=\"og:image:height\" content=\"685\" \/>\n\t<meta property=\"og:image:type\" content=\"image\/webp\" \/>\n<meta name=\"author\" content=\"Reda\u00e7\u00e3o\" \/>\n<meta name=\"twitter:card\" content=\"summary_large_image\" \/>\n<meta name=\"twitter:label1\" content=\"Escrito por\" \/>\n\t<meta name=\"twitter:data1\" content=\"Reda\u00e7\u00e3o\" \/>\n\t<meta name=\"twitter:label2\" content=\"Tempo estimado de leitura\" \/>\n\t<meta name=\"twitter:data2\" content=\"4 minutos\" \/>\n<script type=\"application\/ld+json\" class=\"yoast-schema-graph\">{\"@context\":\"https:\/\/schema.org\",\"@graph\":[{\"@type\":\"Article\",\"@id\":\"https:\/\/brasilnoticias.org\/site\/entenda-por-que-as-compras-dos-governos-viraram-tema-de-disputa-entre-mercosul-e-uniao-europeia\/#article\",\"isPartOf\":{\"@id\":\"https:\/\/brasilnoticias.org\/site\/entenda-por-que-as-compras-dos-governos-viraram-tema-de-disputa-entre-mercosul-e-uniao-europeia\/\"},\"author\":{\"name\":\"Reda\u00e7\u00e3o\",\"@id\":\"https:\/\/brasilnoticias.org\/site\/#\/schema\/person\/a0e05b973ec4d15c658d51911e53507b\"},\"headline\":\"Entenda por que as compras dos governos viraram tema de disputa entre Mercosul e Uni\u00e3o Europeia\",\"datePublished\":\"2023-07-15T22:40:05+00:00\",\"dateModified\":\"2023-07-15T22:40:31+00:00\",\"mainEntityOfPage\":{\"@id\":\"https:\/\/brasilnoticias.org\/site\/entenda-por-que-as-compras-dos-governos-viraram-tema-de-disputa-entre-mercosul-e-uniao-europeia\/\"},\"wordCount\":635,\"commentCount\":0,\"publisher\":{\"@id\":\"https:\/\/brasilnoticias.org\/site\/#organization\"},\"image\":{\"@id\":\"https:\/\/brasilnoticias.org\/site\/entenda-por-que-as-compras-dos-governos-viraram-tema-de-disputa-entre-mercosul-e-uniao-europeia\/#primaryimage\"},\"thumbnailUrl\":\"https:\/\/brasilnoticias.org\/site\/wp-content\/uploads\/2023\/07\/whatsapp-image-2023-07-04-at-13.51.32.webp\",\"articleSection\":[\"Pol\u00edtica\",\"\u00daltimas\"],\"inLanguage\":\"pt-PT\",\"potentialAction\":[{\"@type\":\"CommentAction\",\"name\":\"Comment\",\"target\":[\"https:\/\/brasilnoticias.org\/site\/entenda-por-que-as-compras-dos-governos-viraram-tema-de-disputa-entre-mercosul-e-uniao-europeia\/#respond\"]}]},{\"@type\":\"WebPage\",\"@id\":\"https:\/\/brasilnoticias.org\/site\/entenda-por-que-as-compras-dos-governos-viraram-tema-de-disputa-entre-mercosul-e-uniao-europeia\/\",\"url\":\"https:\/\/brasilnoticias.org\/site\/entenda-por-que-as-compras-dos-governos-viraram-tema-de-disputa-entre-mercosul-e-uniao-europeia\/\",\"name\":\"Entenda por que as compras dos governos viraram tema de disputa entre Mercosul e Uni\u00e3o Europeia - Brasil not\u00edcias\",\"isPartOf\":{\"@id\":\"https:\/\/brasilnoticias.org\/site\/#website\"},\"primaryImageOfPage\":{\"@id\":\"https:\/\/brasilnoticias.org\/site\/entenda-por-que-as-compras-dos-governos-viraram-tema-de-disputa-entre-mercosul-e-uniao-europeia\/#primaryimage\"},\"image\":{\"@id\":\"https:\/\/brasilnoticias.org\/site\/entenda-por-que-as-compras-dos-governos-viraram-tema-de-disputa-entre-mercosul-e-uniao-europeia\/#primaryimage\"},\"thumbnailUrl\":\"https:\/\/brasilnoticias.org\/site\/wp-content\/uploads\/2023\/07\/whatsapp-image-2023-07-04-at-13.51.32.webp\",\"datePublished\":\"2023-07-15T22:40:05+00:00\",\"dateModified\":\"2023-07-15T22:40:31+00:00\",\"breadcrumb\":{\"@id\":\"https:\/\/brasilnoticias.org\/site\/entenda-por-que-as-compras-dos-governos-viraram-tema-de-disputa-entre-mercosul-e-uniao-europeia\/#breadcrumb\"},\"inLanguage\":\"pt-PT\",\"potentialAction\":[{\"@type\":\"ReadAction\",\"target\":[\"https:\/\/brasilnoticias.org\/site\/entenda-por-que-as-compras-dos-governos-viraram-tema-de-disputa-entre-mercosul-e-uniao-europeia\/\"]}]},{\"@type\":\"ImageObject\",\"inLanguage\":\"pt-PT\",\"@id\":\"https:\/\/brasilnoticias.org\/site\/entenda-por-que-as-compras-dos-governos-viraram-tema-de-disputa-entre-mercosul-e-uniao-europeia\/#primaryimage\",\"url\":\"https:\/\/brasilnoticias.org\/site\/wp-content\/uploads\/2023\/07\/whatsapp-image-2023-07-04-at-13.51.32.webp\",\"contentUrl\":\"https:\/\/brasilnoticias.org\/site\/wp-content\/uploads\/2023\/07\/whatsapp-image-2023-07-04-at-13.51.32.webp\",\"width\":984,\"height\":685},{\"@type\":\"BreadcrumbList\",\"@id\":\"https:\/\/brasilnoticias.org\/site\/entenda-por-que-as-compras-dos-governos-viraram-tema-de-disputa-entre-mercosul-e-uniao-europeia\/#breadcrumb\",\"itemListElement\":[{\"@type\":\"ListItem\",\"position\":1,\"name\":\"In\u00edcio\",\"item\":\"https:\/\/brasilnoticias.org\/site\/\"},{\"@type\":\"ListItem\",\"position\":2,\"name\":\"Entenda por que as compras dos governos viraram tema de disputa entre Mercosul e Uni\u00e3o Europeia\"}]},{\"@type\":\"WebSite\",\"@id\":\"https:\/\/brasilnoticias.org\/site\/#website\",\"url\":\"https:\/\/brasilnoticias.org\/site\/\",\"name\":\"Brasil not\u00edcias\",\"description\":\"Brasil not\u00edcias\",\"publisher\":{\"@id\":\"https:\/\/brasilnoticias.org\/site\/#organization\"},\"potentialAction\":[{\"@type\":\"SearchAction\",\"target\":{\"@type\":\"EntryPoint\",\"urlTemplate\":\"https:\/\/brasilnoticias.org\/site\/?s={search_term_string}\"},\"query-input\":{\"@type\":\"PropertyValueSpecification\",\"valueRequired\":true,\"valueName\":\"search_term_string\"}}],\"inLanguage\":\"pt-PT\"},{\"@type\":\"Organization\",\"@id\":\"https:\/\/brasilnoticias.org\/site\/#organization\",\"name\":\"Brasil not\u00edcias\",\"url\":\"https:\/\/brasilnoticias.org\/site\/\",\"logo\":{\"@type\":\"ImageObject\",\"inLanguage\":\"pt-PT\",\"@id\":\"https:\/\/brasilnoticias.org\/site\/#\/schema\/logo\/image\/\",\"url\":\"https:\/\/brasilnoticias.org\/site\/wp-content\/uploads\/2022\/05\/cropped-brasilnoticias-mini.jpg\",\"contentUrl\":\"https:\/\/brasilnoticias.org\/site\/wp-content\/uploads\/2022\/05\/cropped-brasilnoticias-mini.jpg\",\"width\":314,\"height\":86,\"caption\":\"Brasil not\u00edcias\"},\"image\":{\"@id\":\"https:\/\/brasilnoticias.org\/site\/#\/schema\/logo\/image\/\"}},{\"@type\":\"Person\",\"@id\":\"https:\/\/brasilnoticias.org\/site\/#\/schema\/person\/a0e05b973ec4d15c658d51911e53507b\",\"name\":\"Reda\u00e7\u00e3o\",\"image\":{\"@type\":\"ImageObject\",\"inLanguage\":\"pt-PT\",\"@id\":\"https:\/\/brasilnoticias.org\/site\/#\/schema\/person\/image\/\",\"url\":\"https:\/\/secure.gravatar.com\/avatar\/75d8b050df2de108b08ae78dfb8e374892df24a383c67db9c46a9c604f6aee9c?s=96&d=mm&r=g\",\"contentUrl\":\"https:\/\/secure.gravatar.com\/avatar\/75d8b050df2de108b08ae78dfb8e374892df24a383c67db9c46a9c604f6aee9c?s=96&d=mm&r=g\",\"caption\":\"Reda\u00e7\u00e3o\"},\"sameAs\":[\"https:\/\/brasilnoticias.org\/site\"],\"url\":\"https:\/\/brasilnoticias.org\/site\/author\/fernandozsngmail-com\/\"}]}<\/script>\n<!-- \/ Yoast SEO plugin. -->","yoast_head_json":{"title":"Entenda por que as compras dos governos viraram tema de disputa entre Mercosul e Uni\u00e3o Europeia - Brasil not\u00edcias","robots":{"index":"index","follow":"follow","max-snippet":"max-snippet:-1","max-image-preview":"max-image-preview:large","max-video-preview":"max-video-preview:-1"},"canonical":"https:\/\/brasilnoticias.org\/site\/entenda-por-que-as-compras-dos-governos-viraram-tema-de-disputa-entre-mercosul-e-uniao-europeia\/","og_locale":"pt_PT","og_type":"article","og_title":"Entenda por que as compras dos governos viraram tema de disputa entre Mercosul e Uni\u00e3o Europeia - Brasil not\u00edcias","og_description":"Titular da presid\u00eancia rotativa do Mercosul desde o in\u00edcio do m\u00eas, o presidente Luiz In\u00e1cio Lula da Silva (PT) afirmou","og_url":"https:\/\/brasilnoticias.org\/site\/entenda-por-que-as-compras-dos-governos-viraram-tema-de-disputa-entre-mercosul-e-uniao-europeia\/","og_site_name":"Brasil not\u00edcias","article_published_time":"2023-07-15T22:40:05+00:00","article_modified_time":"2023-07-15T22:40:31+00:00","og_image":[{"width":984,"height":685,"url":"https:\/\/brasilnoticias.org\/site\/wp-content\/uploads\/2023\/07\/whatsapp-image-2023-07-04-at-13.51.32.webp","type":"image\/webp"}],"author":"Reda\u00e7\u00e3o","twitter_card":"summary_large_image","twitter_misc":{"Escrito por":"Reda\u00e7\u00e3o","Tempo estimado de leitura":"4 minutos"},"schema":{"@context":"https:\/\/schema.org","@graph":[{"@type":"Article","@id":"https:\/\/brasilnoticias.org\/site\/entenda-por-que-as-compras-dos-governos-viraram-tema-de-disputa-entre-mercosul-e-uniao-europeia\/#article","isPartOf":{"@id":"https:\/\/brasilnoticias.org\/site\/entenda-por-que-as-compras-dos-governos-viraram-tema-de-disputa-entre-mercosul-e-uniao-europeia\/"},"author":{"name":"Reda\u00e7\u00e3o","@id":"https:\/\/brasilnoticias.org\/site\/#\/schema\/person\/a0e05b973ec4d15c658d51911e53507b"},"headline":"Entenda por que as compras dos governos viraram tema de disputa entre Mercosul e Uni\u00e3o Europeia","datePublished":"2023-07-15T22:40:05+00:00","dateModified":"2023-07-15T22:40:31+00:00","mainEntityOfPage":{"@id":"https:\/\/brasilnoticias.org\/site\/entenda-por-que-as-compras-dos-governos-viraram-tema-de-disputa-entre-mercosul-e-uniao-europeia\/"},"wordCount":635,"commentCount":0,"publisher":{"@id":"https:\/\/brasilnoticias.org\/site\/#organization"},"image":{"@id":"https:\/\/brasilnoticias.org\/site\/entenda-por-que-as-compras-dos-governos-viraram-tema-de-disputa-entre-mercosul-e-uniao-europeia\/#primaryimage"},"thumbnailUrl":"https:\/\/brasilnoticias.org\/site\/wp-content\/uploads\/2023\/07\/whatsapp-image-2023-07-04-at-13.51.32.webp","articleSection":["Pol\u00edtica","\u00daltimas"],"inLanguage":"pt-PT","potentialAction":[{"@type":"CommentAction","name":"Comment","target":["https:\/\/brasilnoticias.org\/site\/entenda-por-que-as-compras-dos-governos-viraram-tema-de-disputa-entre-mercosul-e-uniao-europeia\/#respond"]}]},{"@type":"WebPage","@id":"https:\/\/brasilnoticias.org\/site\/entenda-por-que-as-compras-dos-governos-viraram-tema-de-disputa-entre-mercosul-e-uniao-europeia\/","url":"https:\/\/brasilnoticias.org\/site\/entenda-por-que-as-compras-dos-governos-viraram-tema-de-disputa-entre-mercosul-e-uniao-europeia\/","name":"Entenda por que as compras dos governos viraram tema de disputa entre Mercosul e Uni\u00e3o Europeia - Brasil not\u00edcias","isPartOf":{"@id":"https:\/\/brasilnoticias.org\/site\/#website"},"primaryImageOfPage":{"@id":"https:\/\/brasilnoticias.org\/site\/entenda-por-que-as-compras-dos-governos-viraram-tema-de-disputa-entre-mercosul-e-uniao-europeia\/#primaryimage"},"image":{"@id":"https:\/\/brasilnoticias.org\/site\/entenda-por-que-as-compras-dos-governos-viraram-tema-de-disputa-entre-mercosul-e-uniao-europeia\/#primaryimage"},"thumbnailUrl":"https:\/\/brasilnoticias.org\/site\/wp-content\/uploads\/2023\/07\/whatsapp-image-2023-07-04-at-13.51.32.webp","datePublished":"2023-07-15T22:40:05+00:00","dateModified":"2023-07-15T22:40:31+00:00","breadcrumb":{"@id":"https:\/\/brasilnoticias.org\/site\/entenda-por-que-as-compras-dos-governos-viraram-tema-de-disputa-entre-mercosul-e-uniao-europeia\/#breadcrumb"},"inLanguage":"pt-PT","potentialAction":[{"@type":"ReadAction","target":["https:\/\/brasilnoticias.org\/site\/entenda-por-que-as-compras-dos-governos-viraram-tema-de-disputa-entre-mercosul-e-uniao-europeia\/"]}]},{"@type":"ImageObject","inLanguage":"pt-PT","@id":"https:\/\/brasilnoticias.org\/site\/entenda-por-que-as-compras-dos-governos-viraram-tema-de-disputa-entre-mercosul-e-uniao-europeia\/#primaryimage","url":"https:\/\/brasilnoticias.org\/site\/wp-content\/uploads\/2023\/07\/whatsapp-image-2023-07-04-at-13.51.32.webp","contentUrl":"https:\/\/brasilnoticias.org\/site\/wp-content\/uploads\/2023\/07\/whatsapp-image-2023-07-04-at-13.51.32.webp","width":984,"height":685},{"@type":"BreadcrumbList","@id":"https:\/\/brasilnoticias.org\/site\/entenda-por-que-as-compras-dos-governos-viraram-tema-de-disputa-entre-mercosul-e-uniao-europeia\/#breadcrumb","itemListElement":[{"@type":"ListItem","position":1,"name":"In\u00edcio","item":"https:\/\/brasilnoticias.org\/site\/"},{"@type":"ListItem","position":2,"name":"Entenda por que as compras dos governos viraram tema de disputa entre Mercosul e Uni\u00e3o Europeia"}]},{"@type":"WebSite","@id":"https:\/\/brasilnoticias.org\/site\/#website","url":"https:\/\/brasilnoticias.org\/site\/","name":"Brasil not\u00edcias","description":"Brasil not\u00edcias","publisher":{"@id":"https:\/\/brasilnoticias.org\/site\/#organization"},"potentialAction":[{"@type":"SearchAction","target":{"@type":"EntryPoint","urlTemplate":"https:\/\/brasilnoticias.org\/site\/?s={search_term_string}"},"query-input":{"@type":"PropertyValueSpecification","valueRequired":true,"valueName":"search_term_string"}}],"inLanguage":"pt-PT"},{"@type":"Organization","@id":"https:\/\/brasilnoticias.org\/site\/#organization","name":"Brasil not\u00edcias","url":"https:\/\/brasilnoticias.org\/site\/","logo":{"@type":"ImageObject","inLanguage":"pt-PT","@id":"https:\/\/brasilnoticias.org\/site\/#\/schema\/logo\/image\/","url":"https:\/\/brasilnoticias.org\/site\/wp-content\/uploads\/2022\/05\/cropped-brasilnoticias-mini.jpg","contentUrl":"https:\/\/brasilnoticias.org\/site\/wp-content\/uploads\/2022\/05\/cropped-brasilnoticias-mini.jpg","width":314,"height":86,"caption":"Brasil not\u00edcias"},"image":{"@id":"https:\/\/brasilnoticias.org\/site\/#\/schema\/logo\/image\/"}},{"@type":"Person","@id":"https:\/\/brasilnoticias.org\/site\/#\/schema\/person\/a0e05b973ec4d15c658d51911e53507b","name":"Reda\u00e7\u00e3o","image":{"@type":"ImageObject","inLanguage":"pt-PT","@id":"https:\/\/brasilnoticias.org\/site\/#\/schema\/person\/image\/","url":"https:\/\/secure.gravatar.com\/avatar\/75d8b050df2de108b08ae78dfb8e374892df24a383c67db9c46a9c604f6aee9c?s=96&d=mm&r=g","contentUrl":"https:\/\/secure.gravatar.com\/avatar\/75d8b050df2de108b08ae78dfb8e374892df24a383c67db9c46a9c604f6aee9c?s=96&d=mm&r=g","caption":"Reda\u00e7\u00e3o"},"sameAs":["https:\/\/brasilnoticias.org\/site"],"url":"https:\/\/brasilnoticias.org\/site\/author\/fernandozsngmail-com\/"}]}},"_links":{"self":[{"href":"https:\/\/brasilnoticias.org\/site\/wp-json\/wp\/v2\/posts\/7401","targetHints":{"allow":["GET"]}}],"collection":[{"href":"https:\/\/brasilnoticias.org\/site\/wp-json\/wp\/v2\/posts"}],"about":[{"href":"https:\/\/brasilnoticias.org\/site\/wp-json\/wp\/v2\/types\/post"}],"author":[{"embeddable":true,"href":"https:\/\/brasilnoticias.org\/site\/wp-json\/wp\/v2\/users\/1"}],"replies":[{"embeddable":true,"href":"https:\/\/brasilnoticias.org\/site\/wp-json\/wp\/v2\/comments?post=7401"}],"version-history":[{"count":2,"href":"https:\/\/brasilnoticias.org\/site\/wp-json\/wp\/v2\/posts\/7401\/revisions"}],"predecessor-version":[{"id":7404,"href":"https:\/\/brasilnoticias.org\/site\/wp-json\/wp\/v2\/posts\/7401\/revisions\/7404"}],"wp:featuredmedia":[{"embeddable":true,"href":"https:\/\/brasilnoticias.org\/site\/wp-json\/wp\/v2\/media\/7402"}],"wp:attachment":[{"href":"https:\/\/brasilnoticias.org\/site\/wp-json\/wp\/v2\/media?parent=7401"}],"wp:term":[{"taxonomy":"category","embeddable":true,"href":"https:\/\/brasilnoticias.org\/site\/wp-json\/wp\/v2\/categories?post=7401"},{"taxonomy":"post_tag","embeddable":true,"href":"https:\/\/brasilnoticias.org\/site\/wp-json\/wp\/v2\/tags?post=7401"}],"curies":[{"name":"wp","href":"https:\/\/api.w.org\/{rel}","templated":true}]}}