{"id":7405,"date":"2023-07-16T07:00:41","date_gmt":"2023-07-16T10:00:41","guid":{"rendered":"https:\/\/brasilnoticias.org\/site\/?p=7405"},"modified":"2023-07-15T19:44:42","modified_gmt":"2023-07-15T22:44:42","slug":"sargento-atira-em-colega-do-exercito-e-e-morto-por-policial-em-festa-julina-em-uberlandia","status":"publish","type":"post","link":"https:\/\/brasilnoticias.org\/site\/sargento-atira-em-colega-do-exercito-e-e-morto-por-policial-em-festa-julina-em-uberlandia\/","title":{"rendered":"Sargento atira em colega do Ex\u00e9rcito e \u00e9 morto por policial em festa julina em Uberl\u00e2ndia"},"content":{"rendered":"<p>Festa ocorreu na sede do Gr\u00eamio Recreativo de Subtenentes e Sargentos de Uberl\u00e2ndia (Gressu), no Bairro Jaragu\u00e1, na noite de sexta-feira (14). Sargento atirou em outra militar por ci\u00fames e depois foi morto por policial penal. Convidados narram desespero no momento da troca de tiros.<\/p>\n<p>Duas pessoas morreram e tr\u00eas ficaram feridas durante um tiroteio em uma festa julina promovida pelo Ex\u00e9rcito no Gr\u00eamio Recreativo de Subtenentes e Sargentos de Uberl\u00e2ndia (Gressu) na noite de sexta-feira (14). Um v\u00eddeo mostra o momento em que uma apresenta\u00e7\u00e3o de quadrilha \u00e9 interrompida pelos tiros.<\/p>\n<p>As duas v\u00edtimas, que eram militares, s\u00e3o:<\/p>\n<p>Sargento Stephanie da Silva Magalh\u00e3es, de 26 anos;<br \/>\nSargento Isaque Frederico Silva Ferreira, de 32 anos, respons\u00e1vel por iniciar o tiroteio.<br \/>\nO g1 teve acesso ao boletim de ocorr\u00eancia registrado sobre o caso. Segundo o documento, Isaque viu Stephanie na festa acompanhada do namorado dela. Testemunhas disseram que Isaque gostava dela, mas n\u00e3o tinha o sentimento correspondido.<\/p>\n<p>Com isso, ele atirou v\u00e1rias vezes no companheiro da jovem, que teve ferimentos graves. Depois, tamb\u00e9m disparou contra a sargento.<\/p>\n<p>Ainda conforme o boletim, Isaque continuou a atirar em Stephanie mesmo com ela ca\u00edda no ch\u00e3o. Em seguida, um policial penal que participava da festa atirou em Isaque para evitar que mais pessoas fossem atingidas.<\/p>\n<p>Sargento Isaque Fernandes abriu fogo em festa julina do Ex\u00e9rcito em Uberl\u00e2ndia \u2014 Foto: Redes Sociais<\/p>\n<p>Em nota, o 36\u00ba Batalh\u00e3o de Infantaria Mecanizado de Uberl\u00e2ndia prestou condol\u00eancias \u00e0s fam\u00edlias das v\u00edtimas e disse que instaurou um inqu\u00e9rito Policial Militar para apurar o ocorrido. Veja o posicionamento na \u00edntegra mais abaixo.<\/p>\n<p>J\u00e1 a Pol\u00edcia Civil informou que a per\u00edcia oficial compareceu ao local para realizar os levantamentos iniciais e que trabalha para apurar as circunst\u00e2ncias do ato.<\/p>\n<p>O Departamento Penitenci\u00e1rio de Minas Gerais (Depen), ligado \u00e0 Secretaria de Estado de Justi\u00e7a e Seguran\u00e7a P\u00fablica (Sejusp), informou que o policial penal que atirou em Isaque estava de folga. O \u00f3rg\u00e3o afirmou ainda que &#8220;acompanha o desenrolar das investiga\u00e7\u00f5es criminais por parte da Pol\u00edcia Civil, e tomar\u00e1 as medidas administrativas cab\u00edveis, dentro do processo legal&#8221;.<\/p>\n<p>A Pol\u00edcia Militar (PM) afirmou que n\u00e3o vai se manifestar oficialmente. J\u00e1 o Corpo de Bombeiros informou que esteve no local, mas que as v\u00edtimas foram socorridas por terceiros e que a corpora\u00e7\u00e3o n\u00e3o atuou na ocorr\u00eancia.<\/p>\n<p>Foto: Redes Sociais<br \/>\nG1<\/p>\n","protected":false},"excerpt":{"rendered":"<p>Festa ocorreu na sede do Gr\u00eamio Recreativo de Subtenentes e Sargentos de Uberl\u00e2ndia (Gressu), no Bairro Jaragu\u00e1, na noite de<\/p>\n","protected":false},"author":1,"featured_media":7406,"comment_status":"open","ping_status":"open","sticky":false,"template":"","format":"standard","meta":{"colormag_page_container_layout":"default_layout","colormag_page_sidebar_layout":"default_layout","_FSMCFIC_featured_image_caption":"","_FSMCFIC_featured_image_nocaption":"","_FSMCFIC_featured_image_hide":"","footnotes":""},"categories":[3,1],"tags":[],"class_list":["post-7405","post","type-post","status-publish","format-standard","has-post-thumbnail","hentry","category-policia","category-ultimas"],"yoast_head":"<!-- This site is optimized with the Yoast SEO plugin v27.1.1 - https:\/\/yoast.com\/product\/yoast-seo-wordpress\/ -->\n<title>Sargento atira em colega do Ex\u00e9rcito e \u00e9 morto por policial em festa julina em Uberl\u00e2ndia - Brasil not\u00edcias<\/title>\n<meta name=\"robots\" content=\"index, follow, max-snippet:-1, max-image-preview:large, max-video-preview:-1\" \/>\n<link rel=\"canonical\" href=\"https:\/\/brasilnoticias.org\/site\/sargento-atira-em-colega-do-exercito-e-e-morto-por-policial-em-festa-julina-em-uberlandia\/\" \/>\n<meta property=\"og:locale\" content=\"pt_PT\" \/>\n<meta property=\"og:type\" content=\"article\" \/>\n<meta property=\"og:title\" content=\"Sargento atira em colega do Ex\u00e9rcito e \u00e9 morto por policial em festa julina em Uberl\u00e2ndia - Brasil not\u00edcias\" \/>\n<meta property=\"og:description\" content=\"Festa ocorreu na sede do Gr\u00eamio Recreativo de Subtenentes e Sargentos de Uberl\u00e2ndia (Gressu), no Bairro Jaragu\u00e1, na noite de\" \/>\n<meta property=\"og:url\" content=\"https:\/\/brasilnoticias.org\/site\/sargento-atira-em-colega-do-exercito-e-e-morto-por-policial-em-festa-julina-em-uberlandia\/\" \/>\n<meta property=\"og:site_name\" content=\"Brasil not\u00edcias\" \/>\n<meta property=\"article:published_time\" content=\"2023-07-16T10:00:41+00:00\" \/>\n<meta property=\"og:image\" content=\"https:\/\/brasilnoticias.org\/site\/wp-content\/uploads\/2023\/07\/vitima.webp\" \/>\n\t<meta property=\"og:image:width\" content=\"984\" \/>\n\t<meta property=\"og:image:height\" content=\"985\" \/>\n\t<meta property=\"og:image:type\" content=\"image\/webp\" \/>\n<meta name=\"author\" content=\"Reda\u00e7\u00e3o\" \/>\n<meta name=\"twitter:card\" content=\"summary_large_image\" \/>\n<meta name=\"twitter:label1\" content=\"Escrito por\" \/>\n\t<meta name=\"twitter:data1\" content=\"Reda\u00e7\u00e3o\" \/>\n<script type=\"application\/ld+json\" class=\"yoast-schema-graph\">{\"@context\":\"https:\/\/schema.org\",\"@graph\":[{\"@type\":\"Article\",\"@id\":\"https:\/\/brasilnoticias.org\/site\/sargento-atira-em-colega-do-exercito-e-e-morto-por-policial-em-festa-julina-em-uberlandia\/#article\",\"isPartOf\":{\"@id\":\"https:\/\/brasilnoticias.org\/site\/sargento-atira-em-colega-do-exercito-e-e-morto-por-policial-em-festa-julina-em-uberlandia\/\"},\"author\":{\"name\":\"Reda\u00e7\u00e3o\",\"@id\":\"https:\/\/brasilnoticias.org\/site\/#\/schema\/person\/a0e05b973ec4d15c658d51911e53507b\"},\"headline\":\"Sargento atira em colega do Ex\u00e9rcito e \u00e9 morto por policial em festa julina em Uberl\u00e2ndia\",\"datePublished\":\"2023-07-16T10:00:41+00:00\",\"mainEntityOfPage\":{\"@id\":\"https:\/\/brasilnoticias.org\/site\/sargento-atira-em-colega-do-exercito-e-e-morto-por-policial-em-festa-julina-em-uberlandia\/\"},\"wordCount\":438,\"commentCount\":0,\"publisher\":{\"@id\":\"https:\/\/brasilnoticias.org\/site\/#organization\"},\"image\":{\"@id\":\"https:\/\/brasilnoticias.org\/site\/sargento-atira-em-colega-do-exercito-e-e-morto-por-policial-em-festa-julina-em-uberlandia\/#primaryimage\"},\"thumbnailUrl\":\"https:\/\/brasilnoticias.org\/site\/wp-content\/uploads\/2023\/07\/vitima.webp\",\"articleSection\":[\"Pol\u00edcia\",\"\u00daltimas\"],\"inLanguage\":\"pt-PT\",\"potentialAction\":[{\"@type\":\"CommentAction\",\"name\":\"Comment\",\"target\":[\"https:\/\/brasilnoticias.org\/site\/sargento-atira-em-colega-do-exercito-e-e-morto-por-policial-em-festa-julina-em-uberlandia\/#respond\"]}]},{\"@type\":\"WebPage\",\"@id\":\"https:\/\/brasilnoticias.org\/site\/sargento-atira-em-colega-do-exercito-e-e-morto-por-policial-em-festa-julina-em-uberlandia\/\",\"url\":\"https:\/\/brasilnoticias.org\/site\/sargento-atira-em-colega-do-exercito-e-e-morto-por-policial-em-festa-julina-em-uberlandia\/\",\"name\":\"Sargento atira em colega do Ex\u00e9rcito e \u00e9 morto por policial em festa julina em Uberl\u00e2ndia - Brasil not\u00edcias\",\"isPartOf\":{\"@id\":\"https:\/\/brasilnoticias.org\/site\/#website\"},\"primaryImageOfPage\":{\"@id\":\"https:\/\/brasilnoticias.org\/site\/sargento-atira-em-colega-do-exercito-e-e-morto-por-policial-em-festa-julina-em-uberlandia\/#primaryimage\"},\"image\":{\"@id\":\"https:\/\/brasilnoticias.org\/site\/sargento-atira-em-colega-do-exercito-e-e-morto-por-policial-em-festa-julina-em-uberlandia\/#primaryimage\"},\"thumbnailUrl\":\"https:\/\/brasilnoticias.org\/site\/wp-content\/uploads\/2023\/07\/vitima.webp\",\"datePublished\":\"2023-07-16T10:00:41+00:00\",\"breadcrumb\":{\"@id\":\"https:\/\/brasilnoticias.org\/site\/sargento-atira-em-colega-do-exercito-e-e-morto-por-policial-em-festa-julina-em-uberlandia\/#breadcrumb\"},\"inLanguage\":\"pt-PT\",\"potentialAction\":[{\"@type\":\"ReadAction\",\"target\":[\"https:\/\/brasilnoticias.org\/site\/sargento-atira-em-colega-do-exercito-e-e-morto-por-policial-em-festa-julina-em-uberlandia\/\"]}]},{\"@type\":\"ImageObject\",\"inLanguage\":\"pt-PT\",\"@id\":\"https:\/\/brasilnoticias.org\/site\/sargento-atira-em-colega-do-exercito-e-e-morto-por-policial-em-festa-julina-em-uberlandia\/#primaryimage\",\"url\":\"https:\/\/brasilnoticias.org\/site\/wp-content\/uploads\/2023\/07\/vitima.webp\",\"contentUrl\":\"https:\/\/brasilnoticias.org\/site\/wp-content\/uploads\/2023\/07\/vitima.webp\",\"width\":984,\"height\":985},{\"@type\":\"BreadcrumbList\",\"@id\":\"https:\/\/brasilnoticias.org\/site\/sargento-atira-em-colega-do-exercito-e-e-morto-por-policial-em-festa-julina-em-uberlandia\/#breadcrumb\",\"itemListElement\":[{\"@type\":\"ListItem\",\"position\":1,\"name\":\"In\u00edcio\",\"item\":\"https:\/\/brasilnoticias.org\/site\/\"},{\"@type\":\"ListItem\",\"position\":2,\"name\":\"Sargento atira em colega do Ex\u00e9rcito e \u00e9 morto por policial em festa julina em Uberl\u00e2ndia\"}]},{\"@type\":\"WebSite\",\"@id\":\"https:\/\/brasilnoticias.org\/site\/#website\",\"url\":\"https:\/\/brasilnoticias.org\/site\/\",\"name\":\"Brasil not\u00edcias\",\"description\":\"Brasil not\u00edcias\",\"publisher\":{\"@id\":\"https:\/\/brasilnoticias.org\/site\/#organization\"},\"potentialAction\":[{\"@type\":\"SearchAction\",\"target\":{\"@type\":\"EntryPoint\",\"urlTemplate\":\"https:\/\/brasilnoticias.org\/site\/?s={search_term_string}\"},\"query-input\":{\"@type\":\"PropertyValueSpecification\",\"valueRequired\":true,\"valueName\":\"search_term_string\"}}],\"inLanguage\":\"pt-PT\"},{\"@type\":\"Organization\",\"@id\":\"https:\/\/brasilnoticias.org\/site\/#organization\",\"name\":\"Brasil not\u00edcias\",\"url\":\"https:\/\/brasilnoticias.org\/site\/\",\"logo\":{\"@type\":\"ImageObject\",\"inLanguage\":\"pt-PT\",\"@id\":\"https:\/\/brasilnoticias.org\/site\/#\/schema\/logo\/image\/\",\"url\":\"https:\/\/brasilnoticias.org\/site\/wp-content\/uploads\/2022\/05\/cropped-brasilnoticias-mini.jpg\",\"contentUrl\":\"https:\/\/brasilnoticias.org\/site\/wp-content\/uploads\/2022\/05\/cropped-brasilnoticias-mini.jpg\",\"width\":314,\"height\":86,\"caption\":\"Brasil not\u00edcias\"},\"image\":{\"@id\":\"https:\/\/brasilnoticias.org\/site\/#\/schema\/logo\/image\/\"}},{\"@type\":\"Person\",\"@id\":\"https:\/\/brasilnoticias.org\/site\/#\/schema\/person\/a0e05b973ec4d15c658d51911e53507b\",\"name\":\"Reda\u00e7\u00e3o\",\"image\":{\"@type\":\"ImageObject\",\"inLanguage\":\"pt-PT\",\"@id\":\"https:\/\/brasilnoticias.org\/site\/#\/schema\/person\/image\/\",\"url\":\"https:\/\/secure.gravatar.com\/avatar\/75d8b050df2de108b08ae78dfb8e374892df24a383c67db9c46a9c604f6aee9c?s=96&d=mm&r=g\",\"contentUrl\":\"https:\/\/secure.gravatar.com\/avatar\/75d8b050df2de108b08ae78dfb8e374892df24a383c67db9c46a9c604f6aee9c?s=96&d=mm&r=g\",\"caption\":\"Reda\u00e7\u00e3o\"},\"sameAs\":[\"https:\/\/brasilnoticias.org\/site\"],\"url\":\"https:\/\/brasilnoticias.org\/site\/author\/fernandozsngmail-com\/\"}]}<\/script>\n<!-- \/ Yoast SEO plugin. -->","yoast_head_json":{"title":"Sargento atira em colega do Ex\u00e9rcito e \u00e9 morto por policial em festa julina em Uberl\u00e2ndia - Brasil not\u00edcias","robots":{"index":"index","follow":"follow","max-snippet":"max-snippet:-1","max-image-preview":"max-image-preview:large","max-video-preview":"max-video-preview:-1"},"canonical":"https:\/\/brasilnoticias.org\/site\/sargento-atira-em-colega-do-exercito-e-e-morto-por-policial-em-festa-julina-em-uberlandia\/","og_locale":"pt_PT","og_type":"article","og_title":"Sargento atira em colega do Ex\u00e9rcito e \u00e9 morto por policial em festa julina em Uberl\u00e2ndia - Brasil not\u00edcias","og_description":"Festa ocorreu na sede do Gr\u00eamio Recreativo de Subtenentes e Sargentos de Uberl\u00e2ndia (Gressu), no Bairro Jaragu\u00e1, na noite de","og_url":"https:\/\/brasilnoticias.org\/site\/sargento-atira-em-colega-do-exercito-e-e-morto-por-policial-em-festa-julina-em-uberlandia\/","og_site_name":"Brasil not\u00edcias","article_published_time":"2023-07-16T10:00:41+00:00","og_image":[{"width":984,"height":985,"url":"https:\/\/brasilnoticias.org\/site\/wp-content\/uploads\/2023\/07\/vitima.webp","type":"image\/webp"}],"author":"Reda\u00e7\u00e3o","twitter_card":"summary_large_image","twitter_misc":{"Escrito por":"Reda\u00e7\u00e3o"},"schema":{"@context":"https:\/\/schema.org","@graph":[{"@type":"Article","@id":"https:\/\/brasilnoticias.org\/site\/sargento-atira-em-colega-do-exercito-e-e-morto-por-policial-em-festa-julina-em-uberlandia\/#article","isPartOf":{"@id":"https:\/\/brasilnoticias.org\/site\/sargento-atira-em-colega-do-exercito-e-e-morto-por-policial-em-festa-julina-em-uberlandia\/"},"author":{"name":"Reda\u00e7\u00e3o","@id":"https:\/\/brasilnoticias.org\/site\/#\/schema\/person\/a0e05b973ec4d15c658d51911e53507b"},"headline":"Sargento atira em colega do Ex\u00e9rcito e \u00e9 morto por policial em festa julina em Uberl\u00e2ndia","datePublished":"2023-07-16T10:00:41+00:00","mainEntityOfPage":{"@id":"https:\/\/brasilnoticias.org\/site\/sargento-atira-em-colega-do-exercito-e-e-morto-por-policial-em-festa-julina-em-uberlandia\/"},"wordCount":438,"commentCount":0,"publisher":{"@id":"https:\/\/brasilnoticias.org\/site\/#organization"},"image":{"@id":"https:\/\/brasilnoticias.org\/site\/sargento-atira-em-colega-do-exercito-e-e-morto-por-policial-em-festa-julina-em-uberlandia\/#primaryimage"},"thumbnailUrl":"https:\/\/brasilnoticias.org\/site\/wp-content\/uploads\/2023\/07\/vitima.webp","articleSection":["Pol\u00edcia","\u00daltimas"],"inLanguage":"pt-PT","potentialAction":[{"@type":"CommentAction","name":"Comment","target":["https:\/\/brasilnoticias.org\/site\/sargento-atira-em-colega-do-exercito-e-e-morto-por-policial-em-festa-julina-em-uberlandia\/#respond"]}]},{"@type":"WebPage","@id":"https:\/\/brasilnoticias.org\/site\/sargento-atira-em-colega-do-exercito-e-e-morto-por-policial-em-festa-julina-em-uberlandia\/","url":"https:\/\/brasilnoticias.org\/site\/sargento-atira-em-colega-do-exercito-e-e-morto-por-policial-em-festa-julina-em-uberlandia\/","name":"Sargento atira em colega do Ex\u00e9rcito e \u00e9 morto por policial em festa julina em Uberl\u00e2ndia - Brasil not\u00edcias","isPartOf":{"@id":"https:\/\/brasilnoticias.org\/site\/#website"},"primaryImageOfPage":{"@id":"https:\/\/brasilnoticias.org\/site\/sargento-atira-em-colega-do-exercito-e-e-morto-por-policial-em-festa-julina-em-uberlandia\/#primaryimage"},"image":{"@id":"https:\/\/brasilnoticias.org\/site\/sargento-atira-em-colega-do-exercito-e-e-morto-por-policial-em-festa-julina-em-uberlandia\/#primaryimage"},"thumbnailUrl":"https:\/\/brasilnoticias.org\/site\/wp-content\/uploads\/2023\/07\/vitima.webp","datePublished":"2023-07-16T10:00:41+00:00","breadcrumb":{"@id":"https:\/\/brasilnoticias.org\/site\/sargento-atira-em-colega-do-exercito-e-e-morto-por-policial-em-festa-julina-em-uberlandia\/#breadcrumb"},"inLanguage":"pt-PT","potentialAction":[{"@type":"ReadAction","target":["https:\/\/brasilnoticias.org\/site\/sargento-atira-em-colega-do-exercito-e-e-morto-por-policial-em-festa-julina-em-uberlandia\/"]}]},{"@type":"ImageObject","inLanguage":"pt-PT","@id":"https:\/\/brasilnoticias.org\/site\/sargento-atira-em-colega-do-exercito-e-e-morto-por-policial-em-festa-julina-em-uberlandia\/#primaryimage","url":"https:\/\/brasilnoticias.org\/site\/wp-content\/uploads\/2023\/07\/vitima.webp","contentUrl":"https:\/\/brasilnoticias.org\/site\/wp-content\/uploads\/2023\/07\/vitima.webp","width":984,"height":985},{"@type":"BreadcrumbList","@id":"https:\/\/brasilnoticias.org\/site\/sargento-atira-em-colega-do-exercito-e-e-morto-por-policial-em-festa-julina-em-uberlandia\/#breadcrumb","itemListElement":[{"@type":"ListItem","position":1,"name":"In\u00edcio","item":"https:\/\/brasilnoticias.org\/site\/"},{"@type":"ListItem","position":2,"name":"Sargento atira em colega do Ex\u00e9rcito e \u00e9 morto por policial em festa julina em Uberl\u00e2ndia"}]},{"@type":"WebSite","@id":"https:\/\/brasilnoticias.org\/site\/#website","url":"https:\/\/brasilnoticias.org\/site\/","name":"Brasil not\u00edcias","description":"Brasil not\u00edcias","publisher":{"@id":"https:\/\/brasilnoticias.org\/site\/#organization"},"potentialAction":[{"@type":"SearchAction","target":{"@type":"EntryPoint","urlTemplate":"https:\/\/brasilnoticias.org\/site\/?s={search_term_string}"},"query-input":{"@type":"PropertyValueSpecification","valueRequired":true,"valueName":"search_term_string"}}],"inLanguage":"pt-PT"},{"@type":"Organization","@id":"https:\/\/brasilnoticias.org\/site\/#organization","name":"Brasil not\u00edcias","url":"https:\/\/brasilnoticias.org\/site\/","logo":{"@type":"ImageObject","inLanguage":"pt-PT","@id":"https:\/\/brasilnoticias.org\/site\/#\/schema\/logo\/image\/","url":"https:\/\/brasilnoticias.org\/site\/wp-content\/uploads\/2022\/05\/cropped-brasilnoticias-mini.jpg","contentUrl":"https:\/\/brasilnoticias.org\/site\/wp-content\/uploads\/2022\/05\/cropped-brasilnoticias-mini.jpg","width":314,"height":86,"caption":"Brasil not\u00edcias"},"image":{"@id":"https:\/\/brasilnoticias.org\/site\/#\/schema\/logo\/image\/"}},{"@type":"Person","@id":"https:\/\/brasilnoticias.org\/site\/#\/schema\/person\/a0e05b973ec4d15c658d51911e53507b","name":"Reda\u00e7\u00e3o","image":{"@type":"ImageObject","inLanguage":"pt-PT","@id":"https:\/\/brasilnoticias.org\/site\/#\/schema\/person\/image\/","url":"https:\/\/secure.gravatar.com\/avatar\/75d8b050df2de108b08ae78dfb8e374892df24a383c67db9c46a9c604f6aee9c?s=96&d=mm&r=g","contentUrl":"https:\/\/secure.gravatar.com\/avatar\/75d8b050df2de108b08ae78dfb8e374892df24a383c67db9c46a9c604f6aee9c?s=96&d=mm&r=g","caption":"Reda\u00e7\u00e3o"},"sameAs":["https:\/\/brasilnoticias.org\/site"],"url":"https:\/\/brasilnoticias.org\/site\/author\/fernandozsngmail-com\/"}]}},"_links":{"self":[{"href":"https:\/\/brasilnoticias.org\/site\/wp-json\/wp\/v2\/posts\/7405","targetHints":{"allow":["GET"]}}],"collection":[{"href":"https:\/\/brasilnoticias.org\/site\/wp-json\/wp\/v2\/posts"}],"about":[{"href":"https:\/\/brasilnoticias.org\/site\/wp-json\/wp\/v2\/types\/post"}],"author":[{"embeddable":true,"href":"https:\/\/brasilnoticias.org\/site\/wp-json\/wp\/v2\/users\/1"}],"replies":[{"embeddable":true,"href":"https:\/\/brasilnoticias.org\/site\/wp-json\/wp\/v2\/comments?post=7405"}],"version-history":[{"count":1,"href":"https:\/\/brasilnoticias.org\/site\/wp-json\/wp\/v2\/posts\/7405\/revisions"}],"predecessor-version":[{"id":7407,"href":"https:\/\/brasilnoticias.org\/site\/wp-json\/wp\/v2\/posts\/7405\/revisions\/7407"}],"wp:featuredmedia":[{"embeddable":true,"href":"https:\/\/brasilnoticias.org\/site\/wp-json\/wp\/v2\/media\/7406"}],"wp:attachment":[{"href":"https:\/\/brasilnoticias.org\/site\/wp-json\/wp\/v2\/media?parent=7405"}],"wp:term":[{"taxonomy":"category","embeddable":true,"href":"https:\/\/brasilnoticias.org\/site\/wp-json\/wp\/v2\/categories?post=7405"},{"taxonomy":"post_tag","embeddable":true,"href":"https:\/\/brasilnoticias.org\/site\/wp-json\/wp\/v2\/tags?post=7405"}],"curies":[{"name":"wp","href":"https:\/\/api.w.org\/{rel}","templated":true}]}}