{"id":7408,"date":"2023-07-16T07:10:46","date_gmt":"2023-07-16T10:10:46","guid":{"rendered":"https:\/\/brasilnoticias.org\/site\/?p=7408"},"modified":"2023-07-15T19:48:10","modified_gmt":"2023-07-15T22:48:10","slug":"eliana-pode-ganhar-programa-aos-domingos-na-globo-depois-de-participacao-no-crianca-esperanca-diz-colunista","status":"publish","type":"post","link":"https:\/\/brasilnoticias.org\/site\/eliana-pode-ganhar-programa-aos-domingos-na-globo-depois-de-participacao-no-crianca-esperanca-diz-colunista\/","title":{"rendered":"Eliana pode ganhar programa aos domingos na Globo depois de participa\u00e7\u00e3o no \u2018Crian\u00e7a Esperan\u00e7a\u2019, diz colunista"},"content":{"rendered":"<p>Depois de surgir em hor\u00e1rio nobre na TV Globo para anunciar que marcar\u00e1 presen\u00e7a na edi\u00e7\u00e3o do \u201cCrian\u00e7a Esperan\u00e7a\u201d deste ano, ao que tudo indica, Eliana deve ganhar um programa aos domingos na v\u00eanus platinada a partir de 2025. Atualmente, a apresentadora domina as tardes do primeiro dia da semana no SBT.<\/p>\n<p>De acordo com informa\u00e7\u00f5es do colunista Alessandro Lo-Bianco, do \u201cA Tarde \u00e9 Sua\u201d, exibido pela RedeTV!, a loira recebeu proposta de assumir um programa di\u00e1rio em 2022, quando ainda n\u00e3o havia sido definida uma substituta para F\u00e1tima Bernardes, que comandava o \u201cEncontro\u201d.<\/p>\n<p>No entanto, a contratada do canal de Silvio Santos manteve o p\u00e9 no ch\u00e3o e disse que s\u00f3 aceitaria ir para a l\u00edder de audi\u00eancia caso conseguisse uma atra\u00e7\u00e3o semanal. Naquele momento, Eliana criou um projeto dominical e enviou para a Globo, mas n\u00e3o obteve uma resposta.<\/p>\n<p>Pouco depois de um ano, uma reviravolta aconteceu: a emissora da fam\u00edlia Marinho mostrou interesse em produzir o programa da comunicadora. Cerca de tr\u00eas semanas atr\u00e1s, a famosa foi informada do interesse do canal carioca e est\u00e1 disposta a embarcar nesse novo desafio de sua carreira.<\/p>\n<p>Mais sobre a mat\u00e9ria da ida de Eliana para o SBT<br \/>\nAinda segundo Lo-Bianco, o projeto ainda deve demorar alguns anos para chegar ao p\u00fablico, com uma estimativa para depois de 2025. Todavia, a Globo j\u00e1 vai trabalhar na imagem de Eliana, sendo a participa\u00e7\u00e3o no evento beneficente uma forma de mensurar o reflexo de sua imagem na v\u00eanus platinada.<\/p>\n<p>Foto Fornecido por Areavip<br \/>\nMsn<\/p>\n","protected":false},"excerpt":{"rendered":"<p>Depois de surgir em hor\u00e1rio nobre na TV Globo para anunciar que marcar\u00e1 presen\u00e7a na edi\u00e7\u00e3o do \u201cCrian\u00e7a Esperan\u00e7a\u201d deste<\/p>\n","protected":false},"author":1,"featured_media":7409,"comment_status":"open","ping_status":"open","sticky":false,"template":"","format":"standard","meta":{"colormag_page_container_layout":"default_layout","colormag_page_sidebar_layout":"default_layout","_FSMCFIC_featured_image_caption":"","_FSMCFIC_featured_image_nocaption":"","_FSMCFIC_featured_image_hide":"","footnotes":""},"categories":[8,1],"tags":[],"class_list":["post-7408","post","type-post","status-publish","format-standard","has-post-thumbnail","hentry","category-entretenimento","category-ultimas"],"yoast_head":"<!-- This site is optimized with the Yoast SEO plugin v27.1.1 - https:\/\/yoast.com\/product\/yoast-seo-wordpress\/ -->\n<title>Eliana pode ganhar programa aos domingos na Globo depois de participa\u00e7\u00e3o no \u2018Crian\u00e7a Esperan\u00e7a\u2019, diz colunista - Brasil not\u00edcias<\/title>\n<meta name=\"robots\" content=\"index, follow, max-snippet:-1, max-image-preview:large, max-video-preview:-1\" \/>\n<link rel=\"canonical\" href=\"https:\/\/brasilnoticias.org\/site\/eliana-pode-ganhar-programa-aos-domingos-na-globo-depois-de-participacao-no-crianca-esperanca-diz-colunista\/\" \/>\n<meta property=\"og:locale\" content=\"pt_PT\" \/>\n<meta property=\"og:type\" content=\"article\" \/>\n<meta property=\"og:title\" content=\"Eliana pode ganhar programa aos domingos na Globo depois de participa\u00e7\u00e3o no \u2018Crian\u00e7a Esperan\u00e7a\u2019, diz colunista - Brasil not\u00edcias\" \/>\n<meta property=\"og:description\" content=\"Depois de surgir em hor\u00e1rio nobre na TV Globo para anunciar que marcar\u00e1 presen\u00e7a na edi\u00e7\u00e3o do \u201cCrian\u00e7a Esperan\u00e7a\u201d deste\" \/>\n<meta property=\"og:url\" content=\"https:\/\/brasilnoticias.org\/site\/eliana-pode-ganhar-programa-aos-domingos-na-globo-depois-de-participacao-no-crianca-esperanca-diz-colunista\/\" \/>\n<meta property=\"og:site_name\" content=\"Brasil not\u00edcias\" \/>\n<meta property=\"article:published_time\" content=\"2023-07-16T10:10:46+00:00\" \/>\n<meta property=\"og:image\" content=\"https:\/\/brasilnoticias.org\/site\/wp-content\/uploads\/2023\/07\/AA1dSJBP.jpg\" \/>\n\t<meta property=\"og:image:width\" content=\"534\" \/>\n\t<meta property=\"og:image:height\" content=\"356\" \/>\n\t<meta property=\"og:image:type\" content=\"image\/jpeg\" \/>\n<meta name=\"author\" content=\"Reda\u00e7\u00e3o\" \/>\n<meta name=\"twitter:card\" content=\"summary_large_image\" \/>\n<meta name=\"twitter:label1\" content=\"Escrito por\" \/>\n\t<meta name=\"twitter:data1\" content=\"Reda\u00e7\u00e3o\" \/>\n<script type=\"application\/ld+json\" class=\"yoast-schema-graph\">{\"@context\":\"https:\/\/schema.org\",\"@graph\":[{\"@type\":\"Article\",\"@id\":\"https:\/\/brasilnoticias.org\/site\/eliana-pode-ganhar-programa-aos-domingos-na-globo-depois-de-participacao-no-crianca-esperanca-diz-colunista\/#article\",\"isPartOf\":{\"@id\":\"https:\/\/brasilnoticias.org\/site\/eliana-pode-ganhar-programa-aos-domingos-na-globo-depois-de-participacao-no-crianca-esperanca-diz-colunista\/\"},\"author\":{\"name\":\"Reda\u00e7\u00e3o\",\"@id\":\"https:\/\/brasilnoticias.org\/site\/#\/schema\/person\/a0e05b973ec4d15c658d51911e53507b\"},\"headline\":\"Eliana pode ganhar programa aos domingos na Globo depois de participa\u00e7\u00e3o no \u2018Crian\u00e7a Esperan\u00e7a\u2019, diz colunista\",\"datePublished\":\"2023-07-16T10:10:46+00:00\",\"mainEntityOfPage\":{\"@id\":\"https:\/\/brasilnoticias.org\/site\/eliana-pode-ganhar-programa-aos-domingos-na-globo-depois-de-participacao-no-crianca-esperanca-diz-colunista\/\"},\"wordCount\":289,\"commentCount\":0,\"publisher\":{\"@id\":\"https:\/\/brasilnoticias.org\/site\/#organization\"},\"image\":{\"@id\":\"https:\/\/brasilnoticias.org\/site\/eliana-pode-ganhar-programa-aos-domingos-na-globo-depois-de-participacao-no-crianca-esperanca-diz-colunista\/#primaryimage\"},\"thumbnailUrl\":\"https:\/\/brasilnoticias.org\/site\/wp-content\/uploads\/2023\/07\/AA1dSJBP.jpg\",\"articleSection\":[\"Entretenimento\",\"\u00daltimas\"],\"inLanguage\":\"pt-PT\",\"potentialAction\":[{\"@type\":\"CommentAction\",\"name\":\"Comment\",\"target\":[\"https:\/\/brasilnoticias.org\/site\/eliana-pode-ganhar-programa-aos-domingos-na-globo-depois-de-participacao-no-crianca-esperanca-diz-colunista\/#respond\"]}]},{\"@type\":\"WebPage\",\"@id\":\"https:\/\/brasilnoticias.org\/site\/eliana-pode-ganhar-programa-aos-domingos-na-globo-depois-de-participacao-no-crianca-esperanca-diz-colunista\/\",\"url\":\"https:\/\/brasilnoticias.org\/site\/eliana-pode-ganhar-programa-aos-domingos-na-globo-depois-de-participacao-no-crianca-esperanca-diz-colunista\/\",\"name\":\"Eliana pode ganhar programa aos domingos na Globo depois de participa\u00e7\u00e3o no \u2018Crian\u00e7a Esperan\u00e7a\u2019, diz colunista - Brasil not\u00edcias\",\"isPartOf\":{\"@id\":\"https:\/\/brasilnoticias.org\/site\/#website\"},\"primaryImageOfPage\":{\"@id\":\"https:\/\/brasilnoticias.org\/site\/eliana-pode-ganhar-programa-aos-domingos-na-globo-depois-de-participacao-no-crianca-esperanca-diz-colunista\/#primaryimage\"},\"image\":{\"@id\":\"https:\/\/brasilnoticias.org\/site\/eliana-pode-ganhar-programa-aos-domingos-na-globo-depois-de-participacao-no-crianca-esperanca-diz-colunista\/#primaryimage\"},\"thumbnailUrl\":\"https:\/\/brasilnoticias.org\/site\/wp-content\/uploads\/2023\/07\/AA1dSJBP.jpg\",\"datePublished\":\"2023-07-16T10:10:46+00:00\",\"breadcrumb\":{\"@id\":\"https:\/\/brasilnoticias.org\/site\/eliana-pode-ganhar-programa-aos-domingos-na-globo-depois-de-participacao-no-crianca-esperanca-diz-colunista\/#breadcrumb\"},\"inLanguage\":\"pt-PT\",\"potentialAction\":[{\"@type\":\"ReadAction\",\"target\":[\"https:\/\/brasilnoticias.org\/site\/eliana-pode-ganhar-programa-aos-domingos-na-globo-depois-de-participacao-no-crianca-esperanca-diz-colunista\/\"]}]},{\"@type\":\"ImageObject\",\"inLanguage\":\"pt-PT\",\"@id\":\"https:\/\/brasilnoticias.org\/site\/eliana-pode-ganhar-programa-aos-domingos-na-globo-depois-de-participacao-no-crianca-esperanca-diz-colunista\/#primaryimage\",\"url\":\"https:\/\/brasilnoticias.org\/site\/wp-content\/uploads\/2023\/07\/AA1dSJBP.jpg\",\"contentUrl\":\"https:\/\/brasilnoticias.org\/site\/wp-content\/uploads\/2023\/07\/AA1dSJBP.jpg\",\"width\":534,\"height\":356},{\"@type\":\"BreadcrumbList\",\"@id\":\"https:\/\/brasilnoticias.org\/site\/eliana-pode-ganhar-programa-aos-domingos-na-globo-depois-de-participacao-no-crianca-esperanca-diz-colunista\/#breadcrumb\",\"itemListElement\":[{\"@type\":\"ListItem\",\"position\":1,\"name\":\"In\u00edcio\",\"item\":\"https:\/\/brasilnoticias.org\/site\/\"},{\"@type\":\"ListItem\",\"position\":2,\"name\":\"Eliana pode ganhar programa aos domingos na Globo depois de participa\u00e7\u00e3o no \u2018Crian\u00e7a Esperan\u00e7a\u2019, diz colunista\"}]},{\"@type\":\"WebSite\",\"@id\":\"https:\/\/brasilnoticias.org\/site\/#website\",\"url\":\"https:\/\/brasilnoticias.org\/site\/\",\"name\":\"Brasil not\u00edcias\",\"description\":\"Brasil not\u00edcias\",\"publisher\":{\"@id\":\"https:\/\/brasilnoticias.org\/site\/#organization\"},\"potentialAction\":[{\"@type\":\"SearchAction\",\"target\":{\"@type\":\"EntryPoint\",\"urlTemplate\":\"https:\/\/brasilnoticias.org\/site\/?s={search_term_string}\"},\"query-input\":{\"@type\":\"PropertyValueSpecification\",\"valueRequired\":true,\"valueName\":\"search_term_string\"}}],\"inLanguage\":\"pt-PT\"},{\"@type\":\"Organization\",\"@id\":\"https:\/\/brasilnoticias.org\/site\/#organization\",\"name\":\"Brasil not\u00edcias\",\"url\":\"https:\/\/brasilnoticias.org\/site\/\",\"logo\":{\"@type\":\"ImageObject\",\"inLanguage\":\"pt-PT\",\"@id\":\"https:\/\/brasilnoticias.org\/site\/#\/schema\/logo\/image\/\",\"url\":\"https:\/\/brasilnoticias.org\/site\/wp-content\/uploads\/2022\/05\/cropped-brasilnoticias-mini.jpg\",\"contentUrl\":\"https:\/\/brasilnoticias.org\/site\/wp-content\/uploads\/2022\/05\/cropped-brasilnoticias-mini.jpg\",\"width\":314,\"height\":86,\"caption\":\"Brasil not\u00edcias\"},\"image\":{\"@id\":\"https:\/\/brasilnoticias.org\/site\/#\/schema\/logo\/image\/\"}},{\"@type\":\"Person\",\"@id\":\"https:\/\/brasilnoticias.org\/site\/#\/schema\/person\/a0e05b973ec4d15c658d51911e53507b\",\"name\":\"Reda\u00e7\u00e3o\",\"image\":{\"@type\":\"ImageObject\",\"inLanguage\":\"pt-PT\",\"@id\":\"https:\/\/brasilnoticias.org\/site\/#\/schema\/person\/image\/\",\"url\":\"https:\/\/secure.gravatar.com\/avatar\/75d8b050df2de108b08ae78dfb8e374892df24a383c67db9c46a9c604f6aee9c?s=96&d=mm&r=g\",\"contentUrl\":\"https:\/\/secure.gravatar.com\/avatar\/75d8b050df2de108b08ae78dfb8e374892df24a383c67db9c46a9c604f6aee9c?s=96&d=mm&r=g\",\"caption\":\"Reda\u00e7\u00e3o\"},\"sameAs\":[\"https:\/\/brasilnoticias.org\/site\"],\"url\":\"https:\/\/brasilnoticias.org\/site\/author\/fernandozsngmail-com\/\"}]}<\/script>\n<!-- \/ Yoast SEO plugin. -->","yoast_head_json":{"title":"Eliana pode ganhar programa aos domingos na Globo depois de participa\u00e7\u00e3o no \u2018Crian\u00e7a Esperan\u00e7a\u2019, diz colunista - Brasil not\u00edcias","robots":{"index":"index","follow":"follow","max-snippet":"max-snippet:-1","max-image-preview":"max-image-preview:large","max-video-preview":"max-video-preview:-1"},"canonical":"https:\/\/brasilnoticias.org\/site\/eliana-pode-ganhar-programa-aos-domingos-na-globo-depois-de-participacao-no-crianca-esperanca-diz-colunista\/","og_locale":"pt_PT","og_type":"article","og_title":"Eliana pode ganhar programa aos domingos na Globo depois de participa\u00e7\u00e3o no \u2018Crian\u00e7a Esperan\u00e7a\u2019, diz colunista - Brasil not\u00edcias","og_description":"Depois de surgir em hor\u00e1rio nobre na TV Globo para anunciar que marcar\u00e1 presen\u00e7a na edi\u00e7\u00e3o do \u201cCrian\u00e7a Esperan\u00e7a\u201d deste","og_url":"https:\/\/brasilnoticias.org\/site\/eliana-pode-ganhar-programa-aos-domingos-na-globo-depois-de-participacao-no-crianca-esperanca-diz-colunista\/","og_site_name":"Brasil not\u00edcias","article_published_time":"2023-07-16T10:10:46+00:00","og_image":[{"width":534,"height":356,"url":"https:\/\/brasilnoticias.org\/site\/wp-content\/uploads\/2023\/07\/AA1dSJBP.jpg","type":"image\/jpeg"}],"author":"Reda\u00e7\u00e3o","twitter_card":"summary_large_image","twitter_misc":{"Escrito por":"Reda\u00e7\u00e3o"},"schema":{"@context":"https:\/\/schema.org","@graph":[{"@type":"Article","@id":"https:\/\/brasilnoticias.org\/site\/eliana-pode-ganhar-programa-aos-domingos-na-globo-depois-de-participacao-no-crianca-esperanca-diz-colunista\/#article","isPartOf":{"@id":"https:\/\/brasilnoticias.org\/site\/eliana-pode-ganhar-programa-aos-domingos-na-globo-depois-de-participacao-no-crianca-esperanca-diz-colunista\/"},"author":{"name":"Reda\u00e7\u00e3o","@id":"https:\/\/brasilnoticias.org\/site\/#\/schema\/person\/a0e05b973ec4d15c658d51911e53507b"},"headline":"Eliana pode ganhar programa aos domingos na Globo depois de participa\u00e7\u00e3o no \u2018Crian\u00e7a Esperan\u00e7a\u2019, diz colunista","datePublished":"2023-07-16T10:10:46+00:00","mainEntityOfPage":{"@id":"https:\/\/brasilnoticias.org\/site\/eliana-pode-ganhar-programa-aos-domingos-na-globo-depois-de-participacao-no-crianca-esperanca-diz-colunista\/"},"wordCount":289,"commentCount":0,"publisher":{"@id":"https:\/\/brasilnoticias.org\/site\/#organization"},"image":{"@id":"https:\/\/brasilnoticias.org\/site\/eliana-pode-ganhar-programa-aos-domingos-na-globo-depois-de-participacao-no-crianca-esperanca-diz-colunista\/#primaryimage"},"thumbnailUrl":"https:\/\/brasilnoticias.org\/site\/wp-content\/uploads\/2023\/07\/AA1dSJBP.jpg","articleSection":["Entretenimento","\u00daltimas"],"inLanguage":"pt-PT","potentialAction":[{"@type":"CommentAction","name":"Comment","target":["https:\/\/brasilnoticias.org\/site\/eliana-pode-ganhar-programa-aos-domingos-na-globo-depois-de-participacao-no-crianca-esperanca-diz-colunista\/#respond"]}]},{"@type":"WebPage","@id":"https:\/\/brasilnoticias.org\/site\/eliana-pode-ganhar-programa-aos-domingos-na-globo-depois-de-participacao-no-crianca-esperanca-diz-colunista\/","url":"https:\/\/brasilnoticias.org\/site\/eliana-pode-ganhar-programa-aos-domingos-na-globo-depois-de-participacao-no-crianca-esperanca-diz-colunista\/","name":"Eliana pode ganhar programa aos domingos na Globo depois de participa\u00e7\u00e3o no \u2018Crian\u00e7a Esperan\u00e7a\u2019, diz colunista - Brasil not\u00edcias","isPartOf":{"@id":"https:\/\/brasilnoticias.org\/site\/#website"},"primaryImageOfPage":{"@id":"https:\/\/brasilnoticias.org\/site\/eliana-pode-ganhar-programa-aos-domingos-na-globo-depois-de-participacao-no-crianca-esperanca-diz-colunista\/#primaryimage"},"image":{"@id":"https:\/\/brasilnoticias.org\/site\/eliana-pode-ganhar-programa-aos-domingos-na-globo-depois-de-participacao-no-crianca-esperanca-diz-colunista\/#primaryimage"},"thumbnailUrl":"https:\/\/brasilnoticias.org\/site\/wp-content\/uploads\/2023\/07\/AA1dSJBP.jpg","datePublished":"2023-07-16T10:10:46+00:00","breadcrumb":{"@id":"https:\/\/brasilnoticias.org\/site\/eliana-pode-ganhar-programa-aos-domingos-na-globo-depois-de-participacao-no-crianca-esperanca-diz-colunista\/#breadcrumb"},"inLanguage":"pt-PT","potentialAction":[{"@type":"ReadAction","target":["https:\/\/brasilnoticias.org\/site\/eliana-pode-ganhar-programa-aos-domingos-na-globo-depois-de-participacao-no-crianca-esperanca-diz-colunista\/"]}]},{"@type":"ImageObject","inLanguage":"pt-PT","@id":"https:\/\/brasilnoticias.org\/site\/eliana-pode-ganhar-programa-aos-domingos-na-globo-depois-de-participacao-no-crianca-esperanca-diz-colunista\/#primaryimage","url":"https:\/\/brasilnoticias.org\/site\/wp-content\/uploads\/2023\/07\/AA1dSJBP.jpg","contentUrl":"https:\/\/brasilnoticias.org\/site\/wp-content\/uploads\/2023\/07\/AA1dSJBP.jpg","width":534,"height":356},{"@type":"BreadcrumbList","@id":"https:\/\/brasilnoticias.org\/site\/eliana-pode-ganhar-programa-aos-domingos-na-globo-depois-de-participacao-no-crianca-esperanca-diz-colunista\/#breadcrumb","itemListElement":[{"@type":"ListItem","position":1,"name":"In\u00edcio","item":"https:\/\/brasilnoticias.org\/site\/"},{"@type":"ListItem","position":2,"name":"Eliana pode ganhar programa aos domingos na Globo depois de participa\u00e7\u00e3o no \u2018Crian\u00e7a Esperan\u00e7a\u2019, diz colunista"}]},{"@type":"WebSite","@id":"https:\/\/brasilnoticias.org\/site\/#website","url":"https:\/\/brasilnoticias.org\/site\/","name":"Brasil not\u00edcias","description":"Brasil not\u00edcias","publisher":{"@id":"https:\/\/brasilnoticias.org\/site\/#organization"},"potentialAction":[{"@type":"SearchAction","target":{"@type":"EntryPoint","urlTemplate":"https:\/\/brasilnoticias.org\/site\/?s={search_term_string}"},"query-input":{"@type":"PropertyValueSpecification","valueRequired":true,"valueName":"search_term_string"}}],"inLanguage":"pt-PT"},{"@type":"Organization","@id":"https:\/\/brasilnoticias.org\/site\/#organization","name":"Brasil not\u00edcias","url":"https:\/\/brasilnoticias.org\/site\/","logo":{"@type":"ImageObject","inLanguage":"pt-PT","@id":"https:\/\/brasilnoticias.org\/site\/#\/schema\/logo\/image\/","url":"https:\/\/brasilnoticias.org\/site\/wp-content\/uploads\/2022\/05\/cropped-brasilnoticias-mini.jpg","contentUrl":"https:\/\/brasilnoticias.org\/site\/wp-content\/uploads\/2022\/05\/cropped-brasilnoticias-mini.jpg","width":314,"height":86,"caption":"Brasil not\u00edcias"},"image":{"@id":"https:\/\/brasilnoticias.org\/site\/#\/schema\/logo\/image\/"}},{"@type":"Person","@id":"https:\/\/brasilnoticias.org\/site\/#\/schema\/person\/a0e05b973ec4d15c658d51911e53507b","name":"Reda\u00e7\u00e3o","image":{"@type":"ImageObject","inLanguage":"pt-PT","@id":"https:\/\/brasilnoticias.org\/site\/#\/schema\/person\/image\/","url":"https:\/\/secure.gravatar.com\/avatar\/75d8b050df2de108b08ae78dfb8e374892df24a383c67db9c46a9c604f6aee9c?s=96&d=mm&r=g","contentUrl":"https:\/\/secure.gravatar.com\/avatar\/75d8b050df2de108b08ae78dfb8e374892df24a383c67db9c46a9c604f6aee9c?s=96&d=mm&r=g","caption":"Reda\u00e7\u00e3o"},"sameAs":["https:\/\/brasilnoticias.org\/site"],"url":"https:\/\/brasilnoticias.org\/site\/author\/fernandozsngmail-com\/"}]}},"_links":{"self":[{"href":"https:\/\/brasilnoticias.org\/site\/wp-json\/wp\/v2\/posts\/7408","targetHints":{"allow":["GET"]}}],"collection":[{"href":"https:\/\/brasilnoticias.org\/site\/wp-json\/wp\/v2\/posts"}],"about":[{"href":"https:\/\/brasilnoticias.org\/site\/wp-json\/wp\/v2\/types\/post"}],"author":[{"embeddable":true,"href":"https:\/\/brasilnoticias.org\/site\/wp-json\/wp\/v2\/users\/1"}],"replies":[{"embeddable":true,"href":"https:\/\/brasilnoticias.org\/site\/wp-json\/wp\/v2\/comments?post=7408"}],"version-history":[{"count":1,"href":"https:\/\/brasilnoticias.org\/site\/wp-json\/wp\/v2\/posts\/7408\/revisions"}],"predecessor-version":[{"id":7410,"href":"https:\/\/brasilnoticias.org\/site\/wp-json\/wp\/v2\/posts\/7408\/revisions\/7410"}],"wp:featuredmedia":[{"embeddable":true,"href":"https:\/\/brasilnoticias.org\/site\/wp-json\/wp\/v2\/media\/7409"}],"wp:attachment":[{"href":"https:\/\/brasilnoticias.org\/site\/wp-json\/wp\/v2\/media?parent=7408"}],"wp:term":[{"taxonomy":"category","embeddable":true,"href":"https:\/\/brasilnoticias.org\/site\/wp-json\/wp\/v2\/categories?post=7408"},{"taxonomy":"post_tag","embeddable":true,"href":"https:\/\/brasilnoticias.org\/site\/wp-json\/wp\/v2\/tags?post=7408"}],"curies":[{"name":"wp","href":"https:\/\/api.w.org\/{rel}","templated":true}]}}