{"id":7411,"date":"2023-07-16T07:20:38","date_gmt":"2023-07-16T10:20:38","guid":{"rendered":"https:\/\/brasilnoticias.org\/site\/?p=7411"},"modified":"2023-07-15T19:55:12","modified_gmt":"2023-07-15T22:55:12","slug":"a-bordo-de-moto-suspeitos-executam-homem-no-bairro-do-uruguai","status":"publish","type":"post","link":"https:\/\/brasilnoticias.org\/site\/a-bordo-de-moto-suspeitos-executam-homem-no-bairro-do-uruguai\/","title":{"rendered":"A bordo de moto, suspeitos executam homem no bairro do Uruguai"},"content":{"rendered":"<p>Um homem foi assassinado no bairro do Uruguai, em Salvador, na tarde deste s\u00e1bado (15). A v\u00edtima foi executada a tiros por dois homens a bordo de uma motocicleta.<\/p>\n<p>Identificado como Lucas dos Santos Lima, de 27 anos, o homem estava na Rua Direta do Uruguai, quando foi surpreendido pelos suspeitos.<\/p>\n<p>Clique aqui e se inscreva no canal do BNews no Youtube!<\/p>\n<p>Em nota enviada ao BNews, a equipe da 17\u00aa Companhia Independente (CIPM) foi acionada e constatou o fato ao chegar no local. O Servi\u00e7o de Atendimento M\u00f3vel de Urg\u00eancia (SAMU) tamb\u00e9m esteve na localidade e confirmou o \u00f3bito.<\/p>\n<p>A autoria e motiva\u00e7\u00e3o do crime ser\u00e3o investigadas pela 3\u00aa DH\/BTS.<\/p>\n<p>Foto Reprodu\u00e7\u00e3o\/Google Street View<br \/>\nBNews<\/p>\n","protected":false},"excerpt":{"rendered":"<p>Um homem foi assassinado no bairro do Uruguai, em Salvador, na tarde deste s\u00e1bado (15). A v\u00edtima foi executada a<\/p>\n","protected":false},"author":1,"featured_media":7412,"comment_status":"open","ping_status":"open","sticky":false,"template":"","format":"standard","meta":{"colormag_page_container_layout":"default_layout","colormag_page_sidebar_layout":"default_layout","_FSMCFIC_featured_image_caption":"","_FSMCFIC_featured_image_nocaption":"","_FSMCFIC_featured_image_hide":"","footnotes":""},"categories":[3,1],"tags":[],"class_list":["post-7411","post","type-post","status-publish","format-standard","has-post-thumbnail","hentry","category-policia","category-ultimas"],"yoast_head":"<!-- This site is optimized with the Yoast SEO plugin v27.1.1 - https:\/\/yoast.com\/product\/yoast-seo-wordpress\/ -->\n<title>A bordo de moto, suspeitos executam homem no bairro do Uruguai - Brasil not\u00edcias<\/title>\n<meta name=\"robots\" content=\"index, follow, max-snippet:-1, max-image-preview:large, max-video-preview:-1\" \/>\n<link rel=\"canonical\" href=\"https:\/\/brasilnoticias.org\/site\/a-bordo-de-moto-suspeitos-executam-homem-no-bairro-do-uruguai\/\" \/>\n<meta property=\"og:locale\" content=\"pt_PT\" \/>\n<meta property=\"og:type\" content=\"article\" \/>\n<meta property=\"og:title\" content=\"A bordo de moto, suspeitos executam homem no bairro do Uruguai - Brasil not\u00edcias\" \/>\n<meta property=\"og:description\" content=\"Um homem foi assassinado no bairro do Uruguai, em Salvador, na tarde deste s\u00e1bado (15). A v\u00edtima foi executada a\" \/>\n<meta property=\"og:url\" content=\"https:\/\/brasilnoticias.org\/site\/a-bordo-de-moto-suspeitos-executam-homem-no-bairro-do-uruguai\/\" \/>\n<meta property=\"og:site_name\" content=\"Brasil not\u00edcias\" \/>\n<meta property=\"article:published_time\" content=\"2023-07-16T10:20:38+00:00\" \/>\n<meta property=\"og:image\" content=\"https:\/\/brasilnoticias.org\/site\/wp-content\/uploads\/2023\/07\/whatsapp_image_2023-07-15_at_16.21.32_xWGhmVN_widelg.jpeg\" \/>\n\t<meta property=\"og:image:width\" content=\"800\" \/>\n\t<meta property=\"og:image:height\" content=\"450\" \/>\n\t<meta property=\"og:image:type\" content=\"image\/jpeg\" \/>\n<meta name=\"author\" content=\"Reda\u00e7\u00e3o\" \/>\n<meta name=\"twitter:card\" content=\"summary_large_image\" \/>\n<meta name=\"twitter:label1\" content=\"Escrito por\" \/>\n\t<meta name=\"twitter:data1\" content=\"Reda\u00e7\u00e3o\" \/>\n<script type=\"application\/ld+json\" class=\"yoast-schema-graph\">{\"@context\":\"https:\/\/schema.org\",\"@graph\":[{\"@type\":\"Article\",\"@id\":\"https:\/\/brasilnoticias.org\/site\/a-bordo-de-moto-suspeitos-executam-homem-no-bairro-do-uruguai\/#article\",\"isPartOf\":{\"@id\":\"https:\/\/brasilnoticias.org\/site\/a-bordo-de-moto-suspeitos-executam-homem-no-bairro-do-uruguai\/\"},\"author\":{\"name\":\"Reda\u00e7\u00e3o\",\"@id\":\"https:\/\/brasilnoticias.org\/site\/#\/schema\/person\/a0e05b973ec4d15c658d51911e53507b\"},\"headline\":\"A bordo de moto, suspeitos executam homem no bairro do Uruguai\",\"datePublished\":\"2023-07-16T10:20:38+00:00\",\"mainEntityOfPage\":{\"@id\":\"https:\/\/brasilnoticias.org\/site\/a-bordo-de-moto-suspeitos-executam-homem-no-bairro-do-uruguai\/\"},\"wordCount\":134,\"commentCount\":0,\"publisher\":{\"@id\":\"https:\/\/brasilnoticias.org\/site\/#organization\"},\"image\":{\"@id\":\"https:\/\/brasilnoticias.org\/site\/a-bordo-de-moto-suspeitos-executam-homem-no-bairro-do-uruguai\/#primaryimage\"},\"thumbnailUrl\":\"https:\/\/brasilnoticias.org\/site\/wp-content\/uploads\/2023\/07\/whatsapp_image_2023-07-15_at_16.21.32_xWGhmVN_widelg.jpeg\",\"articleSection\":[\"Pol\u00edcia\",\"\u00daltimas\"],\"inLanguage\":\"pt-PT\",\"potentialAction\":[{\"@type\":\"CommentAction\",\"name\":\"Comment\",\"target\":[\"https:\/\/brasilnoticias.org\/site\/a-bordo-de-moto-suspeitos-executam-homem-no-bairro-do-uruguai\/#respond\"]}]},{\"@type\":\"WebPage\",\"@id\":\"https:\/\/brasilnoticias.org\/site\/a-bordo-de-moto-suspeitos-executam-homem-no-bairro-do-uruguai\/\",\"url\":\"https:\/\/brasilnoticias.org\/site\/a-bordo-de-moto-suspeitos-executam-homem-no-bairro-do-uruguai\/\",\"name\":\"A bordo de moto, suspeitos executam homem no bairro do Uruguai - Brasil not\u00edcias\",\"isPartOf\":{\"@id\":\"https:\/\/brasilnoticias.org\/site\/#website\"},\"primaryImageOfPage\":{\"@id\":\"https:\/\/brasilnoticias.org\/site\/a-bordo-de-moto-suspeitos-executam-homem-no-bairro-do-uruguai\/#primaryimage\"},\"image\":{\"@id\":\"https:\/\/brasilnoticias.org\/site\/a-bordo-de-moto-suspeitos-executam-homem-no-bairro-do-uruguai\/#primaryimage\"},\"thumbnailUrl\":\"https:\/\/brasilnoticias.org\/site\/wp-content\/uploads\/2023\/07\/whatsapp_image_2023-07-15_at_16.21.32_xWGhmVN_widelg.jpeg\",\"datePublished\":\"2023-07-16T10:20:38+00:00\",\"breadcrumb\":{\"@id\":\"https:\/\/brasilnoticias.org\/site\/a-bordo-de-moto-suspeitos-executam-homem-no-bairro-do-uruguai\/#breadcrumb\"},\"inLanguage\":\"pt-PT\",\"potentialAction\":[{\"@type\":\"ReadAction\",\"target\":[\"https:\/\/brasilnoticias.org\/site\/a-bordo-de-moto-suspeitos-executam-homem-no-bairro-do-uruguai\/\"]}]},{\"@type\":\"ImageObject\",\"inLanguage\":\"pt-PT\",\"@id\":\"https:\/\/brasilnoticias.org\/site\/a-bordo-de-moto-suspeitos-executam-homem-no-bairro-do-uruguai\/#primaryimage\",\"url\":\"https:\/\/brasilnoticias.org\/site\/wp-content\/uploads\/2023\/07\/whatsapp_image_2023-07-15_at_16.21.32_xWGhmVN_widelg.jpeg\",\"contentUrl\":\"https:\/\/brasilnoticias.org\/site\/wp-content\/uploads\/2023\/07\/whatsapp_image_2023-07-15_at_16.21.32_xWGhmVN_widelg.jpeg\",\"width\":800,\"height\":450},{\"@type\":\"BreadcrumbList\",\"@id\":\"https:\/\/brasilnoticias.org\/site\/a-bordo-de-moto-suspeitos-executam-homem-no-bairro-do-uruguai\/#breadcrumb\",\"itemListElement\":[{\"@type\":\"ListItem\",\"position\":1,\"name\":\"In\u00edcio\",\"item\":\"https:\/\/brasilnoticias.org\/site\/\"},{\"@type\":\"ListItem\",\"position\":2,\"name\":\"A bordo de moto, suspeitos executam homem no bairro do Uruguai\"}]},{\"@type\":\"WebSite\",\"@id\":\"https:\/\/brasilnoticias.org\/site\/#website\",\"url\":\"https:\/\/brasilnoticias.org\/site\/\",\"name\":\"Brasil not\u00edcias\",\"description\":\"Brasil not\u00edcias\",\"publisher\":{\"@id\":\"https:\/\/brasilnoticias.org\/site\/#organization\"},\"potentialAction\":[{\"@type\":\"SearchAction\",\"target\":{\"@type\":\"EntryPoint\",\"urlTemplate\":\"https:\/\/brasilnoticias.org\/site\/?s={search_term_string}\"},\"query-input\":{\"@type\":\"PropertyValueSpecification\",\"valueRequired\":true,\"valueName\":\"search_term_string\"}}],\"inLanguage\":\"pt-PT\"},{\"@type\":\"Organization\",\"@id\":\"https:\/\/brasilnoticias.org\/site\/#organization\",\"name\":\"Brasil not\u00edcias\",\"url\":\"https:\/\/brasilnoticias.org\/site\/\",\"logo\":{\"@type\":\"ImageObject\",\"inLanguage\":\"pt-PT\",\"@id\":\"https:\/\/brasilnoticias.org\/site\/#\/schema\/logo\/image\/\",\"url\":\"https:\/\/brasilnoticias.org\/site\/wp-content\/uploads\/2022\/05\/cropped-brasilnoticias-mini.jpg\",\"contentUrl\":\"https:\/\/brasilnoticias.org\/site\/wp-content\/uploads\/2022\/05\/cropped-brasilnoticias-mini.jpg\",\"width\":314,\"height\":86,\"caption\":\"Brasil not\u00edcias\"},\"image\":{\"@id\":\"https:\/\/brasilnoticias.org\/site\/#\/schema\/logo\/image\/\"}},{\"@type\":\"Person\",\"@id\":\"https:\/\/brasilnoticias.org\/site\/#\/schema\/person\/a0e05b973ec4d15c658d51911e53507b\",\"name\":\"Reda\u00e7\u00e3o\",\"image\":{\"@type\":\"ImageObject\",\"inLanguage\":\"pt-PT\",\"@id\":\"https:\/\/brasilnoticias.org\/site\/#\/schema\/person\/image\/\",\"url\":\"https:\/\/secure.gravatar.com\/avatar\/75d8b050df2de108b08ae78dfb8e374892df24a383c67db9c46a9c604f6aee9c?s=96&d=mm&r=g\",\"contentUrl\":\"https:\/\/secure.gravatar.com\/avatar\/75d8b050df2de108b08ae78dfb8e374892df24a383c67db9c46a9c604f6aee9c?s=96&d=mm&r=g\",\"caption\":\"Reda\u00e7\u00e3o\"},\"sameAs\":[\"https:\/\/brasilnoticias.org\/site\"],\"url\":\"https:\/\/brasilnoticias.org\/site\/author\/fernandozsngmail-com\/\"}]}<\/script>\n<!-- \/ Yoast SEO plugin. -->","yoast_head_json":{"title":"A bordo de moto, suspeitos executam homem no bairro do Uruguai - Brasil not\u00edcias","robots":{"index":"index","follow":"follow","max-snippet":"max-snippet:-1","max-image-preview":"max-image-preview:large","max-video-preview":"max-video-preview:-1"},"canonical":"https:\/\/brasilnoticias.org\/site\/a-bordo-de-moto-suspeitos-executam-homem-no-bairro-do-uruguai\/","og_locale":"pt_PT","og_type":"article","og_title":"A bordo de moto, suspeitos executam homem no bairro do Uruguai - Brasil not\u00edcias","og_description":"Um homem foi assassinado no bairro do Uruguai, em Salvador, na tarde deste s\u00e1bado (15). A v\u00edtima foi executada a","og_url":"https:\/\/brasilnoticias.org\/site\/a-bordo-de-moto-suspeitos-executam-homem-no-bairro-do-uruguai\/","og_site_name":"Brasil not\u00edcias","article_published_time":"2023-07-16T10:20:38+00:00","og_image":[{"width":800,"height":450,"url":"https:\/\/brasilnoticias.org\/site\/wp-content\/uploads\/2023\/07\/whatsapp_image_2023-07-15_at_16.21.32_xWGhmVN_widelg.jpeg","type":"image\/jpeg"}],"author":"Reda\u00e7\u00e3o","twitter_card":"summary_large_image","twitter_misc":{"Escrito por":"Reda\u00e7\u00e3o"},"schema":{"@context":"https:\/\/schema.org","@graph":[{"@type":"Article","@id":"https:\/\/brasilnoticias.org\/site\/a-bordo-de-moto-suspeitos-executam-homem-no-bairro-do-uruguai\/#article","isPartOf":{"@id":"https:\/\/brasilnoticias.org\/site\/a-bordo-de-moto-suspeitos-executam-homem-no-bairro-do-uruguai\/"},"author":{"name":"Reda\u00e7\u00e3o","@id":"https:\/\/brasilnoticias.org\/site\/#\/schema\/person\/a0e05b973ec4d15c658d51911e53507b"},"headline":"A bordo de moto, suspeitos executam homem no bairro do Uruguai","datePublished":"2023-07-16T10:20:38+00:00","mainEntityOfPage":{"@id":"https:\/\/brasilnoticias.org\/site\/a-bordo-de-moto-suspeitos-executam-homem-no-bairro-do-uruguai\/"},"wordCount":134,"commentCount":0,"publisher":{"@id":"https:\/\/brasilnoticias.org\/site\/#organization"},"image":{"@id":"https:\/\/brasilnoticias.org\/site\/a-bordo-de-moto-suspeitos-executam-homem-no-bairro-do-uruguai\/#primaryimage"},"thumbnailUrl":"https:\/\/brasilnoticias.org\/site\/wp-content\/uploads\/2023\/07\/whatsapp_image_2023-07-15_at_16.21.32_xWGhmVN_widelg.jpeg","articleSection":["Pol\u00edcia","\u00daltimas"],"inLanguage":"pt-PT","potentialAction":[{"@type":"CommentAction","name":"Comment","target":["https:\/\/brasilnoticias.org\/site\/a-bordo-de-moto-suspeitos-executam-homem-no-bairro-do-uruguai\/#respond"]}]},{"@type":"WebPage","@id":"https:\/\/brasilnoticias.org\/site\/a-bordo-de-moto-suspeitos-executam-homem-no-bairro-do-uruguai\/","url":"https:\/\/brasilnoticias.org\/site\/a-bordo-de-moto-suspeitos-executam-homem-no-bairro-do-uruguai\/","name":"A bordo de moto, suspeitos executam homem no bairro do Uruguai - Brasil not\u00edcias","isPartOf":{"@id":"https:\/\/brasilnoticias.org\/site\/#website"},"primaryImageOfPage":{"@id":"https:\/\/brasilnoticias.org\/site\/a-bordo-de-moto-suspeitos-executam-homem-no-bairro-do-uruguai\/#primaryimage"},"image":{"@id":"https:\/\/brasilnoticias.org\/site\/a-bordo-de-moto-suspeitos-executam-homem-no-bairro-do-uruguai\/#primaryimage"},"thumbnailUrl":"https:\/\/brasilnoticias.org\/site\/wp-content\/uploads\/2023\/07\/whatsapp_image_2023-07-15_at_16.21.32_xWGhmVN_widelg.jpeg","datePublished":"2023-07-16T10:20:38+00:00","breadcrumb":{"@id":"https:\/\/brasilnoticias.org\/site\/a-bordo-de-moto-suspeitos-executam-homem-no-bairro-do-uruguai\/#breadcrumb"},"inLanguage":"pt-PT","potentialAction":[{"@type":"ReadAction","target":["https:\/\/brasilnoticias.org\/site\/a-bordo-de-moto-suspeitos-executam-homem-no-bairro-do-uruguai\/"]}]},{"@type":"ImageObject","inLanguage":"pt-PT","@id":"https:\/\/brasilnoticias.org\/site\/a-bordo-de-moto-suspeitos-executam-homem-no-bairro-do-uruguai\/#primaryimage","url":"https:\/\/brasilnoticias.org\/site\/wp-content\/uploads\/2023\/07\/whatsapp_image_2023-07-15_at_16.21.32_xWGhmVN_widelg.jpeg","contentUrl":"https:\/\/brasilnoticias.org\/site\/wp-content\/uploads\/2023\/07\/whatsapp_image_2023-07-15_at_16.21.32_xWGhmVN_widelg.jpeg","width":800,"height":450},{"@type":"BreadcrumbList","@id":"https:\/\/brasilnoticias.org\/site\/a-bordo-de-moto-suspeitos-executam-homem-no-bairro-do-uruguai\/#breadcrumb","itemListElement":[{"@type":"ListItem","position":1,"name":"In\u00edcio","item":"https:\/\/brasilnoticias.org\/site\/"},{"@type":"ListItem","position":2,"name":"A bordo de moto, suspeitos executam homem no bairro do Uruguai"}]},{"@type":"WebSite","@id":"https:\/\/brasilnoticias.org\/site\/#website","url":"https:\/\/brasilnoticias.org\/site\/","name":"Brasil not\u00edcias","description":"Brasil not\u00edcias","publisher":{"@id":"https:\/\/brasilnoticias.org\/site\/#organization"},"potentialAction":[{"@type":"SearchAction","target":{"@type":"EntryPoint","urlTemplate":"https:\/\/brasilnoticias.org\/site\/?s={search_term_string}"},"query-input":{"@type":"PropertyValueSpecification","valueRequired":true,"valueName":"search_term_string"}}],"inLanguage":"pt-PT"},{"@type":"Organization","@id":"https:\/\/brasilnoticias.org\/site\/#organization","name":"Brasil not\u00edcias","url":"https:\/\/brasilnoticias.org\/site\/","logo":{"@type":"ImageObject","inLanguage":"pt-PT","@id":"https:\/\/brasilnoticias.org\/site\/#\/schema\/logo\/image\/","url":"https:\/\/brasilnoticias.org\/site\/wp-content\/uploads\/2022\/05\/cropped-brasilnoticias-mini.jpg","contentUrl":"https:\/\/brasilnoticias.org\/site\/wp-content\/uploads\/2022\/05\/cropped-brasilnoticias-mini.jpg","width":314,"height":86,"caption":"Brasil not\u00edcias"},"image":{"@id":"https:\/\/brasilnoticias.org\/site\/#\/schema\/logo\/image\/"}},{"@type":"Person","@id":"https:\/\/brasilnoticias.org\/site\/#\/schema\/person\/a0e05b973ec4d15c658d51911e53507b","name":"Reda\u00e7\u00e3o","image":{"@type":"ImageObject","inLanguage":"pt-PT","@id":"https:\/\/brasilnoticias.org\/site\/#\/schema\/person\/image\/","url":"https:\/\/secure.gravatar.com\/avatar\/75d8b050df2de108b08ae78dfb8e374892df24a383c67db9c46a9c604f6aee9c?s=96&d=mm&r=g","contentUrl":"https:\/\/secure.gravatar.com\/avatar\/75d8b050df2de108b08ae78dfb8e374892df24a383c67db9c46a9c604f6aee9c?s=96&d=mm&r=g","caption":"Reda\u00e7\u00e3o"},"sameAs":["https:\/\/brasilnoticias.org\/site"],"url":"https:\/\/brasilnoticias.org\/site\/author\/fernandozsngmail-com\/"}]}},"_links":{"self":[{"href":"https:\/\/brasilnoticias.org\/site\/wp-json\/wp\/v2\/posts\/7411","targetHints":{"allow":["GET"]}}],"collection":[{"href":"https:\/\/brasilnoticias.org\/site\/wp-json\/wp\/v2\/posts"}],"about":[{"href":"https:\/\/brasilnoticias.org\/site\/wp-json\/wp\/v2\/types\/post"}],"author":[{"embeddable":true,"href":"https:\/\/brasilnoticias.org\/site\/wp-json\/wp\/v2\/users\/1"}],"replies":[{"embeddable":true,"href":"https:\/\/brasilnoticias.org\/site\/wp-json\/wp\/v2\/comments?post=7411"}],"version-history":[{"count":1,"href":"https:\/\/brasilnoticias.org\/site\/wp-json\/wp\/v2\/posts\/7411\/revisions"}],"predecessor-version":[{"id":7413,"href":"https:\/\/brasilnoticias.org\/site\/wp-json\/wp\/v2\/posts\/7411\/revisions\/7413"}],"wp:featuredmedia":[{"embeddable":true,"href":"https:\/\/brasilnoticias.org\/site\/wp-json\/wp\/v2\/media\/7412"}],"wp:attachment":[{"href":"https:\/\/brasilnoticias.org\/site\/wp-json\/wp\/v2\/media?parent=7411"}],"wp:term":[{"taxonomy":"category","embeddable":true,"href":"https:\/\/brasilnoticias.org\/site\/wp-json\/wp\/v2\/categories?post=7411"},{"taxonomy":"post_tag","embeddable":true,"href":"https:\/\/brasilnoticias.org\/site\/wp-json\/wp\/v2\/tags?post=7411"}],"curies":[{"name":"wp","href":"https:\/\/api.w.org\/{rel}","templated":true}]}}