{"id":7414,"date":"2023-07-16T07:30:37","date_gmt":"2023-07-16T10:30:37","guid":{"rendered":"https:\/\/brasilnoticias.org\/site\/?p=7414"},"modified":"2023-07-15T19:59:01","modified_gmt":"2023-07-15T22:59:01","slug":"policial-e-ferido-e-viatura-metralhada-durante-tiroteio-em-salvador-veja-video","status":"publish","type":"post","link":"https:\/\/brasilnoticias.org\/site\/policial-e-ferido-e-viatura-metralhada-durante-tiroteio-em-salvador-veja-video\/","title":{"rendered":"Policial \u00e9 ferido e viatura metralhada durante tiroteio em Salvador; Veja v\u00eddeo"},"content":{"rendered":"<p>Um policial militar ficou ferido ap\u00f3s uma viatura ser metralhada durante tiroteio, no bairro de Val\u00e9ria, em Salvador. A troca de tiros aconteceu na noite da \u00faltima sexta-feira (14), durante um patrulhamento de rotina, na Rua Palmeiras. <\/p>\n<p>Um v\u00eddeo, que circula nas redes sociais, mostra o momento em que policiais ficaram encurralados e pedem por socorro (alfa 11). Na imagem \u00e9 poss\u00edvel ver as marcas na viatura, que foi alvejada pelos suspeitos e ouvir a intensa troca de tiros.<\/p>\n<p>De acordo com a Pol\u00edcia Militar, o policial baleado foi encaminhado \u00e0 unidade de sa\u00fade do bairro, onde foi atendido e liberado. O estado de sa\u00fade \u00e9 est\u00e1vel. Os suspeitos fugiram para o matagal e est\u00e3o sendo procurados pela guarni\u00e7\u00e3o.<\/p>\n<p>Na manh\u00e3 deste s\u00e1bado (15), mais um tiroteio deixou os moradores de Val\u00e9ria em p\u00e2nico. Dessa vez, a troca de tiros entre a PM e o grupo armado aconteceu na Rua do Sossego. O BNews teve acesso a uma foto que mostra algumas c\u00e1psulas de balas recolhidas ap\u00f3s os tiros. Nenhum policial foi ferido na a\u00e7\u00e3o. A seguran\u00e7a foi refor\u00e7ada na regi\u00e3o.<\/p>\n<p>Foto Reprodu\u00e7\u00e3o\/ Redes Sociais<br \/>\nBnews<\/p>\n","protected":false},"excerpt":{"rendered":"<p>Um policial militar ficou ferido ap\u00f3s uma viatura ser metralhada durante tiroteio, no bairro de Val\u00e9ria, em Salvador. A troca<\/p>\n","protected":false},"author":1,"featured_media":7415,"comment_status":"open","ping_status":"open","sticky":false,"template":"","format":"standard","meta":{"colormag_page_container_layout":"default_layout","colormag_page_sidebar_layout":"default_layout","_FSMCFIC_featured_image_caption":"","_FSMCFIC_featured_image_nocaption":"","_FSMCFIC_featured_image_hide":"","footnotes":""},"categories":[3,1],"tags":[],"class_list":["post-7414","post","type-post","status-publish","format-standard","has-post-thumbnail","hentry","category-policia","category-ultimas"],"yoast_head":"<!-- This site is optimized with the Yoast SEO plugin v27.1.1 - https:\/\/yoast.com\/product\/yoast-seo-wordpress\/ -->\n<title>Policial \u00e9 ferido e viatura metralhada durante tiroteio em Salvador; Veja v\u00eddeo - Brasil not\u00edcias<\/title>\n<meta name=\"robots\" content=\"index, follow, max-snippet:-1, max-image-preview:large, max-video-preview:-1\" \/>\n<link rel=\"canonical\" href=\"https:\/\/brasilnoticias.org\/site\/policial-e-ferido-e-viatura-metralhada-durante-tiroteio-em-salvador-veja-video\/\" \/>\n<meta property=\"og:locale\" content=\"pt_PT\" \/>\n<meta property=\"og:type\" content=\"article\" \/>\n<meta property=\"og:title\" content=\"Policial \u00e9 ferido e viatura metralhada durante tiroteio em Salvador; Veja v\u00eddeo - Brasil not\u00edcias\" \/>\n<meta property=\"og:description\" content=\"Um policial militar ficou ferido ap\u00f3s uma viatura ser metralhada durante tiroteio, no bairro de Val\u00e9ria, em Salvador. A troca\" \/>\n<meta property=\"og:url\" content=\"https:\/\/brasilnoticias.org\/site\/policial-e-ferido-e-viatura-metralhada-durante-tiroteio-em-salvador-veja-video\/\" \/>\n<meta property=\"og:site_name\" content=\"Brasil not\u00edcias\" \/>\n<meta property=\"article:published_time\" content=\"2023-07-16T10:30:37+00:00\" \/>\n<meta property=\"og:image\" content=\"https:\/\/brasilnoticias.org\/site\/wp-content\/uploads\/2023\/07\/captura_de_tela_2023-07-15_151831_widelg.jpg\" \/>\n\t<meta property=\"og:image:width\" content=\"409\" \/>\n\t<meta property=\"og:image:height\" content=\"246\" \/>\n\t<meta property=\"og:image:type\" content=\"image\/jpeg\" \/>\n<meta name=\"author\" content=\"Reda\u00e7\u00e3o\" \/>\n<meta name=\"twitter:card\" content=\"summary_large_image\" \/>\n<meta name=\"twitter:label1\" content=\"Escrito por\" \/>\n\t<meta name=\"twitter:data1\" content=\"Reda\u00e7\u00e3o\" \/>\n<script type=\"application\/ld+json\" class=\"yoast-schema-graph\">{\"@context\":\"https:\/\/schema.org\",\"@graph\":[{\"@type\":\"Article\",\"@id\":\"https:\/\/brasilnoticias.org\/site\/policial-e-ferido-e-viatura-metralhada-durante-tiroteio-em-salvador-veja-video\/#article\",\"isPartOf\":{\"@id\":\"https:\/\/brasilnoticias.org\/site\/policial-e-ferido-e-viatura-metralhada-durante-tiroteio-em-salvador-veja-video\/\"},\"author\":{\"name\":\"Reda\u00e7\u00e3o\",\"@id\":\"https:\/\/brasilnoticias.org\/site\/#\/schema\/person\/a0e05b973ec4d15c658d51911e53507b\"},\"headline\":\"Policial \u00e9 ferido e viatura metralhada durante tiroteio em Salvador; Veja v\u00eddeo\",\"datePublished\":\"2023-07-16T10:30:37+00:00\",\"mainEntityOfPage\":{\"@id\":\"https:\/\/brasilnoticias.org\/site\/policial-e-ferido-e-viatura-metralhada-durante-tiroteio-em-salvador-veja-video\/\"},\"wordCount\":212,\"commentCount\":0,\"publisher\":{\"@id\":\"https:\/\/brasilnoticias.org\/site\/#organization\"},\"image\":{\"@id\":\"https:\/\/brasilnoticias.org\/site\/policial-e-ferido-e-viatura-metralhada-durante-tiroteio-em-salvador-veja-video\/#primaryimage\"},\"thumbnailUrl\":\"https:\/\/brasilnoticias.org\/site\/wp-content\/uploads\/2023\/07\/captura_de_tela_2023-07-15_151831_widelg.jpg\",\"articleSection\":[\"Pol\u00edcia\",\"\u00daltimas\"],\"inLanguage\":\"pt-PT\",\"potentialAction\":[{\"@type\":\"CommentAction\",\"name\":\"Comment\",\"target\":[\"https:\/\/brasilnoticias.org\/site\/policial-e-ferido-e-viatura-metralhada-durante-tiroteio-em-salvador-veja-video\/#respond\"]}]},{\"@type\":\"WebPage\",\"@id\":\"https:\/\/brasilnoticias.org\/site\/policial-e-ferido-e-viatura-metralhada-durante-tiroteio-em-salvador-veja-video\/\",\"url\":\"https:\/\/brasilnoticias.org\/site\/policial-e-ferido-e-viatura-metralhada-durante-tiroteio-em-salvador-veja-video\/\",\"name\":\"Policial \u00e9 ferido e viatura metralhada durante tiroteio em Salvador; Veja v\u00eddeo - Brasil not\u00edcias\",\"isPartOf\":{\"@id\":\"https:\/\/brasilnoticias.org\/site\/#website\"},\"primaryImageOfPage\":{\"@id\":\"https:\/\/brasilnoticias.org\/site\/policial-e-ferido-e-viatura-metralhada-durante-tiroteio-em-salvador-veja-video\/#primaryimage\"},\"image\":{\"@id\":\"https:\/\/brasilnoticias.org\/site\/policial-e-ferido-e-viatura-metralhada-durante-tiroteio-em-salvador-veja-video\/#primaryimage\"},\"thumbnailUrl\":\"https:\/\/brasilnoticias.org\/site\/wp-content\/uploads\/2023\/07\/captura_de_tela_2023-07-15_151831_widelg.jpg\",\"datePublished\":\"2023-07-16T10:30:37+00:00\",\"breadcrumb\":{\"@id\":\"https:\/\/brasilnoticias.org\/site\/policial-e-ferido-e-viatura-metralhada-durante-tiroteio-em-salvador-veja-video\/#breadcrumb\"},\"inLanguage\":\"pt-PT\",\"potentialAction\":[{\"@type\":\"ReadAction\",\"target\":[\"https:\/\/brasilnoticias.org\/site\/policial-e-ferido-e-viatura-metralhada-durante-tiroteio-em-salvador-veja-video\/\"]}]},{\"@type\":\"ImageObject\",\"inLanguage\":\"pt-PT\",\"@id\":\"https:\/\/brasilnoticias.org\/site\/policial-e-ferido-e-viatura-metralhada-durante-tiroteio-em-salvador-veja-video\/#primaryimage\",\"url\":\"https:\/\/brasilnoticias.org\/site\/wp-content\/uploads\/2023\/07\/captura_de_tela_2023-07-15_151831_widelg.jpg\",\"contentUrl\":\"https:\/\/brasilnoticias.org\/site\/wp-content\/uploads\/2023\/07\/captura_de_tela_2023-07-15_151831_widelg.jpg\",\"width\":409,\"height\":246},{\"@type\":\"BreadcrumbList\",\"@id\":\"https:\/\/brasilnoticias.org\/site\/policial-e-ferido-e-viatura-metralhada-durante-tiroteio-em-salvador-veja-video\/#breadcrumb\",\"itemListElement\":[{\"@type\":\"ListItem\",\"position\":1,\"name\":\"In\u00edcio\",\"item\":\"https:\/\/brasilnoticias.org\/site\/\"},{\"@type\":\"ListItem\",\"position\":2,\"name\":\"Policial \u00e9 ferido e viatura metralhada durante tiroteio em Salvador; Veja v\u00eddeo\"}]},{\"@type\":\"WebSite\",\"@id\":\"https:\/\/brasilnoticias.org\/site\/#website\",\"url\":\"https:\/\/brasilnoticias.org\/site\/\",\"name\":\"Brasil not\u00edcias\",\"description\":\"Brasil not\u00edcias\",\"publisher\":{\"@id\":\"https:\/\/brasilnoticias.org\/site\/#organization\"},\"potentialAction\":[{\"@type\":\"SearchAction\",\"target\":{\"@type\":\"EntryPoint\",\"urlTemplate\":\"https:\/\/brasilnoticias.org\/site\/?s={search_term_string}\"},\"query-input\":{\"@type\":\"PropertyValueSpecification\",\"valueRequired\":true,\"valueName\":\"search_term_string\"}}],\"inLanguage\":\"pt-PT\"},{\"@type\":\"Organization\",\"@id\":\"https:\/\/brasilnoticias.org\/site\/#organization\",\"name\":\"Brasil not\u00edcias\",\"url\":\"https:\/\/brasilnoticias.org\/site\/\",\"logo\":{\"@type\":\"ImageObject\",\"inLanguage\":\"pt-PT\",\"@id\":\"https:\/\/brasilnoticias.org\/site\/#\/schema\/logo\/image\/\",\"url\":\"https:\/\/brasilnoticias.org\/site\/wp-content\/uploads\/2022\/05\/cropped-brasilnoticias-mini.jpg\",\"contentUrl\":\"https:\/\/brasilnoticias.org\/site\/wp-content\/uploads\/2022\/05\/cropped-brasilnoticias-mini.jpg\",\"width\":314,\"height\":86,\"caption\":\"Brasil not\u00edcias\"},\"image\":{\"@id\":\"https:\/\/brasilnoticias.org\/site\/#\/schema\/logo\/image\/\"}},{\"@type\":\"Person\",\"@id\":\"https:\/\/brasilnoticias.org\/site\/#\/schema\/person\/a0e05b973ec4d15c658d51911e53507b\",\"name\":\"Reda\u00e7\u00e3o\",\"image\":{\"@type\":\"ImageObject\",\"inLanguage\":\"pt-PT\",\"@id\":\"https:\/\/brasilnoticias.org\/site\/#\/schema\/person\/image\/\",\"url\":\"https:\/\/secure.gravatar.com\/avatar\/75d8b050df2de108b08ae78dfb8e374892df24a383c67db9c46a9c604f6aee9c?s=96&d=mm&r=g\",\"contentUrl\":\"https:\/\/secure.gravatar.com\/avatar\/75d8b050df2de108b08ae78dfb8e374892df24a383c67db9c46a9c604f6aee9c?s=96&d=mm&r=g\",\"caption\":\"Reda\u00e7\u00e3o\"},\"sameAs\":[\"https:\/\/brasilnoticias.org\/site\"],\"url\":\"https:\/\/brasilnoticias.org\/site\/author\/fernandozsngmail-com\/\"}]}<\/script>\n<!-- \/ Yoast SEO plugin. -->","yoast_head_json":{"title":"Policial \u00e9 ferido e viatura metralhada durante tiroteio em Salvador; Veja v\u00eddeo - Brasil not\u00edcias","robots":{"index":"index","follow":"follow","max-snippet":"max-snippet:-1","max-image-preview":"max-image-preview:large","max-video-preview":"max-video-preview:-1"},"canonical":"https:\/\/brasilnoticias.org\/site\/policial-e-ferido-e-viatura-metralhada-durante-tiroteio-em-salvador-veja-video\/","og_locale":"pt_PT","og_type":"article","og_title":"Policial \u00e9 ferido e viatura metralhada durante tiroteio em Salvador; Veja v\u00eddeo - Brasil not\u00edcias","og_description":"Um policial militar ficou ferido ap\u00f3s uma viatura ser metralhada durante tiroteio, no bairro de Val\u00e9ria, em Salvador. A troca","og_url":"https:\/\/brasilnoticias.org\/site\/policial-e-ferido-e-viatura-metralhada-durante-tiroteio-em-salvador-veja-video\/","og_site_name":"Brasil not\u00edcias","article_published_time":"2023-07-16T10:30:37+00:00","og_image":[{"width":409,"height":246,"url":"https:\/\/brasilnoticias.org\/site\/wp-content\/uploads\/2023\/07\/captura_de_tela_2023-07-15_151831_widelg.jpg","type":"image\/jpeg"}],"author":"Reda\u00e7\u00e3o","twitter_card":"summary_large_image","twitter_misc":{"Escrito por":"Reda\u00e7\u00e3o"},"schema":{"@context":"https:\/\/schema.org","@graph":[{"@type":"Article","@id":"https:\/\/brasilnoticias.org\/site\/policial-e-ferido-e-viatura-metralhada-durante-tiroteio-em-salvador-veja-video\/#article","isPartOf":{"@id":"https:\/\/brasilnoticias.org\/site\/policial-e-ferido-e-viatura-metralhada-durante-tiroteio-em-salvador-veja-video\/"},"author":{"name":"Reda\u00e7\u00e3o","@id":"https:\/\/brasilnoticias.org\/site\/#\/schema\/person\/a0e05b973ec4d15c658d51911e53507b"},"headline":"Policial \u00e9 ferido e viatura metralhada durante tiroteio em Salvador; Veja v\u00eddeo","datePublished":"2023-07-16T10:30:37+00:00","mainEntityOfPage":{"@id":"https:\/\/brasilnoticias.org\/site\/policial-e-ferido-e-viatura-metralhada-durante-tiroteio-em-salvador-veja-video\/"},"wordCount":212,"commentCount":0,"publisher":{"@id":"https:\/\/brasilnoticias.org\/site\/#organization"},"image":{"@id":"https:\/\/brasilnoticias.org\/site\/policial-e-ferido-e-viatura-metralhada-durante-tiroteio-em-salvador-veja-video\/#primaryimage"},"thumbnailUrl":"https:\/\/brasilnoticias.org\/site\/wp-content\/uploads\/2023\/07\/captura_de_tela_2023-07-15_151831_widelg.jpg","articleSection":["Pol\u00edcia","\u00daltimas"],"inLanguage":"pt-PT","potentialAction":[{"@type":"CommentAction","name":"Comment","target":["https:\/\/brasilnoticias.org\/site\/policial-e-ferido-e-viatura-metralhada-durante-tiroteio-em-salvador-veja-video\/#respond"]}]},{"@type":"WebPage","@id":"https:\/\/brasilnoticias.org\/site\/policial-e-ferido-e-viatura-metralhada-durante-tiroteio-em-salvador-veja-video\/","url":"https:\/\/brasilnoticias.org\/site\/policial-e-ferido-e-viatura-metralhada-durante-tiroteio-em-salvador-veja-video\/","name":"Policial \u00e9 ferido e viatura metralhada durante tiroteio em Salvador; Veja v\u00eddeo - Brasil not\u00edcias","isPartOf":{"@id":"https:\/\/brasilnoticias.org\/site\/#website"},"primaryImageOfPage":{"@id":"https:\/\/brasilnoticias.org\/site\/policial-e-ferido-e-viatura-metralhada-durante-tiroteio-em-salvador-veja-video\/#primaryimage"},"image":{"@id":"https:\/\/brasilnoticias.org\/site\/policial-e-ferido-e-viatura-metralhada-durante-tiroteio-em-salvador-veja-video\/#primaryimage"},"thumbnailUrl":"https:\/\/brasilnoticias.org\/site\/wp-content\/uploads\/2023\/07\/captura_de_tela_2023-07-15_151831_widelg.jpg","datePublished":"2023-07-16T10:30:37+00:00","breadcrumb":{"@id":"https:\/\/brasilnoticias.org\/site\/policial-e-ferido-e-viatura-metralhada-durante-tiroteio-em-salvador-veja-video\/#breadcrumb"},"inLanguage":"pt-PT","potentialAction":[{"@type":"ReadAction","target":["https:\/\/brasilnoticias.org\/site\/policial-e-ferido-e-viatura-metralhada-durante-tiroteio-em-salvador-veja-video\/"]}]},{"@type":"ImageObject","inLanguage":"pt-PT","@id":"https:\/\/brasilnoticias.org\/site\/policial-e-ferido-e-viatura-metralhada-durante-tiroteio-em-salvador-veja-video\/#primaryimage","url":"https:\/\/brasilnoticias.org\/site\/wp-content\/uploads\/2023\/07\/captura_de_tela_2023-07-15_151831_widelg.jpg","contentUrl":"https:\/\/brasilnoticias.org\/site\/wp-content\/uploads\/2023\/07\/captura_de_tela_2023-07-15_151831_widelg.jpg","width":409,"height":246},{"@type":"BreadcrumbList","@id":"https:\/\/brasilnoticias.org\/site\/policial-e-ferido-e-viatura-metralhada-durante-tiroteio-em-salvador-veja-video\/#breadcrumb","itemListElement":[{"@type":"ListItem","position":1,"name":"In\u00edcio","item":"https:\/\/brasilnoticias.org\/site\/"},{"@type":"ListItem","position":2,"name":"Policial \u00e9 ferido e viatura metralhada durante tiroteio em Salvador; Veja v\u00eddeo"}]},{"@type":"WebSite","@id":"https:\/\/brasilnoticias.org\/site\/#website","url":"https:\/\/brasilnoticias.org\/site\/","name":"Brasil not\u00edcias","description":"Brasil not\u00edcias","publisher":{"@id":"https:\/\/brasilnoticias.org\/site\/#organization"},"potentialAction":[{"@type":"SearchAction","target":{"@type":"EntryPoint","urlTemplate":"https:\/\/brasilnoticias.org\/site\/?s={search_term_string}"},"query-input":{"@type":"PropertyValueSpecification","valueRequired":true,"valueName":"search_term_string"}}],"inLanguage":"pt-PT"},{"@type":"Organization","@id":"https:\/\/brasilnoticias.org\/site\/#organization","name":"Brasil not\u00edcias","url":"https:\/\/brasilnoticias.org\/site\/","logo":{"@type":"ImageObject","inLanguage":"pt-PT","@id":"https:\/\/brasilnoticias.org\/site\/#\/schema\/logo\/image\/","url":"https:\/\/brasilnoticias.org\/site\/wp-content\/uploads\/2022\/05\/cropped-brasilnoticias-mini.jpg","contentUrl":"https:\/\/brasilnoticias.org\/site\/wp-content\/uploads\/2022\/05\/cropped-brasilnoticias-mini.jpg","width":314,"height":86,"caption":"Brasil not\u00edcias"},"image":{"@id":"https:\/\/brasilnoticias.org\/site\/#\/schema\/logo\/image\/"}},{"@type":"Person","@id":"https:\/\/brasilnoticias.org\/site\/#\/schema\/person\/a0e05b973ec4d15c658d51911e53507b","name":"Reda\u00e7\u00e3o","image":{"@type":"ImageObject","inLanguage":"pt-PT","@id":"https:\/\/brasilnoticias.org\/site\/#\/schema\/person\/image\/","url":"https:\/\/secure.gravatar.com\/avatar\/75d8b050df2de108b08ae78dfb8e374892df24a383c67db9c46a9c604f6aee9c?s=96&d=mm&r=g","contentUrl":"https:\/\/secure.gravatar.com\/avatar\/75d8b050df2de108b08ae78dfb8e374892df24a383c67db9c46a9c604f6aee9c?s=96&d=mm&r=g","caption":"Reda\u00e7\u00e3o"},"sameAs":["https:\/\/brasilnoticias.org\/site"],"url":"https:\/\/brasilnoticias.org\/site\/author\/fernandozsngmail-com\/"}]}},"_links":{"self":[{"href":"https:\/\/brasilnoticias.org\/site\/wp-json\/wp\/v2\/posts\/7414","targetHints":{"allow":["GET"]}}],"collection":[{"href":"https:\/\/brasilnoticias.org\/site\/wp-json\/wp\/v2\/posts"}],"about":[{"href":"https:\/\/brasilnoticias.org\/site\/wp-json\/wp\/v2\/types\/post"}],"author":[{"embeddable":true,"href":"https:\/\/brasilnoticias.org\/site\/wp-json\/wp\/v2\/users\/1"}],"replies":[{"embeddable":true,"href":"https:\/\/brasilnoticias.org\/site\/wp-json\/wp\/v2\/comments?post=7414"}],"version-history":[{"count":1,"href":"https:\/\/brasilnoticias.org\/site\/wp-json\/wp\/v2\/posts\/7414\/revisions"}],"predecessor-version":[{"id":7416,"href":"https:\/\/brasilnoticias.org\/site\/wp-json\/wp\/v2\/posts\/7414\/revisions\/7416"}],"wp:featuredmedia":[{"embeddable":true,"href":"https:\/\/brasilnoticias.org\/site\/wp-json\/wp\/v2\/media\/7415"}],"wp:attachment":[{"href":"https:\/\/brasilnoticias.org\/site\/wp-json\/wp\/v2\/media?parent=7414"}],"wp:term":[{"taxonomy":"category","embeddable":true,"href":"https:\/\/brasilnoticias.org\/site\/wp-json\/wp\/v2\/categories?post=7414"},{"taxonomy":"post_tag","embeddable":true,"href":"https:\/\/brasilnoticias.org\/site\/wp-json\/wp\/v2\/tags?post=7414"}],"curies":[{"name":"wp","href":"https:\/\/api.w.org\/{rel}","templated":true}]}}