{"id":7423,"date":"2023-07-17T06:19:53","date_gmt":"2023-07-17T09:19:53","guid":{"rendered":"https:\/\/brasilnoticias.org\/site\/?p=7423"},"modified":"2023-07-17T06:19:53","modified_gmt":"2023-07-17T09:19:53","slug":"vitoria-bate-o-novorizontino-por-2-a-1-no-barradao-e-volta-ao-g-4-da-serie-b","status":"publish","type":"post","link":"https:\/\/brasilnoticias.org\/site\/vitoria-bate-o-novorizontino-por-2-a-1-no-barradao-e-volta-ao-g-4-da-serie-b\/","title":{"rendered":"Vit\u00f3ria bate o Novorizontino por 2 a 1 no Barrad\u00e3o e volta ao G-4 da S\u00e9rie B"},"content":{"rendered":"<p>O Vit\u00f3ria entrou em campo, na noite deste domingo (16), pela 17 rodada da S\u00e9rie B do Campeonato Brasileiro. Precisando vencer para voltar ao G4, o Le\u00e3o bateu o Novorizontino por 2 a 1 e agora est\u00e1 na quarta posi\u00e7\u00e3o.<\/p>\n<p>O treinador L\u00e9o Cond\u00e9 decidiu entrar no jogo sem centroavante e formou o ataque com Wellington Nem, Matheus Gon\u00e7alves e Osvaldo. O time encontrou muita dificuldade na primeira parte da partida, mas a mudan\u00e7a ofensiva deu resultado aos 35 minutos, quando Nem acionou Matheus na ponta direita, e camisa 7 cruzou para Osvaldo abrir o placar.<\/p>\n<p>Aos 41 minutos, o Le\u00e3o ampliou com Camutanga. Wellington Nem cobrou falta na segunda trave e Camutanga cabeceou certeiro para ampliar o placar.<\/p>\n<p>L\u00e9o Cond\u00e9 mudou na volta do intervalo e resolveu colocar o centroavante Welter no lugar de Osvaldo. A mudan\u00e7a n\u00e3o fez bem ao time \u00e9 o Rubro-negro voltou em marcha lenta para o segundo tempo.<\/p>\n<p>Aos 24 minutos, o Novorizontino diminuiu. Marlon cobrou escanteio na cabe\u00e7a de Geovane, que desviou para o fundo da rede e diminuiu o placar.<\/p>\n<p>Por duas vezes o Vit\u00f3ria teve chances claras de ampliar o resultado. Aos 36, Matheusinho fez mais uma cobran\u00e7a fechada. Wagner Leonardo alcan\u00e7ou a bola e cabeceou forte no cantinho, mas Z\u00e9 Mateus tirou em cima da linha. Dois minutos depois, Dudu lan\u00e7ou para Matheus Gon\u00e7alves na esquerda. O atacante avan\u00e7ou, driblou o goleiro Jordy e n\u00e3o chutou. O arqueiro do Novorizontino se recuperou e interceptou a jogada.<\/p>\n<p>O Novorizontino ainda tentou exercer uma press\u00e3o final, mas o resultado do jogo foi mesmo 2 a 1 e com o Vit\u00f3ria no G4.<\/p>\n<p>Foto Divulga\u00e7\u00e3o \/ Esporte Clube VIt\u00f3ria<br \/>\nBNews<\/p>\n","protected":false},"excerpt":{"rendered":"<p>O Vit\u00f3ria entrou em campo, na noite deste domingo (16), pela 17 rodada da S\u00e9rie B do Campeonato Brasileiro. Precisando<\/p>\n","protected":false},"author":1,"featured_media":7424,"comment_status":"open","ping_status":"open","sticky":false,"template":"","format":"standard","meta":{"colormag_page_container_layout":"default_layout","colormag_page_sidebar_layout":"default_layout","_FSMCFIC_featured_image_caption":"","_FSMCFIC_featured_image_nocaption":"","_FSMCFIC_featured_image_hide":"","footnotes":""},"categories":[4,1],"tags":[],"class_list":["post-7423","post","type-post","status-publish","format-standard","has-post-thumbnail","hentry","category-esporte","category-ultimas"],"yoast_head":"<!-- This site is optimized with the Yoast SEO plugin v27.1.1 - https:\/\/yoast.com\/product\/yoast-seo-wordpress\/ -->\n<title>Vit\u00f3ria bate o Novorizontino por 2 a 1 no Barrad\u00e3o e volta ao G-4 da S\u00e9rie B - Brasil not\u00edcias<\/title>\n<meta name=\"robots\" content=\"index, follow, max-snippet:-1, max-image-preview:large, max-video-preview:-1\" \/>\n<link rel=\"canonical\" href=\"https:\/\/brasilnoticias.org\/site\/vitoria-bate-o-novorizontino-por-2-a-1-no-barradao-e-volta-ao-g-4-da-serie-b\/\" \/>\n<meta property=\"og:locale\" content=\"pt_PT\" \/>\n<meta property=\"og:type\" content=\"article\" \/>\n<meta property=\"og:title\" content=\"Vit\u00f3ria bate o Novorizontino por 2 a 1 no Barrad\u00e3o e volta ao G-4 da S\u00e9rie B - Brasil not\u00edcias\" \/>\n<meta property=\"og:description\" content=\"O Vit\u00f3ria entrou em campo, na noite deste domingo (16), pela 17 rodada da S\u00e9rie B do Campeonato Brasileiro. Precisando\" \/>\n<meta property=\"og:url\" content=\"https:\/\/brasilnoticias.org\/site\/vitoria-bate-o-novorizontino-por-2-a-1-no-barradao-e-volta-ao-g-4-da-serie-b\/\" \/>\n<meta property=\"og:site_name\" content=\"Brasil not\u00edcias\" \/>\n<meta property=\"article:published_time\" content=\"2023-07-17T09:19:53+00:00\" \/>\n<meta property=\"og:image\" content=\"https:\/\/brasilnoticias.org\/site\/wp-content\/uploads\/2023\/07\/whatsapp_image_2023-07-16_at_20.28.10_widelg.jpeg\" \/>\n\t<meta property=\"og:image:width\" content=\"800\" \/>\n\t<meta property=\"og:image:height\" content=\"450\" \/>\n\t<meta property=\"og:image:type\" content=\"image\/jpeg\" \/>\n<meta name=\"author\" content=\"Reda\u00e7\u00e3o\" \/>\n<meta name=\"twitter:card\" content=\"summary_large_image\" \/>\n<meta name=\"twitter:label1\" content=\"Escrito por\" \/>\n\t<meta name=\"twitter:data1\" content=\"Reda\u00e7\u00e3o\" \/>\n<script type=\"application\/ld+json\" class=\"yoast-schema-graph\">{\"@context\":\"https:\/\/schema.org\",\"@graph\":[{\"@type\":\"Article\",\"@id\":\"https:\/\/brasilnoticias.org\/site\/vitoria-bate-o-novorizontino-por-2-a-1-no-barradao-e-volta-ao-g-4-da-serie-b\/#article\",\"isPartOf\":{\"@id\":\"https:\/\/brasilnoticias.org\/site\/vitoria-bate-o-novorizontino-por-2-a-1-no-barradao-e-volta-ao-g-4-da-serie-b\/\"},\"author\":{\"name\":\"Reda\u00e7\u00e3o\",\"@id\":\"https:\/\/brasilnoticias.org\/site\/#\/schema\/person\/a0e05b973ec4d15c658d51911e53507b\"},\"headline\":\"Vit\u00f3ria bate o Novorizontino por 2 a 1 no Barrad\u00e3o e volta ao G-4 da S\u00e9rie B\",\"datePublished\":\"2023-07-17T09:19:53+00:00\",\"mainEntityOfPage\":{\"@id\":\"https:\/\/brasilnoticias.org\/site\/vitoria-bate-o-novorizontino-por-2-a-1-no-barradao-e-volta-ao-g-4-da-serie-b\/\"},\"wordCount\":305,\"commentCount\":0,\"publisher\":{\"@id\":\"https:\/\/brasilnoticias.org\/site\/#organization\"},\"image\":{\"@id\":\"https:\/\/brasilnoticias.org\/site\/vitoria-bate-o-novorizontino-por-2-a-1-no-barradao-e-volta-ao-g-4-da-serie-b\/#primaryimage\"},\"thumbnailUrl\":\"https:\/\/brasilnoticias.org\/site\/wp-content\/uploads\/2023\/07\/whatsapp_image_2023-07-16_at_20.28.10_widelg.jpeg\",\"articleSection\":[\"Esporte\",\"\u00daltimas\"],\"inLanguage\":\"pt-PT\",\"potentialAction\":[{\"@type\":\"CommentAction\",\"name\":\"Comment\",\"target\":[\"https:\/\/brasilnoticias.org\/site\/vitoria-bate-o-novorizontino-por-2-a-1-no-barradao-e-volta-ao-g-4-da-serie-b\/#respond\"]}]},{\"@type\":\"WebPage\",\"@id\":\"https:\/\/brasilnoticias.org\/site\/vitoria-bate-o-novorizontino-por-2-a-1-no-barradao-e-volta-ao-g-4-da-serie-b\/\",\"url\":\"https:\/\/brasilnoticias.org\/site\/vitoria-bate-o-novorizontino-por-2-a-1-no-barradao-e-volta-ao-g-4-da-serie-b\/\",\"name\":\"Vit\u00f3ria bate o Novorizontino por 2 a 1 no Barrad\u00e3o e volta ao G-4 da S\u00e9rie B - Brasil not\u00edcias\",\"isPartOf\":{\"@id\":\"https:\/\/brasilnoticias.org\/site\/#website\"},\"primaryImageOfPage\":{\"@id\":\"https:\/\/brasilnoticias.org\/site\/vitoria-bate-o-novorizontino-por-2-a-1-no-barradao-e-volta-ao-g-4-da-serie-b\/#primaryimage\"},\"image\":{\"@id\":\"https:\/\/brasilnoticias.org\/site\/vitoria-bate-o-novorizontino-por-2-a-1-no-barradao-e-volta-ao-g-4-da-serie-b\/#primaryimage\"},\"thumbnailUrl\":\"https:\/\/brasilnoticias.org\/site\/wp-content\/uploads\/2023\/07\/whatsapp_image_2023-07-16_at_20.28.10_widelg.jpeg\",\"datePublished\":\"2023-07-17T09:19:53+00:00\",\"breadcrumb\":{\"@id\":\"https:\/\/brasilnoticias.org\/site\/vitoria-bate-o-novorizontino-por-2-a-1-no-barradao-e-volta-ao-g-4-da-serie-b\/#breadcrumb\"},\"inLanguage\":\"pt-PT\",\"potentialAction\":[{\"@type\":\"ReadAction\",\"target\":[\"https:\/\/brasilnoticias.org\/site\/vitoria-bate-o-novorizontino-por-2-a-1-no-barradao-e-volta-ao-g-4-da-serie-b\/\"]}]},{\"@type\":\"ImageObject\",\"inLanguage\":\"pt-PT\",\"@id\":\"https:\/\/brasilnoticias.org\/site\/vitoria-bate-o-novorizontino-por-2-a-1-no-barradao-e-volta-ao-g-4-da-serie-b\/#primaryimage\",\"url\":\"https:\/\/brasilnoticias.org\/site\/wp-content\/uploads\/2023\/07\/whatsapp_image_2023-07-16_at_20.28.10_widelg.jpeg\",\"contentUrl\":\"https:\/\/brasilnoticias.org\/site\/wp-content\/uploads\/2023\/07\/whatsapp_image_2023-07-16_at_20.28.10_widelg.jpeg\",\"width\":800,\"height\":450},{\"@type\":\"BreadcrumbList\",\"@id\":\"https:\/\/brasilnoticias.org\/site\/vitoria-bate-o-novorizontino-por-2-a-1-no-barradao-e-volta-ao-g-4-da-serie-b\/#breadcrumb\",\"itemListElement\":[{\"@type\":\"ListItem\",\"position\":1,\"name\":\"In\u00edcio\",\"item\":\"https:\/\/brasilnoticias.org\/site\/\"},{\"@type\":\"ListItem\",\"position\":2,\"name\":\"Vit\u00f3ria bate o Novorizontino por 2 a 1 no Barrad\u00e3o e volta ao G-4 da S\u00e9rie B\"}]},{\"@type\":\"WebSite\",\"@id\":\"https:\/\/brasilnoticias.org\/site\/#website\",\"url\":\"https:\/\/brasilnoticias.org\/site\/\",\"name\":\"Brasil not\u00edcias\",\"description\":\"Brasil not\u00edcias\",\"publisher\":{\"@id\":\"https:\/\/brasilnoticias.org\/site\/#organization\"},\"potentialAction\":[{\"@type\":\"SearchAction\",\"target\":{\"@type\":\"EntryPoint\",\"urlTemplate\":\"https:\/\/brasilnoticias.org\/site\/?s={search_term_string}\"},\"query-input\":{\"@type\":\"PropertyValueSpecification\",\"valueRequired\":true,\"valueName\":\"search_term_string\"}}],\"inLanguage\":\"pt-PT\"},{\"@type\":\"Organization\",\"@id\":\"https:\/\/brasilnoticias.org\/site\/#organization\",\"name\":\"Brasil not\u00edcias\",\"url\":\"https:\/\/brasilnoticias.org\/site\/\",\"logo\":{\"@type\":\"ImageObject\",\"inLanguage\":\"pt-PT\",\"@id\":\"https:\/\/brasilnoticias.org\/site\/#\/schema\/logo\/image\/\",\"url\":\"https:\/\/brasilnoticias.org\/site\/wp-content\/uploads\/2022\/05\/cropped-brasilnoticias-mini.jpg\",\"contentUrl\":\"https:\/\/brasilnoticias.org\/site\/wp-content\/uploads\/2022\/05\/cropped-brasilnoticias-mini.jpg\",\"width\":314,\"height\":86,\"caption\":\"Brasil not\u00edcias\"},\"image\":{\"@id\":\"https:\/\/brasilnoticias.org\/site\/#\/schema\/logo\/image\/\"}},{\"@type\":\"Person\",\"@id\":\"https:\/\/brasilnoticias.org\/site\/#\/schema\/person\/a0e05b973ec4d15c658d51911e53507b\",\"name\":\"Reda\u00e7\u00e3o\",\"image\":{\"@type\":\"ImageObject\",\"inLanguage\":\"pt-PT\",\"@id\":\"https:\/\/brasilnoticias.org\/site\/#\/schema\/person\/image\/\",\"url\":\"https:\/\/secure.gravatar.com\/avatar\/75d8b050df2de108b08ae78dfb8e374892df24a383c67db9c46a9c604f6aee9c?s=96&d=mm&r=g\",\"contentUrl\":\"https:\/\/secure.gravatar.com\/avatar\/75d8b050df2de108b08ae78dfb8e374892df24a383c67db9c46a9c604f6aee9c?s=96&d=mm&r=g\",\"caption\":\"Reda\u00e7\u00e3o\"},\"sameAs\":[\"https:\/\/brasilnoticias.org\/site\"],\"url\":\"https:\/\/brasilnoticias.org\/site\/author\/fernandozsngmail-com\/\"}]}<\/script>\n<!-- \/ Yoast SEO plugin. -->","yoast_head_json":{"title":"Vit\u00f3ria bate o Novorizontino por 2 a 1 no Barrad\u00e3o e volta ao G-4 da S\u00e9rie B - Brasil not\u00edcias","robots":{"index":"index","follow":"follow","max-snippet":"max-snippet:-1","max-image-preview":"max-image-preview:large","max-video-preview":"max-video-preview:-1"},"canonical":"https:\/\/brasilnoticias.org\/site\/vitoria-bate-o-novorizontino-por-2-a-1-no-barradao-e-volta-ao-g-4-da-serie-b\/","og_locale":"pt_PT","og_type":"article","og_title":"Vit\u00f3ria bate o Novorizontino por 2 a 1 no Barrad\u00e3o e volta ao G-4 da S\u00e9rie B - Brasil not\u00edcias","og_description":"O Vit\u00f3ria entrou em campo, na noite deste domingo (16), pela 17 rodada da S\u00e9rie B do Campeonato Brasileiro. Precisando","og_url":"https:\/\/brasilnoticias.org\/site\/vitoria-bate-o-novorizontino-por-2-a-1-no-barradao-e-volta-ao-g-4-da-serie-b\/","og_site_name":"Brasil not\u00edcias","article_published_time":"2023-07-17T09:19:53+00:00","og_image":[{"width":800,"height":450,"url":"https:\/\/brasilnoticias.org\/site\/wp-content\/uploads\/2023\/07\/whatsapp_image_2023-07-16_at_20.28.10_widelg.jpeg","type":"image\/jpeg"}],"author":"Reda\u00e7\u00e3o","twitter_card":"summary_large_image","twitter_misc":{"Escrito por":"Reda\u00e7\u00e3o"},"schema":{"@context":"https:\/\/schema.org","@graph":[{"@type":"Article","@id":"https:\/\/brasilnoticias.org\/site\/vitoria-bate-o-novorizontino-por-2-a-1-no-barradao-e-volta-ao-g-4-da-serie-b\/#article","isPartOf":{"@id":"https:\/\/brasilnoticias.org\/site\/vitoria-bate-o-novorizontino-por-2-a-1-no-barradao-e-volta-ao-g-4-da-serie-b\/"},"author":{"name":"Reda\u00e7\u00e3o","@id":"https:\/\/brasilnoticias.org\/site\/#\/schema\/person\/a0e05b973ec4d15c658d51911e53507b"},"headline":"Vit\u00f3ria bate o Novorizontino por 2 a 1 no Barrad\u00e3o e volta ao G-4 da S\u00e9rie B","datePublished":"2023-07-17T09:19:53+00:00","mainEntityOfPage":{"@id":"https:\/\/brasilnoticias.org\/site\/vitoria-bate-o-novorizontino-por-2-a-1-no-barradao-e-volta-ao-g-4-da-serie-b\/"},"wordCount":305,"commentCount":0,"publisher":{"@id":"https:\/\/brasilnoticias.org\/site\/#organization"},"image":{"@id":"https:\/\/brasilnoticias.org\/site\/vitoria-bate-o-novorizontino-por-2-a-1-no-barradao-e-volta-ao-g-4-da-serie-b\/#primaryimage"},"thumbnailUrl":"https:\/\/brasilnoticias.org\/site\/wp-content\/uploads\/2023\/07\/whatsapp_image_2023-07-16_at_20.28.10_widelg.jpeg","articleSection":["Esporte","\u00daltimas"],"inLanguage":"pt-PT","potentialAction":[{"@type":"CommentAction","name":"Comment","target":["https:\/\/brasilnoticias.org\/site\/vitoria-bate-o-novorizontino-por-2-a-1-no-barradao-e-volta-ao-g-4-da-serie-b\/#respond"]}]},{"@type":"WebPage","@id":"https:\/\/brasilnoticias.org\/site\/vitoria-bate-o-novorizontino-por-2-a-1-no-barradao-e-volta-ao-g-4-da-serie-b\/","url":"https:\/\/brasilnoticias.org\/site\/vitoria-bate-o-novorizontino-por-2-a-1-no-barradao-e-volta-ao-g-4-da-serie-b\/","name":"Vit\u00f3ria bate o Novorizontino por 2 a 1 no Barrad\u00e3o e volta ao G-4 da S\u00e9rie B - Brasil not\u00edcias","isPartOf":{"@id":"https:\/\/brasilnoticias.org\/site\/#website"},"primaryImageOfPage":{"@id":"https:\/\/brasilnoticias.org\/site\/vitoria-bate-o-novorizontino-por-2-a-1-no-barradao-e-volta-ao-g-4-da-serie-b\/#primaryimage"},"image":{"@id":"https:\/\/brasilnoticias.org\/site\/vitoria-bate-o-novorizontino-por-2-a-1-no-barradao-e-volta-ao-g-4-da-serie-b\/#primaryimage"},"thumbnailUrl":"https:\/\/brasilnoticias.org\/site\/wp-content\/uploads\/2023\/07\/whatsapp_image_2023-07-16_at_20.28.10_widelg.jpeg","datePublished":"2023-07-17T09:19:53+00:00","breadcrumb":{"@id":"https:\/\/brasilnoticias.org\/site\/vitoria-bate-o-novorizontino-por-2-a-1-no-barradao-e-volta-ao-g-4-da-serie-b\/#breadcrumb"},"inLanguage":"pt-PT","potentialAction":[{"@type":"ReadAction","target":["https:\/\/brasilnoticias.org\/site\/vitoria-bate-o-novorizontino-por-2-a-1-no-barradao-e-volta-ao-g-4-da-serie-b\/"]}]},{"@type":"ImageObject","inLanguage":"pt-PT","@id":"https:\/\/brasilnoticias.org\/site\/vitoria-bate-o-novorizontino-por-2-a-1-no-barradao-e-volta-ao-g-4-da-serie-b\/#primaryimage","url":"https:\/\/brasilnoticias.org\/site\/wp-content\/uploads\/2023\/07\/whatsapp_image_2023-07-16_at_20.28.10_widelg.jpeg","contentUrl":"https:\/\/brasilnoticias.org\/site\/wp-content\/uploads\/2023\/07\/whatsapp_image_2023-07-16_at_20.28.10_widelg.jpeg","width":800,"height":450},{"@type":"BreadcrumbList","@id":"https:\/\/brasilnoticias.org\/site\/vitoria-bate-o-novorizontino-por-2-a-1-no-barradao-e-volta-ao-g-4-da-serie-b\/#breadcrumb","itemListElement":[{"@type":"ListItem","position":1,"name":"In\u00edcio","item":"https:\/\/brasilnoticias.org\/site\/"},{"@type":"ListItem","position":2,"name":"Vit\u00f3ria bate o Novorizontino por 2 a 1 no Barrad\u00e3o e volta ao G-4 da S\u00e9rie B"}]},{"@type":"WebSite","@id":"https:\/\/brasilnoticias.org\/site\/#website","url":"https:\/\/brasilnoticias.org\/site\/","name":"Brasil not\u00edcias","description":"Brasil not\u00edcias","publisher":{"@id":"https:\/\/brasilnoticias.org\/site\/#organization"},"potentialAction":[{"@type":"SearchAction","target":{"@type":"EntryPoint","urlTemplate":"https:\/\/brasilnoticias.org\/site\/?s={search_term_string}"},"query-input":{"@type":"PropertyValueSpecification","valueRequired":true,"valueName":"search_term_string"}}],"inLanguage":"pt-PT"},{"@type":"Organization","@id":"https:\/\/brasilnoticias.org\/site\/#organization","name":"Brasil not\u00edcias","url":"https:\/\/brasilnoticias.org\/site\/","logo":{"@type":"ImageObject","inLanguage":"pt-PT","@id":"https:\/\/brasilnoticias.org\/site\/#\/schema\/logo\/image\/","url":"https:\/\/brasilnoticias.org\/site\/wp-content\/uploads\/2022\/05\/cropped-brasilnoticias-mini.jpg","contentUrl":"https:\/\/brasilnoticias.org\/site\/wp-content\/uploads\/2022\/05\/cropped-brasilnoticias-mini.jpg","width":314,"height":86,"caption":"Brasil not\u00edcias"},"image":{"@id":"https:\/\/brasilnoticias.org\/site\/#\/schema\/logo\/image\/"}},{"@type":"Person","@id":"https:\/\/brasilnoticias.org\/site\/#\/schema\/person\/a0e05b973ec4d15c658d51911e53507b","name":"Reda\u00e7\u00e3o","image":{"@type":"ImageObject","inLanguage":"pt-PT","@id":"https:\/\/brasilnoticias.org\/site\/#\/schema\/person\/image\/","url":"https:\/\/secure.gravatar.com\/avatar\/75d8b050df2de108b08ae78dfb8e374892df24a383c67db9c46a9c604f6aee9c?s=96&d=mm&r=g","contentUrl":"https:\/\/secure.gravatar.com\/avatar\/75d8b050df2de108b08ae78dfb8e374892df24a383c67db9c46a9c604f6aee9c?s=96&d=mm&r=g","caption":"Reda\u00e7\u00e3o"},"sameAs":["https:\/\/brasilnoticias.org\/site"],"url":"https:\/\/brasilnoticias.org\/site\/author\/fernandozsngmail-com\/"}]}},"_links":{"self":[{"href":"https:\/\/brasilnoticias.org\/site\/wp-json\/wp\/v2\/posts\/7423","targetHints":{"allow":["GET"]}}],"collection":[{"href":"https:\/\/brasilnoticias.org\/site\/wp-json\/wp\/v2\/posts"}],"about":[{"href":"https:\/\/brasilnoticias.org\/site\/wp-json\/wp\/v2\/types\/post"}],"author":[{"embeddable":true,"href":"https:\/\/brasilnoticias.org\/site\/wp-json\/wp\/v2\/users\/1"}],"replies":[{"embeddable":true,"href":"https:\/\/brasilnoticias.org\/site\/wp-json\/wp\/v2\/comments?post=7423"}],"version-history":[{"count":1,"href":"https:\/\/brasilnoticias.org\/site\/wp-json\/wp\/v2\/posts\/7423\/revisions"}],"predecessor-version":[{"id":7425,"href":"https:\/\/brasilnoticias.org\/site\/wp-json\/wp\/v2\/posts\/7423\/revisions\/7425"}],"wp:featuredmedia":[{"embeddable":true,"href":"https:\/\/brasilnoticias.org\/site\/wp-json\/wp\/v2\/media\/7424"}],"wp:attachment":[{"href":"https:\/\/brasilnoticias.org\/site\/wp-json\/wp\/v2\/media?parent=7423"}],"wp:term":[{"taxonomy":"category","embeddable":true,"href":"https:\/\/brasilnoticias.org\/site\/wp-json\/wp\/v2\/categories?post=7423"},{"taxonomy":"post_tag","embeddable":true,"href":"https:\/\/brasilnoticias.org\/site\/wp-json\/wp\/v2\/tags?post=7423"}],"curies":[{"name":"wp","href":"https:\/\/api.w.org\/{rel}","templated":true}]}}