{"id":7435,"date":"2023-07-17T17:42:46","date_gmt":"2023-07-17T20:42:46","guid":{"rendered":"https:\/\/brasilnoticias.org\/site\/?p=7435"},"modified":"2023-07-17T17:42:46","modified_gmt":"2023-07-17T20:42:46","slug":"record-tv-tem-demissao-em-massa-mas-nega-saida-de-mylena-ciribelli","status":"publish","type":"post","link":"https:\/\/brasilnoticias.org\/site\/record-tv-tem-demissao-em-massa-mas-nega-saida-de-mylena-ciribelli\/","title":{"rendered":"Record TV tem demiss\u00e3o em massa, mas nega sa\u00edda de Mylena Ciribelli"},"content":{"rendered":"<p>A Recod TV realizou uma s\u00e9rie de demiss\u00f5es em massa na \u00e1rea do jornalismo nesta segunda-feira (17). De acordo com informa\u00e7\u00f5es do site Na Telinha, do Uol, a Record est\u00e1 buscando reduzir os custos.<\/p>\n<p>Inicialmente, o site disse que a jornalista esportiva Mylena Ciribelli havia sido demitida, mas voltou atr\u00e1s e falou que a informa\u00e7\u00e3o foi negada pela emissora.  <\/p>\n<p>Alguns dos profissionais dispensados s\u00e3o: Patr\u00edcia Costa, respons\u00e1vel pela apresenta\u00e7\u00e3o da edi\u00e7\u00e3o de s\u00e1bado do programa Fala Brasil; Janice de Castro, rep\u00f3rter da \u00e1rea de esportes, e Georgios Theodorakopoulos, o Grego, que trabalhava na emissora h\u00e1 14 anos como gerente do setor de esportes. <\/p>\n<p>Foto: Record TV\/ Divulga\u00e7\u00e3o<br \/>\nPor: Metro1 <\/p>\n","protected":false},"excerpt":{"rendered":"<p>A Recod TV realizou uma s\u00e9rie de demiss\u00f5es em massa na \u00e1rea do jornalismo nesta segunda-feira (17). De acordo com<\/p>\n","protected":false},"author":1,"featured_media":7436,"comment_status":"open","ping_status":"open","sticky":false,"template":"","format":"standard","meta":{"colormag_page_container_layout":"default_layout","colormag_page_sidebar_layout":"default_layout","_FSMCFIC_featured_image_caption":"","_FSMCFIC_featured_image_nocaption":"","_FSMCFIC_featured_image_hide":"","footnotes":""},"categories":[2,1],"tags":[],"class_list":["post-7435","post","type-post","status-publish","format-standard","has-post-thumbnail","hentry","category-noticias","category-ultimas"],"yoast_head":"<!-- This site is optimized with the Yoast SEO plugin v27.1.1 - https:\/\/yoast.com\/product\/yoast-seo-wordpress\/ -->\n<title>Record TV tem demiss\u00e3o em massa, mas nega sa\u00edda de Mylena Ciribelli - Brasil not\u00edcias<\/title>\n<meta name=\"robots\" content=\"index, follow, max-snippet:-1, max-image-preview:large, max-video-preview:-1\" \/>\n<link rel=\"canonical\" href=\"https:\/\/brasilnoticias.org\/site\/record-tv-tem-demissao-em-massa-mas-nega-saida-de-mylena-ciribelli\/\" \/>\n<meta property=\"og:locale\" content=\"pt_PT\" \/>\n<meta property=\"og:type\" content=\"article\" \/>\n<meta property=\"og:title\" content=\"Record TV tem demiss\u00e3o em massa, mas nega sa\u00edda de Mylena Ciribelli - Brasil not\u00edcias\" \/>\n<meta property=\"og:description\" content=\"A Recod TV realizou uma s\u00e9rie de demiss\u00f5es em massa na \u00e1rea do jornalismo nesta segunda-feira (17). De acordo com\" \/>\n<meta property=\"og:url\" content=\"https:\/\/brasilnoticias.org\/site\/record-tv-tem-demissao-em-massa-mas-nega-saida-de-mylena-ciribelli\/\" \/>\n<meta property=\"og:site_name\" content=\"Brasil not\u00edcias\" \/>\n<meta property=\"article:published_time\" content=\"2023-07-17T20:42:46+00:00\" \/>\n<meta property=\"og:image\" content=\"https:\/\/brasilnoticias.org\/site\/wp-content\/uploads\/2023\/07\/138777record-tv-tem-demissao-em-massa-mas-nega-saida-de-mylena-ciribelli-3.jpg\" \/>\n\t<meta property=\"og:image:width\" content=\"1600\" \/>\n\t<meta property=\"og:image:height\" content=\"752\" \/>\n\t<meta property=\"og:image:type\" content=\"image\/jpeg\" \/>\n<meta name=\"author\" content=\"Reda\u00e7\u00e3o\" \/>\n<meta name=\"twitter:card\" content=\"summary_large_image\" \/>\n<meta name=\"twitter:label1\" content=\"Escrito por\" \/>\n\t<meta name=\"twitter:data1\" content=\"Reda\u00e7\u00e3o\" \/>\n<script type=\"application\/ld+json\" class=\"yoast-schema-graph\">{\"@context\":\"https:\/\/schema.org\",\"@graph\":[{\"@type\":\"Article\",\"@id\":\"https:\/\/brasilnoticias.org\/site\/record-tv-tem-demissao-em-massa-mas-nega-saida-de-mylena-ciribelli\/#article\",\"isPartOf\":{\"@id\":\"https:\/\/brasilnoticias.org\/site\/record-tv-tem-demissao-em-massa-mas-nega-saida-de-mylena-ciribelli\/\"},\"author\":{\"name\":\"Reda\u00e7\u00e3o\",\"@id\":\"https:\/\/brasilnoticias.org\/site\/#\/schema\/person\/a0e05b973ec4d15c658d51911e53507b\"},\"headline\":\"Record TV tem demiss\u00e3o em massa, mas nega sa\u00edda de Mylena Ciribelli\",\"datePublished\":\"2023-07-17T20:42:46+00:00\",\"mainEntityOfPage\":{\"@id\":\"https:\/\/brasilnoticias.org\/site\/record-tv-tem-demissao-em-massa-mas-nega-saida-de-mylena-ciribelli\/\"},\"wordCount\":134,\"commentCount\":0,\"publisher\":{\"@id\":\"https:\/\/brasilnoticias.org\/site\/#organization\"},\"image\":{\"@id\":\"https:\/\/brasilnoticias.org\/site\/record-tv-tem-demissao-em-massa-mas-nega-saida-de-mylena-ciribelli\/#primaryimage\"},\"thumbnailUrl\":\"https:\/\/brasilnoticias.org\/site\/wp-content\/uploads\/2023\/07\/138777record-tv-tem-demissao-em-massa-mas-nega-saida-de-mylena-ciribelli-3.jpg\",\"articleSection\":[\"Not\u00edcias\",\"\u00daltimas\"],\"inLanguage\":\"pt-PT\",\"potentialAction\":[{\"@type\":\"CommentAction\",\"name\":\"Comment\",\"target\":[\"https:\/\/brasilnoticias.org\/site\/record-tv-tem-demissao-em-massa-mas-nega-saida-de-mylena-ciribelli\/#respond\"]}]},{\"@type\":\"WebPage\",\"@id\":\"https:\/\/brasilnoticias.org\/site\/record-tv-tem-demissao-em-massa-mas-nega-saida-de-mylena-ciribelli\/\",\"url\":\"https:\/\/brasilnoticias.org\/site\/record-tv-tem-demissao-em-massa-mas-nega-saida-de-mylena-ciribelli\/\",\"name\":\"Record TV tem demiss\u00e3o em massa, mas nega sa\u00edda de Mylena Ciribelli - Brasil not\u00edcias\",\"isPartOf\":{\"@id\":\"https:\/\/brasilnoticias.org\/site\/#website\"},\"primaryImageOfPage\":{\"@id\":\"https:\/\/brasilnoticias.org\/site\/record-tv-tem-demissao-em-massa-mas-nega-saida-de-mylena-ciribelli\/#primaryimage\"},\"image\":{\"@id\":\"https:\/\/brasilnoticias.org\/site\/record-tv-tem-demissao-em-massa-mas-nega-saida-de-mylena-ciribelli\/#primaryimage\"},\"thumbnailUrl\":\"https:\/\/brasilnoticias.org\/site\/wp-content\/uploads\/2023\/07\/138777record-tv-tem-demissao-em-massa-mas-nega-saida-de-mylena-ciribelli-3.jpg\",\"datePublished\":\"2023-07-17T20:42:46+00:00\",\"breadcrumb\":{\"@id\":\"https:\/\/brasilnoticias.org\/site\/record-tv-tem-demissao-em-massa-mas-nega-saida-de-mylena-ciribelli\/#breadcrumb\"},\"inLanguage\":\"pt-PT\",\"potentialAction\":[{\"@type\":\"ReadAction\",\"target\":[\"https:\/\/brasilnoticias.org\/site\/record-tv-tem-demissao-em-massa-mas-nega-saida-de-mylena-ciribelli\/\"]}]},{\"@type\":\"ImageObject\",\"inLanguage\":\"pt-PT\",\"@id\":\"https:\/\/brasilnoticias.org\/site\/record-tv-tem-demissao-em-massa-mas-nega-saida-de-mylena-ciribelli\/#primaryimage\",\"url\":\"https:\/\/brasilnoticias.org\/site\/wp-content\/uploads\/2023\/07\/138777record-tv-tem-demissao-em-massa-mas-nega-saida-de-mylena-ciribelli-3.jpg\",\"contentUrl\":\"https:\/\/brasilnoticias.org\/site\/wp-content\/uploads\/2023\/07\/138777record-tv-tem-demissao-em-massa-mas-nega-saida-de-mylena-ciribelli-3.jpg\",\"width\":1600,\"height\":752},{\"@type\":\"BreadcrumbList\",\"@id\":\"https:\/\/brasilnoticias.org\/site\/record-tv-tem-demissao-em-massa-mas-nega-saida-de-mylena-ciribelli\/#breadcrumb\",\"itemListElement\":[{\"@type\":\"ListItem\",\"position\":1,\"name\":\"In\u00edcio\",\"item\":\"https:\/\/brasilnoticias.org\/site\/\"},{\"@type\":\"ListItem\",\"position\":2,\"name\":\"Record TV tem demiss\u00e3o em massa, mas nega sa\u00edda de Mylena Ciribelli\"}]},{\"@type\":\"WebSite\",\"@id\":\"https:\/\/brasilnoticias.org\/site\/#website\",\"url\":\"https:\/\/brasilnoticias.org\/site\/\",\"name\":\"Brasil not\u00edcias\",\"description\":\"Brasil not\u00edcias\",\"publisher\":{\"@id\":\"https:\/\/brasilnoticias.org\/site\/#organization\"},\"potentialAction\":[{\"@type\":\"SearchAction\",\"target\":{\"@type\":\"EntryPoint\",\"urlTemplate\":\"https:\/\/brasilnoticias.org\/site\/?s={search_term_string}\"},\"query-input\":{\"@type\":\"PropertyValueSpecification\",\"valueRequired\":true,\"valueName\":\"search_term_string\"}}],\"inLanguage\":\"pt-PT\"},{\"@type\":\"Organization\",\"@id\":\"https:\/\/brasilnoticias.org\/site\/#organization\",\"name\":\"Brasil not\u00edcias\",\"url\":\"https:\/\/brasilnoticias.org\/site\/\",\"logo\":{\"@type\":\"ImageObject\",\"inLanguage\":\"pt-PT\",\"@id\":\"https:\/\/brasilnoticias.org\/site\/#\/schema\/logo\/image\/\",\"url\":\"https:\/\/brasilnoticias.org\/site\/wp-content\/uploads\/2022\/05\/cropped-brasilnoticias-mini.jpg\",\"contentUrl\":\"https:\/\/brasilnoticias.org\/site\/wp-content\/uploads\/2022\/05\/cropped-brasilnoticias-mini.jpg\",\"width\":314,\"height\":86,\"caption\":\"Brasil not\u00edcias\"},\"image\":{\"@id\":\"https:\/\/brasilnoticias.org\/site\/#\/schema\/logo\/image\/\"}},{\"@type\":\"Person\",\"@id\":\"https:\/\/brasilnoticias.org\/site\/#\/schema\/person\/a0e05b973ec4d15c658d51911e53507b\",\"name\":\"Reda\u00e7\u00e3o\",\"image\":{\"@type\":\"ImageObject\",\"inLanguage\":\"pt-PT\",\"@id\":\"https:\/\/brasilnoticias.org\/site\/#\/schema\/person\/image\/\",\"url\":\"https:\/\/secure.gravatar.com\/avatar\/75d8b050df2de108b08ae78dfb8e374892df24a383c67db9c46a9c604f6aee9c?s=96&d=mm&r=g\",\"contentUrl\":\"https:\/\/secure.gravatar.com\/avatar\/75d8b050df2de108b08ae78dfb8e374892df24a383c67db9c46a9c604f6aee9c?s=96&d=mm&r=g\",\"caption\":\"Reda\u00e7\u00e3o\"},\"sameAs\":[\"https:\/\/brasilnoticias.org\/site\"],\"url\":\"https:\/\/brasilnoticias.org\/site\/author\/fernandozsngmail-com\/\"}]}<\/script>\n<!-- \/ Yoast SEO plugin. -->","yoast_head_json":{"title":"Record TV tem demiss\u00e3o em massa, mas nega sa\u00edda de Mylena Ciribelli - Brasil not\u00edcias","robots":{"index":"index","follow":"follow","max-snippet":"max-snippet:-1","max-image-preview":"max-image-preview:large","max-video-preview":"max-video-preview:-1"},"canonical":"https:\/\/brasilnoticias.org\/site\/record-tv-tem-demissao-em-massa-mas-nega-saida-de-mylena-ciribelli\/","og_locale":"pt_PT","og_type":"article","og_title":"Record TV tem demiss\u00e3o em massa, mas nega sa\u00edda de Mylena Ciribelli - Brasil not\u00edcias","og_description":"A Recod TV realizou uma s\u00e9rie de demiss\u00f5es em massa na \u00e1rea do jornalismo nesta segunda-feira (17). De acordo com","og_url":"https:\/\/brasilnoticias.org\/site\/record-tv-tem-demissao-em-massa-mas-nega-saida-de-mylena-ciribelli\/","og_site_name":"Brasil not\u00edcias","article_published_time":"2023-07-17T20:42:46+00:00","og_image":[{"width":1600,"height":752,"url":"https:\/\/brasilnoticias.org\/site\/wp-content\/uploads\/2023\/07\/138777record-tv-tem-demissao-em-massa-mas-nega-saida-de-mylena-ciribelli-3.jpg","type":"image\/jpeg"}],"author":"Reda\u00e7\u00e3o","twitter_card":"summary_large_image","twitter_misc":{"Escrito por":"Reda\u00e7\u00e3o"},"schema":{"@context":"https:\/\/schema.org","@graph":[{"@type":"Article","@id":"https:\/\/brasilnoticias.org\/site\/record-tv-tem-demissao-em-massa-mas-nega-saida-de-mylena-ciribelli\/#article","isPartOf":{"@id":"https:\/\/brasilnoticias.org\/site\/record-tv-tem-demissao-em-massa-mas-nega-saida-de-mylena-ciribelli\/"},"author":{"name":"Reda\u00e7\u00e3o","@id":"https:\/\/brasilnoticias.org\/site\/#\/schema\/person\/a0e05b973ec4d15c658d51911e53507b"},"headline":"Record TV tem demiss\u00e3o em massa, mas nega sa\u00edda de Mylena Ciribelli","datePublished":"2023-07-17T20:42:46+00:00","mainEntityOfPage":{"@id":"https:\/\/brasilnoticias.org\/site\/record-tv-tem-demissao-em-massa-mas-nega-saida-de-mylena-ciribelli\/"},"wordCount":134,"commentCount":0,"publisher":{"@id":"https:\/\/brasilnoticias.org\/site\/#organization"},"image":{"@id":"https:\/\/brasilnoticias.org\/site\/record-tv-tem-demissao-em-massa-mas-nega-saida-de-mylena-ciribelli\/#primaryimage"},"thumbnailUrl":"https:\/\/brasilnoticias.org\/site\/wp-content\/uploads\/2023\/07\/138777record-tv-tem-demissao-em-massa-mas-nega-saida-de-mylena-ciribelli-3.jpg","articleSection":["Not\u00edcias","\u00daltimas"],"inLanguage":"pt-PT","potentialAction":[{"@type":"CommentAction","name":"Comment","target":["https:\/\/brasilnoticias.org\/site\/record-tv-tem-demissao-em-massa-mas-nega-saida-de-mylena-ciribelli\/#respond"]}]},{"@type":"WebPage","@id":"https:\/\/brasilnoticias.org\/site\/record-tv-tem-demissao-em-massa-mas-nega-saida-de-mylena-ciribelli\/","url":"https:\/\/brasilnoticias.org\/site\/record-tv-tem-demissao-em-massa-mas-nega-saida-de-mylena-ciribelli\/","name":"Record TV tem demiss\u00e3o em massa, mas nega sa\u00edda de Mylena Ciribelli - Brasil not\u00edcias","isPartOf":{"@id":"https:\/\/brasilnoticias.org\/site\/#website"},"primaryImageOfPage":{"@id":"https:\/\/brasilnoticias.org\/site\/record-tv-tem-demissao-em-massa-mas-nega-saida-de-mylena-ciribelli\/#primaryimage"},"image":{"@id":"https:\/\/brasilnoticias.org\/site\/record-tv-tem-demissao-em-massa-mas-nega-saida-de-mylena-ciribelli\/#primaryimage"},"thumbnailUrl":"https:\/\/brasilnoticias.org\/site\/wp-content\/uploads\/2023\/07\/138777record-tv-tem-demissao-em-massa-mas-nega-saida-de-mylena-ciribelli-3.jpg","datePublished":"2023-07-17T20:42:46+00:00","breadcrumb":{"@id":"https:\/\/brasilnoticias.org\/site\/record-tv-tem-demissao-em-massa-mas-nega-saida-de-mylena-ciribelli\/#breadcrumb"},"inLanguage":"pt-PT","potentialAction":[{"@type":"ReadAction","target":["https:\/\/brasilnoticias.org\/site\/record-tv-tem-demissao-em-massa-mas-nega-saida-de-mylena-ciribelli\/"]}]},{"@type":"ImageObject","inLanguage":"pt-PT","@id":"https:\/\/brasilnoticias.org\/site\/record-tv-tem-demissao-em-massa-mas-nega-saida-de-mylena-ciribelli\/#primaryimage","url":"https:\/\/brasilnoticias.org\/site\/wp-content\/uploads\/2023\/07\/138777record-tv-tem-demissao-em-massa-mas-nega-saida-de-mylena-ciribelli-3.jpg","contentUrl":"https:\/\/brasilnoticias.org\/site\/wp-content\/uploads\/2023\/07\/138777record-tv-tem-demissao-em-massa-mas-nega-saida-de-mylena-ciribelli-3.jpg","width":1600,"height":752},{"@type":"BreadcrumbList","@id":"https:\/\/brasilnoticias.org\/site\/record-tv-tem-demissao-em-massa-mas-nega-saida-de-mylena-ciribelli\/#breadcrumb","itemListElement":[{"@type":"ListItem","position":1,"name":"In\u00edcio","item":"https:\/\/brasilnoticias.org\/site\/"},{"@type":"ListItem","position":2,"name":"Record TV tem demiss\u00e3o em massa, mas nega sa\u00edda de Mylena Ciribelli"}]},{"@type":"WebSite","@id":"https:\/\/brasilnoticias.org\/site\/#website","url":"https:\/\/brasilnoticias.org\/site\/","name":"Brasil not\u00edcias","description":"Brasil not\u00edcias","publisher":{"@id":"https:\/\/brasilnoticias.org\/site\/#organization"},"potentialAction":[{"@type":"SearchAction","target":{"@type":"EntryPoint","urlTemplate":"https:\/\/brasilnoticias.org\/site\/?s={search_term_string}"},"query-input":{"@type":"PropertyValueSpecification","valueRequired":true,"valueName":"search_term_string"}}],"inLanguage":"pt-PT"},{"@type":"Organization","@id":"https:\/\/brasilnoticias.org\/site\/#organization","name":"Brasil not\u00edcias","url":"https:\/\/brasilnoticias.org\/site\/","logo":{"@type":"ImageObject","inLanguage":"pt-PT","@id":"https:\/\/brasilnoticias.org\/site\/#\/schema\/logo\/image\/","url":"https:\/\/brasilnoticias.org\/site\/wp-content\/uploads\/2022\/05\/cropped-brasilnoticias-mini.jpg","contentUrl":"https:\/\/brasilnoticias.org\/site\/wp-content\/uploads\/2022\/05\/cropped-brasilnoticias-mini.jpg","width":314,"height":86,"caption":"Brasil not\u00edcias"},"image":{"@id":"https:\/\/brasilnoticias.org\/site\/#\/schema\/logo\/image\/"}},{"@type":"Person","@id":"https:\/\/brasilnoticias.org\/site\/#\/schema\/person\/a0e05b973ec4d15c658d51911e53507b","name":"Reda\u00e7\u00e3o","image":{"@type":"ImageObject","inLanguage":"pt-PT","@id":"https:\/\/brasilnoticias.org\/site\/#\/schema\/person\/image\/","url":"https:\/\/secure.gravatar.com\/avatar\/75d8b050df2de108b08ae78dfb8e374892df24a383c67db9c46a9c604f6aee9c?s=96&d=mm&r=g","contentUrl":"https:\/\/secure.gravatar.com\/avatar\/75d8b050df2de108b08ae78dfb8e374892df24a383c67db9c46a9c604f6aee9c?s=96&d=mm&r=g","caption":"Reda\u00e7\u00e3o"},"sameAs":["https:\/\/brasilnoticias.org\/site"],"url":"https:\/\/brasilnoticias.org\/site\/author\/fernandozsngmail-com\/"}]}},"_links":{"self":[{"href":"https:\/\/brasilnoticias.org\/site\/wp-json\/wp\/v2\/posts\/7435","targetHints":{"allow":["GET"]}}],"collection":[{"href":"https:\/\/brasilnoticias.org\/site\/wp-json\/wp\/v2\/posts"}],"about":[{"href":"https:\/\/brasilnoticias.org\/site\/wp-json\/wp\/v2\/types\/post"}],"author":[{"embeddable":true,"href":"https:\/\/brasilnoticias.org\/site\/wp-json\/wp\/v2\/users\/1"}],"replies":[{"embeddable":true,"href":"https:\/\/brasilnoticias.org\/site\/wp-json\/wp\/v2\/comments?post=7435"}],"version-history":[{"count":1,"href":"https:\/\/brasilnoticias.org\/site\/wp-json\/wp\/v2\/posts\/7435\/revisions"}],"predecessor-version":[{"id":7437,"href":"https:\/\/brasilnoticias.org\/site\/wp-json\/wp\/v2\/posts\/7435\/revisions\/7437"}],"wp:featuredmedia":[{"embeddable":true,"href":"https:\/\/brasilnoticias.org\/site\/wp-json\/wp\/v2\/media\/7436"}],"wp:attachment":[{"href":"https:\/\/brasilnoticias.org\/site\/wp-json\/wp\/v2\/media?parent=7435"}],"wp:term":[{"taxonomy":"category","embeddable":true,"href":"https:\/\/brasilnoticias.org\/site\/wp-json\/wp\/v2\/categories?post=7435"},{"taxonomy":"post_tag","embeddable":true,"href":"https:\/\/brasilnoticias.org\/site\/wp-json\/wp\/v2\/tags?post=7435"}],"curies":[{"name":"wp","href":"https:\/\/api.w.org\/{rel}","templated":true}]}}