{"id":7442,"date":"2023-07-17T17:45:18","date_gmt":"2023-07-17T20:45:18","guid":{"rendered":"https:\/\/brasilnoticias.org\/site\/?p=7442"},"modified":"2023-07-17T17:45:18","modified_gmt":"2023-07-17T20:45:18","slug":"apos-ser-hospitalizado-sarney-recebe-alta-mas-tem-diagnostico-de-isquemia-cerebral","status":"publish","type":"post","link":"https:\/\/brasilnoticias.org\/site\/apos-ser-hospitalizado-sarney-recebe-alta-mas-tem-diagnostico-de-isquemia-cerebral\/","title":{"rendered":"Ap\u00f3s ser hospitalizado, Sarney recebe alta, mas tem diagn\u00f3stico de isquemia cerebral"},"content":{"rendered":"<p>O ex-presidente da Rep\u00fablica Jos\u00e9 Sarney recebeu, nesta segunda-feira (17), alta do hospital onde estava internado e j\u00e1 se encontra em casa. Sarney foi hospitalizado no UDI Hospital ap\u00f3s sofrer uma queda em casa, em S\u00e3o Lu\u00eds, no Maranh\u00e3o. <\/p>\n<p>A unidade de sa\u00fade informou que, durante exames, o ex-presidente foi diagnosticado com \u201cuma pequena \u00e1rea de isquemia cerebral\u201d, quadro que \u00e9 causado quando h\u00e1 um bloqueio na circula\u00e7\u00e3o sangu\u00ednea do c\u00e9rebro. Por\u00e9m, por conta do estado de sa\u00fade est\u00e1vel, ele recebeu alta. <\/p>\n<p>Sarney tem 93 anos e est\u00e1 afastado da vida p\u00fablica desde 2015, quando encerrou seu \u00faltimo mandato como senador.<\/p>\n<p>Foto: Marcelo Camargo\/Ag\u00eancia Brasil<br \/>\nPor: Metro1<\/p>\n","protected":false},"excerpt":{"rendered":"<p>O ex-presidente da Rep\u00fablica Jos\u00e9 Sarney recebeu, nesta segunda-feira (17), alta do hospital onde estava internado e j\u00e1 se encontra<\/p>\n","protected":false},"author":1,"featured_media":7443,"comment_status":"open","ping_status":"open","sticky":false,"template":"","format":"standard","meta":{"colormag_page_container_layout":"default_layout","colormag_page_sidebar_layout":"default_layout","_FSMCFIC_featured_image_caption":"","_FSMCFIC_featured_image_nocaption":"","_FSMCFIC_featured_image_hide":"","footnotes":""},"categories":[2,1],"tags":[],"class_list":["post-7442","post","type-post","status-publish","format-standard","has-post-thumbnail","hentry","category-noticias","category-ultimas"],"yoast_head":"<!-- This site is optimized with the Yoast SEO plugin v27.1.1 - https:\/\/yoast.com\/product\/yoast-seo-wordpress\/ -->\n<title>Ap\u00f3s ser hospitalizado, Sarney recebe alta, mas tem diagn\u00f3stico de isquemia cerebral - Brasil not\u00edcias<\/title>\n<meta name=\"robots\" content=\"index, follow, max-snippet:-1, max-image-preview:large, max-video-preview:-1\" \/>\n<link rel=\"canonical\" href=\"https:\/\/brasilnoticias.org\/site\/apos-ser-hospitalizado-sarney-recebe-alta-mas-tem-diagnostico-de-isquemia-cerebral\/\" \/>\n<meta property=\"og:locale\" content=\"pt_PT\" \/>\n<meta property=\"og:type\" content=\"article\" \/>\n<meta property=\"og:title\" content=\"Ap\u00f3s ser hospitalizado, Sarney recebe alta, mas tem diagn\u00f3stico de isquemia cerebral - Brasil not\u00edcias\" \/>\n<meta property=\"og:description\" content=\"O ex-presidente da Rep\u00fablica Jos\u00e9 Sarney recebeu, nesta segunda-feira (17), alta do hospital onde estava internado e j\u00e1 se encontra\" \/>\n<meta property=\"og:url\" content=\"https:\/\/brasilnoticias.org\/site\/apos-ser-hospitalizado-sarney-recebe-alta-mas-tem-diagnostico-de-isquemia-cerebral\/\" \/>\n<meta property=\"og:site_name\" content=\"Brasil not\u00edcias\" \/>\n<meta property=\"article:published_time\" content=\"2023-07-17T20:45:18+00:00\" \/>\n<meta property=\"og:image\" content=\"https:\/\/brasilnoticias.org\/site\/wp-content\/uploads\/2023\/07\/138770apos-ser-hospitalizado-sarney-recebe-alta-mas-tem-diagnostico-de-isquemia-cerebral-3.jpg\" \/>\n\t<meta property=\"og:image:width\" content=\"1600\" \/>\n\t<meta property=\"og:image:height\" content=\"752\" \/>\n\t<meta property=\"og:image:type\" content=\"image\/jpeg\" \/>\n<meta name=\"author\" content=\"Reda\u00e7\u00e3o\" \/>\n<meta name=\"twitter:card\" content=\"summary_large_image\" \/>\n<meta name=\"twitter:label1\" content=\"Escrito por\" \/>\n\t<meta name=\"twitter:data1\" content=\"Reda\u00e7\u00e3o\" \/>\n<script type=\"application\/ld+json\" class=\"yoast-schema-graph\">{\"@context\":\"https:\/\/schema.org\",\"@graph\":[{\"@type\":\"Article\",\"@id\":\"https:\/\/brasilnoticias.org\/site\/apos-ser-hospitalizado-sarney-recebe-alta-mas-tem-diagnostico-de-isquemia-cerebral\/#article\",\"isPartOf\":{\"@id\":\"https:\/\/brasilnoticias.org\/site\/apos-ser-hospitalizado-sarney-recebe-alta-mas-tem-diagnostico-de-isquemia-cerebral\/\"},\"author\":{\"name\":\"Reda\u00e7\u00e3o\",\"@id\":\"https:\/\/brasilnoticias.org\/site\/#\/schema\/person\/a0e05b973ec4d15c658d51911e53507b\"},\"headline\":\"Ap\u00f3s ser hospitalizado, Sarney recebe alta, mas tem diagn\u00f3stico de isquemia cerebral\",\"datePublished\":\"2023-07-17T20:45:18+00:00\",\"mainEntityOfPage\":{\"@id\":\"https:\/\/brasilnoticias.org\/site\/apos-ser-hospitalizado-sarney-recebe-alta-mas-tem-diagnostico-de-isquemia-cerebral\/\"},\"wordCount\":132,\"commentCount\":0,\"publisher\":{\"@id\":\"https:\/\/brasilnoticias.org\/site\/#organization\"},\"image\":{\"@id\":\"https:\/\/brasilnoticias.org\/site\/apos-ser-hospitalizado-sarney-recebe-alta-mas-tem-diagnostico-de-isquemia-cerebral\/#primaryimage\"},\"thumbnailUrl\":\"https:\/\/brasilnoticias.org\/site\/wp-content\/uploads\/2023\/07\/138770apos-ser-hospitalizado-sarney-recebe-alta-mas-tem-diagnostico-de-isquemia-cerebral-3.jpg\",\"articleSection\":[\"Not\u00edcias\",\"\u00daltimas\"],\"inLanguage\":\"pt-PT\",\"potentialAction\":[{\"@type\":\"CommentAction\",\"name\":\"Comment\",\"target\":[\"https:\/\/brasilnoticias.org\/site\/apos-ser-hospitalizado-sarney-recebe-alta-mas-tem-diagnostico-de-isquemia-cerebral\/#respond\"]}]},{\"@type\":\"WebPage\",\"@id\":\"https:\/\/brasilnoticias.org\/site\/apos-ser-hospitalizado-sarney-recebe-alta-mas-tem-diagnostico-de-isquemia-cerebral\/\",\"url\":\"https:\/\/brasilnoticias.org\/site\/apos-ser-hospitalizado-sarney-recebe-alta-mas-tem-diagnostico-de-isquemia-cerebral\/\",\"name\":\"Ap\u00f3s ser hospitalizado, Sarney recebe alta, mas tem diagn\u00f3stico de isquemia cerebral - Brasil not\u00edcias\",\"isPartOf\":{\"@id\":\"https:\/\/brasilnoticias.org\/site\/#website\"},\"primaryImageOfPage\":{\"@id\":\"https:\/\/brasilnoticias.org\/site\/apos-ser-hospitalizado-sarney-recebe-alta-mas-tem-diagnostico-de-isquemia-cerebral\/#primaryimage\"},\"image\":{\"@id\":\"https:\/\/brasilnoticias.org\/site\/apos-ser-hospitalizado-sarney-recebe-alta-mas-tem-diagnostico-de-isquemia-cerebral\/#primaryimage\"},\"thumbnailUrl\":\"https:\/\/brasilnoticias.org\/site\/wp-content\/uploads\/2023\/07\/138770apos-ser-hospitalizado-sarney-recebe-alta-mas-tem-diagnostico-de-isquemia-cerebral-3.jpg\",\"datePublished\":\"2023-07-17T20:45:18+00:00\",\"breadcrumb\":{\"@id\":\"https:\/\/brasilnoticias.org\/site\/apos-ser-hospitalizado-sarney-recebe-alta-mas-tem-diagnostico-de-isquemia-cerebral\/#breadcrumb\"},\"inLanguage\":\"pt-PT\",\"potentialAction\":[{\"@type\":\"ReadAction\",\"target\":[\"https:\/\/brasilnoticias.org\/site\/apos-ser-hospitalizado-sarney-recebe-alta-mas-tem-diagnostico-de-isquemia-cerebral\/\"]}]},{\"@type\":\"ImageObject\",\"inLanguage\":\"pt-PT\",\"@id\":\"https:\/\/brasilnoticias.org\/site\/apos-ser-hospitalizado-sarney-recebe-alta-mas-tem-diagnostico-de-isquemia-cerebral\/#primaryimage\",\"url\":\"https:\/\/brasilnoticias.org\/site\/wp-content\/uploads\/2023\/07\/138770apos-ser-hospitalizado-sarney-recebe-alta-mas-tem-diagnostico-de-isquemia-cerebral-3.jpg\",\"contentUrl\":\"https:\/\/brasilnoticias.org\/site\/wp-content\/uploads\/2023\/07\/138770apos-ser-hospitalizado-sarney-recebe-alta-mas-tem-diagnostico-de-isquemia-cerebral-3.jpg\",\"width\":1600,\"height\":752},{\"@type\":\"BreadcrumbList\",\"@id\":\"https:\/\/brasilnoticias.org\/site\/apos-ser-hospitalizado-sarney-recebe-alta-mas-tem-diagnostico-de-isquemia-cerebral\/#breadcrumb\",\"itemListElement\":[{\"@type\":\"ListItem\",\"position\":1,\"name\":\"In\u00edcio\",\"item\":\"https:\/\/brasilnoticias.org\/site\/\"},{\"@type\":\"ListItem\",\"position\":2,\"name\":\"Ap\u00f3s ser hospitalizado, Sarney recebe alta, mas tem diagn\u00f3stico de isquemia cerebral\"}]},{\"@type\":\"WebSite\",\"@id\":\"https:\/\/brasilnoticias.org\/site\/#website\",\"url\":\"https:\/\/brasilnoticias.org\/site\/\",\"name\":\"Brasil not\u00edcias\",\"description\":\"Brasil not\u00edcias\",\"publisher\":{\"@id\":\"https:\/\/brasilnoticias.org\/site\/#organization\"},\"potentialAction\":[{\"@type\":\"SearchAction\",\"target\":{\"@type\":\"EntryPoint\",\"urlTemplate\":\"https:\/\/brasilnoticias.org\/site\/?s={search_term_string}\"},\"query-input\":{\"@type\":\"PropertyValueSpecification\",\"valueRequired\":true,\"valueName\":\"search_term_string\"}}],\"inLanguage\":\"pt-PT\"},{\"@type\":\"Organization\",\"@id\":\"https:\/\/brasilnoticias.org\/site\/#organization\",\"name\":\"Brasil not\u00edcias\",\"url\":\"https:\/\/brasilnoticias.org\/site\/\",\"logo\":{\"@type\":\"ImageObject\",\"inLanguage\":\"pt-PT\",\"@id\":\"https:\/\/brasilnoticias.org\/site\/#\/schema\/logo\/image\/\",\"url\":\"https:\/\/brasilnoticias.org\/site\/wp-content\/uploads\/2022\/05\/cropped-brasilnoticias-mini.jpg\",\"contentUrl\":\"https:\/\/brasilnoticias.org\/site\/wp-content\/uploads\/2022\/05\/cropped-brasilnoticias-mini.jpg\",\"width\":314,\"height\":86,\"caption\":\"Brasil not\u00edcias\"},\"image\":{\"@id\":\"https:\/\/brasilnoticias.org\/site\/#\/schema\/logo\/image\/\"}},{\"@type\":\"Person\",\"@id\":\"https:\/\/brasilnoticias.org\/site\/#\/schema\/person\/a0e05b973ec4d15c658d51911e53507b\",\"name\":\"Reda\u00e7\u00e3o\",\"image\":{\"@type\":\"ImageObject\",\"inLanguage\":\"pt-PT\",\"@id\":\"https:\/\/brasilnoticias.org\/site\/#\/schema\/person\/image\/\",\"url\":\"https:\/\/secure.gravatar.com\/avatar\/75d8b050df2de108b08ae78dfb8e374892df24a383c67db9c46a9c604f6aee9c?s=96&d=mm&r=g\",\"contentUrl\":\"https:\/\/secure.gravatar.com\/avatar\/75d8b050df2de108b08ae78dfb8e374892df24a383c67db9c46a9c604f6aee9c?s=96&d=mm&r=g\",\"caption\":\"Reda\u00e7\u00e3o\"},\"sameAs\":[\"https:\/\/brasilnoticias.org\/site\"],\"url\":\"https:\/\/brasilnoticias.org\/site\/author\/fernandozsngmail-com\/\"}]}<\/script>\n<!-- \/ Yoast SEO plugin. -->","yoast_head_json":{"title":"Ap\u00f3s ser hospitalizado, Sarney recebe alta, mas tem diagn\u00f3stico de isquemia cerebral - Brasil not\u00edcias","robots":{"index":"index","follow":"follow","max-snippet":"max-snippet:-1","max-image-preview":"max-image-preview:large","max-video-preview":"max-video-preview:-1"},"canonical":"https:\/\/brasilnoticias.org\/site\/apos-ser-hospitalizado-sarney-recebe-alta-mas-tem-diagnostico-de-isquemia-cerebral\/","og_locale":"pt_PT","og_type":"article","og_title":"Ap\u00f3s ser hospitalizado, Sarney recebe alta, mas tem diagn\u00f3stico de isquemia cerebral - Brasil not\u00edcias","og_description":"O ex-presidente da Rep\u00fablica Jos\u00e9 Sarney recebeu, nesta segunda-feira (17), alta do hospital onde estava internado e j\u00e1 se encontra","og_url":"https:\/\/brasilnoticias.org\/site\/apos-ser-hospitalizado-sarney-recebe-alta-mas-tem-diagnostico-de-isquemia-cerebral\/","og_site_name":"Brasil not\u00edcias","article_published_time":"2023-07-17T20:45:18+00:00","og_image":[{"width":1600,"height":752,"url":"https:\/\/brasilnoticias.org\/site\/wp-content\/uploads\/2023\/07\/138770apos-ser-hospitalizado-sarney-recebe-alta-mas-tem-diagnostico-de-isquemia-cerebral-3.jpg","type":"image\/jpeg"}],"author":"Reda\u00e7\u00e3o","twitter_card":"summary_large_image","twitter_misc":{"Escrito por":"Reda\u00e7\u00e3o"},"schema":{"@context":"https:\/\/schema.org","@graph":[{"@type":"Article","@id":"https:\/\/brasilnoticias.org\/site\/apos-ser-hospitalizado-sarney-recebe-alta-mas-tem-diagnostico-de-isquemia-cerebral\/#article","isPartOf":{"@id":"https:\/\/brasilnoticias.org\/site\/apos-ser-hospitalizado-sarney-recebe-alta-mas-tem-diagnostico-de-isquemia-cerebral\/"},"author":{"name":"Reda\u00e7\u00e3o","@id":"https:\/\/brasilnoticias.org\/site\/#\/schema\/person\/a0e05b973ec4d15c658d51911e53507b"},"headline":"Ap\u00f3s ser hospitalizado, Sarney recebe alta, mas tem diagn\u00f3stico de isquemia cerebral","datePublished":"2023-07-17T20:45:18+00:00","mainEntityOfPage":{"@id":"https:\/\/brasilnoticias.org\/site\/apos-ser-hospitalizado-sarney-recebe-alta-mas-tem-diagnostico-de-isquemia-cerebral\/"},"wordCount":132,"commentCount":0,"publisher":{"@id":"https:\/\/brasilnoticias.org\/site\/#organization"},"image":{"@id":"https:\/\/brasilnoticias.org\/site\/apos-ser-hospitalizado-sarney-recebe-alta-mas-tem-diagnostico-de-isquemia-cerebral\/#primaryimage"},"thumbnailUrl":"https:\/\/brasilnoticias.org\/site\/wp-content\/uploads\/2023\/07\/138770apos-ser-hospitalizado-sarney-recebe-alta-mas-tem-diagnostico-de-isquemia-cerebral-3.jpg","articleSection":["Not\u00edcias","\u00daltimas"],"inLanguage":"pt-PT","potentialAction":[{"@type":"CommentAction","name":"Comment","target":["https:\/\/brasilnoticias.org\/site\/apos-ser-hospitalizado-sarney-recebe-alta-mas-tem-diagnostico-de-isquemia-cerebral\/#respond"]}]},{"@type":"WebPage","@id":"https:\/\/brasilnoticias.org\/site\/apos-ser-hospitalizado-sarney-recebe-alta-mas-tem-diagnostico-de-isquemia-cerebral\/","url":"https:\/\/brasilnoticias.org\/site\/apos-ser-hospitalizado-sarney-recebe-alta-mas-tem-diagnostico-de-isquemia-cerebral\/","name":"Ap\u00f3s ser hospitalizado, Sarney recebe alta, mas tem diagn\u00f3stico de isquemia cerebral - Brasil not\u00edcias","isPartOf":{"@id":"https:\/\/brasilnoticias.org\/site\/#website"},"primaryImageOfPage":{"@id":"https:\/\/brasilnoticias.org\/site\/apos-ser-hospitalizado-sarney-recebe-alta-mas-tem-diagnostico-de-isquemia-cerebral\/#primaryimage"},"image":{"@id":"https:\/\/brasilnoticias.org\/site\/apos-ser-hospitalizado-sarney-recebe-alta-mas-tem-diagnostico-de-isquemia-cerebral\/#primaryimage"},"thumbnailUrl":"https:\/\/brasilnoticias.org\/site\/wp-content\/uploads\/2023\/07\/138770apos-ser-hospitalizado-sarney-recebe-alta-mas-tem-diagnostico-de-isquemia-cerebral-3.jpg","datePublished":"2023-07-17T20:45:18+00:00","breadcrumb":{"@id":"https:\/\/brasilnoticias.org\/site\/apos-ser-hospitalizado-sarney-recebe-alta-mas-tem-diagnostico-de-isquemia-cerebral\/#breadcrumb"},"inLanguage":"pt-PT","potentialAction":[{"@type":"ReadAction","target":["https:\/\/brasilnoticias.org\/site\/apos-ser-hospitalizado-sarney-recebe-alta-mas-tem-diagnostico-de-isquemia-cerebral\/"]}]},{"@type":"ImageObject","inLanguage":"pt-PT","@id":"https:\/\/brasilnoticias.org\/site\/apos-ser-hospitalizado-sarney-recebe-alta-mas-tem-diagnostico-de-isquemia-cerebral\/#primaryimage","url":"https:\/\/brasilnoticias.org\/site\/wp-content\/uploads\/2023\/07\/138770apos-ser-hospitalizado-sarney-recebe-alta-mas-tem-diagnostico-de-isquemia-cerebral-3.jpg","contentUrl":"https:\/\/brasilnoticias.org\/site\/wp-content\/uploads\/2023\/07\/138770apos-ser-hospitalizado-sarney-recebe-alta-mas-tem-diagnostico-de-isquemia-cerebral-3.jpg","width":1600,"height":752},{"@type":"BreadcrumbList","@id":"https:\/\/brasilnoticias.org\/site\/apos-ser-hospitalizado-sarney-recebe-alta-mas-tem-diagnostico-de-isquemia-cerebral\/#breadcrumb","itemListElement":[{"@type":"ListItem","position":1,"name":"In\u00edcio","item":"https:\/\/brasilnoticias.org\/site\/"},{"@type":"ListItem","position":2,"name":"Ap\u00f3s ser hospitalizado, Sarney recebe alta, mas tem diagn\u00f3stico de isquemia cerebral"}]},{"@type":"WebSite","@id":"https:\/\/brasilnoticias.org\/site\/#website","url":"https:\/\/brasilnoticias.org\/site\/","name":"Brasil not\u00edcias","description":"Brasil not\u00edcias","publisher":{"@id":"https:\/\/brasilnoticias.org\/site\/#organization"},"potentialAction":[{"@type":"SearchAction","target":{"@type":"EntryPoint","urlTemplate":"https:\/\/brasilnoticias.org\/site\/?s={search_term_string}"},"query-input":{"@type":"PropertyValueSpecification","valueRequired":true,"valueName":"search_term_string"}}],"inLanguage":"pt-PT"},{"@type":"Organization","@id":"https:\/\/brasilnoticias.org\/site\/#organization","name":"Brasil not\u00edcias","url":"https:\/\/brasilnoticias.org\/site\/","logo":{"@type":"ImageObject","inLanguage":"pt-PT","@id":"https:\/\/brasilnoticias.org\/site\/#\/schema\/logo\/image\/","url":"https:\/\/brasilnoticias.org\/site\/wp-content\/uploads\/2022\/05\/cropped-brasilnoticias-mini.jpg","contentUrl":"https:\/\/brasilnoticias.org\/site\/wp-content\/uploads\/2022\/05\/cropped-brasilnoticias-mini.jpg","width":314,"height":86,"caption":"Brasil not\u00edcias"},"image":{"@id":"https:\/\/brasilnoticias.org\/site\/#\/schema\/logo\/image\/"}},{"@type":"Person","@id":"https:\/\/brasilnoticias.org\/site\/#\/schema\/person\/a0e05b973ec4d15c658d51911e53507b","name":"Reda\u00e7\u00e3o","image":{"@type":"ImageObject","inLanguage":"pt-PT","@id":"https:\/\/brasilnoticias.org\/site\/#\/schema\/person\/image\/","url":"https:\/\/secure.gravatar.com\/avatar\/75d8b050df2de108b08ae78dfb8e374892df24a383c67db9c46a9c604f6aee9c?s=96&d=mm&r=g","contentUrl":"https:\/\/secure.gravatar.com\/avatar\/75d8b050df2de108b08ae78dfb8e374892df24a383c67db9c46a9c604f6aee9c?s=96&d=mm&r=g","caption":"Reda\u00e7\u00e3o"},"sameAs":["https:\/\/brasilnoticias.org\/site"],"url":"https:\/\/brasilnoticias.org\/site\/author\/fernandozsngmail-com\/"}]}},"_links":{"self":[{"href":"https:\/\/brasilnoticias.org\/site\/wp-json\/wp\/v2\/posts\/7442","targetHints":{"allow":["GET"]}}],"collection":[{"href":"https:\/\/brasilnoticias.org\/site\/wp-json\/wp\/v2\/posts"}],"about":[{"href":"https:\/\/brasilnoticias.org\/site\/wp-json\/wp\/v2\/types\/post"}],"author":[{"embeddable":true,"href":"https:\/\/brasilnoticias.org\/site\/wp-json\/wp\/v2\/users\/1"}],"replies":[{"embeddable":true,"href":"https:\/\/brasilnoticias.org\/site\/wp-json\/wp\/v2\/comments?post=7442"}],"version-history":[{"count":1,"href":"https:\/\/brasilnoticias.org\/site\/wp-json\/wp\/v2\/posts\/7442\/revisions"}],"predecessor-version":[{"id":7444,"href":"https:\/\/brasilnoticias.org\/site\/wp-json\/wp\/v2\/posts\/7442\/revisions\/7444"}],"wp:featuredmedia":[{"embeddable":true,"href":"https:\/\/brasilnoticias.org\/site\/wp-json\/wp\/v2\/media\/7443"}],"wp:attachment":[{"href":"https:\/\/brasilnoticias.org\/site\/wp-json\/wp\/v2\/media?parent=7442"}],"wp:term":[{"taxonomy":"category","embeddable":true,"href":"https:\/\/brasilnoticias.org\/site\/wp-json\/wp\/v2\/categories?post=7442"},{"taxonomy":"post_tag","embeddable":true,"href":"https:\/\/brasilnoticias.org\/site\/wp-json\/wp\/v2\/tags?post=7442"}],"curies":[{"name":"wp","href":"https:\/\/api.w.org\/{rel}","templated":true}]}}