{"id":7451,"date":"2023-07-18T06:14:57","date_gmt":"2023-07-18T09:14:57","guid":{"rendered":"https:\/\/brasilnoticias.org\/site\/?p=7451"},"modified":"2023-07-18T06:14:57","modified_gmt":"2023-07-18T09:14:57","slug":"adolescente-e-executado-no-estacionamento-de-mercado-na-avenida-garibaldi-em-salvador","status":"publish","type":"post","link":"https:\/\/brasilnoticias.org\/site\/adolescente-e-executado-no-estacionamento-de-mercado-na-avenida-garibaldi-em-salvador\/","title":{"rendered":"Adolescente \u00e9 executado no estacionamento de mercado na Avenida Garibaldi, em Salvador"},"content":{"rendered":"<p>Um adolescente, identificado pela Pol\u00edcia Civil como Caique Barreto dos Santos, de 16 anos, foi executado com disparos de arma de fogo na noite desta segunda-feira (17), no estacionamento de um supermercado na Avenida Garibaldi, em Salvador.<\/p>\n<p>De acordo com informa\u00e7\u00f5es preliminares exibidas na Record TV Itapoan, o jovem jogava bola no estacionamento do local quando foi morto a tiros. O crime aconteceu a poucos metros do local onde a estudante Camila Silva dos Santos, de 23 anos, morreu ap\u00f3s ser atingida por uma bala perdida na \u00faltima semana.<\/p>\n<p>Em nota enviada ao BNews, a Pol\u00edcia Militar informou que agentes da 41\u00aa CIPM foram acionados pelo Cicom para averiguar uma den\u00fancia na rua Souza Uzel, Federa\u00e7\u00e3o, de um homem ca\u00eddo ao solo, sem sinais vitais, ferido por disparos de arma de fogo.<\/p>\n<p>Ainda segundo a PM, a \u00e1rea foi isolada e o Departamento de Pol\u00edcia T\u00e9cnica (DPT) foi acionado para a remo\u00e7\u00e3o do corpo realiza\u00e7\u00e3o de per\u00edcia.<\/p>\n<p>&#8220;Rondas e dilig\u00eancias est\u00e3o sendo realizadas a fim de identificar suspeitos, mas at\u00e9 o momento ningu\u00e9m foi preso&#8221;, disse a Pol\u00edcia Militar, que finalizou afirmando que o caso ser\u00e1 investigado pela pol\u00edcia judici\u00e1ria.<\/p>\n<p>Foto Record TV Itapoan\/Reprodu\u00e7\u00e3o<br \/>\nBNews<\/p>\n","protected":false},"excerpt":{"rendered":"<p>Um adolescente, identificado pela Pol\u00edcia Civil como Caique Barreto dos Santos, de 16 anos, foi executado com disparos de arma<\/p>\n","protected":false},"author":1,"featured_media":7452,"comment_status":"open","ping_status":"open","sticky":false,"template":"","format":"standard","meta":{"colormag_page_container_layout":"default_layout","colormag_page_sidebar_layout":"default_layout","_FSMCFIC_featured_image_caption":"","_FSMCFIC_featured_image_nocaption":"","_FSMCFIC_featured_image_hide":"","footnotes":""},"categories":[3,1],"tags":[],"class_list":["post-7451","post","type-post","status-publish","format-standard","has-post-thumbnail","hentry","category-policia","category-ultimas"],"yoast_head":"<!-- This site is optimized with the Yoast SEO plugin v27.1.1 - https:\/\/yoast.com\/product\/yoast-seo-wordpress\/ -->\n<title>Adolescente \u00e9 executado no estacionamento de mercado na Avenida Garibaldi, em Salvador - Brasil not\u00edcias<\/title>\n<meta name=\"robots\" content=\"index, follow, max-snippet:-1, max-image-preview:large, max-video-preview:-1\" \/>\n<link rel=\"canonical\" href=\"https:\/\/brasilnoticias.org\/site\/adolescente-e-executado-no-estacionamento-de-mercado-na-avenida-garibaldi-em-salvador\/\" \/>\n<meta property=\"og:locale\" content=\"pt_PT\" \/>\n<meta property=\"og:type\" content=\"article\" \/>\n<meta property=\"og:title\" content=\"Adolescente \u00e9 executado no estacionamento de mercado na Avenida Garibaldi, em Salvador - Brasil not\u00edcias\" \/>\n<meta property=\"og:description\" content=\"Um adolescente, identificado pela Pol\u00edcia Civil como Caique Barreto dos Santos, de 16 anos, foi executado com disparos de arma\" \/>\n<meta property=\"og:url\" content=\"https:\/\/brasilnoticias.org\/site\/adolescente-e-executado-no-estacionamento-de-mercado-na-avenida-garibaldi-em-salvador\/\" \/>\n<meta property=\"og:site_name\" content=\"Brasil not\u00edcias\" \/>\n<meta property=\"article:published_time\" content=\"2023-07-18T09:14:57+00:00\" \/>\n<meta property=\"og:image\" content=\"https:\/\/brasilnoticias.org\/site\/wp-content\/uploads\/2023\/07\/1689633394902363_widelg.jpg\" \/>\n\t<meta property=\"og:image:width\" content=\"763\" \/>\n\t<meta property=\"og:image:height\" content=\"383\" \/>\n\t<meta property=\"og:image:type\" content=\"image\/jpeg\" \/>\n<meta name=\"author\" content=\"Reda\u00e7\u00e3o\" \/>\n<meta name=\"twitter:card\" content=\"summary_large_image\" \/>\n<meta name=\"twitter:label1\" content=\"Escrito por\" \/>\n\t<meta name=\"twitter:data1\" content=\"Reda\u00e7\u00e3o\" \/>\n<script type=\"application\/ld+json\" class=\"yoast-schema-graph\">{\"@context\":\"https:\/\/schema.org\",\"@graph\":[{\"@type\":\"Article\",\"@id\":\"https:\/\/brasilnoticias.org\/site\/adolescente-e-executado-no-estacionamento-de-mercado-na-avenida-garibaldi-em-salvador\/#article\",\"isPartOf\":{\"@id\":\"https:\/\/brasilnoticias.org\/site\/adolescente-e-executado-no-estacionamento-de-mercado-na-avenida-garibaldi-em-salvador\/\"},\"author\":{\"name\":\"Reda\u00e7\u00e3o\",\"@id\":\"https:\/\/brasilnoticias.org\/site\/#\/schema\/person\/a0e05b973ec4d15c658d51911e53507b\"},\"headline\":\"Adolescente \u00e9 executado no estacionamento de mercado na Avenida Garibaldi, em Salvador\",\"datePublished\":\"2023-07-18T09:14:57+00:00\",\"mainEntityOfPage\":{\"@id\":\"https:\/\/brasilnoticias.org\/site\/adolescente-e-executado-no-estacionamento-de-mercado-na-avenida-garibaldi-em-salvador\/\"},\"wordCount\":222,\"commentCount\":0,\"publisher\":{\"@id\":\"https:\/\/brasilnoticias.org\/site\/#organization\"},\"image\":{\"@id\":\"https:\/\/brasilnoticias.org\/site\/adolescente-e-executado-no-estacionamento-de-mercado-na-avenida-garibaldi-em-salvador\/#primaryimage\"},\"thumbnailUrl\":\"https:\/\/brasilnoticias.org\/site\/wp-content\/uploads\/2023\/07\/1689633394902363_widelg.jpg\",\"articleSection\":[\"Pol\u00edcia\",\"\u00daltimas\"],\"inLanguage\":\"pt-PT\",\"potentialAction\":[{\"@type\":\"CommentAction\",\"name\":\"Comment\",\"target\":[\"https:\/\/brasilnoticias.org\/site\/adolescente-e-executado-no-estacionamento-de-mercado-na-avenida-garibaldi-em-salvador\/#respond\"]}]},{\"@type\":\"WebPage\",\"@id\":\"https:\/\/brasilnoticias.org\/site\/adolescente-e-executado-no-estacionamento-de-mercado-na-avenida-garibaldi-em-salvador\/\",\"url\":\"https:\/\/brasilnoticias.org\/site\/adolescente-e-executado-no-estacionamento-de-mercado-na-avenida-garibaldi-em-salvador\/\",\"name\":\"Adolescente \u00e9 executado no estacionamento de mercado na Avenida Garibaldi, em Salvador - Brasil not\u00edcias\",\"isPartOf\":{\"@id\":\"https:\/\/brasilnoticias.org\/site\/#website\"},\"primaryImageOfPage\":{\"@id\":\"https:\/\/brasilnoticias.org\/site\/adolescente-e-executado-no-estacionamento-de-mercado-na-avenida-garibaldi-em-salvador\/#primaryimage\"},\"image\":{\"@id\":\"https:\/\/brasilnoticias.org\/site\/adolescente-e-executado-no-estacionamento-de-mercado-na-avenida-garibaldi-em-salvador\/#primaryimage\"},\"thumbnailUrl\":\"https:\/\/brasilnoticias.org\/site\/wp-content\/uploads\/2023\/07\/1689633394902363_widelg.jpg\",\"datePublished\":\"2023-07-18T09:14:57+00:00\",\"breadcrumb\":{\"@id\":\"https:\/\/brasilnoticias.org\/site\/adolescente-e-executado-no-estacionamento-de-mercado-na-avenida-garibaldi-em-salvador\/#breadcrumb\"},\"inLanguage\":\"pt-PT\",\"potentialAction\":[{\"@type\":\"ReadAction\",\"target\":[\"https:\/\/brasilnoticias.org\/site\/adolescente-e-executado-no-estacionamento-de-mercado-na-avenida-garibaldi-em-salvador\/\"]}]},{\"@type\":\"ImageObject\",\"inLanguage\":\"pt-PT\",\"@id\":\"https:\/\/brasilnoticias.org\/site\/adolescente-e-executado-no-estacionamento-de-mercado-na-avenida-garibaldi-em-salvador\/#primaryimage\",\"url\":\"https:\/\/brasilnoticias.org\/site\/wp-content\/uploads\/2023\/07\/1689633394902363_widelg.jpg\",\"contentUrl\":\"https:\/\/brasilnoticias.org\/site\/wp-content\/uploads\/2023\/07\/1689633394902363_widelg.jpg\",\"width\":763,\"height\":383},{\"@type\":\"BreadcrumbList\",\"@id\":\"https:\/\/brasilnoticias.org\/site\/adolescente-e-executado-no-estacionamento-de-mercado-na-avenida-garibaldi-em-salvador\/#breadcrumb\",\"itemListElement\":[{\"@type\":\"ListItem\",\"position\":1,\"name\":\"In\u00edcio\",\"item\":\"https:\/\/brasilnoticias.org\/site\/\"},{\"@type\":\"ListItem\",\"position\":2,\"name\":\"Adolescente \u00e9 executado no estacionamento de mercado na Avenida Garibaldi, em Salvador\"}]},{\"@type\":\"WebSite\",\"@id\":\"https:\/\/brasilnoticias.org\/site\/#website\",\"url\":\"https:\/\/brasilnoticias.org\/site\/\",\"name\":\"Brasil not\u00edcias\",\"description\":\"Brasil not\u00edcias\",\"publisher\":{\"@id\":\"https:\/\/brasilnoticias.org\/site\/#organization\"},\"potentialAction\":[{\"@type\":\"SearchAction\",\"target\":{\"@type\":\"EntryPoint\",\"urlTemplate\":\"https:\/\/brasilnoticias.org\/site\/?s={search_term_string}\"},\"query-input\":{\"@type\":\"PropertyValueSpecification\",\"valueRequired\":true,\"valueName\":\"search_term_string\"}}],\"inLanguage\":\"pt-PT\"},{\"@type\":\"Organization\",\"@id\":\"https:\/\/brasilnoticias.org\/site\/#organization\",\"name\":\"Brasil not\u00edcias\",\"url\":\"https:\/\/brasilnoticias.org\/site\/\",\"logo\":{\"@type\":\"ImageObject\",\"inLanguage\":\"pt-PT\",\"@id\":\"https:\/\/brasilnoticias.org\/site\/#\/schema\/logo\/image\/\",\"url\":\"https:\/\/brasilnoticias.org\/site\/wp-content\/uploads\/2022\/05\/cropped-brasilnoticias-mini.jpg\",\"contentUrl\":\"https:\/\/brasilnoticias.org\/site\/wp-content\/uploads\/2022\/05\/cropped-brasilnoticias-mini.jpg\",\"width\":314,\"height\":86,\"caption\":\"Brasil not\u00edcias\"},\"image\":{\"@id\":\"https:\/\/brasilnoticias.org\/site\/#\/schema\/logo\/image\/\"}},{\"@type\":\"Person\",\"@id\":\"https:\/\/brasilnoticias.org\/site\/#\/schema\/person\/a0e05b973ec4d15c658d51911e53507b\",\"name\":\"Reda\u00e7\u00e3o\",\"image\":{\"@type\":\"ImageObject\",\"inLanguage\":\"pt-PT\",\"@id\":\"https:\/\/brasilnoticias.org\/site\/#\/schema\/person\/image\/\",\"url\":\"https:\/\/secure.gravatar.com\/avatar\/75d8b050df2de108b08ae78dfb8e374892df24a383c67db9c46a9c604f6aee9c?s=96&d=mm&r=g\",\"contentUrl\":\"https:\/\/secure.gravatar.com\/avatar\/75d8b050df2de108b08ae78dfb8e374892df24a383c67db9c46a9c604f6aee9c?s=96&d=mm&r=g\",\"caption\":\"Reda\u00e7\u00e3o\"},\"sameAs\":[\"https:\/\/brasilnoticias.org\/site\"],\"url\":\"https:\/\/brasilnoticias.org\/site\/author\/fernandozsngmail-com\/\"}]}<\/script>\n<!-- \/ Yoast SEO plugin. -->","yoast_head_json":{"title":"Adolescente \u00e9 executado no estacionamento de mercado na Avenida Garibaldi, em Salvador - Brasil not\u00edcias","robots":{"index":"index","follow":"follow","max-snippet":"max-snippet:-1","max-image-preview":"max-image-preview:large","max-video-preview":"max-video-preview:-1"},"canonical":"https:\/\/brasilnoticias.org\/site\/adolescente-e-executado-no-estacionamento-de-mercado-na-avenida-garibaldi-em-salvador\/","og_locale":"pt_PT","og_type":"article","og_title":"Adolescente \u00e9 executado no estacionamento de mercado na Avenida Garibaldi, em Salvador - Brasil not\u00edcias","og_description":"Um adolescente, identificado pela Pol\u00edcia Civil como Caique Barreto dos Santos, de 16 anos, foi executado com disparos de arma","og_url":"https:\/\/brasilnoticias.org\/site\/adolescente-e-executado-no-estacionamento-de-mercado-na-avenida-garibaldi-em-salvador\/","og_site_name":"Brasil not\u00edcias","article_published_time":"2023-07-18T09:14:57+00:00","og_image":[{"width":763,"height":383,"url":"https:\/\/brasilnoticias.org\/site\/wp-content\/uploads\/2023\/07\/1689633394902363_widelg.jpg","type":"image\/jpeg"}],"author":"Reda\u00e7\u00e3o","twitter_card":"summary_large_image","twitter_misc":{"Escrito por":"Reda\u00e7\u00e3o"},"schema":{"@context":"https:\/\/schema.org","@graph":[{"@type":"Article","@id":"https:\/\/brasilnoticias.org\/site\/adolescente-e-executado-no-estacionamento-de-mercado-na-avenida-garibaldi-em-salvador\/#article","isPartOf":{"@id":"https:\/\/brasilnoticias.org\/site\/adolescente-e-executado-no-estacionamento-de-mercado-na-avenida-garibaldi-em-salvador\/"},"author":{"name":"Reda\u00e7\u00e3o","@id":"https:\/\/brasilnoticias.org\/site\/#\/schema\/person\/a0e05b973ec4d15c658d51911e53507b"},"headline":"Adolescente \u00e9 executado no estacionamento de mercado na Avenida Garibaldi, em Salvador","datePublished":"2023-07-18T09:14:57+00:00","mainEntityOfPage":{"@id":"https:\/\/brasilnoticias.org\/site\/adolescente-e-executado-no-estacionamento-de-mercado-na-avenida-garibaldi-em-salvador\/"},"wordCount":222,"commentCount":0,"publisher":{"@id":"https:\/\/brasilnoticias.org\/site\/#organization"},"image":{"@id":"https:\/\/brasilnoticias.org\/site\/adolescente-e-executado-no-estacionamento-de-mercado-na-avenida-garibaldi-em-salvador\/#primaryimage"},"thumbnailUrl":"https:\/\/brasilnoticias.org\/site\/wp-content\/uploads\/2023\/07\/1689633394902363_widelg.jpg","articleSection":["Pol\u00edcia","\u00daltimas"],"inLanguage":"pt-PT","potentialAction":[{"@type":"CommentAction","name":"Comment","target":["https:\/\/brasilnoticias.org\/site\/adolescente-e-executado-no-estacionamento-de-mercado-na-avenida-garibaldi-em-salvador\/#respond"]}]},{"@type":"WebPage","@id":"https:\/\/brasilnoticias.org\/site\/adolescente-e-executado-no-estacionamento-de-mercado-na-avenida-garibaldi-em-salvador\/","url":"https:\/\/brasilnoticias.org\/site\/adolescente-e-executado-no-estacionamento-de-mercado-na-avenida-garibaldi-em-salvador\/","name":"Adolescente \u00e9 executado no estacionamento de mercado na Avenida Garibaldi, em Salvador - Brasil not\u00edcias","isPartOf":{"@id":"https:\/\/brasilnoticias.org\/site\/#website"},"primaryImageOfPage":{"@id":"https:\/\/brasilnoticias.org\/site\/adolescente-e-executado-no-estacionamento-de-mercado-na-avenida-garibaldi-em-salvador\/#primaryimage"},"image":{"@id":"https:\/\/brasilnoticias.org\/site\/adolescente-e-executado-no-estacionamento-de-mercado-na-avenida-garibaldi-em-salvador\/#primaryimage"},"thumbnailUrl":"https:\/\/brasilnoticias.org\/site\/wp-content\/uploads\/2023\/07\/1689633394902363_widelg.jpg","datePublished":"2023-07-18T09:14:57+00:00","breadcrumb":{"@id":"https:\/\/brasilnoticias.org\/site\/adolescente-e-executado-no-estacionamento-de-mercado-na-avenida-garibaldi-em-salvador\/#breadcrumb"},"inLanguage":"pt-PT","potentialAction":[{"@type":"ReadAction","target":["https:\/\/brasilnoticias.org\/site\/adolescente-e-executado-no-estacionamento-de-mercado-na-avenida-garibaldi-em-salvador\/"]}]},{"@type":"ImageObject","inLanguage":"pt-PT","@id":"https:\/\/brasilnoticias.org\/site\/adolescente-e-executado-no-estacionamento-de-mercado-na-avenida-garibaldi-em-salvador\/#primaryimage","url":"https:\/\/brasilnoticias.org\/site\/wp-content\/uploads\/2023\/07\/1689633394902363_widelg.jpg","contentUrl":"https:\/\/brasilnoticias.org\/site\/wp-content\/uploads\/2023\/07\/1689633394902363_widelg.jpg","width":763,"height":383},{"@type":"BreadcrumbList","@id":"https:\/\/brasilnoticias.org\/site\/adolescente-e-executado-no-estacionamento-de-mercado-na-avenida-garibaldi-em-salvador\/#breadcrumb","itemListElement":[{"@type":"ListItem","position":1,"name":"In\u00edcio","item":"https:\/\/brasilnoticias.org\/site\/"},{"@type":"ListItem","position":2,"name":"Adolescente \u00e9 executado no estacionamento de mercado na Avenida Garibaldi, em Salvador"}]},{"@type":"WebSite","@id":"https:\/\/brasilnoticias.org\/site\/#website","url":"https:\/\/brasilnoticias.org\/site\/","name":"Brasil not\u00edcias","description":"Brasil not\u00edcias","publisher":{"@id":"https:\/\/brasilnoticias.org\/site\/#organization"},"potentialAction":[{"@type":"SearchAction","target":{"@type":"EntryPoint","urlTemplate":"https:\/\/brasilnoticias.org\/site\/?s={search_term_string}"},"query-input":{"@type":"PropertyValueSpecification","valueRequired":true,"valueName":"search_term_string"}}],"inLanguage":"pt-PT"},{"@type":"Organization","@id":"https:\/\/brasilnoticias.org\/site\/#organization","name":"Brasil not\u00edcias","url":"https:\/\/brasilnoticias.org\/site\/","logo":{"@type":"ImageObject","inLanguage":"pt-PT","@id":"https:\/\/brasilnoticias.org\/site\/#\/schema\/logo\/image\/","url":"https:\/\/brasilnoticias.org\/site\/wp-content\/uploads\/2022\/05\/cropped-brasilnoticias-mini.jpg","contentUrl":"https:\/\/brasilnoticias.org\/site\/wp-content\/uploads\/2022\/05\/cropped-brasilnoticias-mini.jpg","width":314,"height":86,"caption":"Brasil not\u00edcias"},"image":{"@id":"https:\/\/brasilnoticias.org\/site\/#\/schema\/logo\/image\/"}},{"@type":"Person","@id":"https:\/\/brasilnoticias.org\/site\/#\/schema\/person\/a0e05b973ec4d15c658d51911e53507b","name":"Reda\u00e7\u00e3o","image":{"@type":"ImageObject","inLanguage":"pt-PT","@id":"https:\/\/brasilnoticias.org\/site\/#\/schema\/person\/image\/","url":"https:\/\/secure.gravatar.com\/avatar\/75d8b050df2de108b08ae78dfb8e374892df24a383c67db9c46a9c604f6aee9c?s=96&d=mm&r=g","contentUrl":"https:\/\/secure.gravatar.com\/avatar\/75d8b050df2de108b08ae78dfb8e374892df24a383c67db9c46a9c604f6aee9c?s=96&d=mm&r=g","caption":"Reda\u00e7\u00e3o"},"sameAs":["https:\/\/brasilnoticias.org\/site"],"url":"https:\/\/brasilnoticias.org\/site\/author\/fernandozsngmail-com\/"}]}},"_links":{"self":[{"href":"https:\/\/brasilnoticias.org\/site\/wp-json\/wp\/v2\/posts\/7451","targetHints":{"allow":["GET"]}}],"collection":[{"href":"https:\/\/brasilnoticias.org\/site\/wp-json\/wp\/v2\/posts"}],"about":[{"href":"https:\/\/brasilnoticias.org\/site\/wp-json\/wp\/v2\/types\/post"}],"author":[{"embeddable":true,"href":"https:\/\/brasilnoticias.org\/site\/wp-json\/wp\/v2\/users\/1"}],"replies":[{"embeddable":true,"href":"https:\/\/brasilnoticias.org\/site\/wp-json\/wp\/v2\/comments?post=7451"}],"version-history":[{"count":1,"href":"https:\/\/brasilnoticias.org\/site\/wp-json\/wp\/v2\/posts\/7451\/revisions"}],"predecessor-version":[{"id":7453,"href":"https:\/\/brasilnoticias.org\/site\/wp-json\/wp\/v2\/posts\/7451\/revisions\/7453"}],"wp:featuredmedia":[{"embeddable":true,"href":"https:\/\/brasilnoticias.org\/site\/wp-json\/wp\/v2\/media\/7452"}],"wp:attachment":[{"href":"https:\/\/brasilnoticias.org\/site\/wp-json\/wp\/v2\/media?parent=7451"}],"wp:term":[{"taxonomy":"category","embeddable":true,"href":"https:\/\/brasilnoticias.org\/site\/wp-json\/wp\/v2\/categories?post=7451"},{"taxonomy":"post_tag","embeddable":true,"href":"https:\/\/brasilnoticias.org\/site\/wp-json\/wp\/v2\/tags?post=7451"}],"curies":[{"name":"wp","href":"https:\/\/api.w.org\/{rel}","templated":true}]}}