{"id":7454,"date":"2023-07-18T06:16:52","date_gmt":"2023-07-18T09:16:52","guid":{"rendered":"https:\/\/brasilnoticias.org\/site\/?p=7454"},"modified":"2023-07-18T06:16:52","modified_gmt":"2023-07-18T09:16:52","slug":"lateral-que-negociou-com-o-vitoria-fecha-com-time-europeu","status":"publish","type":"post","link":"https:\/\/brasilnoticias.org\/site\/lateral-que-negociou-com-o-vitoria-fecha-com-time-europeu\/","title":{"rendered":"Lateral que negociou com o Vit\u00f3ria fecha com time europeu"},"content":{"rendered":"<p>O lateral esquerdo Pedrinho, ex-Athletico, \u00e9 o novo refor\u00e7o do time ucraniano Shakhtar Donetsk. O jogador, que chegou a negociar com o Vit\u00f3ria ap\u00f3s o presidente F\u00e1bio Mota oferecer o Le\u00e3o como um destino para o atleta, assinar\u00e1 contrato v\u00e1lido por cinco temporadas com o clube europeu.<\/p>\n<p>Pedrinho foi afastado do clube paranaense no m\u00eas de maio, ap\u00f3s ter seu nome citado na Opera\u00e7\u00e3o Penalidade M\u00e1xima, opera\u00e7\u00e3o que investiga esquema de manipula\u00e7\u00e3o de apostas em jogos do Campeonato Brasileiro. O jogador foi ouvido pelo MP-GO e at\u00e9 ent\u00e3o n\u00e3o foi denunciado.<\/p>\n<p>Pedrinho deixou o Vit\u00f3ria, clube onde foi revelado, para ir ao Athletico em 2021, numa transfer\u00eancia cercada de pol\u00eamicas geradas pelo ent\u00e3o presidente do rubro negro baiano, Paulo Carneiro. No fim, o jogador custou R$ 8,5 milh\u00f5es e fez 70 jogos pelo CAP em pouco menos de tr\u00eas temporadas. Foram duas assist\u00eancias e nenhum gol marcado com a camisa do clube paranaense.<\/p>\n<p>Foto: Divulga\u00e7\u00e3o<br \/>\nBNews<\/p>\n","protected":false},"excerpt":{"rendered":"<p>O lateral esquerdo Pedrinho, ex-Athletico, \u00e9 o novo refor\u00e7o do time ucraniano Shakhtar Donetsk. O jogador, que chegou a negociar<\/p>\n","protected":false},"author":1,"featured_media":7455,"comment_status":"open","ping_status":"open","sticky":false,"template":"","format":"standard","meta":{"colormag_page_container_layout":"default_layout","colormag_page_sidebar_layout":"default_layout","_FSMCFIC_featured_image_caption":"","_FSMCFIC_featured_image_nocaption":"","_FSMCFIC_featured_image_hide":"","footnotes":""},"categories":[4,1],"tags":[],"class_list":["post-7454","post","type-post","status-publish","format-standard","has-post-thumbnail","hentry","category-esporte","category-ultimas"],"yoast_head":"<!-- This site is optimized with the Yoast SEO plugin v27.1.1 - https:\/\/yoast.com\/product\/yoast-seo-wordpress\/ -->\n<title>Lateral que negociou com o Vit\u00f3ria fecha com time europeu - Brasil not\u00edcias<\/title>\n<meta name=\"robots\" content=\"index, follow, max-snippet:-1, max-image-preview:large, max-video-preview:-1\" \/>\n<link rel=\"canonical\" href=\"https:\/\/brasilnoticias.org\/site\/lateral-que-negociou-com-o-vitoria-fecha-com-time-europeu\/\" \/>\n<meta property=\"og:locale\" content=\"pt_PT\" \/>\n<meta property=\"og:type\" content=\"article\" \/>\n<meta property=\"og:title\" content=\"Lateral que negociou com o Vit\u00f3ria fecha com time europeu - Brasil not\u00edcias\" \/>\n<meta property=\"og:description\" content=\"O lateral esquerdo Pedrinho, ex-Athletico, \u00e9 o novo refor\u00e7o do time ucraniano Shakhtar Donetsk. O jogador, que chegou a negociar\" \/>\n<meta property=\"og:url\" content=\"https:\/\/brasilnoticias.org\/site\/lateral-que-negociou-com-o-vitoria-fecha-com-time-europeu\/\" \/>\n<meta property=\"og:site_name\" content=\"Brasil not\u00edcias\" \/>\n<meta property=\"article:published_time\" content=\"2023-07-18T09:16:52+00:00\" \/>\n<meta property=\"og:image\" content=\"https:\/\/brasilnoticias.org\/site\/wp-content\/uploads\/2023\/07\/whatsapp_image_2023-07-17_at_21.36.52_widelg.jpeg\" \/>\n\t<meta property=\"og:image:width\" content=\"800\" \/>\n\t<meta property=\"og:image:height\" content=\"450\" \/>\n\t<meta property=\"og:image:type\" content=\"image\/jpeg\" \/>\n<meta name=\"author\" content=\"Reda\u00e7\u00e3o\" \/>\n<meta name=\"twitter:card\" content=\"summary_large_image\" \/>\n<meta name=\"twitter:label1\" content=\"Escrito por\" \/>\n\t<meta name=\"twitter:data1\" content=\"Reda\u00e7\u00e3o\" \/>\n<script type=\"application\/ld+json\" class=\"yoast-schema-graph\">{\"@context\":\"https:\/\/schema.org\",\"@graph\":[{\"@type\":\"Article\",\"@id\":\"https:\/\/brasilnoticias.org\/site\/lateral-que-negociou-com-o-vitoria-fecha-com-time-europeu\/#article\",\"isPartOf\":{\"@id\":\"https:\/\/brasilnoticias.org\/site\/lateral-que-negociou-com-o-vitoria-fecha-com-time-europeu\/\"},\"author\":{\"name\":\"Reda\u00e7\u00e3o\",\"@id\":\"https:\/\/brasilnoticias.org\/site\/#\/schema\/person\/a0e05b973ec4d15c658d51911e53507b\"},\"headline\":\"Lateral que negociou com o Vit\u00f3ria fecha com time europeu\",\"datePublished\":\"2023-07-18T09:16:52+00:00\",\"mainEntityOfPage\":{\"@id\":\"https:\/\/brasilnoticias.org\/site\/lateral-que-negociou-com-o-vitoria-fecha-com-time-europeu\/\"},\"wordCount\":185,\"commentCount\":0,\"publisher\":{\"@id\":\"https:\/\/brasilnoticias.org\/site\/#organization\"},\"image\":{\"@id\":\"https:\/\/brasilnoticias.org\/site\/lateral-que-negociou-com-o-vitoria-fecha-com-time-europeu\/#primaryimage\"},\"thumbnailUrl\":\"https:\/\/brasilnoticias.org\/site\/wp-content\/uploads\/2023\/07\/whatsapp_image_2023-07-17_at_21.36.52_widelg.jpeg\",\"articleSection\":[\"Esporte\",\"\u00daltimas\"],\"inLanguage\":\"pt-PT\",\"potentialAction\":[{\"@type\":\"CommentAction\",\"name\":\"Comment\",\"target\":[\"https:\/\/brasilnoticias.org\/site\/lateral-que-negociou-com-o-vitoria-fecha-com-time-europeu\/#respond\"]}]},{\"@type\":\"WebPage\",\"@id\":\"https:\/\/brasilnoticias.org\/site\/lateral-que-negociou-com-o-vitoria-fecha-com-time-europeu\/\",\"url\":\"https:\/\/brasilnoticias.org\/site\/lateral-que-negociou-com-o-vitoria-fecha-com-time-europeu\/\",\"name\":\"Lateral que negociou com o Vit\u00f3ria fecha com time europeu - Brasil not\u00edcias\",\"isPartOf\":{\"@id\":\"https:\/\/brasilnoticias.org\/site\/#website\"},\"primaryImageOfPage\":{\"@id\":\"https:\/\/brasilnoticias.org\/site\/lateral-que-negociou-com-o-vitoria-fecha-com-time-europeu\/#primaryimage\"},\"image\":{\"@id\":\"https:\/\/brasilnoticias.org\/site\/lateral-que-negociou-com-o-vitoria-fecha-com-time-europeu\/#primaryimage\"},\"thumbnailUrl\":\"https:\/\/brasilnoticias.org\/site\/wp-content\/uploads\/2023\/07\/whatsapp_image_2023-07-17_at_21.36.52_widelg.jpeg\",\"datePublished\":\"2023-07-18T09:16:52+00:00\",\"breadcrumb\":{\"@id\":\"https:\/\/brasilnoticias.org\/site\/lateral-que-negociou-com-o-vitoria-fecha-com-time-europeu\/#breadcrumb\"},\"inLanguage\":\"pt-PT\",\"potentialAction\":[{\"@type\":\"ReadAction\",\"target\":[\"https:\/\/brasilnoticias.org\/site\/lateral-que-negociou-com-o-vitoria-fecha-com-time-europeu\/\"]}]},{\"@type\":\"ImageObject\",\"inLanguage\":\"pt-PT\",\"@id\":\"https:\/\/brasilnoticias.org\/site\/lateral-que-negociou-com-o-vitoria-fecha-com-time-europeu\/#primaryimage\",\"url\":\"https:\/\/brasilnoticias.org\/site\/wp-content\/uploads\/2023\/07\/whatsapp_image_2023-07-17_at_21.36.52_widelg.jpeg\",\"contentUrl\":\"https:\/\/brasilnoticias.org\/site\/wp-content\/uploads\/2023\/07\/whatsapp_image_2023-07-17_at_21.36.52_widelg.jpeg\",\"width\":800,\"height\":450},{\"@type\":\"BreadcrumbList\",\"@id\":\"https:\/\/brasilnoticias.org\/site\/lateral-que-negociou-com-o-vitoria-fecha-com-time-europeu\/#breadcrumb\",\"itemListElement\":[{\"@type\":\"ListItem\",\"position\":1,\"name\":\"In\u00edcio\",\"item\":\"https:\/\/brasilnoticias.org\/site\/\"},{\"@type\":\"ListItem\",\"position\":2,\"name\":\"Lateral que negociou com o Vit\u00f3ria fecha com time europeu\"}]},{\"@type\":\"WebSite\",\"@id\":\"https:\/\/brasilnoticias.org\/site\/#website\",\"url\":\"https:\/\/brasilnoticias.org\/site\/\",\"name\":\"Brasil not\u00edcias\",\"description\":\"Brasil not\u00edcias\",\"publisher\":{\"@id\":\"https:\/\/brasilnoticias.org\/site\/#organization\"},\"potentialAction\":[{\"@type\":\"SearchAction\",\"target\":{\"@type\":\"EntryPoint\",\"urlTemplate\":\"https:\/\/brasilnoticias.org\/site\/?s={search_term_string}\"},\"query-input\":{\"@type\":\"PropertyValueSpecification\",\"valueRequired\":true,\"valueName\":\"search_term_string\"}}],\"inLanguage\":\"pt-PT\"},{\"@type\":\"Organization\",\"@id\":\"https:\/\/brasilnoticias.org\/site\/#organization\",\"name\":\"Brasil not\u00edcias\",\"url\":\"https:\/\/brasilnoticias.org\/site\/\",\"logo\":{\"@type\":\"ImageObject\",\"inLanguage\":\"pt-PT\",\"@id\":\"https:\/\/brasilnoticias.org\/site\/#\/schema\/logo\/image\/\",\"url\":\"https:\/\/brasilnoticias.org\/site\/wp-content\/uploads\/2022\/05\/cropped-brasilnoticias-mini.jpg\",\"contentUrl\":\"https:\/\/brasilnoticias.org\/site\/wp-content\/uploads\/2022\/05\/cropped-brasilnoticias-mini.jpg\",\"width\":314,\"height\":86,\"caption\":\"Brasil not\u00edcias\"},\"image\":{\"@id\":\"https:\/\/brasilnoticias.org\/site\/#\/schema\/logo\/image\/\"}},{\"@type\":\"Person\",\"@id\":\"https:\/\/brasilnoticias.org\/site\/#\/schema\/person\/a0e05b973ec4d15c658d51911e53507b\",\"name\":\"Reda\u00e7\u00e3o\",\"image\":{\"@type\":\"ImageObject\",\"inLanguage\":\"pt-PT\",\"@id\":\"https:\/\/brasilnoticias.org\/site\/#\/schema\/person\/image\/\",\"url\":\"https:\/\/secure.gravatar.com\/avatar\/75d8b050df2de108b08ae78dfb8e374892df24a383c67db9c46a9c604f6aee9c?s=96&d=mm&r=g\",\"contentUrl\":\"https:\/\/secure.gravatar.com\/avatar\/75d8b050df2de108b08ae78dfb8e374892df24a383c67db9c46a9c604f6aee9c?s=96&d=mm&r=g\",\"caption\":\"Reda\u00e7\u00e3o\"},\"sameAs\":[\"https:\/\/brasilnoticias.org\/site\"],\"url\":\"https:\/\/brasilnoticias.org\/site\/author\/fernandozsngmail-com\/\"}]}<\/script>\n<!-- \/ Yoast SEO plugin. -->","yoast_head_json":{"title":"Lateral que negociou com o Vit\u00f3ria fecha com time europeu - Brasil not\u00edcias","robots":{"index":"index","follow":"follow","max-snippet":"max-snippet:-1","max-image-preview":"max-image-preview:large","max-video-preview":"max-video-preview:-1"},"canonical":"https:\/\/brasilnoticias.org\/site\/lateral-que-negociou-com-o-vitoria-fecha-com-time-europeu\/","og_locale":"pt_PT","og_type":"article","og_title":"Lateral que negociou com o Vit\u00f3ria fecha com time europeu - Brasil not\u00edcias","og_description":"O lateral esquerdo Pedrinho, ex-Athletico, \u00e9 o novo refor\u00e7o do time ucraniano Shakhtar Donetsk. O jogador, que chegou a negociar","og_url":"https:\/\/brasilnoticias.org\/site\/lateral-que-negociou-com-o-vitoria-fecha-com-time-europeu\/","og_site_name":"Brasil not\u00edcias","article_published_time":"2023-07-18T09:16:52+00:00","og_image":[{"width":800,"height":450,"url":"https:\/\/brasilnoticias.org\/site\/wp-content\/uploads\/2023\/07\/whatsapp_image_2023-07-17_at_21.36.52_widelg.jpeg","type":"image\/jpeg"}],"author":"Reda\u00e7\u00e3o","twitter_card":"summary_large_image","twitter_misc":{"Escrito por":"Reda\u00e7\u00e3o"},"schema":{"@context":"https:\/\/schema.org","@graph":[{"@type":"Article","@id":"https:\/\/brasilnoticias.org\/site\/lateral-que-negociou-com-o-vitoria-fecha-com-time-europeu\/#article","isPartOf":{"@id":"https:\/\/brasilnoticias.org\/site\/lateral-que-negociou-com-o-vitoria-fecha-com-time-europeu\/"},"author":{"name":"Reda\u00e7\u00e3o","@id":"https:\/\/brasilnoticias.org\/site\/#\/schema\/person\/a0e05b973ec4d15c658d51911e53507b"},"headline":"Lateral que negociou com o Vit\u00f3ria fecha com time europeu","datePublished":"2023-07-18T09:16:52+00:00","mainEntityOfPage":{"@id":"https:\/\/brasilnoticias.org\/site\/lateral-que-negociou-com-o-vitoria-fecha-com-time-europeu\/"},"wordCount":185,"commentCount":0,"publisher":{"@id":"https:\/\/brasilnoticias.org\/site\/#organization"},"image":{"@id":"https:\/\/brasilnoticias.org\/site\/lateral-que-negociou-com-o-vitoria-fecha-com-time-europeu\/#primaryimage"},"thumbnailUrl":"https:\/\/brasilnoticias.org\/site\/wp-content\/uploads\/2023\/07\/whatsapp_image_2023-07-17_at_21.36.52_widelg.jpeg","articleSection":["Esporte","\u00daltimas"],"inLanguage":"pt-PT","potentialAction":[{"@type":"CommentAction","name":"Comment","target":["https:\/\/brasilnoticias.org\/site\/lateral-que-negociou-com-o-vitoria-fecha-com-time-europeu\/#respond"]}]},{"@type":"WebPage","@id":"https:\/\/brasilnoticias.org\/site\/lateral-que-negociou-com-o-vitoria-fecha-com-time-europeu\/","url":"https:\/\/brasilnoticias.org\/site\/lateral-que-negociou-com-o-vitoria-fecha-com-time-europeu\/","name":"Lateral que negociou com o Vit\u00f3ria fecha com time europeu - Brasil not\u00edcias","isPartOf":{"@id":"https:\/\/brasilnoticias.org\/site\/#website"},"primaryImageOfPage":{"@id":"https:\/\/brasilnoticias.org\/site\/lateral-que-negociou-com-o-vitoria-fecha-com-time-europeu\/#primaryimage"},"image":{"@id":"https:\/\/brasilnoticias.org\/site\/lateral-que-negociou-com-o-vitoria-fecha-com-time-europeu\/#primaryimage"},"thumbnailUrl":"https:\/\/brasilnoticias.org\/site\/wp-content\/uploads\/2023\/07\/whatsapp_image_2023-07-17_at_21.36.52_widelg.jpeg","datePublished":"2023-07-18T09:16:52+00:00","breadcrumb":{"@id":"https:\/\/brasilnoticias.org\/site\/lateral-que-negociou-com-o-vitoria-fecha-com-time-europeu\/#breadcrumb"},"inLanguage":"pt-PT","potentialAction":[{"@type":"ReadAction","target":["https:\/\/brasilnoticias.org\/site\/lateral-que-negociou-com-o-vitoria-fecha-com-time-europeu\/"]}]},{"@type":"ImageObject","inLanguage":"pt-PT","@id":"https:\/\/brasilnoticias.org\/site\/lateral-que-negociou-com-o-vitoria-fecha-com-time-europeu\/#primaryimage","url":"https:\/\/brasilnoticias.org\/site\/wp-content\/uploads\/2023\/07\/whatsapp_image_2023-07-17_at_21.36.52_widelg.jpeg","contentUrl":"https:\/\/brasilnoticias.org\/site\/wp-content\/uploads\/2023\/07\/whatsapp_image_2023-07-17_at_21.36.52_widelg.jpeg","width":800,"height":450},{"@type":"BreadcrumbList","@id":"https:\/\/brasilnoticias.org\/site\/lateral-que-negociou-com-o-vitoria-fecha-com-time-europeu\/#breadcrumb","itemListElement":[{"@type":"ListItem","position":1,"name":"In\u00edcio","item":"https:\/\/brasilnoticias.org\/site\/"},{"@type":"ListItem","position":2,"name":"Lateral que negociou com o Vit\u00f3ria fecha com time europeu"}]},{"@type":"WebSite","@id":"https:\/\/brasilnoticias.org\/site\/#website","url":"https:\/\/brasilnoticias.org\/site\/","name":"Brasil not\u00edcias","description":"Brasil not\u00edcias","publisher":{"@id":"https:\/\/brasilnoticias.org\/site\/#organization"},"potentialAction":[{"@type":"SearchAction","target":{"@type":"EntryPoint","urlTemplate":"https:\/\/brasilnoticias.org\/site\/?s={search_term_string}"},"query-input":{"@type":"PropertyValueSpecification","valueRequired":true,"valueName":"search_term_string"}}],"inLanguage":"pt-PT"},{"@type":"Organization","@id":"https:\/\/brasilnoticias.org\/site\/#organization","name":"Brasil not\u00edcias","url":"https:\/\/brasilnoticias.org\/site\/","logo":{"@type":"ImageObject","inLanguage":"pt-PT","@id":"https:\/\/brasilnoticias.org\/site\/#\/schema\/logo\/image\/","url":"https:\/\/brasilnoticias.org\/site\/wp-content\/uploads\/2022\/05\/cropped-brasilnoticias-mini.jpg","contentUrl":"https:\/\/brasilnoticias.org\/site\/wp-content\/uploads\/2022\/05\/cropped-brasilnoticias-mini.jpg","width":314,"height":86,"caption":"Brasil not\u00edcias"},"image":{"@id":"https:\/\/brasilnoticias.org\/site\/#\/schema\/logo\/image\/"}},{"@type":"Person","@id":"https:\/\/brasilnoticias.org\/site\/#\/schema\/person\/a0e05b973ec4d15c658d51911e53507b","name":"Reda\u00e7\u00e3o","image":{"@type":"ImageObject","inLanguage":"pt-PT","@id":"https:\/\/brasilnoticias.org\/site\/#\/schema\/person\/image\/","url":"https:\/\/secure.gravatar.com\/avatar\/75d8b050df2de108b08ae78dfb8e374892df24a383c67db9c46a9c604f6aee9c?s=96&d=mm&r=g","contentUrl":"https:\/\/secure.gravatar.com\/avatar\/75d8b050df2de108b08ae78dfb8e374892df24a383c67db9c46a9c604f6aee9c?s=96&d=mm&r=g","caption":"Reda\u00e7\u00e3o"},"sameAs":["https:\/\/brasilnoticias.org\/site"],"url":"https:\/\/brasilnoticias.org\/site\/author\/fernandozsngmail-com\/"}]}},"_links":{"self":[{"href":"https:\/\/brasilnoticias.org\/site\/wp-json\/wp\/v2\/posts\/7454","targetHints":{"allow":["GET"]}}],"collection":[{"href":"https:\/\/brasilnoticias.org\/site\/wp-json\/wp\/v2\/posts"}],"about":[{"href":"https:\/\/brasilnoticias.org\/site\/wp-json\/wp\/v2\/types\/post"}],"author":[{"embeddable":true,"href":"https:\/\/brasilnoticias.org\/site\/wp-json\/wp\/v2\/users\/1"}],"replies":[{"embeddable":true,"href":"https:\/\/brasilnoticias.org\/site\/wp-json\/wp\/v2\/comments?post=7454"}],"version-history":[{"count":1,"href":"https:\/\/brasilnoticias.org\/site\/wp-json\/wp\/v2\/posts\/7454\/revisions"}],"predecessor-version":[{"id":7456,"href":"https:\/\/brasilnoticias.org\/site\/wp-json\/wp\/v2\/posts\/7454\/revisions\/7456"}],"wp:featuredmedia":[{"embeddable":true,"href":"https:\/\/brasilnoticias.org\/site\/wp-json\/wp\/v2\/media\/7455"}],"wp:attachment":[{"href":"https:\/\/brasilnoticias.org\/site\/wp-json\/wp\/v2\/media?parent=7454"}],"wp:term":[{"taxonomy":"category","embeddable":true,"href":"https:\/\/brasilnoticias.org\/site\/wp-json\/wp\/v2\/categories?post=7454"},{"taxonomy":"post_tag","embeddable":true,"href":"https:\/\/brasilnoticias.org\/site\/wp-json\/wp\/v2\/tags?post=7454"}],"curies":[{"name":"wp","href":"https:\/\/api.w.org\/{rel}","templated":true}]}}