{"id":7457,"date":"2023-07-18T12:07:50","date_gmt":"2023-07-18T15:07:50","guid":{"rendered":"https:\/\/brasilnoticias.org\/site\/?p=7457"},"modified":"2023-07-18T12:07:50","modified_gmt":"2023-07-18T15:07:50","slug":"capitao-alden-cobra-ministerio-da-educacao-sobre-encerramento-das-escolas-civico-militares","status":"publish","type":"post","link":"https:\/\/brasilnoticias.org\/site\/capitao-alden-cobra-ministerio-da-educacao-sobre-encerramento-das-escolas-civico-militares\/","title":{"rendered":"Capit\u00e3o Alden cobra Minist\u00e9rio da Educa\u00e7\u00e3o sobre encerramento das escolas c\u00edvico-militares"},"content":{"rendered":"<p>O deputado federal Capit\u00e3o Alden (PL-BA), sens\u00edvel \u00e0 not\u00edcia de que o governo Lula anunciou o encerramento do Programa de Escolas C\u00edvico-Militares (Pecim) em todo o Brasil, apresentou um requerimento de informa\u00e7\u00e3o que pede explica\u00e7\u00f5es ao ministro da Educa\u00e7\u00e3o, Camilo Santana, sobre o encerramento do Pecim.<\/p>\n<p>Ap\u00f3s a not\u00edcia do encerramento, diversos estados reagiram \u00e0 decis\u00e3o com medidas que contrariam a decis\u00e3o. Ao todo, 19 governadores j\u00e1 disseram que v\u00e3o estadualizar as escolas c\u00edvico-militares para manter o modelo em funcionamento.<\/p>\n<p>\u201cCobramos do Minist\u00e9rio da Educa\u00e7\u00e3o o motivo pelo desejo de acabar com as escolas c\u00edvico-militares, um programa de sucesso realizado pelo presidente Jair Bolsonaro e que tem como principal intuito enfatizar o patriotismo, a educa\u00e7\u00e3o, o respeito dentro da sala de aula e fora dela. \u00c9 inadmiss\u00edvel o encerramento do projeto. Por isso, estamos cobrando explica\u00e7\u00f5es\u201d, disse Alden.  <\/p>\n<p>De acordo com um relat\u00f3rio do MEC, publicado em dezembro do ano passado, sobre o Pecim, o programa ajudou a diminuir a evas\u00e3o escolar, fez cair o n\u00famero da viol\u00eancia em ambiente escolar e aumentou a aprova\u00e7\u00e3o dos alunos.<\/p>\n","protected":false},"excerpt":{"rendered":"<p>O deputado federal Capit\u00e3o Alden (PL-BA), sens\u00edvel \u00e0 not\u00edcia de que o governo Lula anunciou o encerramento do Programa de<\/p>\n","protected":false},"author":1,"featured_media":7458,"comment_status":"open","ping_status":"open","sticky":false,"template":"","format":"standard","meta":{"colormag_page_container_layout":"default_layout","colormag_page_sidebar_layout":"default_layout","_FSMCFIC_featured_image_caption":"","_FSMCFIC_featured_image_nocaption":"","_FSMCFIC_featured_image_hide":"","footnotes":""},"categories":[5,1],"tags":[],"class_list":["post-7457","post","type-post","status-publish","format-standard","has-post-thumbnail","hentry","category-politica","category-ultimas"],"yoast_head":"<!-- This site is optimized with the Yoast SEO plugin v27.1.1 - https:\/\/yoast.com\/product\/yoast-seo-wordpress\/ -->\n<title>Capit\u00e3o Alden cobra Minist\u00e9rio da Educa\u00e7\u00e3o sobre encerramento das escolas c\u00edvico-militares - Brasil not\u00edcias<\/title>\n<meta name=\"robots\" content=\"index, follow, max-snippet:-1, max-image-preview:large, max-video-preview:-1\" \/>\n<link rel=\"canonical\" href=\"https:\/\/brasilnoticias.org\/site\/capitao-alden-cobra-ministerio-da-educacao-sobre-encerramento-das-escolas-civico-militares\/\" \/>\n<meta property=\"og:locale\" content=\"pt_PT\" \/>\n<meta property=\"og:type\" content=\"article\" \/>\n<meta property=\"og:title\" content=\"Capit\u00e3o Alden cobra Minist\u00e9rio da Educa\u00e7\u00e3o sobre encerramento das escolas c\u00edvico-militares - Brasil not\u00edcias\" \/>\n<meta property=\"og:description\" content=\"O deputado federal Capit\u00e3o Alden (PL-BA), sens\u00edvel \u00e0 not\u00edcia de que o governo Lula anunciou o encerramento do Programa de\" \/>\n<meta property=\"og:url\" content=\"https:\/\/brasilnoticias.org\/site\/capitao-alden-cobra-ministerio-da-educacao-sobre-encerramento-das-escolas-civico-militares\/\" \/>\n<meta property=\"og:site_name\" content=\"Brasil not\u00edcias\" \/>\n<meta property=\"article:published_time\" content=\"2023-07-18T15:07:50+00:00\" \/>\n<meta property=\"og:image\" content=\"https:\/\/brasilnoticias.org\/site\/wp-content\/uploads\/2023\/07\/WhatsApp-Image-2023-07-18-at-10.43.09-1.jpeg\" \/>\n\t<meta property=\"og:image:width\" content=\"1280\" \/>\n\t<meta property=\"og:image:height\" content=\"854\" \/>\n\t<meta property=\"og:image:type\" content=\"image\/jpeg\" \/>\n<meta name=\"author\" content=\"Reda\u00e7\u00e3o\" \/>\n<meta name=\"twitter:card\" content=\"summary_large_image\" \/>\n<meta name=\"twitter:label1\" content=\"Escrito por\" \/>\n\t<meta name=\"twitter:data1\" content=\"Reda\u00e7\u00e3o\" \/>\n<script type=\"application\/ld+json\" class=\"yoast-schema-graph\">{\"@context\":\"https:\/\/schema.org\",\"@graph\":[{\"@type\":\"Article\",\"@id\":\"https:\/\/brasilnoticias.org\/site\/capitao-alden-cobra-ministerio-da-educacao-sobre-encerramento-das-escolas-civico-militares\/#article\",\"isPartOf\":{\"@id\":\"https:\/\/brasilnoticias.org\/site\/capitao-alden-cobra-ministerio-da-educacao-sobre-encerramento-das-escolas-civico-militares\/\"},\"author\":{\"name\":\"Reda\u00e7\u00e3o\",\"@id\":\"https:\/\/brasilnoticias.org\/site\/#\/schema\/person\/a0e05b973ec4d15c658d51911e53507b\"},\"headline\":\"Capit\u00e3o Alden cobra Minist\u00e9rio da Educa\u00e7\u00e3o sobre encerramento das escolas c\u00edvico-militares\",\"datePublished\":\"2023-07-18T15:07:50+00:00\",\"mainEntityOfPage\":{\"@id\":\"https:\/\/brasilnoticias.org\/site\/capitao-alden-cobra-ministerio-da-educacao-sobre-encerramento-das-escolas-civico-militares\/\"},\"wordCount\":212,\"commentCount\":0,\"publisher\":{\"@id\":\"https:\/\/brasilnoticias.org\/site\/#organization\"},\"image\":{\"@id\":\"https:\/\/brasilnoticias.org\/site\/capitao-alden-cobra-ministerio-da-educacao-sobre-encerramento-das-escolas-civico-militares\/#primaryimage\"},\"thumbnailUrl\":\"https:\/\/brasilnoticias.org\/site\/wp-content\/uploads\/2023\/07\/WhatsApp-Image-2023-07-18-at-10.43.09-1.jpeg\",\"articleSection\":[\"Pol\u00edtica\",\"\u00daltimas\"],\"inLanguage\":\"pt-PT\",\"potentialAction\":[{\"@type\":\"CommentAction\",\"name\":\"Comment\",\"target\":[\"https:\/\/brasilnoticias.org\/site\/capitao-alden-cobra-ministerio-da-educacao-sobre-encerramento-das-escolas-civico-militares\/#respond\"]}]},{\"@type\":\"WebPage\",\"@id\":\"https:\/\/brasilnoticias.org\/site\/capitao-alden-cobra-ministerio-da-educacao-sobre-encerramento-das-escolas-civico-militares\/\",\"url\":\"https:\/\/brasilnoticias.org\/site\/capitao-alden-cobra-ministerio-da-educacao-sobre-encerramento-das-escolas-civico-militares\/\",\"name\":\"Capit\u00e3o Alden cobra Minist\u00e9rio da Educa\u00e7\u00e3o sobre encerramento das escolas c\u00edvico-militares - Brasil not\u00edcias\",\"isPartOf\":{\"@id\":\"https:\/\/brasilnoticias.org\/site\/#website\"},\"primaryImageOfPage\":{\"@id\":\"https:\/\/brasilnoticias.org\/site\/capitao-alden-cobra-ministerio-da-educacao-sobre-encerramento-das-escolas-civico-militares\/#primaryimage\"},\"image\":{\"@id\":\"https:\/\/brasilnoticias.org\/site\/capitao-alden-cobra-ministerio-da-educacao-sobre-encerramento-das-escolas-civico-militares\/#primaryimage\"},\"thumbnailUrl\":\"https:\/\/brasilnoticias.org\/site\/wp-content\/uploads\/2023\/07\/WhatsApp-Image-2023-07-18-at-10.43.09-1.jpeg\",\"datePublished\":\"2023-07-18T15:07:50+00:00\",\"breadcrumb\":{\"@id\":\"https:\/\/brasilnoticias.org\/site\/capitao-alden-cobra-ministerio-da-educacao-sobre-encerramento-das-escolas-civico-militares\/#breadcrumb\"},\"inLanguage\":\"pt-PT\",\"potentialAction\":[{\"@type\":\"ReadAction\",\"target\":[\"https:\/\/brasilnoticias.org\/site\/capitao-alden-cobra-ministerio-da-educacao-sobre-encerramento-das-escolas-civico-militares\/\"]}]},{\"@type\":\"ImageObject\",\"inLanguage\":\"pt-PT\",\"@id\":\"https:\/\/brasilnoticias.org\/site\/capitao-alden-cobra-ministerio-da-educacao-sobre-encerramento-das-escolas-civico-militares\/#primaryimage\",\"url\":\"https:\/\/brasilnoticias.org\/site\/wp-content\/uploads\/2023\/07\/WhatsApp-Image-2023-07-18-at-10.43.09-1.jpeg\",\"contentUrl\":\"https:\/\/brasilnoticias.org\/site\/wp-content\/uploads\/2023\/07\/WhatsApp-Image-2023-07-18-at-10.43.09-1.jpeg\",\"width\":1280,\"height\":854},{\"@type\":\"BreadcrumbList\",\"@id\":\"https:\/\/brasilnoticias.org\/site\/capitao-alden-cobra-ministerio-da-educacao-sobre-encerramento-das-escolas-civico-militares\/#breadcrumb\",\"itemListElement\":[{\"@type\":\"ListItem\",\"position\":1,\"name\":\"In\u00edcio\",\"item\":\"https:\/\/brasilnoticias.org\/site\/\"},{\"@type\":\"ListItem\",\"position\":2,\"name\":\"Capit\u00e3o Alden cobra Minist\u00e9rio da Educa\u00e7\u00e3o sobre encerramento das escolas c\u00edvico-militares\"}]},{\"@type\":\"WebSite\",\"@id\":\"https:\/\/brasilnoticias.org\/site\/#website\",\"url\":\"https:\/\/brasilnoticias.org\/site\/\",\"name\":\"Brasil not\u00edcias\",\"description\":\"Brasil not\u00edcias\",\"publisher\":{\"@id\":\"https:\/\/brasilnoticias.org\/site\/#organization\"},\"potentialAction\":[{\"@type\":\"SearchAction\",\"target\":{\"@type\":\"EntryPoint\",\"urlTemplate\":\"https:\/\/brasilnoticias.org\/site\/?s={search_term_string}\"},\"query-input\":{\"@type\":\"PropertyValueSpecification\",\"valueRequired\":true,\"valueName\":\"search_term_string\"}}],\"inLanguage\":\"pt-PT\"},{\"@type\":\"Organization\",\"@id\":\"https:\/\/brasilnoticias.org\/site\/#organization\",\"name\":\"Brasil not\u00edcias\",\"url\":\"https:\/\/brasilnoticias.org\/site\/\",\"logo\":{\"@type\":\"ImageObject\",\"inLanguage\":\"pt-PT\",\"@id\":\"https:\/\/brasilnoticias.org\/site\/#\/schema\/logo\/image\/\",\"url\":\"https:\/\/brasilnoticias.org\/site\/wp-content\/uploads\/2022\/05\/cropped-brasilnoticias-mini.jpg\",\"contentUrl\":\"https:\/\/brasilnoticias.org\/site\/wp-content\/uploads\/2022\/05\/cropped-brasilnoticias-mini.jpg\",\"width\":314,\"height\":86,\"caption\":\"Brasil not\u00edcias\"},\"image\":{\"@id\":\"https:\/\/brasilnoticias.org\/site\/#\/schema\/logo\/image\/\"}},{\"@type\":\"Person\",\"@id\":\"https:\/\/brasilnoticias.org\/site\/#\/schema\/person\/a0e05b973ec4d15c658d51911e53507b\",\"name\":\"Reda\u00e7\u00e3o\",\"image\":{\"@type\":\"ImageObject\",\"inLanguage\":\"pt-PT\",\"@id\":\"https:\/\/brasilnoticias.org\/site\/#\/schema\/person\/image\/\",\"url\":\"https:\/\/secure.gravatar.com\/avatar\/75d8b050df2de108b08ae78dfb8e374892df24a383c67db9c46a9c604f6aee9c?s=96&d=mm&r=g\",\"contentUrl\":\"https:\/\/secure.gravatar.com\/avatar\/75d8b050df2de108b08ae78dfb8e374892df24a383c67db9c46a9c604f6aee9c?s=96&d=mm&r=g\",\"caption\":\"Reda\u00e7\u00e3o\"},\"sameAs\":[\"https:\/\/brasilnoticias.org\/site\"],\"url\":\"https:\/\/brasilnoticias.org\/site\/author\/fernandozsngmail-com\/\"}]}<\/script>\n<!-- \/ Yoast SEO plugin. -->","yoast_head_json":{"title":"Capit\u00e3o Alden cobra Minist\u00e9rio da Educa\u00e7\u00e3o sobre encerramento das escolas c\u00edvico-militares - Brasil not\u00edcias","robots":{"index":"index","follow":"follow","max-snippet":"max-snippet:-1","max-image-preview":"max-image-preview:large","max-video-preview":"max-video-preview:-1"},"canonical":"https:\/\/brasilnoticias.org\/site\/capitao-alden-cobra-ministerio-da-educacao-sobre-encerramento-das-escolas-civico-militares\/","og_locale":"pt_PT","og_type":"article","og_title":"Capit\u00e3o Alden cobra Minist\u00e9rio da Educa\u00e7\u00e3o sobre encerramento das escolas c\u00edvico-militares - Brasil not\u00edcias","og_description":"O deputado federal Capit\u00e3o Alden (PL-BA), sens\u00edvel \u00e0 not\u00edcia de que o governo Lula anunciou o encerramento do Programa de","og_url":"https:\/\/brasilnoticias.org\/site\/capitao-alden-cobra-ministerio-da-educacao-sobre-encerramento-das-escolas-civico-militares\/","og_site_name":"Brasil not\u00edcias","article_published_time":"2023-07-18T15:07:50+00:00","og_image":[{"width":1280,"height":854,"url":"https:\/\/brasilnoticias.org\/site\/wp-content\/uploads\/2023\/07\/WhatsApp-Image-2023-07-18-at-10.43.09-1.jpeg","type":"image\/jpeg"}],"author":"Reda\u00e7\u00e3o","twitter_card":"summary_large_image","twitter_misc":{"Escrito por":"Reda\u00e7\u00e3o"},"schema":{"@context":"https:\/\/schema.org","@graph":[{"@type":"Article","@id":"https:\/\/brasilnoticias.org\/site\/capitao-alden-cobra-ministerio-da-educacao-sobre-encerramento-das-escolas-civico-militares\/#article","isPartOf":{"@id":"https:\/\/brasilnoticias.org\/site\/capitao-alden-cobra-ministerio-da-educacao-sobre-encerramento-das-escolas-civico-militares\/"},"author":{"name":"Reda\u00e7\u00e3o","@id":"https:\/\/brasilnoticias.org\/site\/#\/schema\/person\/a0e05b973ec4d15c658d51911e53507b"},"headline":"Capit\u00e3o Alden cobra Minist\u00e9rio da Educa\u00e7\u00e3o sobre encerramento das escolas c\u00edvico-militares","datePublished":"2023-07-18T15:07:50+00:00","mainEntityOfPage":{"@id":"https:\/\/brasilnoticias.org\/site\/capitao-alden-cobra-ministerio-da-educacao-sobre-encerramento-das-escolas-civico-militares\/"},"wordCount":212,"commentCount":0,"publisher":{"@id":"https:\/\/brasilnoticias.org\/site\/#organization"},"image":{"@id":"https:\/\/brasilnoticias.org\/site\/capitao-alden-cobra-ministerio-da-educacao-sobre-encerramento-das-escolas-civico-militares\/#primaryimage"},"thumbnailUrl":"https:\/\/brasilnoticias.org\/site\/wp-content\/uploads\/2023\/07\/WhatsApp-Image-2023-07-18-at-10.43.09-1.jpeg","articleSection":["Pol\u00edtica","\u00daltimas"],"inLanguage":"pt-PT","potentialAction":[{"@type":"CommentAction","name":"Comment","target":["https:\/\/brasilnoticias.org\/site\/capitao-alden-cobra-ministerio-da-educacao-sobre-encerramento-das-escolas-civico-militares\/#respond"]}]},{"@type":"WebPage","@id":"https:\/\/brasilnoticias.org\/site\/capitao-alden-cobra-ministerio-da-educacao-sobre-encerramento-das-escolas-civico-militares\/","url":"https:\/\/brasilnoticias.org\/site\/capitao-alden-cobra-ministerio-da-educacao-sobre-encerramento-das-escolas-civico-militares\/","name":"Capit\u00e3o Alden cobra Minist\u00e9rio da Educa\u00e7\u00e3o sobre encerramento das escolas c\u00edvico-militares - Brasil not\u00edcias","isPartOf":{"@id":"https:\/\/brasilnoticias.org\/site\/#website"},"primaryImageOfPage":{"@id":"https:\/\/brasilnoticias.org\/site\/capitao-alden-cobra-ministerio-da-educacao-sobre-encerramento-das-escolas-civico-militares\/#primaryimage"},"image":{"@id":"https:\/\/brasilnoticias.org\/site\/capitao-alden-cobra-ministerio-da-educacao-sobre-encerramento-das-escolas-civico-militares\/#primaryimage"},"thumbnailUrl":"https:\/\/brasilnoticias.org\/site\/wp-content\/uploads\/2023\/07\/WhatsApp-Image-2023-07-18-at-10.43.09-1.jpeg","datePublished":"2023-07-18T15:07:50+00:00","breadcrumb":{"@id":"https:\/\/brasilnoticias.org\/site\/capitao-alden-cobra-ministerio-da-educacao-sobre-encerramento-das-escolas-civico-militares\/#breadcrumb"},"inLanguage":"pt-PT","potentialAction":[{"@type":"ReadAction","target":["https:\/\/brasilnoticias.org\/site\/capitao-alden-cobra-ministerio-da-educacao-sobre-encerramento-das-escolas-civico-militares\/"]}]},{"@type":"ImageObject","inLanguage":"pt-PT","@id":"https:\/\/brasilnoticias.org\/site\/capitao-alden-cobra-ministerio-da-educacao-sobre-encerramento-das-escolas-civico-militares\/#primaryimage","url":"https:\/\/brasilnoticias.org\/site\/wp-content\/uploads\/2023\/07\/WhatsApp-Image-2023-07-18-at-10.43.09-1.jpeg","contentUrl":"https:\/\/brasilnoticias.org\/site\/wp-content\/uploads\/2023\/07\/WhatsApp-Image-2023-07-18-at-10.43.09-1.jpeg","width":1280,"height":854},{"@type":"BreadcrumbList","@id":"https:\/\/brasilnoticias.org\/site\/capitao-alden-cobra-ministerio-da-educacao-sobre-encerramento-das-escolas-civico-militares\/#breadcrumb","itemListElement":[{"@type":"ListItem","position":1,"name":"In\u00edcio","item":"https:\/\/brasilnoticias.org\/site\/"},{"@type":"ListItem","position":2,"name":"Capit\u00e3o Alden cobra Minist\u00e9rio da Educa\u00e7\u00e3o sobre encerramento das escolas c\u00edvico-militares"}]},{"@type":"WebSite","@id":"https:\/\/brasilnoticias.org\/site\/#website","url":"https:\/\/brasilnoticias.org\/site\/","name":"Brasil not\u00edcias","description":"Brasil not\u00edcias","publisher":{"@id":"https:\/\/brasilnoticias.org\/site\/#organization"},"potentialAction":[{"@type":"SearchAction","target":{"@type":"EntryPoint","urlTemplate":"https:\/\/brasilnoticias.org\/site\/?s={search_term_string}"},"query-input":{"@type":"PropertyValueSpecification","valueRequired":true,"valueName":"search_term_string"}}],"inLanguage":"pt-PT"},{"@type":"Organization","@id":"https:\/\/brasilnoticias.org\/site\/#organization","name":"Brasil not\u00edcias","url":"https:\/\/brasilnoticias.org\/site\/","logo":{"@type":"ImageObject","inLanguage":"pt-PT","@id":"https:\/\/brasilnoticias.org\/site\/#\/schema\/logo\/image\/","url":"https:\/\/brasilnoticias.org\/site\/wp-content\/uploads\/2022\/05\/cropped-brasilnoticias-mini.jpg","contentUrl":"https:\/\/brasilnoticias.org\/site\/wp-content\/uploads\/2022\/05\/cropped-brasilnoticias-mini.jpg","width":314,"height":86,"caption":"Brasil not\u00edcias"},"image":{"@id":"https:\/\/brasilnoticias.org\/site\/#\/schema\/logo\/image\/"}},{"@type":"Person","@id":"https:\/\/brasilnoticias.org\/site\/#\/schema\/person\/a0e05b973ec4d15c658d51911e53507b","name":"Reda\u00e7\u00e3o","image":{"@type":"ImageObject","inLanguage":"pt-PT","@id":"https:\/\/brasilnoticias.org\/site\/#\/schema\/person\/image\/","url":"https:\/\/secure.gravatar.com\/avatar\/75d8b050df2de108b08ae78dfb8e374892df24a383c67db9c46a9c604f6aee9c?s=96&d=mm&r=g","contentUrl":"https:\/\/secure.gravatar.com\/avatar\/75d8b050df2de108b08ae78dfb8e374892df24a383c67db9c46a9c604f6aee9c?s=96&d=mm&r=g","caption":"Reda\u00e7\u00e3o"},"sameAs":["https:\/\/brasilnoticias.org\/site"],"url":"https:\/\/brasilnoticias.org\/site\/author\/fernandozsngmail-com\/"}]}},"_links":{"self":[{"href":"https:\/\/brasilnoticias.org\/site\/wp-json\/wp\/v2\/posts\/7457","targetHints":{"allow":["GET"]}}],"collection":[{"href":"https:\/\/brasilnoticias.org\/site\/wp-json\/wp\/v2\/posts"}],"about":[{"href":"https:\/\/brasilnoticias.org\/site\/wp-json\/wp\/v2\/types\/post"}],"author":[{"embeddable":true,"href":"https:\/\/brasilnoticias.org\/site\/wp-json\/wp\/v2\/users\/1"}],"replies":[{"embeddable":true,"href":"https:\/\/brasilnoticias.org\/site\/wp-json\/wp\/v2\/comments?post=7457"}],"version-history":[{"count":1,"href":"https:\/\/brasilnoticias.org\/site\/wp-json\/wp\/v2\/posts\/7457\/revisions"}],"predecessor-version":[{"id":7459,"href":"https:\/\/brasilnoticias.org\/site\/wp-json\/wp\/v2\/posts\/7457\/revisions\/7459"}],"wp:featuredmedia":[{"embeddable":true,"href":"https:\/\/brasilnoticias.org\/site\/wp-json\/wp\/v2\/media\/7458"}],"wp:attachment":[{"href":"https:\/\/brasilnoticias.org\/site\/wp-json\/wp\/v2\/media?parent=7457"}],"wp:term":[{"taxonomy":"category","embeddable":true,"href":"https:\/\/brasilnoticias.org\/site\/wp-json\/wp\/v2\/categories?post=7457"},{"taxonomy":"post_tag","embeddable":true,"href":"https:\/\/brasilnoticias.org\/site\/wp-json\/wp\/v2\/tags?post=7457"}],"curies":[{"name":"wp","href":"https:\/\/api.w.org\/{rel}","templated":true}]}}