{"id":746,"date":"2022-06-03T18:27:23","date_gmt":"2022-06-03T21:27:23","guid":{"rendered":"https:\/\/brasilnoticias.org\/site\/?p=746"},"modified":"2022-06-03T18:27:23","modified_gmt":"2022-06-03T21:27:23","slug":"bruno-reis-diz-que-transporte-clandestino-causa-prejuizos-e-opera-com-autorizacao-da-justica","status":"publish","type":"post","link":"https:\/\/brasilnoticias.org\/site\/bruno-reis-diz-que-transporte-clandestino-causa-prejuizos-e-opera-com-autorizacao-da-justica\/","title":{"rendered":"Bruno Reis diz que transporte clandestino causa preju\u00edzos e opera &#8216;com autoriza\u00e7\u00e3o da Justi\u00e7a&#8217;"},"content":{"rendered":"<p>O\u00a0<a href=\"https:\/\/www.bnews.com.br\/noticias\/politica\/bruno-reis-discorda-de-posicao-do-partido-sobre-penhora-de-casas-veja-video.html\" target=\"_blank\" rel=\"noopener\">prefeito Bruno Reis (UB)<\/a>\u00a0disse nessa sexta-feira (3) que as vans de transporte irregular da cidade est\u00e3o funcionando por determina\u00e7\u00e3o judicial. Segundo o gestor municipal, o preju\u00edzo financeiro para as empresas que integram o transporte p\u00fablico, diante da opera\u00e7\u00e3o desses ve\u00edculos, pode ser amenizado com a maior oferta de linhas e melhor conserva\u00e7\u00e3o dos \u00f4nibus sistema regular.<\/p>\n<p>\u201cConseguiram [as vans] uma liminar na justi\u00e7a para rodar. N\u00e3o \u00e9 um transporte que est\u00e1 regulado pelo Poder P\u00fablico, mas que tem autoriza\u00e7\u00e3o judicial. Enquanto a autoriza\u00e7\u00e3o n\u00e3o for revertida ou ca\u00e7ada, est\u00e3o funcionando com a permiss\u00e3o da Justi\u00e7a\u201d, disse Bruno Reis.<\/p>\n<p>O prefeito ainda afirma que o transporte clandestino tem gerado preju\u00edzos para o transporte p\u00fablico regular da cidade. No entanto, disse que as empresas de \u00f4nibus s\u00f3 conseguir\u00e3o superar o desafio com o aumento da frota e qualidade de conserva\u00e7\u00e3o dos ve\u00edculos.<\/p>\n<p>Creio que traz algum preju\u00edzo, pois tira parte dos passageiros [dos \u00f4nibus]. No entanto, \u00e9 \u00f3bvio que as empresas s\u00f3 ir\u00e3o conseguir superar as dificuldades quando mantiverem uma maior oferta de \u00f4nibus e um estado de conserva\u00e7\u00e3o melhor. A\u00ed os passageiros v\u00e3o optar por pegar um transporte regular, que tem uma seguran\u00e7a e um conforto maior\u201d, acrescentou o prefeito.<\/p>\n<p>Sobre a possibilidade de regulamenta\u00e7\u00e3o das vans que atuam na cidade, Bruno Reis descartou a possibilidade. \u201cO sistema de transporte convencional est\u00e1 regulamentado, a exemplo dos motoristas da Uber, dos mototaxistas. Com rela\u00e7\u00e3o as vans, n\u00e3o existe um projeto em curso\u201d, concluiu.<\/p>\n<p>&nbsp;<\/p>\n<p>&nbsp;<\/p>\n<p>&nbsp;<\/p>\n<p>Bnews<\/p>\n<p>&nbsp;<\/p>\n<p>&nbsp;<\/p>\n","protected":false},"excerpt":{"rendered":"<p>O\u00a0prefeito Bruno Reis (UB)\u00a0disse nessa sexta-feira (3) que as vans de transporte irregular da cidade est\u00e3o funcionando por determina\u00e7\u00e3o judicial.<\/p>\n","protected":false},"author":2,"featured_media":747,"comment_status":"open","ping_status":"open","sticky":false,"template":"","format":"standard","meta":{"colormag_page_container_layout":"default_layout","colormag_page_sidebar_layout":"default_layout","_FSMCFIC_featured_image_caption":"","_FSMCFIC_featured_image_nocaption":"","_FSMCFIC_featured_image_hide":"","footnotes":""},"categories":[5,1],"tags":[],"class_list":["post-746","post","type-post","status-publish","format-standard","has-post-thumbnail","hentry","category-politica","category-ultimas"],"yoast_head":"<!-- This site is optimized with the Yoast SEO plugin v27.1.1 - https:\/\/yoast.com\/product\/yoast-seo-wordpress\/ -->\n<title>Bruno Reis diz que transporte clandestino causa preju\u00edzos e opera &#039;com autoriza\u00e7\u00e3o da Justi\u00e7a&#039; - Brasil not\u00edcias<\/title>\n<meta name=\"robots\" content=\"index, follow, max-snippet:-1, max-image-preview:large, max-video-preview:-1\" \/>\n<link rel=\"canonical\" href=\"https:\/\/brasilnoticias.org\/site\/bruno-reis-diz-que-transporte-clandestino-causa-prejuizos-e-opera-com-autorizacao-da-justica\/\" \/>\n<meta property=\"og:locale\" content=\"pt_PT\" \/>\n<meta property=\"og:type\" content=\"article\" \/>\n<meta property=\"og:title\" content=\"Bruno Reis diz que transporte clandestino causa preju\u00edzos e opera &#039;com autoriza\u00e7\u00e3o da Justi\u00e7a&#039; - Brasil not\u00edcias\" \/>\n<meta property=\"og:description\" content=\"O\u00a0prefeito Bruno Reis (UB)\u00a0disse nessa sexta-feira (3) que as vans de transporte irregular da cidade est\u00e3o funcionando por determina\u00e7\u00e3o judicial.\" \/>\n<meta property=\"og:url\" content=\"https:\/\/brasilnoticias.org\/site\/bruno-reis-diz-que-transporte-clandestino-causa-prejuizos-e-opera-com-autorizacao-da-justica\/\" \/>\n<meta property=\"og:site_name\" content=\"Brasil not\u00edcias\" \/>\n<meta property=\"article:published_time\" content=\"2022-06-03T21:27:23+00:00\" \/>\n<meta property=\"og:image\" content=\"https:\/\/brasilnoticias.org\/site\/wp-content\/uploads\/2022\/06\/brunoreis_vCwTTB4_widelg.jpg\" \/>\n\t<meta property=\"og:image:width\" content=\"800\" \/>\n\t<meta property=\"og:image:height\" content=\"450\" \/>\n\t<meta property=\"og:image:type\" content=\"image\/jpeg\" \/>\n<meta name=\"author\" content=\"Reda\u00e7\u00e3o\" \/>\n<meta name=\"twitter:card\" content=\"summary_large_image\" \/>\n<meta name=\"twitter:label1\" content=\"Escrito por\" \/>\n\t<meta name=\"twitter:data1\" content=\"Reda\u00e7\u00e3o\" \/>\n\t<meta name=\"twitter:label2\" content=\"Tempo estimado de leitura\" \/>\n\t<meta name=\"twitter:data2\" content=\"1 minuto\" \/>\n<script type=\"application\/ld+json\" class=\"yoast-schema-graph\">{\"@context\":\"https:\/\/schema.org\",\"@graph\":[{\"@type\":\"Article\",\"@id\":\"https:\/\/brasilnoticias.org\/site\/bruno-reis-diz-que-transporte-clandestino-causa-prejuizos-e-opera-com-autorizacao-da-justica\/#article\",\"isPartOf\":{\"@id\":\"https:\/\/brasilnoticias.org\/site\/bruno-reis-diz-que-transporte-clandestino-causa-prejuizos-e-opera-com-autorizacao-da-justica\/\"},\"author\":{\"name\":\"Reda\u00e7\u00e3o\",\"@id\":\"https:\/\/brasilnoticias.org\/site\/#\/schema\/person\/f609fa847b5314f1c8b983342f34c798\"},\"headline\":\"Bruno Reis diz que transporte clandestino causa preju\u00edzos e opera &#8216;com autoriza\u00e7\u00e3o da Justi\u00e7a&#8217;\",\"datePublished\":\"2022-06-03T21:27:23+00:00\",\"mainEntityOfPage\":{\"@id\":\"https:\/\/brasilnoticias.org\/site\/bruno-reis-diz-que-transporte-clandestino-causa-prejuizos-e-opera-com-autorizacao-da-justica\/\"},\"wordCount\":293,\"commentCount\":0,\"publisher\":{\"@id\":\"https:\/\/brasilnoticias.org\/site\/#organization\"},\"image\":{\"@id\":\"https:\/\/brasilnoticias.org\/site\/bruno-reis-diz-que-transporte-clandestino-causa-prejuizos-e-opera-com-autorizacao-da-justica\/#primaryimage\"},\"thumbnailUrl\":\"https:\/\/brasilnoticias.org\/site\/wp-content\/uploads\/2022\/06\/brunoreis_vCwTTB4_widelg.jpg\",\"articleSection\":[\"Pol\u00edtica\",\"\u00daltimas\"],\"inLanguage\":\"pt-PT\",\"potentialAction\":[{\"@type\":\"CommentAction\",\"name\":\"Comment\",\"target\":[\"https:\/\/brasilnoticias.org\/site\/bruno-reis-diz-que-transporte-clandestino-causa-prejuizos-e-opera-com-autorizacao-da-justica\/#respond\"]}]},{\"@type\":\"WebPage\",\"@id\":\"https:\/\/brasilnoticias.org\/site\/bruno-reis-diz-que-transporte-clandestino-causa-prejuizos-e-opera-com-autorizacao-da-justica\/\",\"url\":\"https:\/\/brasilnoticias.org\/site\/bruno-reis-diz-que-transporte-clandestino-causa-prejuizos-e-opera-com-autorizacao-da-justica\/\",\"name\":\"Bruno Reis diz que transporte clandestino causa preju\u00edzos e opera 'com autoriza\u00e7\u00e3o da Justi\u00e7a' - Brasil not\u00edcias\",\"isPartOf\":{\"@id\":\"https:\/\/brasilnoticias.org\/site\/#website\"},\"primaryImageOfPage\":{\"@id\":\"https:\/\/brasilnoticias.org\/site\/bruno-reis-diz-que-transporte-clandestino-causa-prejuizos-e-opera-com-autorizacao-da-justica\/#primaryimage\"},\"image\":{\"@id\":\"https:\/\/brasilnoticias.org\/site\/bruno-reis-diz-que-transporte-clandestino-causa-prejuizos-e-opera-com-autorizacao-da-justica\/#primaryimage\"},\"thumbnailUrl\":\"https:\/\/brasilnoticias.org\/site\/wp-content\/uploads\/2022\/06\/brunoreis_vCwTTB4_widelg.jpg\",\"datePublished\":\"2022-06-03T21:27:23+00:00\",\"breadcrumb\":{\"@id\":\"https:\/\/brasilnoticias.org\/site\/bruno-reis-diz-que-transporte-clandestino-causa-prejuizos-e-opera-com-autorizacao-da-justica\/#breadcrumb\"},\"inLanguage\":\"pt-PT\",\"potentialAction\":[{\"@type\":\"ReadAction\",\"target\":[\"https:\/\/brasilnoticias.org\/site\/bruno-reis-diz-que-transporte-clandestino-causa-prejuizos-e-opera-com-autorizacao-da-justica\/\"]}]},{\"@type\":\"ImageObject\",\"inLanguage\":\"pt-PT\",\"@id\":\"https:\/\/brasilnoticias.org\/site\/bruno-reis-diz-que-transporte-clandestino-causa-prejuizos-e-opera-com-autorizacao-da-justica\/#primaryimage\",\"url\":\"https:\/\/brasilnoticias.org\/site\/wp-content\/uploads\/2022\/06\/brunoreis_vCwTTB4_widelg.jpg\",\"contentUrl\":\"https:\/\/brasilnoticias.org\/site\/wp-content\/uploads\/2022\/06\/brunoreis_vCwTTB4_widelg.jpg\",\"width\":800,\"height\":450},{\"@type\":\"BreadcrumbList\",\"@id\":\"https:\/\/brasilnoticias.org\/site\/bruno-reis-diz-que-transporte-clandestino-causa-prejuizos-e-opera-com-autorizacao-da-justica\/#breadcrumb\",\"itemListElement\":[{\"@type\":\"ListItem\",\"position\":1,\"name\":\"In\u00edcio\",\"item\":\"https:\/\/brasilnoticias.org\/site\/\"},{\"@type\":\"ListItem\",\"position\":2,\"name\":\"Bruno Reis diz que transporte clandestino causa preju\u00edzos e opera &#8216;com autoriza\u00e7\u00e3o da Justi\u00e7a&#8217;\"}]},{\"@type\":\"WebSite\",\"@id\":\"https:\/\/brasilnoticias.org\/site\/#website\",\"url\":\"https:\/\/brasilnoticias.org\/site\/\",\"name\":\"Brasil not\u00edcias\",\"description\":\"Brasil not\u00edcias\",\"publisher\":{\"@id\":\"https:\/\/brasilnoticias.org\/site\/#organization\"},\"potentialAction\":[{\"@type\":\"SearchAction\",\"target\":{\"@type\":\"EntryPoint\",\"urlTemplate\":\"https:\/\/brasilnoticias.org\/site\/?s={search_term_string}\"},\"query-input\":{\"@type\":\"PropertyValueSpecification\",\"valueRequired\":true,\"valueName\":\"search_term_string\"}}],\"inLanguage\":\"pt-PT\"},{\"@type\":\"Organization\",\"@id\":\"https:\/\/brasilnoticias.org\/site\/#organization\",\"name\":\"Brasil not\u00edcias\",\"url\":\"https:\/\/brasilnoticias.org\/site\/\",\"logo\":{\"@type\":\"ImageObject\",\"inLanguage\":\"pt-PT\",\"@id\":\"https:\/\/brasilnoticias.org\/site\/#\/schema\/logo\/image\/\",\"url\":\"https:\/\/brasilnoticias.org\/site\/wp-content\/uploads\/2022\/05\/cropped-brasilnoticias-mini.jpg\",\"contentUrl\":\"https:\/\/brasilnoticias.org\/site\/wp-content\/uploads\/2022\/05\/cropped-brasilnoticias-mini.jpg\",\"width\":314,\"height\":86,\"caption\":\"Brasil not\u00edcias\"},\"image\":{\"@id\":\"https:\/\/brasilnoticias.org\/site\/#\/schema\/logo\/image\/\"}},{\"@type\":\"Person\",\"@id\":\"https:\/\/brasilnoticias.org\/site\/#\/schema\/person\/f609fa847b5314f1c8b983342f34c798\",\"name\":\"Reda\u00e7\u00e3o\",\"image\":{\"@type\":\"ImageObject\",\"inLanguage\":\"pt-PT\",\"@id\":\"https:\/\/brasilnoticias.org\/site\/#\/schema\/person\/image\/\",\"url\":\"https:\/\/secure.gravatar.com\/avatar\/447284c06c1ad8b46465a36de9cd0d8326b73387a22799b8b1ffb1fbcff2ed0c?s=96&d=mm&r=g\",\"contentUrl\":\"https:\/\/secure.gravatar.com\/avatar\/447284c06c1ad8b46465a36de9cd0d8326b73387a22799b8b1ffb1fbcff2ed0c?s=96&d=mm&r=g\",\"caption\":\"Reda\u00e7\u00e3o\"},\"url\":\"https:\/\/brasilnoticias.org\/site\/author\/redacao\/\"}]}<\/script>\n<!-- \/ Yoast SEO plugin. -->","yoast_head_json":{"title":"Bruno Reis diz que transporte clandestino causa preju\u00edzos e opera 'com autoriza\u00e7\u00e3o da Justi\u00e7a' - Brasil not\u00edcias","robots":{"index":"index","follow":"follow","max-snippet":"max-snippet:-1","max-image-preview":"max-image-preview:large","max-video-preview":"max-video-preview:-1"},"canonical":"https:\/\/brasilnoticias.org\/site\/bruno-reis-diz-que-transporte-clandestino-causa-prejuizos-e-opera-com-autorizacao-da-justica\/","og_locale":"pt_PT","og_type":"article","og_title":"Bruno Reis diz que transporte clandestino causa preju\u00edzos e opera 'com autoriza\u00e7\u00e3o da Justi\u00e7a' - Brasil not\u00edcias","og_description":"O\u00a0prefeito Bruno Reis (UB)\u00a0disse nessa sexta-feira (3) que as vans de transporte irregular da cidade est\u00e3o funcionando por determina\u00e7\u00e3o judicial.","og_url":"https:\/\/brasilnoticias.org\/site\/bruno-reis-diz-que-transporte-clandestino-causa-prejuizos-e-opera-com-autorizacao-da-justica\/","og_site_name":"Brasil not\u00edcias","article_published_time":"2022-06-03T21:27:23+00:00","og_image":[{"width":800,"height":450,"url":"https:\/\/brasilnoticias.org\/site\/wp-content\/uploads\/2022\/06\/brunoreis_vCwTTB4_widelg.jpg","type":"image\/jpeg"}],"author":"Reda\u00e7\u00e3o","twitter_card":"summary_large_image","twitter_misc":{"Escrito por":"Reda\u00e7\u00e3o","Tempo estimado de leitura":"1 minuto"},"schema":{"@context":"https:\/\/schema.org","@graph":[{"@type":"Article","@id":"https:\/\/brasilnoticias.org\/site\/bruno-reis-diz-que-transporte-clandestino-causa-prejuizos-e-opera-com-autorizacao-da-justica\/#article","isPartOf":{"@id":"https:\/\/brasilnoticias.org\/site\/bruno-reis-diz-que-transporte-clandestino-causa-prejuizos-e-opera-com-autorizacao-da-justica\/"},"author":{"name":"Reda\u00e7\u00e3o","@id":"https:\/\/brasilnoticias.org\/site\/#\/schema\/person\/f609fa847b5314f1c8b983342f34c798"},"headline":"Bruno Reis diz que transporte clandestino causa preju\u00edzos e opera &#8216;com autoriza\u00e7\u00e3o da Justi\u00e7a&#8217;","datePublished":"2022-06-03T21:27:23+00:00","mainEntityOfPage":{"@id":"https:\/\/brasilnoticias.org\/site\/bruno-reis-diz-que-transporte-clandestino-causa-prejuizos-e-opera-com-autorizacao-da-justica\/"},"wordCount":293,"commentCount":0,"publisher":{"@id":"https:\/\/brasilnoticias.org\/site\/#organization"},"image":{"@id":"https:\/\/brasilnoticias.org\/site\/bruno-reis-diz-que-transporte-clandestino-causa-prejuizos-e-opera-com-autorizacao-da-justica\/#primaryimage"},"thumbnailUrl":"https:\/\/brasilnoticias.org\/site\/wp-content\/uploads\/2022\/06\/brunoreis_vCwTTB4_widelg.jpg","articleSection":["Pol\u00edtica","\u00daltimas"],"inLanguage":"pt-PT","potentialAction":[{"@type":"CommentAction","name":"Comment","target":["https:\/\/brasilnoticias.org\/site\/bruno-reis-diz-que-transporte-clandestino-causa-prejuizos-e-opera-com-autorizacao-da-justica\/#respond"]}]},{"@type":"WebPage","@id":"https:\/\/brasilnoticias.org\/site\/bruno-reis-diz-que-transporte-clandestino-causa-prejuizos-e-opera-com-autorizacao-da-justica\/","url":"https:\/\/brasilnoticias.org\/site\/bruno-reis-diz-que-transporte-clandestino-causa-prejuizos-e-opera-com-autorizacao-da-justica\/","name":"Bruno Reis diz que transporte clandestino causa preju\u00edzos e opera 'com autoriza\u00e7\u00e3o da Justi\u00e7a' - Brasil not\u00edcias","isPartOf":{"@id":"https:\/\/brasilnoticias.org\/site\/#website"},"primaryImageOfPage":{"@id":"https:\/\/brasilnoticias.org\/site\/bruno-reis-diz-que-transporte-clandestino-causa-prejuizos-e-opera-com-autorizacao-da-justica\/#primaryimage"},"image":{"@id":"https:\/\/brasilnoticias.org\/site\/bruno-reis-diz-que-transporte-clandestino-causa-prejuizos-e-opera-com-autorizacao-da-justica\/#primaryimage"},"thumbnailUrl":"https:\/\/brasilnoticias.org\/site\/wp-content\/uploads\/2022\/06\/brunoreis_vCwTTB4_widelg.jpg","datePublished":"2022-06-03T21:27:23+00:00","breadcrumb":{"@id":"https:\/\/brasilnoticias.org\/site\/bruno-reis-diz-que-transporte-clandestino-causa-prejuizos-e-opera-com-autorizacao-da-justica\/#breadcrumb"},"inLanguage":"pt-PT","potentialAction":[{"@type":"ReadAction","target":["https:\/\/brasilnoticias.org\/site\/bruno-reis-diz-que-transporte-clandestino-causa-prejuizos-e-opera-com-autorizacao-da-justica\/"]}]},{"@type":"ImageObject","inLanguage":"pt-PT","@id":"https:\/\/brasilnoticias.org\/site\/bruno-reis-diz-que-transporte-clandestino-causa-prejuizos-e-opera-com-autorizacao-da-justica\/#primaryimage","url":"https:\/\/brasilnoticias.org\/site\/wp-content\/uploads\/2022\/06\/brunoreis_vCwTTB4_widelg.jpg","contentUrl":"https:\/\/brasilnoticias.org\/site\/wp-content\/uploads\/2022\/06\/brunoreis_vCwTTB4_widelg.jpg","width":800,"height":450},{"@type":"BreadcrumbList","@id":"https:\/\/brasilnoticias.org\/site\/bruno-reis-diz-que-transporte-clandestino-causa-prejuizos-e-opera-com-autorizacao-da-justica\/#breadcrumb","itemListElement":[{"@type":"ListItem","position":1,"name":"In\u00edcio","item":"https:\/\/brasilnoticias.org\/site\/"},{"@type":"ListItem","position":2,"name":"Bruno Reis diz que transporte clandestino causa preju\u00edzos e opera &#8216;com autoriza\u00e7\u00e3o da Justi\u00e7a&#8217;"}]},{"@type":"WebSite","@id":"https:\/\/brasilnoticias.org\/site\/#website","url":"https:\/\/brasilnoticias.org\/site\/","name":"Brasil not\u00edcias","description":"Brasil not\u00edcias","publisher":{"@id":"https:\/\/brasilnoticias.org\/site\/#organization"},"potentialAction":[{"@type":"SearchAction","target":{"@type":"EntryPoint","urlTemplate":"https:\/\/brasilnoticias.org\/site\/?s={search_term_string}"},"query-input":{"@type":"PropertyValueSpecification","valueRequired":true,"valueName":"search_term_string"}}],"inLanguage":"pt-PT"},{"@type":"Organization","@id":"https:\/\/brasilnoticias.org\/site\/#organization","name":"Brasil not\u00edcias","url":"https:\/\/brasilnoticias.org\/site\/","logo":{"@type":"ImageObject","inLanguage":"pt-PT","@id":"https:\/\/brasilnoticias.org\/site\/#\/schema\/logo\/image\/","url":"https:\/\/brasilnoticias.org\/site\/wp-content\/uploads\/2022\/05\/cropped-brasilnoticias-mini.jpg","contentUrl":"https:\/\/brasilnoticias.org\/site\/wp-content\/uploads\/2022\/05\/cropped-brasilnoticias-mini.jpg","width":314,"height":86,"caption":"Brasil not\u00edcias"},"image":{"@id":"https:\/\/brasilnoticias.org\/site\/#\/schema\/logo\/image\/"}},{"@type":"Person","@id":"https:\/\/brasilnoticias.org\/site\/#\/schema\/person\/f609fa847b5314f1c8b983342f34c798","name":"Reda\u00e7\u00e3o","image":{"@type":"ImageObject","inLanguage":"pt-PT","@id":"https:\/\/brasilnoticias.org\/site\/#\/schema\/person\/image\/","url":"https:\/\/secure.gravatar.com\/avatar\/447284c06c1ad8b46465a36de9cd0d8326b73387a22799b8b1ffb1fbcff2ed0c?s=96&d=mm&r=g","contentUrl":"https:\/\/secure.gravatar.com\/avatar\/447284c06c1ad8b46465a36de9cd0d8326b73387a22799b8b1ffb1fbcff2ed0c?s=96&d=mm&r=g","caption":"Reda\u00e7\u00e3o"},"url":"https:\/\/brasilnoticias.org\/site\/author\/redacao\/"}]}},"_links":{"self":[{"href":"https:\/\/brasilnoticias.org\/site\/wp-json\/wp\/v2\/posts\/746","targetHints":{"allow":["GET"]}}],"collection":[{"href":"https:\/\/brasilnoticias.org\/site\/wp-json\/wp\/v2\/posts"}],"about":[{"href":"https:\/\/brasilnoticias.org\/site\/wp-json\/wp\/v2\/types\/post"}],"author":[{"embeddable":true,"href":"https:\/\/brasilnoticias.org\/site\/wp-json\/wp\/v2\/users\/2"}],"replies":[{"embeddable":true,"href":"https:\/\/brasilnoticias.org\/site\/wp-json\/wp\/v2\/comments?post=746"}],"version-history":[{"count":1,"href":"https:\/\/brasilnoticias.org\/site\/wp-json\/wp\/v2\/posts\/746\/revisions"}],"predecessor-version":[{"id":748,"href":"https:\/\/brasilnoticias.org\/site\/wp-json\/wp\/v2\/posts\/746\/revisions\/748"}],"wp:featuredmedia":[{"embeddable":true,"href":"https:\/\/brasilnoticias.org\/site\/wp-json\/wp\/v2\/media\/747"}],"wp:attachment":[{"href":"https:\/\/brasilnoticias.org\/site\/wp-json\/wp\/v2\/media?parent=746"}],"wp:term":[{"taxonomy":"category","embeddable":true,"href":"https:\/\/brasilnoticias.org\/site\/wp-json\/wp\/v2\/categories?post=746"},{"taxonomy":"post_tag","embeddable":true,"href":"https:\/\/brasilnoticias.org\/site\/wp-json\/wp\/v2\/tags?post=746"}],"curies":[{"name":"wp","href":"https:\/\/api.w.org\/{rel}","templated":true}]}}