{"id":7460,"date":"2023-07-18T16:16:10","date_gmt":"2023-07-18T19:16:10","guid":{"rendered":"https:\/\/brasilnoticias.org\/site\/?p=7460"},"modified":"2023-07-18T16:16:10","modified_gmt":"2023-07-18T19:16:10","slug":"homem-invade-posto-de-saude-com-foice-na-mao-em-busca-de-desafeto-e-acaba-preso","status":"publish","type":"post","link":"https:\/\/brasilnoticias.org\/site\/homem-invade-posto-de-saude-com-foice-na-mao-em-busca-de-desafeto-e-acaba-preso\/","title":{"rendered":"Homem invade posto de sa\u00fade com foice na m\u00e3o em busca de &#8216;desafeto&#8217; e acaba preso"},"content":{"rendered":"<p>Um homem foi preso, na tarde desta segunda-feira (17), ap\u00f3s ser flagrado com um uma foice dentro de um posto de sa\u00fade na cidade de Eus\u00e9bio, no Cear\u00e1. Ele foi detido por Guardas Municipais ap\u00f3s pessoas denunciarem que se sentiam intimidadas com a situa\u00e7\u00e3o. As informa\u00e7\u00f5es s\u00e3o do G1.<\/p>\n<p>Segundo a Guarda Civil Municipal, o homem disse que estava \u00e0 procura de um &#8220;desafeto&#8221;, uma pessoa que ele possui uma rixa e desejava fazer um &#8220;acerto de contas&#8221;. Na ocasi\u00e3o, o rival se encontrava no interior da unidade de sa\u00fade.<\/p>\n<p>De acordo com testemunhas, ele gritava o nome do desafeto em tom de amea\u00e7a, o que assustou algumas pessoas que aguardavam atendimento no Posto de Sa\u00fade Municipal do Jabuti. O homem foi encaminhado \u00e0 Delegacia Metropolitana para prestar depoimento.<\/p>\n<p>Foto GME\/Divulga\u00e7\u00e3o<br \/>\nBNews<\/p>\n","protected":false},"excerpt":{"rendered":"<p>Um homem foi preso, na tarde desta segunda-feira (17), ap\u00f3s ser flagrado com um uma foice dentro de um posto<\/p>\n","protected":false},"author":1,"featured_media":7461,"comment_status":"open","ping_status":"open","sticky":false,"template":"","format":"standard","meta":{"colormag_page_container_layout":"default_layout","colormag_page_sidebar_layout":"default_layout","_FSMCFIC_featured_image_caption":"","_FSMCFIC_featured_image_nocaption":"","_FSMCFIC_featured_image_hide":"","footnotes":""},"categories":[3,1],"tags":[],"class_list":["post-7460","post","type-post","status-publish","format-standard","has-post-thumbnail","hentry","category-policia","category-ultimas"],"yoast_head":"<!-- This site is optimized with the Yoast SEO plugin v27.1.1 - https:\/\/yoast.com\/product\/yoast-seo-wordpress\/ -->\n<title>Homem invade posto de sa\u00fade com foice na m\u00e3o em busca de &#039;desafeto&#039; e acaba preso - Brasil not\u00edcias<\/title>\n<meta name=\"robots\" content=\"index, follow, max-snippet:-1, max-image-preview:large, max-video-preview:-1\" \/>\n<link rel=\"canonical\" href=\"https:\/\/brasilnoticias.org\/site\/homem-invade-posto-de-saude-com-foice-na-mao-em-busca-de-desafeto-e-acaba-preso\/\" \/>\n<meta property=\"og:locale\" content=\"pt_PT\" \/>\n<meta property=\"og:type\" content=\"article\" \/>\n<meta property=\"og:title\" content=\"Homem invade posto de sa\u00fade com foice na m\u00e3o em busca de &#039;desafeto&#039; e acaba preso - Brasil not\u00edcias\" \/>\n<meta property=\"og:description\" content=\"Um homem foi preso, na tarde desta segunda-feira (17), ap\u00f3s ser flagrado com um uma foice dentro de um posto\" \/>\n<meta property=\"og:url\" content=\"https:\/\/brasilnoticias.org\/site\/homem-invade-posto-de-saude-com-foice-na-mao-em-busca-de-desafeto-e-acaba-preso\/\" \/>\n<meta property=\"og:site_name\" content=\"Brasil not\u00edcias\" \/>\n<meta property=\"article:published_time\" content=\"2023-07-18T19:16:10+00:00\" \/>\n<meta property=\"og:image\" content=\"https:\/\/brasilnoticias.org\/site\/wp-content\/uploads\/2023\/07\/homem-preso-ceara_widelg.jpg\" \/>\n\t<meta property=\"og:image:width\" content=\"800\" \/>\n\t<meta property=\"og:image:height\" content=\"450\" \/>\n\t<meta property=\"og:image:type\" content=\"image\/jpeg\" \/>\n<meta name=\"author\" content=\"Reda\u00e7\u00e3o\" \/>\n<meta name=\"twitter:card\" content=\"summary_large_image\" \/>\n<meta name=\"twitter:label1\" content=\"Escrito por\" \/>\n\t<meta name=\"twitter:data1\" content=\"Reda\u00e7\u00e3o\" \/>\n<script type=\"application\/ld+json\" class=\"yoast-schema-graph\">{\"@context\":\"https:\/\/schema.org\",\"@graph\":[{\"@type\":\"Article\",\"@id\":\"https:\/\/brasilnoticias.org\/site\/homem-invade-posto-de-saude-com-foice-na-mao-em-busca-de-desafeto-e-acaba-preso\/#article\",\"isPartOf\":{\"@id\":\"https:\/\/brasilnoticias.org\/site\/homem-invade-posto-de-saude-com-foice-na-mao-em-busca-de-desafeto-e-acaba-preso\/\"},\"author\":{\"name\":\"Reda\u00e7\u00e3o\",\"@id\":\"https:\/\/brasilnoticias.org\/site\/#\/schema\/person\/a0e05b973ec4d15c658d51911e53507b\"},\"headline\":\"Homem invade posto de sa\u00fade com foice na m\u00e3o em busca de &#8216;desafeto&#8217; e acaba preso\",\"datePublished\":\"2023-07-18T19:16:10+00:00\",\"mainEntityOfPage\":{\"@id\":\"https:\/\/brasilnoticias.org\/site\/homem-invade-posto-de-saude-com-foice-na-mao-em-busca-de-desafeto-e-acaba-preso\/\"},\"wordCount\":160,\"commentCount\":0,\"publisher\":{\"@id\":\"https:\/\/brasilnoticias.org\/site\/#organization\"},\"image\":{\"@id\":\"https:\/\/brasilnoticias.org\/site\/homem-invade-posto-de-saude-com-foice-na-mao-em-busca-de-desafeto-e-acaba-preso\/#primaryimage\"},\"thumbnailUrl\":\"https:\/\/brasilnoticias.org\/site\/wp-content\/uploads\/2023\/07\/homem-preso-ceara_widelg.jpg\",\"articleSection\":[\"Pol\u00edcia\",\"\u00daltimas\"],\"inLanguage\":\"pt-PT\",\"potentialAction\":[{\"@type\":\"CommentAction\",\"name\":\"Comment\",\"target\":[\"https:\/\/brasilnoticias.org\/site\/homem-invade-posto-de-saude-com-foice-na-mao-em-busca-de-desafeto-e-acaba-preso\/#respond\"]}]},{\"@type\":\"WebPage\",\"@id\":\"https:\/\/brasilnoticias.org\/site\/homem-invade-posto-de-saude-com-foice-na-mao-em-busca-de-desafeto-e-acaba-preso\/\",\"url\":\"https:\/\/brasilnoticias.org\/site\/homem-invade-posto-de-saude-com-foice-na-mao-em-busca-de-desafeto-e-acaba-preso\/\",\"name\":\"Homem invade posto de sa\u00fade com foice na m\u00e3o em busca de 'desafeto' e acaba preso - Brasil not\u00edcias\",\"isPartOf\":{\"@id\":\"https:\/\/brasilnoticias.org\/site\/#website\"},\"primaryImageOfPage\":{\"@id\":\"https:\/\/brasilnoticias.org\/site\/homem-invade-posto-de-saude-com-foice-na-mao-em-busca-de-desafeto-e-acaba-preso\/#primaryimage\"},\"image\":{\"@id\":\"https:\/\/brasilnoticias.org\/site\/homem-invade-posto-de-saude-com-foice-na-mao-em-busca-de-desafeto-e-acaba-preso\/#primaryimage\"},\"thumbnailUrl\":\"https:\/\/brasilnoticias.org\/site\/wp-content\/uploads\/2023\/07\/homem-preso-ceara_widelg.jpg\",\"datePublished\":\"2023-07-18T19:16:10+00:00\",\"breadcrumb\":{\"@id\":\"https:\/\/brasilnoticias.org\/site\/homem-invade-posto-de-saude-com-foice-na-mao-em-busca-de-desafeto-e-acaba-preso\/#breadcrumb\"},\"inLanguage\":\"pt-PT\",\"potentialAction\":[{\"@type\":\"ReadAction\",\"target\":[\"https:\/\/brasilnoticias.org\/site\/homem-invade-posto-de-saude-com-foice-na-mao-em-busca-de-desafeto-e-acaba-preso\/\"]}]},{\"@type\":\"ImageObject\",\"inLanguage\":\"pt-PT\",\"@id\":\"https:\/\/brasilnoticias.org\/site\/homem-invade-posto-de-saude-com-foice-na-mao-em-busca-de-desafeto-e-acaba-preso\/#primaryimage\",\"url\":\"https:\/\/brasilnoticias.org\/site\/wp-content\/uploads\/2023\/07\/homem-preso-ceara_widelg.jpg\",\"contentUrl\":\"https:\/\/brasilnoticias.org\/site\/wp-content\/uploads\/2023\/07\/homem-preso-ceara_widelg.jpg\",\"width\":800,\"height\":450},{\"@type\":\"BreadcrumbList\",\"@id\":\"https:\/\/brasilnoticias.org\/site\/homem-invade-posto-de-saude-com-foice-na-mao-em-busca-de-desafeto-e-acaba-preso\/#breadcrumb\",\"itemListElement\":[{\"@type\":\"ListItem\",\"position\":1,\"name\":\"In\u00edcio\",\"item\":\"https:\/\/brasilnoticias.org\/site\/\"},{\"@type\":\"ListItem\",\"position\":2,\"name\":\"Homem invade posto de sa\u00fade com foice na m\u00e3o em busca de &#8216;desafeto&#8217; e acaba preso\"}]},{\"@type\":\"WebSite\",\"@id\":\"https:\/\/brasilnoticias.org\/site\/#website\",\"url\":\"https:\/\/brasilnoticias.org\/site\/\",\"name\":\"Brasil not\u00edcias\",\"description\":\"Brasil not\u00edcias\",\"publisher\":{\"@id\":\"https:\/\/brasilnoticias.org\/site\/#organization\"},\"potentialAction\":[{\"@type\":\"SearchAction\",\"target\":{\"@type\":\"EntryPoint\",\"urlTemplate\":\"https:\/\/brasilnoticias.org\/site\/?s={search_term_string}\"},\"query-input\":{\"@type\":\"PropertyValueSpecification\",\"valueRequired\":true,\"valueName\":\"search_term_string\"}}],\"inLanguage\":\"pt-PT\"},{\"@type\":\"Organization\",\"@id\":\"https:\/\/brasilnoticias.org\/site\/#organization\",\"name\":\"Brasil not\u00edcias\",\"url\":\"https:\/\/brasilnoticias.org\/site\/\",\"logo\":{\"@type\":\"ImageObject\",\"inLanguage\":\"pt-PT\",\"@id\":\"https:\/\/brasilnoticias.org\/site\/#\/schema\/logo\/image\/\",\"url\":\"https:\/\/brasilnoticias.org\/site\/wp-content\/uploads\/2022\/05\/cropped-brasilnoticias-mini.jpg\",\"contentUrl\":\"https:\/\/brasilnoticias.org\/site\/wp-content\/uploads\/2022\/05\/cropped-brasilnoticias-mini.jpg\",\"width\":314,\"height\":86,\"caption\":\"Brasil not\u00edcias\"},\"image\":{\"@id\":\"https:\/\/brasilnoticias.org\/site\/#\/schema\/logo\/image\/\"}},{\"@type\":\"Person\",\"@id\":\"https:\/\/brasilnoticias.org\/site\/#\/schema\/person\/a0e05b973ec4d15c658d51911e53507b\",\"name\":\"Reda\u00e7\u00e3o\",\"image\":{\"@type\":\"ImageObject\",\"inLanguage\":\"pt-PT\",\"@id\":\"https:\/\/brasilnoticias.org\/site\/#\/schema\/person\/image\/\",\"url\":\"https:\/\/secure.gravatar.com\/avatar\/75d8b050df2de108b08ae78dfb8e374892df24a383c67db9c46a9c604f6aee9c?s=96&d=mm&r=g\",\"contentUrl\":\"https:\/\/secure.gravatar.com\/avatar\/75d8b050df2de108b08ae78dfb8e374892df24a383c67db9c46a9c604f6aee9c?s=96&d=mm&r=g\",\"caption\":\"Reda\u00e7\u00e3o\"},\"sameAs\":[\"https:\/\/brasilnoticias.org\/site\"],\"url\":\"https:\/\/brasilnoticias.org\/site\/author\/fernandozsngmail-com\/\"}]}<\/script>\n<!-- \/ Yoast SEO plugin. -->","yoast_head_json":{"title":"Homem invade posto de sa\u00fade com foice na m\u00e3o em busca de 'desafeto' e acaba preso - Brasil not\u00edcias","robots":{"index":"index","follow":"follow","max-snippet":"max-snippet:-1","max-image-preview":"max-image-preview:large","max-video-preview":"max-video-preview:-1"},"canonical":"https:\/\/brasilnoticias.org\/site\/homem-invade-posto-de-saude-com-foice-na-mao-em-busca-de-desafeto-e-acaba-preso\/","og_locale":"pt_PT","og_type":"article","og_title":"Homem invade posto de sa\u00fade com foice na m\u00e3o em busca de 'desafeto' e acaba preso - Brasil not\u00edcias","og_description":"Um homem foi preso, na tarde desta segunda-feira (17), ap\u00f3s ser flagrado com um uma foice dentro de um posto","og_url":"https:\/\/brasilnoticias.org\/site\/homem-invade-posto-de-saude-com-foice-na-mao-em-busca-de-desafeto-e-acaba-preso\/","og_site_name":"Brasil not\u00edcias","article_published_time":"2023-07-18T19:16:10+00:00","og_image":[{"width":800,"height":450,"url":"https:\/\/brasilnoticias.org\/site\/wp-content\/uploads\/2023\/07\/homem-preso-ceara_widelg.jpg","type":"image\/jpeg"}],"author":"Reda\u00e7\u00e3o","twitter_card":"summary_large_image","twitter_misc":{"Escrito por":"Reda\u00e7\u00e3o"},"schema":{"@context":"https:\/\/schema.org","@graph":[{"@type":"Article","@id":"https:\/\/brasilnoticias.org\/site\/homem-invade-posto-de-saude-com-foice-na-mao-em-busca-de-desafeto-e-acaba-preso\/#article","isPartOf":{"@id":"https:\/\/brasilnoticias.org\/site\/homem-invade-posto-de-saude-com-foice-na-mao-em-busca-de-desafeto-e-acaba-preso\/"},"author":{"name":"Reda\u00e7\u00e3o","@id":"https:\/\/brasilnoticias.org\/site\/#\/schema\/person\/a0e05b973ec4d15c658d51911e53507b"},"headline":"Homem invade posto de sa\u00fade com foice na m\u00e3o em busca de &#8216;desafeto&#8217; e acaba preso","datePublished":"2023-07-18T19:16:10+00:00","mainEntityOfPage":{"@id":"https:\/\/brasilnoticias.org\/site\/homem-invade-posto-de-saude-com-foice-na-mao-em-busca-de-desafeto-e-acaba-preso\/"},"wordCount":160,"commentCount":0,"publisher":{"@id":"https:\/\/brasilnoticias.org\/site\/#organization"},"image":{"@id":"https:\/\/brasilnoticias.org\/site\/homem-invade-posto-de-saude-com-foice-na-mao-em-busca-de-desafeto-e-acaba-preso\/#primaryimage"},"thumbnailUrl":"https:\/\/brasilnoticias.org\/site\/wp-content\/uploads\/2023\/07\/homem-preso-ceara_widelg.jpg","articleSection":["Pol\u00edcia","\u00daltimas"],"inLanguage":"pt-PT","potentialAction":[{"@type":"CommentAction","name":"Comment","target":["https:\/\/brasilnoticias.org\/site\/homem-invade-posto-de-saude-com-foice-na-mao-em-busca-de-desafeto-e-acaba-preso\/#respond"]}]},{"@type":"WebPage","@id":"https:\/\/brasilnoticias.org\/site\/homem-invade-posto-de-saude-com-foice-na-mao-em-busca-de-desafeto-e-acaba-preso\/","url":"https:\/\/brasilnoticias.org\/site\/homem-invade-posto-de-saude-com-foice-na-mao-em-busca-de-desafeto-e-acaba-preso\/","name":"Homem invade posto de sa\u00fade com foice na m\u00e3o em busca de 'desafeto' e acaba preso - Brasil not\u00edcias","isPartOf":{"@id":"https:\/\/brasilnoticias.org\/site\/#website"},"primaryImageOfPage":{"@id":"https:\/\/brasilnoticias.org\/site\/homem-invade-posto-de-saude-com-foice-na-mao-em-busca-de-desafeto-e-acaba-preso\/#primaryimage"},"image":{"@id":"https:\/\/brasilnoticias.org\/site\/homem-invade-posto-de-saude-com-foice-na-mao-em-busca-de-desafeto-e-acaba-preso\/#primaryimage"},"thumbnailUrl":"https:\/\/brasilnoticias.org\/site\/wp-content\/uploads\/2023\/07\/homem-preso-ceara_widelg.jpg","datePublished":"2023-07-18T19:16:10+00:00","breadcrumb":{"@id":"https:\/\/brasilnoticias.org\/site\/homem-invade-posto-de-saude-com-foice-na-mao-em-busca-de-desafeto-e-acaba-preso\/#breadcrumb"},"inLanguage":"pt-PT","potentialAction":[{"@type":"ReadAction","target":["https:\/\/brasilnoticias.org\/site\/homem-invade-posto-de-saude-com-foice-na-mao-em-busca-de-desafeto-e-acaba-preso\/"]}]},{"@type":"ImageObject","inLanguage":"pt-PT","@id":"https:\/\/brasilnoticias.org\/site\/homem-invade-posto-de-saude-com-foice-na-mao-em-busca-de-desafeto-e-acaba-preso\/#primaryimage","url":"https:\/\/brasilnoticias.org\/site\/wp-content\/uploads\/2023\/07\/homem-preso-ceara_widelg.jpg","contentUrl":"https:\/\/brasilnoticias.org\/site\/wp-content\/uploads\/2023\/07\/homem-preso-ceara_widelg.jpg","width":800,"height":450},{"@type":"BreadcrumbList","@id":"https:\/\/brasilnoticias.org\/site\/homem-invade-posto-de-saude-com-foice-na-mao-em-busca-de-desafeto-e-acaba-preso\/#breadcrumb","itemListElement":[{"@type":"ListItem","position":1,"name":"In\u00edcio","item":"https:\/\/brasilnoticias.org\/site\/"},{"@type":"ListItem","position":2,"name":"Homem invade posto de sa\u00fade com foice na m\u00e3o em busca de &#8216;desafeto&#8217; e acaba preso"}]},{"@type":"WebSite","@id":"https:\/\/brasilnoticias.org\/site\/#website","url":"https:\/\/brasilnoticias.org\/site\/","name":"Brasil not\u00edcias","description":"Brasil not\u00edcias","publisher":{"@id":"https:\/\/brasilnoticias.org\/site\/#organization"},"potentialAction":[{"@type":"SearchAction","target":{"@type":"EntryPoint","urlTemplate":"https:\/\/brasilnoticias.org\/site\/?s={search_term_string}"},"query-input":{"@type":"PropertyValueSpecification","valueRequired":true,"valueName":"search_term_string"}}],"inLanguage":"pt-PT"},{"@type":"Organization","@id":"https:\/\/brasilnoticias.org\/site\/#organization","name":"Brasil not\u00edcias","url":"https:\/\/brasilnoticias.org\/site\/","logo":{"@type":"ImageObject","inLanguage":"pt-PT","@id":"https:\/\/brasilnoticias.org\/site\/#\/schema\/logo\/image\/","url":"https:\/\/brasilnoticias.org\/site\/wp-content\/uploads\/2022\/05\/cropped-brasilnoticias-mini.jpg","contentUrl":"https:\/\/brasilnoticias.org\/site\/wp-content\/uploads\/2022\/05\/cropped-brasilnoticias-mini.jpg","width":314,"height":86,"caption":"Brasil not\u00edcias"},"image":{"@id":"https:\/\/brasilnoticias.org\/site\/#\/schema\/logo\/image\/"}},{"@type":"Person","@id":"https:\/\/brasilnoticias.org\/site\/#\/schema\/person\/a0e05b973ec4d15c658d51911e53507b","name":"Reda\u00e7\u00e3o","image":{"@type":"ImageObject","inLanguage":"pt-PT","@id":"https:\/\/brasilnoticias.org\/site\/#\/schema\/person\/image\/","url":"https:\/\/secure.gravatar.com\/avatar\/75d8b050df2de108b08ae78dfb8e374892df24a383c67db9c46a9c604f6aee9c?s=96&d=mm&r=g","contentUrl":"https:\/\/secure.gravatar.com\/avatar\/75d8b050df2de108b08ae78dfb8e374892df24a383c67db9c46a9c604f6aee9c?s=96&d=mm&r=g","caption":"Reda\u00e7\u00e3o"},"sameAs":["https:\/\/brasilnoticias.org\/site"],"url":"https:\/\/brasilnoticias.org\/site\/author\/fernandozsngmail-com\/"}]}},"_links":{"self":[{"href":"https:\/\/brasilnoticias.org\/site\/wp-json\/wp\/v2\/posts\/7460","targetHints":{"allow":["GET"]}}],"collection":[{"href":"https:\/\/brasilnoticias.org\/site\/wp-json\/wp\/v2\/posts"}],"about":[{"href":"https:\/\/brasilnoticias.org\/site\/wp-json\/wp\/v2\/types\/post"}],"author":[{"embeddable":true,"href":"https:\/\/brasilnoticias.org\/site\/wp-json\/wp\/v2\/users\/1"}],"replies":[{"embeddable":true,"href":"https:\/\/brasilnoticias.org\/site\/wp-json\/wp\/v2\/comments?post=7460"}],"version-history":[{"count":1,"href":"https:\/\/brasilnoticias.org\/site\/wp-json\/wp\/v2\/posts\/7460\/revisions"}],"predecessor-version":[{"id":7462,"href":"https:\/\/brasilnoticias.org\/site\/wp-json\/wp\/v2\/posts\/7460\/revisions\/7462"}],"wp:featuredmedia":[{"embeddable":true,"href":"https:\/\/brasilnoticias.org\/site\/wp-json\/wp\/v2\/media\/7461"}],"wp:attachment":[{"href":"https:\/\/brasilnoticias.org\/site\/wp-json\/wp\/v2\/media?parent=7460"}],"wp:term":[{"taxonomy":"category","embeddable":true,"href":"https:\/\/brasilnoticias.org\/site\/wp-json\/wp\/v2\/categories?post=7460"},{"taxonomy":"post_tag","embeddable":true,"href":"https:\/\/brasilnoticias.org\/site\/wp-json\/wp\/v2\/tags?post=7460"}],"curies":[{"name":"wp","href":"https:\/\/api.w.org\/{rel}","templated":true}]}}