{"id":7485,"date":"2023-07-20T07:07:45","date_gmt":"2023-07-20T10:07:45","guid":{"rendered":"https:\/\/brasilnoticias.org\/site\/?p=7485"},"modified":"2023-07-20T07:07:45","modified_gmt":"2023-07-20T10:07:45","slug":"vitoria-vence-sport-fora-de-casa-e-retoma-lideranca-da-serie-b","status":"publish","type":"post","link":"https:\/\/brasilnoticias.org\/site\/vitoria-vence-sport-fora-de-casa-e-retoma-lideranca-da-serie-b\/","title":{"rendered":"Vit\u00f3ria vence Sport fora de casa e retoma lideran\u00e7a da S\u00e9rie B"},"content":{"rendered":"<p>O Vit\u00f3ria \u00e9 novamente l\u00edder da S\u00e9rie B. Ap\u00f3s vencer o Sport na noite desta quarta-feira (19), pelo placar de 2&#215;1, na Ilha do Retiro, o Le\u00e3o da Barra retomou a primeiro coloca\u00e7\u00e3o na tabela de classifica\u00e7\u00e3o do Campeonato Brasileiro da S\u00e9rie B devido \u00e0 derrota do Vila Nova para o Cear\u00e1. Os Gols da partida foram marcados por Rafael Thyere (contra) e Z\u00e9 Hugo pelo Vit\u00f3ria, e Camutanga (contra) para o Sport.<\/p>\n<p>O pr\u00f3ximo jogo do Vit\u00f3ria acontece na pr\u00f3xima segunda-feira (24), contra a Chapecoense, no Barrad\u00e3o, pela \u00faltima rodada do primeiro turno da S\u00e9rie B, e em caso de triunfo, o rubro negro baiano ser\u00e1 o campe\u00e3o do primeiro turno.<\/p>\n<p>PRIMEIRO TEMPO<\/p>\n<p>O jogo come\u00e7ou equilibrado, mas as primeiras chances foram do Sport. Aos 6&#8242;, ap\u00f3s erro de Felipe Vieira, o time pernambucano puxou contra ataque com Edinho e Juba, o camisa 46 finalizou de fora da \u00e1rea e a bola passou por cima do gol. O Vit\u00f3ria assustou aos 11&#8242;, ap\u00f3s recuperar a bola na sa\u00edda de bola do advers\u00e1rio e Osvaldo finalizar por cima do gol defendido por Renan. Aos 15&#8242; mais uma chegada do Le\u00e3o da Barra, a bola sobrou para Mateus Gon\u00e7alves na entrada da \u00e1rea, o camisa 7 finalizou e Renan defendeu com tranquilidade.<\/p>\n<p>Aos 25&#8242; quase que o time da casa abre o placar. Lucas Arcanjo sai mal do gol e a bola fica livre para Ewerthon finalizar, mas o camisa 2 do Sport chutou mal e Camutanga tirou em cima da linha. Aos 30&#8242; o Vit\u00f3ria respondeu, ap\u00f3s escanteio cobrado por Nem, Wagner Leonardo desviou e obrigou Renan a fazer um milagre, no rebote Yan Souto finaliza, mas Ronaldo Henrique se joga na frente da bola para evitar o gol.<\/p>\n<p>Aos 44&#8242; Ronaldo Henrique saiu de cara com Lucas Arcanjo ap\u00f3s grande passe de Juba, mas o camisa 5 isolou a bola. O Vit\u00f3ria abriu o placar aos 48&#8242;, Mateus Gon\u00e7alves puxou contra ataque e cruzou rasteiro, Rafael Thyere foi cortar, mas acabou jogando contra seu pr\u00f3prio gol. O time de L\u00e9o Cond\u00e9 quase fez o segundo aos 49&#8242;, em novo contra ataque puxado por Gon\u00e7alves que dessa vez cruzou para Osvaldo que finalizou prensado no goleiro Renan.<\/p>\n<p>SEGUNDO TEMPO<\/p>\n<p>O time da casa, atr\u00e1s no placar, come\u00e7ou a segunda etapa se jogando ao ataque e foi recompensado. Aos 5&#8242;, ap\u00f3s cobran\u00e7a de escanteio de Edinho, Camutanga empurrou a bola contra o pr\u00f3prio patrim\u00f4nio. O jogo voltou a se equilibrar e o Le\u00e3o da Barra voltou \u00e0 frente no placar aos 21&#8242;, com Z\u00e9 Hugo (que tinha acabado de entrar no jogo) aproveitando sobra de bola ap\u00f3s escanteio e estufando as redes do gol defendido pelo Sport.<\/p>\n<p>Depois do segundo gol do rubro negro baiano, o Sport tentou tomar as r\u00e9deas da partida, mas n\u00e3o conseguiu. O Vit\u00f3ria mantinha o resultado em seguran\u00e7a e quase chegou ao terceiro gol aos 44&#8242;, Z\u00e9 Hugo puxou contra ataque e enfiou bola para Matheusinho que chutou de primeira e obrigou Renan a fazer uma grande defesa.<\/p>\n<p>Foto: Victor Ferreira\/EC Vit\u00f3ria<br \/>\nBNews<\/p>\n","protected":false},"excerpt":{"rendered":"<p>O Vit\u00f3ria \u00e9 novamente l\u00edder da S\u00e9rie B. Ap\u00f3s vencer o Sport na noite desta quarta-feira (19), pelo placar de<\/p>\n","protected":false},"author":1,"featured_media":7486,"comment_status":"open","ping_status":"open","sticky":false,"template":"","format":"standard","meta":{"colormag_page_container_layout":"default_layout","colormag_page_sidebar_layout":"default_layout","_FSMCFIC_featured_image_caption":"","_FSMCFIC_featured_image_nocaption":"","_FSMCFIC_featured_image_hide":"","footnotes":""},"categories":[4,1],"tags":[],"class_list":["post-7485","post","type-post","status-publish","format-standard","has-post-thumbnail","hentry","category-esporte","category-ultimas"],"yoast_head":"<!-- This site is optimized with the Yoast SEO plugin v27.1.1 - https:\/\/yoast.com\/product\/yoast-seo-wordpress\/ -->\n<title>Vit\u00f3ria vence Sport fora de casa e retoma lideran\u00e7a da S\u00e9rie B - Brasil not\u00edcias<\/title>\n<meta name=\"robots\" content=\"index, follow, max-snippet:-1, max-image-preview:large, max-video-preview:-1\" \/>\n<link rel=\"canonical\" href=\"https:\/\/brasilnoticias.org\/site\/vitoria-vence-sport-fora-de-casa-e-retoma-lideranca-da-serie-b\/\" \/>\n<meta property=\"og:locale\" content=\"pt_PT\" \/>\n<meta property=\"og:type\" content=\"article\" \/>\n<meta property=\"og:title\" content=\"Vit\u00f3ria vence Sport fora de casa e retoma lideran\u00e7a da S\u00e9rie B - Brasil not\u00edcias\" \/>\n<meta property=\"og:description\" content=\"O Vit\u00f3ria \u00e9 novamente l\u00edder da S\u00e9rie B. Ap\u00f3s vencer o Sport na noite desta quarta-feira (19), pelo placar de\" \/>\n<meta property=\"og:url\" content=\"https:\/\/brasilnoticias.org\/site\/vitoria-vence-sport-fora-de-casa-e-retoma-lideranca-da-serie-b\/\" \/>\n<meta property=\"og:site_name\" content=\"Brasil not\u00edcias\" \/>\n<meta property=\"article:published_time\" content=\"2023-07-20T10:07:45+00:00\" \/>\n<meta property=\"og:image\" content=\"https:\/\/brasilnoticias.org\/site\/wp-content\/uploads\/2023\/07\/vic_9559_widelg.jpg\" \/>\n\t<meta property=\"og:image:width\" content=\"800\" \/>\n\t<meta property=\"og:image:height\" content=\"450\" \/>\n\t<meta property=\"og:image:type\" content=\"image\/jpeg\" \/>\n<meta name=\"author\" content=\"Reda\u00e7\u00e3o\" \/>\n<meta name=\"twitter:card\" content=\"summary_large_image\" \/>\n<meta name=\"twitter:label1\" content=\"Escrito por\" \/>\n\t<meta name=\"twitter:data1\" content=\"Reda\u00e7\u00e3o\" \/>\n<script type=\"application\/ld+json\" class=\"yoast-schema-graph\">{\"@context\":\"https:\/\/schema.org\",\"@graph\":[{\"@type\":\"Article\",\"@id\":\"https:\/\/brasilnoticias.org\/site\/vitoria-vence-sport-fora-de-casa-e-retoma-lideranca-da-serie-b\/#article\",\"isPartOf\":{\"@id\":\"https:\/\/brasilnoticias.org\/site\/vitoria-vence-sport-fora-de-casa-e-retoma-lideranca-da-serie-b\/\"},\"author\":{\"name\":\"Reda\u00e7\u00e3o\",\"@id\":\"https:\/\/brasilnoticias.org\/site\/#\/schema\/person\/a0e05b973ec4d15c658d51911e53507b\"},\"headline\":\"Vit\u00f3ria vence Sport fora de casa e retoma lideran\u00e7a da S\u00e9rie B\",\"datePublished\":\"2023-07-20T10:07:45+00:00\",\"mainEntityOfPage\":{\"@id\":\"https:\/\/brasilnoticias.org\/site\/vitoria-vence-sport-fora-de-casa-e-retoma-lideranca-da-serie-b\/\"},\"wordCount\":558,\"commentCount\":0,\"publisher\":{\"@id\":\"https:\/\/brasilnoticias.org\/site\/#organization\"},\"image\":{\"@id\":\"https:\/\/brasilnoticias.org\/site\/vitoria-vence-sport-fora-de-casa-e-retoma-lideranca-da-serie-b\/#primaryimage\"},\"thumbnailUrl\":\"https:\/\/brasilnoticias.org\/site\/wp-content\/uploads\/2023\/07\/vic_9559_widelg.jpg\",\"articleSection\":[\"Esporte\",\"\u00daltimas\"],\"inLanguage\":\"pt-PT\",\"potentialAction\":[{\"@type\":\"CommentAction\",\"name\":\"Comment\",\"target\":[\"https:\/\/brasilnoticias.org\/site\/vitoria-vence-sport-fora-de-casa-e-retoma-lideranca-da-serie-b\/#respond\"]}]},{\"@type\":\"WebPage\",\"@id\":\"https:\/\/brasilnoticias.org\/site\/vitoria-vence-sport-fora-de-casa-e-retoma-lideranca-da-serie-b\/\",\"url\":\"https:\/\/brasilnoticias.org\/site\/vitoria-vence-sport-fora-de-casa-e-retoma-lideranca-da-serie-b\/\",\"name\":\"Vit\u00f3ria vence Sport fora de casa e retoma lideran\u00e7a da S\u00e9rie B - Brasil not\u00edcias\",\"isPartOf\":{\"@id\":\"https:\/\/brasilnoticias.org\/site\/#website\"},\"primaryImageOfPage\":{\"@id\":\"https:\/\/brasilnoticias.org\/site\/vitoria-vence-sport-fora-de-casa-e-retoma-lideranca-da-serie-b\/#primaryimage\"},\"image\":{\"@id\":\"https:\/\/brasilnoticias.org\/site\/vitoria-vence-sport-fora-de-casa-e-retoma-lideranca-da-serie-b\/#primaryimage\"},\"thumbnailUrl\":\"https:\/\/brasilnoticias.org\/site\/wp-content\/uploads\/2023\/07\/vic_9559_widelg.jpg\",\"datePublished\":\"2023-07-20T10:07:45+00:00\",\"breadcrumb\":{\"@id\":\"https:\/\/brasilnoticias.org\/site\/vitoria-vence-sport-fora-de-casa-e-retoma-lideranca-da-serie-b\/#breadcrumb\"},\"inLanguage\":\"pt-PT\",\"potentialAction\":[{\"@type\":\"ReadAction\",\"target\":[\"https:\/\/brasilnoticias.org\/site\/vitoria-vence-sport-fora-de-casa-e-retoma-lideranca-da-serie-b\/\"]}]},{\"@type\":\"ImageObject\",\"inLanguage\":\"pt-PT\",\"@id\":\"https:\/\/brasilnoticias.org\/site\/vitoria-vence-sport-fora-de-casa-e-retoma-lideranca-da-serie-b\/#primaryimage\",\"url\":\"https:\/\/brasilnoticias.org\/site\/wp-content\/uploads\/2023\/07\/vic_9559_widelg.jpg\",\"contentUrl\":\"https:\/\/brasilnoticias.org\/site\/wp-content\/uploads\/2023\/07\/vic_9559_widelg.jpg\",\"width\":800,\"height\":450},{\"@type\":\"BreadcrumbList\",\"@id\":\"https:\/\/brasilnoticias.org\/site\/vitoria-vence-sport-fora-de-casa-e-retoma-lideranca-da-serie-b\/#breadcrumb\",\"itemListElement\":[{\"@type\":\"ListItem\",\"position\":1,\"name\":\"In\u00edcio\",\"item\":\"https:\/\/brasilnoticias.org\/site\/\"},{\"@type\":\"ListItem\",\"position\":2,\"name\":\"Vit\u00f3ria vence Sport fora de casa e retoma lideran\u00e7a da S\u00e9rie B\"}]},{\"@type\":\"WebSite\",\"@id\":\"https:\/\/brasilnoticias.org\/site\/#website\",\"url\":\"https:\/\/brasilnoticias.org\/site\/\",\"name\":\"Brasil not\u00edcias\",\"description\":\"Brasil not\u00edcias\",\"publisher\":{\"@id\":\"https:\/\/brasilnoticias.org\/site\/#organization\"},\"potentialAction\":[{\"@type\":\"SearchAction\",\"target\":{\"@type\":\"EntryPoint\",\"urlTemplate\":\"https:\/\/brasilnoticias.org\/site\/?s={search_term_string}\"},\"query-input\":{\"@type\":\"PropertyValueSpecification\",\"valueRequired\":true,\"valueName\":\"search_term_string\"}}],\"inLanguage\":\"pt-PT\"},{\"@type\":\"Organization\",\"@id\":\"https:\/\/brasilnoticias.org\/site\/#organization\",\"name\":\"Brasil not\u00edcias\",\"url\":\"https:\/\/brasilnoticias.org\/site\/\",\"logo\":{\"@type\":\"ImageObject\",\"inLanguage\":\"pt-PT\",\"@id\":\"https:\/\/brasilnoticias.org\/site\/#\/schema\/logo\/image\/\",\"url\":\"https:\/\/brasilnoticias.org\/site\/wp-content\/uploads\/2022\/05\/cropped-brasilnoticias-mini.jpg\",\"contentUrl\":\"https:\/\/brasilnoticias.org\/site\/wp-content\/uploads\/2022\/05\/cropped-brasilnoticias-mini.jpg\",\"width\":314,\"height\":86,\"caption\":\"Brasil not\u00edcias\"},\"image\":{\"@id\":\"https:\/\/brasilnoticias.org\/site\/#\/schema\/logo\/image\/\"}},{\"@type\":\"Person\",\"@id\":\"https:\/\/brasilnoticias.org\/site\/#\/schema\/person\/a0e05b973ec4d15c658d51911e53507b\",\"name\":\"Reda\u00e7\u00e3o\",\"image\":{\"@type\":\"ImageObject\",\"inLanguage\":\"pt-PT\",\"@id\":\"https:\/\/brasilnoticias.org\/site\/#\/schema\/person\/image\/\",\"url\":\"https:\/\/secure.gravatar.com\/avatar\/75d8b050df2de108b08ae78dfb8e374892df24a383c67db9c46a9c604f6aee9c?s=96&d=mm&r=g\",\"contentUrl\":\"https:\/\/secure.gravatar.com\/avatar\/75d8b050df2de108b08ae78dfb8e374892df24a383c67db9c46a9c604f6aee9c?s=96&d=mm&r=g\",\"caption\":\"Reda\u00e7\u00e3o\"},\"sameAs\":[\"https:\/\/brasilnoticias.org\/site\"],\"url\":\"https:\/\/brasilnoticias.org\/site\/author\/fernandozsngmail-com\/\"}]}<\/script>\n<!-- \/ Yoast SEO plugin. -->","yoast_head_json":{"title":"Vit\u00f3ria vence Sport fora de casa e retoma lideran\u00e7a da S\u00e9rie B - Brasil not\u00edcias","robots":{"index":"index","follow":"follow","max-snippet":"max-snippet:-1","max-image-preview":"max-image-preview:large","max-video-preview":"max-video-preview:-1"},"canonical":"https:\/\/brasilnoticias.org\/site\/vitoria-vence-sport-fora-de-casa-e-retoma-lideranca-da-serie-b\/","og_locale":"pt_PT","og_type":"article","og_title":"Vit\u00f3ria vence Sport fora de casa e retoma lideran\u00e7a da S\u00e9rie B - Brasil not\u00edcias","og_description":"O Vit\u00f3ria \u00e9 novamente l\u00edder da S\u00e9rie B. Ap\u00f3s vencer o Sport na noite desta quarta-feira (19), pelo placar de","og_url":"https:\/\/brasilnoticias.org\/site\/vitoria-vence-sport-fora-de-casa-e-retoma-lideranca-da-serie-b\/","og_site_name":"Brasil not\u00edcias","article_published_time":"2023-07-20T10:07:45+00:00","og_image":[{"width":800,"height":450,"url":"https:\/\/brasilnoticias.org\/site\/wp-content\/uploads\/2023\/07\/vic_9559_widelg.jpg","type":"image\/jpeg"}],"author":"Reda\u00e7\u00e3o","twitter_card":"summary_large_image","twitter_misc":{"Escrito por":"Reda\u00e7\u00e3o"},"schema":{"@context":"https:\/\/schema.org","@graph":[{"@type":"Article","@id":"https:\/\/brasilnoticias.org\/site\/vitoria-vence-sport-fora-de-casa-e-retoma-lideranca-da-serie-b\/#article","isPartOf":{"@id":"https:\/\/brasilnoticias.org\/site\/vitoria-vence-sport-fora-de-casa-e-retoma-lideranca-da-serie-b\/"},"author":{"name":"Reda\u00e7\u00e3o","@id":"https:\/\/brasilnoticias.org\/site\/#\/schema\/person\/a0e05b973ec4d15c658d51911e53507b"},"headline":"Vit\u00f3ria vence Sport fora de casa e retoma lideran\u00e7a da S\u00e9rie B","datePublished":"2023-07-20T10:07:45+00:00","mainEntityOfPage":{"@id":"https:\/\/brasilnoticias.org\/site\/vitoria-vence-sport-fora-de-casa-e-retoma-lideranca-da-serie-b\/"},"wordCount":558,"commentCount":0,"publisher":{"@id":"https:\/\/brasilnoticias.org\/site\/#organization"},"image":{"@id":"https:\/\/brasilnoticias.org\/site\/vitoria-vence-sport-fora-de-casa-e-retoma-lideranca-da-serie-b\/#primaryimage"},"thumbnailUrl":"https:\/\/brasilnoticias.org\/site\/wp-content\/uploads\/2023\/07\/vic_9559_widelg.jpg","articleSection":["Esporte","\u00daltimas"],"inLanguage":"pt-PT","potentialAction":[{"@type":"CommentAction","name":"Comment","target":["https:\/\/brasilnoticias.org\/site\/vitoria-vence-sport-fora-de-casa-e-retoma-lideranca-da-serie-b\/#respond"]}]},{"@type":"WebPage","@id":"https:\/\/brasilnoticias.org\/site\/vitoria-vence-sport-fora-de-casa-e-retoma-lideranca-da-serie-b\/","url":"https:\/\/brasilnoticias.org\/site\/vitoria-vence-sport-fora-de-casa-e-retoma-lideranca-da-serie-b\/","name":"Vit\u00f3ria vence Sport fora de casa e retoma lideran\u00e7a da S\u00e9rie B - Brasil not\u00edcias","isPartOf":{"@id":"https:\/\/brasilnoticias.org\/site\/#website"},"primaryImageOfPage":{"@id":"https:\/\/brasilnoticias.org\/site\/vitoria-vence-sport-fora-de-casa-e-retoma-lideranca-da-serie-b\/#primaryimage"},"image":{"@id":"https:\/\/brasilnoticias.org\/site\/vitoria-vence-sport-fora-de-casa-e-retoma-lideranca-da-serie-b\/#primaryimage"},"thumbnailUrl":"https:\/\/brasilnoticias.org\/site\/wp-content\/uploads\/2023\/07\/vic_9559_widelg.jpg","datePublished":"2023-07-20T10:07:45+00:00","breadcrumb":{"@id":"https:\/\/brasilnoticias.org\/site\/vitoria-vence-sport-fora-de-casa-e-retoma-lideranca-da-serie-b\/#breadcrumb"},"inLanguage":"pt-PT","potentialAction":[{"@type":"ReadAction","target":["https:\/\/brasilnoticias.org\/site\/vitoria-vence-sport-fora-de-casa-e-retoma-lideranca-da-serie-b\/"]}]},{"@type":"ImageObject","inLanguage":"pt-PT","@id":"https:\/\/brasilnoticias.org\/site\/vitoria-vence-sport-fora-de-casa-e-retoma-lideranca-da-serie-b\/#primaryimage","url":"https:\/\/brasilnoticias.org\/site\/wp-content\/uploads\/2023\/07\/vic_9559_widelg.jpg","contentUrl":"https:\/\/brasilnoticias.org\/site\/wp-content\/uploads\/2023\/07\/vic_9559_widelg.jpg","width":800,"height":450},{"@type":"BreadcrumbList","@id":"https:\/\/brasilnoticias.org\/site\/vitoria-vence-sport-fora-de-casa-e-retoma-lideranca-da-serie-b\/#breadcrumb","itemListElement":[{"@type":"ListItem","position":1,"name":"In\u00edcio","item":"https:\/\/brasilnoticias.org\/site\/"},{"@type":"ListItem","position":2,"name":"Vit\u00f3ria vence Sport fora de casa e retoma lideran\u00e7a da S\u00e9rie B"}]},{"@type":"WebSite","@id":"https:\/\/brasilnoticias.org\/site\/#website","url":"https:\/\/brasilnoticias.org\/site\/","name":"Brasil not\u00edcias","description":"Brasil not\u00edcias","publisher":{"@id":"https:\/\/brasilnoticias.org\/site\/#organization"},"potentialAction":[{"@type":"SearchAction","target":{"@type":"EntryPoint","urlTemplate":"https:\/\/brasilnoticias.org\/site\/?s={search_term_string}"},"query-input":{"@type":"PropertyValueSpecification","valueRequired":true,"valueName":"search_term_string"}}],"inLanguage":"pt-PT"},{"@type":"Organization","@id":"https:\/\/brasilnoticias.org\/site\/#organization","name":"Brasil not\u00edcias","url":"https:\/\/brasilnoticias.org\/site\/","logo":{"@type":"ImageObject","inLanguage":"pt-PT","@id":"https:\/\/brasilnoticias.org\/site\/#\/schema\/logo\/image\/","url":"https:\/\/brasilnoticias.org\/site\/wp-content\/uploads\/2022\/05\/cropped-brasilnoticias-mini.jpg","contentUrl":"https:\/\/brasilnoticias.org\/site\/wp-content\/uploads\/2022\/05\/cropped-brasilnoticias-mini.jpg","width":314,"height":86,"caption":"Brasil not\u00edcias"},"image":{"@id":"https:\/\/brasilnoticias.org\/site\/#\/schema\/logo\/image\/"}},{"@type":"Person","@id":"https:\/\/brasilnoticias.org\/site\/#\/schema\/person\/a0e05b973ec4d15c658d51911e53507b","name":"Reda\u00e7\u00e3o","image":{"@type":"ImageObject","inLanguage":"pt-PT","@id":"https:\/\/brasilnoticias.org\/site\/#\/schema\/person\/image\/","url":"https:\/\/secure.gravatar.com\/avatar\/75d8b050df2de108b08ae78dfb8e374892df24a383c67db9c46a9c604f6aee9c?s=96&d=mm&r=g","contentUrl":"https:\/\/secure.gravatar.com\/avatar\/75d8b050df2de108b08ae78dfb8e374892df24a383c67db9c46a9c604f6aee9c?s=96&d=mm&r=g","caption":"Reda\u00e7\u00e3o"},"sameAs":["https:\/\/brasilnoticias.org\/site"],"url":"https:\/\/brasilnoticias.org\/site\/author\/fernandozsngmail-com\/"}]}},"_links":{"self":[{"href":"https:\/\/brasilnoticias.org\/site\/wp-json\/wp\/v2\/posts\/7485","targetHints":{"allow":["GET"]}}],"collection":[{"href":"https:\/\/brasilnoticias.org\/site\/wp-json\/wp\/v2\/posts"}],"about":[{"href":"https:\/\/brasilnoticias.org\/site\/wp-json\/wp\/v2\/types\/post"}],"author":[{"embeddable":true,"href":"https:\/\/brasilnoticias.org\/site\/wp-json\/wp\/v2\/users\/1"}],"replies":[{"embeddable":true,"href":"https:\/\/brasilnoticias.org\/site\/wp-json\/wp\/v2\/comments?post=7485"}],"version-history":[{"count":1,"href":"https:\/\/brasilnoticias.org\/site\/wp-json\/wp\/v2\/posts\/7485\/revisions"}],"predecessor-version":[{"id":7487,"href":"https:\/\/brasilnoticias.org\/site\/wp-json\/wp\/v2\/posts\/7485\/revisions\/7487"}],"wp:featuredmedia":[{"embeddable":true,"href":"https:\/\/brasilnoticias.org\/site\/wp-json\/wp\/v2\/media\/7486"}],"wp:attachment":[{"href":"https:\/\/brasilnoticias.org\/site\/wp-json\/wp\/v2\/media?parent=7485"}],"wp:term":[{"taxonomy":"category","embeddable":true,"href":"https:\/\/brasilnoticias.org\/site\/wp-json\/wp\/v2\/categories?post=7485"},{"taxonomy":"post_tag","embeddable":true,"href":"https:\/\/brasilnoticias.org\/site\/wp-json\/wp\/v2\/tags?post=7485"}],"curies":[{"name":"wp","href":"https:\/\/api.w.org\/{rel}","templated":true}]}}