{"id":7516,"date":"2023-07-21T06:25:05","date_gmt":"2023-07-21T09:25:05","guid":{"rendered":"https:\/\/brasilnoticias.org\/site\/?p=7516"},"modified":"2023-07-21T06:25:05","modified_gmt":"2023-07-21T09:25:05","slug":"vitoria-emplaca-dois-na-selecao-da-rodada-da-serie-b","status":"publish","type":"post","link":"https:\/\/brasilnoticias.org\/site\/vitoria-emplaca-dois-na-selecao-da-rodada-da-serie-b\/","title":{"rendered":"Vit\u00f3ria emplaca dois na sele\u00e7\u00e3o da rodada da S\u00e9rie B"},"content":{"rendered":"<p>O Vit\u00f3ria emplacou dois representantes na sele\u00e7\u00e3o da rodada da S\u00e9rie B nesta 18\u00aa rodada. Ap\u00f3s a vit\u00f3ria fora de casa, pelo placar de 2&#215;1, contra o Sport, na Ilha do Retiro, o atacante Mateus Gon\u00e7alves e o treinador L\u00e9o Cond\u00e9 representaram o rubro negro baiano, que \u00e9 o novo l\u00edder do Campeonato Brasileiro da S\u00e9rie B.<\/p>\n<blockquote class=\"twitter-tweet\">\n<p lang=\"pt\" dir=\"ltr\">Eles brilharam e merecem! A 18\u00aa rodada chegou ao fim e o nosso <a href=\"https:\/\/twitter.com\/hashtag\/TimeDePrimeira?src=hash&amp;ref_src=twsrc%5Etfw\">#TimeDePrimeira<\/a> foi definido! Se liga a\u00ed nas feras&#8230; \ud83d\udd25\u26bd <a href=\"https:\/\/t.co\/2kTCagk0Nn\">pic.twitter.com\/2kTCagk0Nn<\/a><\/p>\n<p>&mdash; Brasileir\u00e3o Betano &#8211; S\u00e9rie B (@BrasileiraoB) <a href=\"https:\/\/twitter.com\/BrasileiraoB\/status\/1682008750922539008?ref_src=twsrc%5Etfw\">July 20, 2023<\/a><\/p><\/blockquote>\n<p> <script async src=\"https:\/\/platform.twitter.com\/widgets.js\" charset=\"utf-8\"><\/script><\/p>\n<p>Mateus Gon\u00e7alves foi a pen\u00faltima contrata\u00e7\u00e3o anunciada pelo Vit\u00f3ria na temporada. O atacante chegou com status de titular e de fato vem come\u00e7ando todas as partidas desde quando chegou ao clube. Contra o Sport, foi o respons\u00e1vel pelo cruzamento que culminou no gol contra de Rafael Thyere, o primeiro do Le\u00e3o da Barra na partida.<\/p>\n<p>Foto: Victor Ferreira\/EC Vit\u00f3ria<br \/>\nBNews<\/p>\n","protected":false},"excerpt":{"rendered":"<p>O Vit\u00f3ria emplacou dois representantes na sele\u00e7\u00e3o da rodada da S\u00e9rie B nesta 18\u00aa rodada. Ap\u00f3s a vit\u00f3ria fora de<\/p>\n","protected":false},"author":1,"featured_media":7517,"comment_status":"open","ping_status":"open","sticky":false,"template":"","format":"standard","meta":{"colormag_page_container_layout":"default_layout","colormag_page_sidebar_layout":"default_layout","_FSMCFIC_featured_image_caption":"","_FSMCFIC_featured_image_nocaption":"","_FSMCFIC_featured_image_hide":"","footnotes":""},"categories":[4,1],"tags":[],"class_list":["post-7516","post","type-post","status-publish","format-standard","has-post-thumbnail","hentry","category-esporte","category-ultimas"],"yoast_head":"<!-- This site is optimized with the Yoast SEO plugin v27.1.1 - https:\/\/yoast.com\/product\/yoast-seo-wordpress\/ -->\n<title>Vit\u00f3ria emplaca dois na sele\u00e7\u00e3o da rodada da S\u00e9rie B - Brasil not\u00edcias<\/title>\n<meta name=\"robots\" content=\"index, follow, max-snippet:-1, max-image-preview:large, max-video-preview:-1\" \/>\n<link rel=\"canonical\" href=\"https:\/\/brasilnoticias.org\/site\/vitoria-emplaca-dois-na-selecao-da-rodada-da-serie-b\/\" \/>\n<meta property=\"og:locale\" content=\"pt_PT\" \/>\n<meta property=\"og:type\" content=\"article\" \/>\n<meta property=\"og:title\" content=\"Vit\u00f3ria emplaca dois na sele\u00e7\u00e3o da rodada da S\u00e9rie B - Brasil not\u00edcias\" \/>\n<meta property=\"og:description\" content=\"O Vit\u00f3ria emplacou dois representantes na sele\u00e7\u00e3o da rodada da S\u00e9rie B nesta 18\u00aa rodada. Ap\u00f3s a vit\u00f3ria fora de\" \/>\n<meta property=\"og:url\" content=\"https:\/\/brasilnoticias.org\/site\/vitoria-emplaca-dois-na-selecao-da-rodada-da-serie-b\/\" \/>\n<meta property=\"og:site_name\" content=\"Brasil not\u00edcias\" \/>\n<meta property=\"article:published_time\" content=\"2023-07-21T09:25:05+00:00\" \/>\n<meta property=\"og:image\" content=\"https:\/\/brasilnoticias.org\/site\/wp-content\/uploads\/2023\/07\/vic_9286_widelg.jpg\" \/>\n\t<meta property=\"og:image:width\" content=\"800\" \/>\n\t<meta property=\"og:image:height\" content=\"450\" \/>\n\t<meta property=\"og:image:type\" content=\"image\/jpeg\" \/>\n<meta name=\"author\" content=\"Reda\u00e7\u00e3o\" \/>\n<meta name=\"twitter:card\" content=\"summary_large_image\" \/>\n<meta name=\"twitter:label1\" content=\"Escrito por\" \/>\n\t<meta name=\"twitter:data1\" content=\"Reda\u00e7\u00e3o\" \/>\n<script type=\"application\/ld+json\" class=\"yoast-schema-graph\">{\"@context\":\"https:\/\/schema.org\",\"@graph\":[{\"@type\":\"Article\",\"@id\":\"https:\/\/brasilnoticias.org\/site\/vitoria-emplaca-dois-na-selecao-da-rodada-da-serie-b\/#article\",\"isPartOf\":{\"@id\":\"https:\/\/brasilnoticias.org\/site\/vitoria-emplaca-dois-na-selecao-da-rodada-da-serie-b\/\"},\"author\":{\"name\":\"Reda\u00e7\u00e3o\",\"@id\":\"https:\/\/brasilnoticias.org\/site\/#\/schema\/person\/a0e05b973ec4d15c658d51911e53507b\"},\"headline\":\"Vit\u00f3ria emplaca dois na sele\u00e7\u00e3o da rodada da S\u00e9rie B\",\"datePublished\":\"2023-07-21T09:25:05+00:00\",\"mainEntityOfPage\":{\"@id\":\"https:\/\/brasilnoticias.org\/site\/vitoria-emplaca-dois-na-selecao-da-rodada-da-serie-b\/\"},\"wordCount\":181,\"commentCount\":0,\"publisher\":{\"@id\":\"https:\/\/brasilnoticias.org\/site\/#organization\"},\"image\":{\"@id\":\"https:\/\/brasilnoticias.org\/site\/vitoria-emplaca-dois-na-selecao-da-rodada-da-serie-b\/#primaryimage\"},\"thumbnailUrl\":\"https:\/\/brasilnoticias.org\/site\/wp-content\/uploads\/2023\/07\/vic_9286_widelg.jpg\",\"articleSection\":[\"Esporte\",\"\u00daltimas\"],\"inLanguage\":\"pt-PT\",\"potentialAction\":[{\"@type\":\"CommentAction\",\"name\":\"Comment\",\"target\":[\"https:\/\/brasilnoticias.org\/site\/vitoria-emplaca-dois-na-selecao-da-rodada-da-serie-b\/#respond\"]}]},{\"@type\":\"WebPage\",\"@id\":\"https:\/\/brasilnoticias.org\/site\/vitoria-emplaca-dois-na-selecao-da-rodada-da-serie-b\/\",\"url\":\"https:\/\/brasilnoticias.org\/site\/vitoria-emplaca-dois-na-selecao-da-rodada-da-serie-b\/\",\"name\":\"Vit\u00f3ria emplaca dois na sele\u00e7\u00e3o da rodada da S\u00e9rie B - Brasil not\u00edcias\",\"isPartOf\":{\"@id\":\"https:\/\/brasilnoticias.org\/site\/#website\"},\"primaryImageOfPage\":{\"@id\":\"https:\/\/brasilnoticias.org\/site\/vitoria-emplaca-dois-na-selecao-da-rodada-da-serie-b\/#primaryimage\"},\"image\":{\"@id\":\"https:\/\/brasilnoticias.org\/site\/vitoria-emplaca-dois-na-selecao-da-rodada-da-serie-b\/#primaryimage\"},\"thumbnailUrl\":\"https:\/\/brasilnoticias.org\/site\/wp-content\/uploads\/2023\/07\/vic_9286_widelg.jpg\",\"datePublished\":\"2023-07-21T09:25:05+00:00\",\"breadcrumb\":{\"@id\":\"https:\/\/brasilnoticias.org\/site\/vitoria-emplaca-dois-na-selecao-da-rodada-da-serie-b\/#breadcrumb\"},\"inLanguage\":\"pt-PT\",\"potentialAction\":[{\"@type\":\"ReadAction\",\"target\":[\"https:\/\/brasilnoticias.org\/site\/vitoria-emplaca-dois-na-selecao-da-rodada-da-serie-b\/\"]}]},{\"@type\":\"ImageObject\",\"inLanguage\":\"pt-PT\",\"@id\":\"https:\/\/brasilnoticias.org\/site\/vitoria-emplaca-dois-na-selecao-da-rodada-da-serie-b\/#primaryimage\",\"url\":\"https:\/\/brasilnoticias.org\/site\/wp-content\/uploads\/2023\/07\/vic_9286_widelg.jpg\",\"contentUrl\":\"https:\/\/brasilnoticias.org\/site\/wp-content\/uploads\/2023\/07\/vic_9286_widelg.jpg\",\"width\":800,\"height\":450},{\"@type\":\"BreadcrumbList\",\"@id\":\"https:\/\/brasilnoticias.org\/site\/vitoria-emplaca-dois-na-selecao-da-rodada-da-serie-b\/#breadcrumb\",\"itemListElement\":[{\"@type\":\"ListItem\",\"position\":1,\"name\":\"In\u00edcio\",\"item\":\"https:\/\/brasilnoticias.org\/site\/\"},{\"@type\":\"ListItem\",\"position\":2,\"name\":\"Vit\u00f3ria emplaca dois na sele\u00e7\u00e3o da rodada da S\u00e9rie B\"}]},{\"@type\":\"WebSite\",\"@id\":\"https:\/\/brasilnoticias.org\/site\/#website\",\"url\":\"https:\/\/brasilnoticias.org\/site\/\",\"name\":\"Brasil not\u00edcias\",\"description\":\"Brasil not\u00edcias\",\"publisher\":{\"@id\":\"https:\/\/brasilnoticias.org\/site\/#organization\"},\"potentialAction\":[{\"@type\":\"SearchAction\",\"target\":{\"@type\":\"EntryPoint\",\"urlTemplate\":\"https:\/\/brasilnoticias.org\/site\/?s={search_term_string}\"},\"query-input\":{\"@type\":\"PropertyValueSpecification\",\"valueRequired\":true,\"valueName\":\"search_term_string\"}}],\"inLanguage\":\"pt-PT\"},{\"@type\":\"Organization\",\"@id\":\"https:\/\/brasilnoticias.org\/site\/#organization\",\"name\":\"Brasil not\u00edcias\",\"url\":\"https:\/\/brasilnoticias.org\/site\/\",\"logo\":{\"@type\":\"ImageObject\",\"inLanguage\":\"pt-PT\",\"@id\":\"https:\/\/brasilnoticias.org\/site\/#\/schema\/logo\/image\/\",\"url\":\"https:\/\/brasilnoticias.org\/site\/wp-content\/uploads\/2022\/05\/cropped-brasilnoticias-mini.jpg\",\"contentUrl\":\"https:\/\/brasilnoticias.org\/site\/wp-content\/uploads\/2022\/05\/cropped-brasilnoticias-mini.jpg\",\"width\":314,\"height\":86,\"caption\":\"Brasil not\u00edcias\"},\"image\":{\"@id\":\"https:\/\/brasilnoticias.org\/site\/#\/schema\/logo\/image\/\"}},{\"@type\":\"Person\",\"@id\":\"https:\/\/brasilnoticias.org\/site\/#\/schema\/person\/a0e05b973ec4d15c658d51911e53507b\",\"name\":\"Reda\u00e7\u00e3o\",\"image\":{\"@type\":\"ImageObject\",\"inLanguage\":\"pt-PT\",\"@id\":\"https:\/\/brasilnoticias.org\/site\/#\/schema\/person\/image\/\",\"url\":\"https:\/\/secure.gravatar.com\/avatar\/75d8b050df2de108b08ae78dfb8e374892df24a383c67db9c46a9c604f6aee9c?s=96&d=mm&r=g\",\"contentUrl\":\"https:\/\/secure.gravatar.com\/avatar\/75d8b050df2de108b08ae78dfb8e374892df24a383c67db9c46a9c604f6aee9c?s=96&d=mm&r=g\",\"caption\":\"Reda\u00e7\u00e3o\"},\"sameAs\":[\"https:\/\/brasilnoticias.org\/site\"],\"url\":\"https:\/\/brasilnoticias.org\/site\/author\/fernandozsngmail-com\/\"}]}<\/script>\n<!-- \/ Yoast SEO plugin. -->","yoast_head_json":{"title":"Vit\u00f3ria emplaca dois na sele\u00e7\u00e3o da rodada da S\u00e9rie B - Brasil not\u00edcias","robots":{"index":"index","follow":"follow","max-snippet":"max-snippet:-1","max-image-preview":"max-image-preview:large","max-video-preview":"max-video-preview:-1"},"canonical":"https:\/\/brasilnoticias.org\/site\/vitoria-emplaca-dois-na-selecao-da-rodada-da-serie-b\/","og_locale":"pt_PT","og_type":"article","og_title":"Vit\u00f3ria emplaca dois na sele\u00e7\u00e3o da rodada da S\u00e9rie B - Brasil not\u00edcias","og_description":"O Vit\u00f3ria emplacou dois representantes na sele\u00e7\u00e3o da rodada da S\u00e9rie B nesta 18\u00aa rodada. Ap\u00f3s a vit\u00f3ria fora de","og_url":"https:\/\/brasilnoticias.org\/site\/vitoria-emplaca-dois-na-selecao-da-rodada-da-serie-b\/","og_site_name":"Brasil not\u00edcias","article_published_time":"2023-07-21T09:25:05+00:00","og_image":[{"width":800,"height":450,"url":"https:\/\/brasilnoticias.org\/site\/wp-content\/uploads\/2023\/07\/vic_9286_widelg.jpg","type":"image\/jpeg"}],"author":"Reda\u00e7\u00e3o","twitter_card":"summary_large_image","twitter_misc":{"Escrito por":"Reda\u00e7\u00e3o"},"schema":{"@context":"https:\/\/schema.org","@graph":[{"@type":"Article","@id":"https:\/\/brasilnoticias.org\/site\/vitoria-emplaca-dois-na-selecao-da-rodada-da-serie-b\/#article","isPartOf":{"@id":"https:\/\/brasilnoticias.org\/site\/vitoria-emplaca-dois-na-selecao-da-rodada-da-serie-b\/"},"author":{"name":"Reda\u00e7\u00e3o","@id":"https:\/\/brasilnoticias.org\/site\/#\/schema\/person\/a0e05b973ec4d15c658d51911e53507b"},"headline":"Vit\u00f3ria emplaca dois na sele\u00e7\u00e3o da rodada da S\u00e9rie B","datePublished":"2023-07-21T09:25:05+00:00","mainEntityOfPage":{"@id":"https:\/\/brasilnoticias.org\/site\/vitoria-emplaca-dois-na-selecao-da-rodada-da-serie-b\/"},"wordCount":181,"commentCount":0,"publisher":{"@id":"https:\/\/brasilnoticias.org\/site\/#organization"},"image":{"@id":"https:\/\/brasilnoticias.org\/site\/vitoria-emplaca-dois-na-selecao-da-rodada-da-serie-b\/#primaryimage"},"thumbnailUrl":"https:\/\/brasilnoticias.org\/site\/wp-content\/uploads\/2023\/07\/vic_9286_widelg.jpg","articleSection":["Esporte","\u00daltimas"],"inLanguage":"pt-PT","potentialAction":[{"@type":"CommentAction","name":"Comment","target":["https:\/\/brasilnoticias.org\/site\/vitoria-emplaca-dois-na-selecao-da-rodada-da-serie-b\/#respond"]}]},{"@type":"WebPage","@id":"https:\/\/brasilnoticias.org\/site\/vitoria-emplaca-dois-na-selecao-da-rodada-da-serie-b\/","url":"https:\/\/brasilnoticias.org\/site\/vitoria-emplaca-dois-na-selecao-da-rodada-da-serie-b\/","name":"Vit\u00f3ria emplaca dois na sele\u00e7\u00e3o da rodada da S\u00e9rie B - Brasil not\u00edcias","isPartOf":{"@id":"https:\/\/brasilnoticias.org\/site\/#website"},"primaryImageOfPage":{"@id":"https:\/\/brasilnoticias.org\/site\/vitoria-emplaca-dois-na-selecao-da-rodada-da-serie-b\/#primaryimage"},"image":{"@id":"https:\/\/brasilnoticias.org\/site\/vitoria-emplaca-dois-na-selecao-da-rodada-da-serie-b\/#primaryimage"},"thumbnailUrl":"https:\/\/brasilnoticias.org\/site\/wp-content\/uploads\/2023\/07\/vic_9286_widelg.jpg","datePublished":"2023-07-21T09:25:05+00:00","breadcrumb":{"@id":"https:\/\/brasilnoticias.org\/site\/vitoria-emplaca-dois-na-selecao-da-rodada-da-serie-b\/#breadcrumb"},"inLanguage":"pt-PT","potentialAction":[{"@type":"ReadAction","target":["https:\/\/brasilnoticias.org\/site\/vitoria-emplaca-dois-na-selecao-da-rodada-da-serie-b\/"]}]},{"@type":"ImageObject","inLanguage":"pt-PT","@id":"https:\/\/brasilnoticias.org\/site\/vitoria-emplaca-dois-na-selecao-da-rodada-da-serie-b\/#primaryimage","url":"https:\/\/brasilnoticias.org\/site\/wp-content\/uploads\/2023\/07\/vic_9286_widelg.jpg","contentUrl":"https:\/\/brasilnoticias.org\/site\/wp-content\/uploads\/2023\/07\/vic_9286_widelg.jpg","width":800,"height":450},{"@type":"BreadcrumbList","@id":"https:\/\/brasilnoticias.org\/site\/vitoria-emplaca-dois-na-selecao-da-rodada-da-serie-b\/#breadcrumb","itemListElement":[{"@type":"ListItem","position":1,"name":"In\u00edcio","item":"https:\/\/brasilnoticias.org\/site\/"},{"@type":"ListItem","position":2,"name":"Vit\u00f3ria emplaca dois na sele\u00e7\u00e3o da rodada da S\u00e9rie B"}]},{"@type":"WebSite","@id":"https:\/\/brasilnoticias.org\/site\/#website","url":"https:\/\/brasilnoticias.org\/site\/","name":"Brasil not\u00edcias","description":"Brasil not\u00edcias","publisher":{"@id":"https:\/\/brasilnoticias.org\/site\/#organization"},"potentialAction":[{"@type":"SearchAction","target":{"@type":"EntryPoint","urlTemplate":"https:\/\/brasilnoticias.org\/site\/?s={search_term_string}"},"query-input":{"@type":"PropertyValueSpecification","valueRequired":true,"valueName":"search_term_string"}}],"inLanguage":"pt-PT"},{"@type":"Organization","@id":"https:\/\/brasilnoticias.org\/site\/#organization","name":"Brasil not\u00edcias","url":"https:\/\/brasilnoticias.org\/site\/","logo":{"@type":"ImageObject","inLanguage":"pt-PT","@id":"https:\/\/brasilnoticias.org\/site\/#\/schema\/logo\/image\/","url":"https:\/\/brasilnoticias.org\/site\/wp-content\/uploads\/2022\/05\/cropped-brasilnoticias-mini.jpg","contentUrl":"https:\/\/brasilnoticias.org\/site\/wp-content\/uploads\/2022\/05\/cropped-brasilnoticias-mini.jpg","width":314,"height":86,"caption":"Brasil not\u00edcias"},"image":{"@id":"https:\/\/brasilnoticias.org\/site\/#\/schema\/logo\/image\/"}},{"@type":"Person","@id":"https:\/\/brasilnoticias.org\/site\/#\/schema\/person\/a0e05b973ec4d15c658d51911e53507b","name":"Reda\u00e7\u00e3o","image":{"@type":"ImageObject","inLanguage":"pt-PT","@id":"https:\/\/brasilnoticias.org\/site\/#\/schema\/person\/image\/","url":"https:\/\/secure.gravatar.com\/avatar\/75d8b050df2de108b08ae78dfb8e374892df24a383c67db9c46a9c604f6aee9c?s=96&d=mm&r=g","contentUrl":"https:\/\/secure.gravatar.com\/avatar\/75d8b050df2de108b08ae78dfb8e374892df24a383c67db9c46a9c604f6aee9c?s=96&d=mm&r=g","caption":"Reda\u00e7\u00e3o"},"sameAs":["https:\/\/brasilnoticias.org\/site"],"url":"https:\/\/brasilnoticias.org\/site\/author\/fernandozsngmail-com\/"}]}},"_links":{"self":[{"href":"https:\/\/brasilnoticias.org\/site\/wp-json\/wp\/v2\/posts\/7516","targetHints":{"allow":["GET"]}}],"collection":[{"href":"https:\/\/brasilnoticias.org\/site\/wp-json\/wp\/v2\/posts"}],"about":[{"href":"https:\/\/brasilnoticias.org\/site\/wp-json\/wp\/v2\/types\/post"}],"author":[{"embeddable":true,"href":"https:\/\/brasilnoticias.org\/site\/wp-json\/wp\/v2\/users\/1"}],"replies":[{"embeddable":true,"href":"https:\/\/brasilnoticias.org\/site\/wp-json\/wp\/v2\/comments?post=7516"}],"version-history":[{"count":1,"href":"https:\/\/brasilnoticias.org\/site\/wp-json\/wp\/v2\/posts\/7516\/revisions"}],"predecessor-version":[{"id":7518,"href":"https:\/\/brasilnoticias.org\/site\/wp-json\/wp\/v2\/posts\/7516\/revisions\/7518"}],"wp:featuredmedia":[{"embeddable":true,"href":"https:\/\/brasilnoticias.org\/site\/wp-json\/wp\/v2\/media\/7517"}],"wp:attachment":[{"href":"https:\/\/brasilnoticias.org\/site\/wp-json\/wp\/v2\/media?parent=7516"}],"wp:term":[{"taxonomy":"category","embeddable":true,"href":"https:\/\/brasilnoticias.org\/site\/wp-json\/wp\/v2\/categories?post=7516"},{"taxonomy":"post_tag","embeddable":true,"href":"https:\/\/brasilnoticias.org\/site\/wp-json\/wp\/v2\/tags?post=7516"}],"curies":[{"name":"wp","href":"https:\/\/api.w.org\/{rel}","templated":true}]}}