{"id":753,"date":"2022-06-03T18:54:11","date_gmt":"2022-06-03T21:54:11","guid":{"rendered":"https:\/\/brasilnoticias.org\/site\/?p=753"},"modified":"2022-06-03T18:54:11","modified_gmt":"2022-06-03T21:54:11","slug":"turquia-muda-nome-na-onu-para-evitar-confusoes-com-peru-em-ingles","status":"publish","type":"post","link":"https:\/\/brasilnoticias.org\/site\/turquia-muda-nome-na-onu-para-evitar-confusoes-com-peru-em-ingles\/","title":{"rendered":"Turquia muda nome na ONU para evitar confus\u00f5es com peru em ingl\u00eas"},"content":{"rendered":"<p>A Turquia, pa\u00eds de 84 milh\u00f5es de habitantes no Oriente M\u00e9dio, n\u00e3o quer mais ser chamada de &#8220;Turkey&#8221; em ingl\u00eas, mas sim de &#8220;T\u00fcrkiye&#8221;. A mudan\u00e7a, que pode parecer pequena mas tem grande significado social e pol\u00edtico para Ancara, foi formalizada na ONU.<\/p>\n<p>Stephane Dujarric, porta-voz do secret\u00e1rio-geral Ant\u00f3nio Guterres, informou a diversos ve\u00edculos da imprensa internacional nesta quinta-feira (2) que a troca, solicitada por meio de uma carta da chancelaria turca, j\u00e1 passou a valer. &#8220;Os pa\u00edses s\u00e3o livres para escolher como querem ser nomeados&#8221;, disse ele \u00e0 americana CNN.<\/p>\n<p>A mudan\u00e7a integra a agenda do presidente Recep Tayyip Erdogan j\u00e1 h\u00e1 alguns anos e foi impulsionada pela vers\u00e3o anglicizada do nome do pa\u00eds. &#8220;Turkey&#8221;, em ingl\u00eas, designa n\u00e3o apenas a na\u00e7\u00e3o do Oriente M\u00e9dio, como tamb\u00e9m a ave peru.<\/p>\n<p>O chanceler turco, Mevl\u00fct \u00c7avusoglu, afirmou em uma rede social que a mudan\u00e7a tem como objetivo &#8220;aumentar o valor da marca&#8221; do pa\u00eds. &#8220;T\u00fcrkiye&#8221; -pronuncia-se &#8220;turqui\u00ea&#8221;- j\u00e1 \u00e9 a forma que o povo turco usa para se referir ao pa\u00eds desde a forma\u00e7\u00e3o da na\u00e7\u00e3o em 1923, ap\u00f3s a desintegra\u00e7\u00e3o do Imp\u00e9rio Otomano.<\/p>\n<p>O termo tamb\u00e9m vinha sendo usado no com\u00e9rcio internacional. Erdogan assinou um memorando no ano passado para que a frase &#8220;made in Turkey&#8221; fosse cunhada &#8220;made in T\u00fcrkiye&#8221; em itens de exporta\u00e7\u00e3o. &#8220;Simboliza e transmite a cultura, a civiliza\u00e7\u00e3o e os valores da na\u00e7\u00e3o turca da melhor maneira poss\u00edvel&#8221;, disse o presidente no documento.<\/p>\n<p>Institui\u00e7\u00f5es p\u00fablicas e a imprensa nacional passaram a adotar essa forma. A TRT World, emissora p\u00fablica, publicou um comunicado explicando a mudan\u00e7a: &#8220;Digite &#8216;Turkey&#8217; no Google e voc\u00ea vai ver um conjunto de imagens e defini\u00e7\u00f5es que confundem o pa\u00eds com a Meleagris [nome cient\u00edfico da ave], tamb\u00e9m conhecida como peru na Am\u00e9rica do Norte, famoso por ser servido no Natal e em jantares de a\u00e7\u00e3o de gra\u00e7as&#8221;.<\/p>\n<p>O texto ainda explana a defini\u00e7\u00e3o dos dicion\u00e1rios. &#8220;&#8216;Peru&#8217; \u00e9 definido como &#8216;algo que falha gravemente&#8217; ou &#8216;uma pessoa tola&#8217;.&#8221;<\/p>\n<p>O dicion\u00e1rio Merriam-Webster explica que a ave acabou batizada em ingl\u00eas com o nome do pa\u00eds no s\u00e9culo 16, no Reino Unido. Os brit\u00e2nicos \u00e0 \u00e9poca associavam muitos produtos ex\u00f3ticos importados ao Imp\u00e9rio Otomano, provavelmente porque muitos comerciantes vinham de l\u00e1 -ainda que os itens tivessem origem de outras partes.<\/p>\n<p>Foi o que aconteceu com o milho e a ab\u00f3bora, que viraram &#8220;trigo-turco&#8221; e &#8220;cenoura-turca&#8221;, em tradu\u00e7\u00e3o livre, ainda que fossem nativos das Am\u00e9ricas. Com o peru, levado para a Europa por exploradores espanh\u00f3is do que hoje \u00e9 o M\u00e9xico, se deu o mesmo: o &#8220;turkey-cock&#8221; (galo-da-Turquia) depois seria encurtado apenas para &#8220;turkey&#8221;.<\/p>\n<p>Para o professor de hist\u00f3ria da Universidade de Georgetown Mustafa Aksakal, introduzir a mudan\u00e7a na ONU \u00e9 uma forma de Erdogan demonstrar que tem o poder de afirmar suas vontades para al\u00e9m das fronteiras pol\u00edticas nacionais. &#8220;A mudan\u00e7a pode parecer boba para alguns, mas coloca Erdogan no papel de protetor do respeito internacional pelo pa\u00eds&#8221;, disse ele ao jornal The New York Times.<\/p>\n<p>A comunica\u00e7\u00e3o governamental tem divulgado um v\u00eddeo institucional que mostra v\u00e1rios cidad\u00e3os pronunciando o nome &#8220;T\u00fcrkiye&#8221; e disseminado a hashtag #HelloT\u00fcrkiye nas redes sociais.<\/p>\n<p>&nbsp;<\/p>\n<p>&nbsp;<\/p>\n<p>&nbsp;<\/p>\n<p>Bnews<\/p>\n<p>&nbsp;<\/p>\n","protected":false},"excerpt":{"rendered":"<p>A Turquia, pa\u00eds de 84 milh\u00f5es de habitantes no Oriente M\u00e9dio, n\u00e3o quer mais ser chamada de &#8220;Turkey&#8221; em ingl\u00eas,<\/p>\n","protected":false},"author":2,"featured_media":754,"comment_status":"open","ping_status":"open","sticky":false,"template":"","format":"standard","meta":{"colormag_page_container_layout":"default_layout","colormag_page_sidebar_layout":"default_layout","_FSMCFIC_featured_image_caption":"","_FSMCFIC_featured_image_nocaption":"","_FSMCFIC_featured_image_hide":"","footnotes":""},"categories":[6,1],"tags":[],"class_list":["post-753","post","type-post","status-publish","format-standard","has-post-thumbnail","hentry","category-mundo","category-ultimas"],"yoast_head":"<!-- This site is optimized with the Yoast SEO plugin v27.1.1 - https:\/\/yoast.com\/product\/yoast-seo-wordpress\/ -->\n<title>Turquia muda nome na ONU para evitar confus\u00f5es com peru em ingl\u00eas - Brasil not\u00edcias<\/title>\n<meta name=\"robots\" content=\"index, follow, max-snippet:-1, max-image-preview:large, max-video-preview:-1\" \/>\n<link rel=\"canonical\" href=\"https:\/\/brasilnoticias.org\/site\/turquia-muda-nome-na-onu-para-evitar-confusoes-com-peru-em-ingles\/\" \/>\n<meta property=\"og:locale\" content=\"pt_PT\" \/>\n<meta property=\"og:type\" content=\"article\" \/>\n<meta property=\"og:title\" content=\"Turquia muda nome na ONU para evitar confus\u00f5es com peru em ingl\u00eas - Brasil not\u00edcias\" \/>\n<meta property=\"og:description\" content=\"A Turquia, pa\u00eds de 84 milh\u00f5es de habitantes no Oriente M\u00e9dio, n\u00e3o quer mais ser chamada de &#8220;Turkey&#8221; em ingl\u00eas,\" \/>\n<meta property=\"og:url\" content=\"https:\/\/brasilnoticias.org\/site\/turquia-muda-nome-na-onu-para-evitar-confusoes-com-peru-em-ingles\/\" \/>\n<meta property=\"og:site_name\" content=\"Brasil not\u00edcias\" \/>\n<meta property=\"article:published_time\" content=\"2022-06-03T21:54:11+00:00\" \/>\n<meta property=\"og:image\" content=\"https:\/\/brasilnoticias.org\/site\/wp-content\/uploads\/2022\/06\/turquia-muda-nome-na-onu-para-evitar-confusoes-com-peru-em-ingles_widelg-1.jpg\" \/>\n\t<meta property=\"og:image:width\" content=\"644\" \/>\n\t<meta property=\"og:image:height\" content=\"363\" \/>\n\t<meta property=\"og:image:type\" content=\"image\/jpeg\" \/>\n<meta name=\"author\" content=\"Reda\u00e7\u00e3o\" \/>\n<meta name=\"twitter:card\" content=\"summary_large_image\" \/>\n<meta name=\"twitter:label1\" content=\"Escrito por\" \/>\n\t<meta name=\"twitter:data1\" content=\"Reda\u00e7\u00e3o\" \/>\n\t<meta name=\"twitter:label2\" content=\"Tempo estimado de leitura\" \/>\n\t<meta name=\"twitter:data2\" content=\"3 minutos\" \/>\n<script type=\"application\/ld+json\" class=\"yoast-schema-graph\">{\"@context\":\"https:\/\/schema.org\",\"@graph\":[{\"@type\":\"Article\",\"@id\":\"https:\/\/brasilnoticias.org\/site\/turquia-muda-nome-na-onu-para-evitar-confusoes-com-peru-em-ingles\/#article\",\"isPartOf\":{\"@id\":\"https:\/\/brasilnoticias.org\/site\/turquia-muda-nome-na-onu-para-evitar-confusoes-com-peru-em-ingles\/\"},\"author\":{\"name\":\"Reda\u00e7\u00e3o\",\"@id\":\"https:\/\/brasilnoticias.org\/site\/#\/schema\/person\/f609fa847b5314f1c8b983342f34c798\"},\"headline\":\"Turquia muda nome na ONU para evitar confus\u00f5es com peru em ingl\u00eas\",\"datePublished\":\"2022-06-03T21:54:11+00:00\",\"mainEntityOfPage\":{\"@id\":\"https:\/\/brasilnoticias.org\/site\/turquia-muda-nome-na-onu-para-evitar-confusoes-com-peru-em-ingles\/\"},\"wordCount\":601,\"commentCount\":0,\"publisher\":{\"@id\":\"https:\/\/brasilnoticias.org\/site\/#organization\"},\"image\":{\"@id\":\"https:\/\/brasilnoticias.org\/site\/turquia-muda-nome-na-onu-para-evitar-confusoes-com-peru-em-ingles\/#primaryimage\"},\"thumbnailUrl\":\"https:\/\/brasilnoticias.org\/site\/wp-content\/uploads\/2022\/06\/turquia-muda-nome-na-onu-para-evitar-confusoes-com-peru-em-ingles_widelg-1.jpg\",\"articleSection\":[\"Mundo\",\"\u00daltimas\"],\"inLanguage\":\"pt-PT\",\"potentialAction\":[{\"@type\":\"CommentAction\",\"name\":\"Comment\",\"target\":[\"https:\/\/brasilnoticias.org\/site\/turquia-muda-nome-na-onu-para-evitar-confusoes-com-peru-em-ingles\/#respond\"]}]},{\"@type\":\"WebPage\",\"@id\":\"https:\/\/brasilnoticias.org\/site\/turquia-muda-nome-na-onu-para-evitar-confusoes-com-peru-em-ingles\/\",\"url\":\"https:\/\/brasilnoticias.org\/site\/turquia-muda-nome-na-onu-para-evitar-confusoes-com-peru-em-ingles\/\",\"name\":\"Turquia muda nome na ONU para evitar confus\u00f5es com peru em ingl\u00eas - Brasil not\u00edcias\",\"isPartOf\":{\"@id\":\"https:\/\/brasilnoticias.org\/site\/#website\"},\"primaryImageOfPage\":{\"@id\":\"https:\/\/brasilnoticias.org\/site\/turquia-muda-nome-na-onu-para-evitar-confusoes-com-peru-em-ingles\/#primaryimage\"},\"image\":{\"@id\":\"https:\/\/brasilnoticias.org\/site\/turquia-muda-nome-na-onu-para-evitar-confusoes-com-peru-em-ingles\/#primaryimage\"},\"thumbnailUrl\":\"https:\/\/brasilnoticias.org\/site\/wp-content\/uploads\/2022\/06\/turquia-muda-nome-na-onu-para-evitar-confusoes-com-peru-em-ingles_widelg-1.jpg\",\"datePublished\":\"2022-06-03T21:54:11+00:00\",\"breadcrumb\":{\"@id\":\"https:\/\/brasilnoticias.org\/site\/turquia-muda-nome-na-onu-para-evitar-confusoes-com-peru-em-ingles\/#breadcrumb\"},\"inLanguage\":\"pt-PT\",\"potentialAction\":[{\"@type\":\"ReadAction\",\"target\":[\"https:\/\/brasilnoticias.org\/site\/turquia-muda-nome-na-onu-para-evitar-confusoes-com-peru-em-ingles\/\"]}]},{\"@type\":\"ImageObject\",\"inLanguage\":\"pt-PT\",\"@id\":\"https:\/\/brasilnoticias.org\/site\/turquia-muda-nome-na-onu-para-evitar-confusoes-com-peru-em-ingles\/#primaryimage\",\"url\":\"https:\/\/brasilnoticias.org\/site\/wp-content\/uploads\/2022\/06\/turquia-muda-nome-na-onu-para-evitar-confusoes-com-peru-em-ingles_widelg-1.jpg\",\"contentUrl\":\"https:\/\/brasilnoticias.org\/site\/wp-content\/uploads\/2022\/06\/turquia-muda-nome-na-onu-para-evitar-confusoes-com-peru-em-ingles_widelg-1.jpg\",\"width\":644,\"height\":363},{\"@type\":\"BreadcrumbList\",\"@id\":\"https:\/\/brasilnoticias.org\/site\/turquia-muda-nome-na-onu-para-evitar-confusoes-com-peru-em-ingles\/#breadcrumb\",\"itemListElement\":[{\"@type\":\"ListItem\",\"position\":1,\"name\":\"In\u00edcio\",\"item\":\"https:\/\/brasilnoticias.org\/site\/\"},{\"@type\":\"ListItem\",\"position\":2,\"name\":\"Turquia muda nome na ONU para evitar confus\u00f5es com peru em ingl\u00eas\"}]},{\"@type\":\"WebSite\",\"@id\":\"https:\/\/brasilnoticias.org\/site\/#website\",\"url\":\"https:\/\/brasilnoticias.org\/site\/\",\"name\":\"Brasil not\u00edcias\",\"description\":\"Brasil not\u00edcias\",\"publisher\":{\"@id\":\"https:\/\/brasilnoticias.org\/site\/#organization\"},\"potentialAction\":[{\"@type\":\"SearchAction\",\"target\":{\"@type\":\"EntryPoint\",\"urlTemplate\":\"https:\/\/brasilnoticias.org\/site\/?s={search_term_string}\"},\"query-input\":{\"@type\":\"PropertyValueSpecification\",\"valueRequired\":true,\"valueName\":\"search_term_string\"}}],\"inLanguage\":\"pt-PT\"},{\"@type\":\"Organization\",\"@id\":\"https:\/\/brasilnoticias.org\/site\/#organization\",\"name\":\"Brasil not\u00edcias\",\"url\":\"https:\/\/brasilnoticias.org\/site\/\",\"logo\":{\"@type\":\"ImageObject\",\"inLanguage\":\"pt-PT\",\"@id\":\"https:\/\/brasilnoticias.org\/site\/#\/schema\/logo\/image\/\",\"url\":\"https:\/\/brasilnoticias.org\/site\/wp-content\/uploads\/2022\/05\/cropped-brasilnoticias-mini.jpg\",\"contentUrl\":\"https:\/\/brasilnoticias.org\/site\/wp-content\/uploads\/2022\/05\/cropped-brasilnoticias-mini.jpg\",\"width\":314,\"height\":86,\"caption\":\"Brasil not\u00edcias\"},\"image\":{\"@id\":\"https:\/\/brasilnoticias.org\/site\/#\/schema\/logo\/image\/\"}},{\"@type\":\"Person\",\"@id\":\"https:\/\/brasilnoticias.org\/site\/#\/schema\/person\/f609fa847b5314f1c8b983342f34c798\",\"name\":\"Reda\u00e7\u00e3o\",\"image\":{\"@type\":\"ImageObject\",\"inLanguage\":\"pt-PT\",\"@id\":\"https:\/\/brasilnoticias.org\/site\/#\/schema\/person\/image\/\",\"url\":\"https:\/\/secure.gravatar.com\/avatar\/447284c06c1ad8b46465a36de9cd0d8326b73387a22799b8b1ffb1fbcff2ed0c?s=96&d=mm&r=g\",\"contentUrl\":\"https:\/\/secure.gravatar.com\/avatar\/447284c06c1ad8b46465a36de9cd0d8326b73387a22799b8b1ffb1fbcff2ed0c?s=96&d=mm&r=g\",\"caption\":\"Reda\u00e7\u00e3o\"},\"url\":\"https:\/\/brasilnoticias.org\/site\/author\/redacao\/\"}]}<\/script>\n<!-- \/ Yoast SEO plugin. -->","yoast_head_json":{"title":"Turquia muda nome na ONU para evitar confus\u00f5es com peru em ingl\u00eas - Brasil not\u00edcias","robots":{"index":"index","follow":"follow","max-snippet":"max-snippet:-1","max-image-preview":"max-image-preview:large","max-video-preview":"max-video-preview:-1"},"canonical":"https:\/\/brasilnoticias.org\/site\/turquia-muda-nome-na-onu-para-evitar-confusoes-com-peru-em-ingles\/","og_locale":"pt_PT","og_type":"article","og_title":"Turquia muda nome na ONU para evitar confus\u00f5es com peru em ingl\u00eas - Brasil not\u00edcias","og_description":"A Turquia, pa\u00eds de 84 milh\u00f5es de habitantes no Oriente M\u00e9dio, n\u00e3o quer mais ser chamada de &#8220;Turkey&#8221; em ingl\u00eas,","og_url":"https:\/\/brasilnoticias.org\/site\/turquia-muda-nome-na-onu-para-evitar-confusoes-com-peru-em-ingles\/","og_site_name":"Brasil not\u00edcias","article_published_time":"2022-06-03T21:54:11+00:00","og_image":[{"width":644,"height":363,"url":"https:\/\/brasilnoticias.org\/site\/wp-content\/uploads\/2022\/06\/turquia-muda-nome-na-onu-para-evitar-confusoes-com-peru-em-ingles_widelg-1.jpg","type":"image\/jpeg"}],"author":"Reda\u00e7\u00e3o","twitter_card":"summary_large_image","twitter_misc":{"Escrito por":"Reda\u00e7\u00e3o","Tempo estimado de leitura":"3 minutos"},"schema":{"@context":"https:\/\/schema.org","@graph":[{"@type":"Article","@id":"https:\/\/brasilnoticias.org\/site\/turquia-muda-nome-na-onu-para-evitar-confusoes-com-peru-em-ingles\/#article","isPartOf":{"@id":"https:\/\/brasilnoticias.org\/site\/turquia-muda-nome-na-onu-para-evitar-confusoes-com-peru-em-ingles\/"},"author":{"name":"Reda\u00e7\u00e3o","@id":"https:\/\/brasilnoticias.org\/site\/#\/schema\/person\/f609fa847b5314f1c8b983342f34c798"},"headline":"Turquia muda nome na ONU para evitar confus\u00f5es com peru em ingl\u00eas","datePublished":"2022-06-03T21:54:11+00:00","mainEntityOfPage":{"@id":"https:\/\/brasilnoticias.org\/site\/turquia-muda-nome-na-onu-para-evitar-confusoes-com-peru-em-ingles\/"},"wordCount":601,"commentCount":0,"publisher":{"@id":"https:\/\/brasilnoticias.org\/site\/#organization"},"image":{"@id":"https:\/\/brasilnoticias.org\/site\/turquia-muda-nome-na-onu-para-evitar-confusoes-com-peru-em-ingles\/#primaryimage"},"thumbnailUrl":"https:\/\/brasilnoticias.org\/site\/wp-content\/uploads\/2022\/06\/turquia-muda-nome-na-onu-para-evitar-confusoes-com-peru-em-ingles_widelg-1.jpg","articleSection":["Mundo","\u00daltimas"],"inLanguage":"pt-PT","potentialAction":[{"@type":"CommentAction","name":"Comment","target":["https:\/\/brasilnoticias.org\/site\/turquia-muda-nome-na-onu-para-evitar-confusoes-com-peru-em-ingles\/#respond"]}]},{"@type":"WebPage","@id":"https:\/\/brasilnoticias.org\/site\/turquia-muda-nome-na-onu-para-evitar-confusoes-com-peru-em-ingles\/","url":"https:\/\/brasilnoticias.org\/site\/turquia-muda-nome-na-onu-para-evitar-confusoes-com-peru-em-ingles\/","name":"Turquia muda nome na ONU para evitar confus\u00f5es com peru em ingl\u00eas - Brasil not\u00edcias","isPartOf":{"@id":"https:\/\/brasilnoticias.org\/site\/#website"},"primaryImageOfPage":{"@id":"https:\/\/brasilnoticias.org\/site\/turquia-muda-nome-na-onu-para-evitar-confusoes-com-peru-em-ingles\/#primaryimage"},"image":{"@id":"https:\/\/brasilnoticias.org\/site\/turquia-muda-nome-na-onu-para-evitar-confusoes-com-peru-em-ingles\/#primaryimage"},"thumbnailUrl":"https:\/\/brasilnoticias.org\/site\/wp-content\/uploads\/2022\/06\/turquia-muda-nome-na-onu-para-evitar-confusoes-com-peru-em-ingles_widelg-1.jpg","datePublished":"2022-06-03T21:54:11+00:00","breadcrumb":{"@id":"https:\/\/brasilnoticias.org\/site\/turquia-muda-nome-na-onu-para-evitar-confusoes-com-peru-em-ingles\/#breadcrumb"},"inLanguage":"pt-PT","potentialAction":[{"@type":"ReadAction","target":["https:\/\/brasilnoticias.org\/site\/turquia-muda-nome-na-onu-para-evitar-confusoes-com-peru-em-ingles\/"]}]},{"@type":"ImageObject","inLanguage":"pt-PT","@id":"https:\/\/brasilnoticias.org\/site\/turquia-muda-nome-na-onu-para-evitar-confusoes-com-peru-em-ingles\/#primaryimage","url":"https:\/\/brasilnoticias.org\/site\/wp-content\/uploads\/2022\/06\/turquia-muda-nome-na-onu-para-evitar-confusoes-com-peru-em-ingles_widelg-1.jpg","contentUrl":"https:\/\/brasilnoticias.org\/site\/wp-content\/uploads\/2022\/06\/turquia-muda-nome-na-onu-para-evitar-confusoes-com-peru-em-ingles_widelg-1.jpg","width":644,"height":363},{"@type":"BreadcrumbList","@id":"https:\/\/brasilnoticias.org\/site\/turquia-muda-nome-na-onu-para-evitar-confusoes-com-peru-em-ingles\/#breadcrumb","itemListElement":[{"@type":"ListItem","position":1,"name":"In\u00edcio","item":"https:\/\/brasilnoticias.org\/site\/"},{"@type":"ListItem","position":2,"name":"Turquia muda nome na ONU para evitar confus\u00f5es com peru em ingl\u00eas"}]},{"@type":"WebSite","@id":"https:\/\/brasilnoticias.org\/site\/#website","url":"https:\/\/brasilnoticias.org\/site\/","name":"Brasil not\u00edcias","description":"Brasil not\u00edcias","publisher":{"@id":"https:\/\/brasilnoticias.org\/site\/#organization"},"potentialAction":[{"@type":"SearchAction","target":{"@type":"EntryPoint","urlTemplate":"https:\/\/brasilnoticias.org\/site\/?s={search_term_string}"},"query-input":{"@type":"PropertyValueSpecification","valueRequired":true,"valueName":"search_term_string"}}],"inLanguage":"pt-PT"},{"@type":"Organization","@id":"https:\/\/brasilnoticias.org\/site\/#organization","name":"Brasil not\u00edcias","url":"https:\/\/brasilnoticias.org\/site\/","logo":{"@type":"ImageObject","inLanguage":"pt-PT","@id":"https:\/\/brasilnoticias.org\/site\/#\/schema\/logo\/image\/","url":"https:\/\/brasilnoticias.org\/site\/wp-content\/uploads\/2022\/05\/cropped-brasilnoticias-mini.jpg","contentUrl":"https:\/\/brasilnoticias.org\/site\/wp-content\/uploads\/2022\/05\/cropped-brasilnoticias-mini.jpg","width":314,"height":86,"caption":"Brasil not\u00edcias"},"image":{"@id":"https:\/\/brasilnoticias.org\/site\/#\/schema\/logo\/image\/"}},{"@type":"Person","@id":"https:\/\/brasilnoticias.org\/site\/#\/schema\/person\/f609fa847b5314f1c8b983342f34c798","name":"Reda\u00e7\u00e3o","image":{"@type":"ImageObject","inLanguage":"pt-PT","@id":"https:\/\/brasilnoticias.org\/site\/#\/schema\/person\/image\/","url":"https:\/\/secure.gravatar.com\/avatar\/447284c06c1ad8b46465a36de9cd0d8326b73387a22799b8b1ffb1fbcff2ed0c?s=96&d=mm&r=g","contentUrl":"https:\/\/secure.gravatar.com\/avatar\/447284c06c1ad8b46465a36de9cd0d8326b73387a22799b8b1ffb1fbcff2ed0c?s=96&d=mm&r=g","caption":"Reda\u00e7\u00e3o"},"url":"https:\/\/brasilnoticias.org\/site\/author\/redacao\/"}]}},"_links":{"self":[{"href":"https:\/\/brasilnoticias.org\/site\/wp-json\/wp\/v2\/posts\/753","targetHints":{"allow":["GET"]}}],"collection":[{"href":"https:\/\/brasilnoticias.org\/site\/wp-json\/wp\/v2\/posts"}],"about":[{"href":"https:\/\/brasilnoticias.org\/site\/wp-json\/wp\/v2\/types\/post"}],"author":[{"embeddable":true,"href":"https:\/\/brasilnoticias.org\/site\/wp-json\/wp\/v2\/users\/2"}],"replies":[{"embeddable":true,"href":"https:\/\/brasilnoticias.org\/site\/wp-json\/wp\/v2\/comments?post=753"}],"version-history":[{"count":1,"href":"https:\/\/brasilnoticias.org\/site\/wp-json\/wp\/v2\/posts\/753\/revisions"}],"predecessor-version":[{"id":755,"href":"https:\/\/brasilnoticias.org\/site\/wp-json\/wp\/v2\/posts\/753\/revisions\/755"}],"wp:featuredmedia":[{"embeddable":true,"href":"https:\/\/brasilnoticias.org\/site\/wp-json\/wp\/v2\/media\/754"}],"wp:attachment":[{"href":"https:\/\/brasilnoticias.org\/site\/wp-json\/wp\/v2\/media?parent=753"}],"wp:term":[{"taxonomy":"category","embeddable":true,"href":"https:\/\/brasilnoticias.org\/site\/wp-json\/wp\/v2\/categories?post=753"},{"taxonomy":"post_tag","embeddable":true,"href":"https:\/\/brasilnoticias.org\/site\/wp-json\/wp\/v2\/tags?post=753"}],"curies":[{"name":"wp","href":"https:\/\/api.w.org\/{rel}","templated":true}]}}