{"id":7544,"date":"2023-07-22T06:36:34","date_gmt":"2023-07-22T09:36:34","guid":{"rendered":"https:\/\/brasilnoticias.org\/site\/?p=7544"},"modified":"2023-07-22T06:36:34","modified_gmt":"2023-07-22T09:36:34","slug":"tres-pessoas-sao-baleadas-durante-suposto-ataque-contra-traficante-em-salvador","status":"publish","type":"post","link":"https:\/\/brasilnoticias.org\/site\/tres-pessoas-sao-baleadas-durante-suposto-ataque-contra-traficante-em-salvador\/","title":{"rendered":"Tr\u00eas pessoas s\u00e3o baleadas durante suposto ataque contra traficante em Salvador"},"content":{"rendered":"<p>Tr\u00eas pessoas foram baleadas na quinta-feira (20) durante uma troca de tiros no bairro de \u00c1guas Claras, em Salvador. As v\u00edtimas, que n\u00e3o foram identificadas, foram socorridas e levadas para o Hospital Estadual do Sub\u00farbio. Os pacientes estavam em tratamento na unidade de sa\u00fade at\u00e9 o final da manh\u00e3 desta sexta-feira (21).<\/p>\n<p>De acordo com a Pol\u00edcia Civil, a 13\u00aa Delegacia Territorial de Cajazeiras apura uma tentativa de homic\u00eddio em \u00c1guas Claras. A suspeita \u00e9 de que criminosos teriam atacado um traficante rival e que as v\u00edtimas foram feridas durante o confronto. \u00c9 desconhecido, no entanto, se as tr\u00eas pessoas estavam envolvidas no crime ou se eram moradores do bairro que foram v\u00edtimas de bala perdida.<\/p>\n<p>Em maio deste ano, outras tr\u00eas pessoas tamb\u00e9m foram baleadas durante um confronto pela disputa do tr\u00e1fico de drogas em \u00c1guas Claras. O caso aconteceu na Rua Benedito Jenkis.<\/p>\n<p>As v\u00edtimas, duas delas moradores do bairro, foram levadas para o Hospital Professor El\u00e1dio Lasserre (HPEL) ap\u00f3s serem socorridos por populares.<\/p>\n<p>Foto Divulga\u00e7\u00e3o\/Sesab<br \/>\nBNews<\/p>\n","protected":false},"excerpt":{"rendered":"<p>Tr\u00eas pessoas foram baleadas na quinta-feira (20) durante uma troca de tiros no bairro de \u00c1guas Claras, em Salvador. As<\/p>\n","protected":false},"author":1,"featured_media":7545,"comment_status":"open","ping_status":"open","sticky":false,"template":"","format":"standard","meta":{"colormag_page_container_layout":"default_layout","colormag_page_sidebar_layout":"default_layout","_FSMCFIC_featured_image_caption":"","_FSMCFIC_featured_image_nocaption":"","_FSMCFIC_featured_image_hide":"","footnotes":""},"categories":[2,1],"tags":[],"class_list":["post-7544","post","type-post","status-publish","format-standard","has-post-thumbnail","hentry","category-noticias","category-ultimas"],"yoast_head":"<!-- This site is optimized with the Yoast SEO plugin v27.1.1 - https:\/\/yoast.com\/product\/yoast-seo-wordpress\/ -->\n<title>Tr\u00eas pessoas s\u00e3o baleadas durante suposto ataque contra traficante em Salvador - Brasil not\u00edcias<\/title>\n<meta name=\"robots\" content=\"index, follow, max-snippet:-1, max-image-preview:large, max-video-preview:-1\" \/>\n<link rel=\"canonical\" href=\"https:\/\/brasilnoticias.org\/site\/tres-pessoas-sao-baleadas-durante-suposto-ataque-contra-traficante-em-salvador\/\" \/>\n<meta property=\"og:locale\" content=\"pt_PT\" \/>\n<meta property=\"og:type\" content=\"article\" \/>\n<meta property=\"og:title\" content=\"Tr\u00eas pessoas s\u00e3o baleadas durante suposto ataque contra traficante em Salvador - Brasil not\u00edcias\" \/>\n<meta property=\"og:description\" content=\"Tr\u00eas pessoas foram baleadas na quinta-feira (20) durante uma troca de tiros no bairro de \u00c1guas Claras, em Salvador. As\" \/>\n<meta property=\"og:url\" content=\"https:\/\/brasilnoticias.org\/site\/tres-pessoas-sao-baleadas-durante-suposto-ataque-contra-traficante-em-salvador\/\" \/>\n<meta property=\"og:site_name\" content=\"Brasil not\u00edcias\" \/>\n<meta property=\"article:published_time\" content=\"2023-07-22T09:36:34+00:00\" \/>\n<meta property=\"og:image\" content=\"https:\/\/brasilnoticias.org\/site\/wp-content\/uploads\/2023\/07\/tres-pessoas-mortas-aguas-claras_widelg.jpeg\" \/>\n\t<meta property=\"og:image:width\" content=\"800\" \/>\n\t<meta property=\"og:image:height\" content=\"450\" \/>\n\t<meta property=\"og:image:type\" content=\"image\/jpeg\" \/>\n<meta name=\"author\" content=\"Reda\u00e7\u00e3o\" \/>\n<meta name=\"twitter:card\" content=\"summary_large_image\" \/>\n<meta name=\"twitter:label1\" content=\"Escrito por\" \/>\n\t<meta name=\"twitter:data1\" content=\"Reda\u00e7\u00e3o\" \/>\n<script type=\"application\/ld+json\" class=\"yoast-schema-graph\">{\"@context\":\"https:\/\/schema.org\",\"@graph\":[{\"@type\":\"Article\",\"@id\":\"https:\/\/brasilnoticias.org\/site\/tres-pessoas-sao-baleadas-durante-suposto-ataque-contra-traficante-em-salvador\/#article\",\"isPartOf\":{\"@id\":\"https:\/\/brasilnoticias.org\/site\/tres-pessoas-sao-baleadas-durante-suposto-ataque-contra-traficante-em-salvador\/\"},\"author\":{\"name\":\"Reda\u00e7\u00e3o\",\"@id\":\"https:\/\/brasilnoticias.org\/site\/#\/schema\/person\/a0e05b973ec4d15c658d51911e53507b\"},\"headline\":\"Tr\u00eas pessoas s\u00e3o baleadas durante suposto ataque contra traficante em Salvador\",\"datePublished\":\"2023-07-22T09:36:34+00:00\",\"mainEntityOfPage\":{\"@id\":\"https:\/\/brasilnoticias.org\/site\/tres-pessoas-sao-baleadas-durante-suposto-ataque-contra-traficante-em-salvador\/\"},\"wordCount\":195,\"commentCount\":0,\"publisher\":{\"@id\":\"https:\/\/brasilnoticias.org\/site\/#organization\"},\"image\":{\"@id\":\"https:\/\/brasilnoticias.org\/site\/tres-pessoas-sao-baleadas-durante-suposto-ataque-contra-traficante-em-salvador\/#primaryimage\"},\"thumbnailUrl\":\"https:\/\/brasilnoticias.org\/site\/wp-content\/uploads\/2023\/07\/tres-pessoas-mortas-aguas-claras_widelg.jpeg\",\"articleSection\":[\"Not\u00edcias\",\"\u00daltimas\"],\"inLanguage\":\"pt-PT\",\"potentialAction\":[{\"@type\":\"CommentAction\",\"name\":\"Comment\",\"target\":[\"https:\/\/brasilnoticias.org\/site\/tres-pessoas-sao-baleadas-durante-suposto-ataque-contra-traficante-em-salvador\/#respond\"]}]},{\"@type\":\"WebPage\",\"@id\":\"https:\/\/brasilnoticias.org\/site\/tres-pessoas-sao-baleadas-durante-suposto-ataque-contra-traficante-em-salvador\/\",\"url\":\"https:\/\/brasilnoticias.org\/site\/tres-pessoas-sao-baleadas-durante-suposto-ataque-contra-traficante-em-salvador\/\",\"name\":\"Tr\u00eas pessoas s\u00e3o baleadas durante suposto ataque contra traficante em Salvador - Brasil not\u00edcias\",\"isPartOf\":{\"@id\":\"https:\/\/brasilnoticias.org\/site\/#website\"},\"primaryImageOfPage\":{\"@id\":\"https:\/\/brasilnoticias.org\/site\/tres-pessoas-sao-baleadas-durante-suposto-ataque-contra-traficante-em-salvador\/#primaryimage\"},\"image\":{\"@id\":\"https:\/\/brasilnoticias.org\/site\/tres-pessoas-sao-baleadas-durante-suposto-ataque-contra-traficante-em-salvador\/#primaryimage\"},\"thumbnailUrl\":\"https:\/\/brasilnoticias.org\/site\/wp-content\/uploads\/2023\/07\/tres-pessoas-mortas-aguas-claras_widelg.jpeg\",\"datePublished\":\"2023-07-22T09:36:34+00:00\",\"breadcrumb\":{\"@id\":\"https:\/\/brasilnoticias.org\/site\/tres-pessoas-sao-baleadas-durante-suposto-ataque-contra-traficante-em-salvador\/#breadcrumb\"},\"inLanguage\":\"pt-PT\",\"potentialAction\":[{\"@type\":\"ReadAction\",\"target\":[\"https:\/\/brasilnoticias.org\/site\/tres-pessoas-sao-baleadas-durante-suposto-ataque-contra-traficante-em-salvador\/\"]}]},{\"@type\":\"ImageObject\",\"inLanguage\":\"pt-PT\",\"@id\":\"https:\/\/brasilnoticias.org\/site\/tres-pessoas-sao-baleadas-durante-suposto-ataque-contra-traficante-em-salvador\/#primaryimage\",\"url\":\"https:\/\/brasilnoticias.org\/site\/wp-content\/uploads\/2023\/07\/tres-pessoas-mortas-aguas-claras_widelg.jpeg\",\"contentUrl\":\"https:\/\/brasilnoticias.org\/site\/wp-content\/uploads\/2023\/07\/tres-pessoas-mortas-aguas-claras_widelg.jpeg\",\"width\":800,\"height\":450},{\"@type\":\"BreadcrumbList\",\"@id\":\"https:\/\/brasilnoticias.org\/site\/tres-pessoas-sao-baleadas-durante-suposto-ataque-contra-traficante-em-salvador\/#breadcrumb\",\"itemListElement\":[{\"@type\":\"ListItem\",\"position\":1,\"name\":\"In\u00edcio\",\"item\":\"https:\/\/brasilnoticias.org\/site\/\"},{\"@type\":\"ListItem\",\"position\":2,\"name\":\"Tr\u00eas pessoas s\u00e3o baleadas durante suposto ataque contra traficante em Salvador\"}]},{\"@type\":\"WebSite\",\"@id\":\"https:\/\/brasilnoticias.org\/site\/#website\",\"url\":\"https:\/\/brasilnoticias.org\/site\/\",\"name\":\"Brasil not\u00edcias\",\"description\":\"Brasil not\u00edcias\",\"publisher\":{\"@id\":\"https:\/\/brasilnoticias.org\/site\/#organization\"},\"potentialAction\":[{\"@type\":\"SearchAction\",\"target\":{\"@type\":\"EntryPoint\",\"urlTemplate\":\"https:\/\/brasilnoticias.org\/site\/?s={search_term_string}\"},\"query-input\":{\"@type\":\"PropertyValueSpecification\",\"valueRequired\":true,\"valueName\":\"search_term_string\"}}],\"inLanguage\":\"pt-PT\"},{\"@type\":\"Organization\",\"@id\":\"https:\/\/brasilnoticias.org\/site\/#organization\",\"name\":\"Brasil not\u00edcias\",\"url\":\"https:\/\/brasilnoticias.org\/site\/\",\"logo\":{\"@type\":\"ImageObject\",\"inLanguage\":\"pt-PT\",\"@id\":\"https:\/\/brasilnoticias.org\/site\/#\/schema\/logo\/image\/\",\"url\":\"https:\/\/brasilnoticias.org\/site\/wp-content\/uploads\/2022\/05\/cropped-brasilnoticias-mini.jpg\",\"contentUrl\":\"https:\/\/brasilnoticias.org\/site\/wp-content\/uploads\/2022\/05\/cropped-brasilnoticias-mini.jpg\",\"width\":314,\"height\":86,\"caption\":\"Brasil not\u00edcias\"},\"image\":{\"@id\":\"https:\/\/brasilnoticias.org\/site\/#\/schema\/logo\/image\/\"}},{\"@type\":\"Person\",\"@id\":\"https:\/\/brasilnoticias.org\/site\/#\/schema\/person\/a0e05b973ec4d15c658d51911e53507b\",\"name\":\"Reda\u00e7\u00e3o\",\"image\":{\"@type\":\"ImageObject\",\"inLanguage\":\"pt-PT\",\"@id\":\"https:\/\/brasilnoticias.org\/site\/#\/schema\/person\/image\/\",\"url\":\"https:\/\/secure.gravatar.com\/avatar\/75d8b050df2de108b08ae78dfb8e374892df24a383c67db9c46a9c604f6aee9c?s=96&d=mm&r=g\",\"contentUrl\":\"https:\/\/secure.gravatar.com\/avatar\/75d8b050df2de108b08ae78dfb8e374892df24a383c67db9c46a9c604f6aee9c?s=96&d=mm&r=g\",\"caption\":\"Reda\u00e7\u00e3o\"},\"sameAs\":[\"https:\/\/brasilnoticias.org\/site\"],\"url\":\"https:\/\/brasilnoticias.org\/site\/author\/fernandozsngmail-com\/\"}]}<\/script>\n<!-- \/ Yoast SEO plugin. -->","yoast_head_json":{"title":"Tr\u00eas pessoas s\u00e3o baleadas durante suposto ataque contra traficante em Salvador - Brasil not\u00edcias","robots":{"index":"index","follow":"follow","max-snippet":"max-snippet:-1","max-image-preview":"max-image-preview:large","max-video-preview":"max-video-preview:-1"},"canonical":"https:\/\/brasilnoticias.org\/site\/tres-pessoas-sao-baleadas-durante-suposto-ataque-contra-traficante-em-salvador\/","og_locale":"pt_PT","og_type":"article","og_title":"Tr\u00eas pessoas s\u00e3o baleadas durante suposto ataque contra traficante em Salvador - Brasil not\u00edcias","og_description":"Tr\u00eas pessoas foram baleadas na quinta-feira (20) durante uma troca de tiros no bairro de \u00c1guas Claras, em Salvador. As","og_url":"https:\/\/brasilnoticias.org\/site\/tres-pessoas-sao-baleadas-durante-suposto-ataque-contra-traficante-em-salvador\/","og_site_name":"Brasil not\u00edcias","article_published_time":"2023-07-22T09:36:34+00:00","og_image":[{"width":800,"height":450,"url":"https:\/\/brasilnoticias.org\/site\/wp-content\/uploads\/2023\/07\/tres-pessoas-mortas-aguas-claras_widelg.jpeg","type":"image\/jpeg"}],"author":"Reda\u00e7\u00e3o","twitter_card":"summary_large_image","twitter_misc":{"Escrito por":"Reda\u00e7\u00e3o"},"schema":{"@context":"https:\/\/schema.org","@graph":[{"@type":"Article","@id":"https:\/\/brasilnoticias.org\/site\/tres-pessoas-sao-baleadas-durante-suposto-ataque-contra-traficante-em-salvador\/#article","isPartOf":{"@id":"https:\/\/brasilnoticias.org\/site\/tres-pessoas-sao-baleadas-durante-suposto-ataque-contra-traficante-em-salvador\/"},"author":{"name":"Reda\u00e7\u00e3o","@id":"https:\/\/brasilnoticias.org\/site\/#\/schema\/person\/a0e05b973ec4d15c658d51911e53507b"},"headline":"Tr\u00eas pessoas s\u00e3o baleadas durante suposto ataque contra traficante em Salvador","datePublished":"2023-07-22T09:36:34+00:00","mainEntityOfPage":{"@id":"https:\/\/brasilnoticias.org\/site\/tres-pessoas-sao-baleadas-durante-suposto-ataque-contra-traficante-em-salvador\/"},"wordCount":195,"commentCount":0,"publisher":{"@id":"https:\/\/brasilnoticias.org\/site\/#organization"},"image":{"@id":"https:\/\/brasilnoticias.org\/site\/tres-pessoas-sao-baleadas-durante-suposto-ataque-contra-traficante-em-salvador\/#primaryimage"},"thumbnailUrl":"https:\/\/brasilnoticias.org\/site\/wp-content\/uploads\/2023\/07\/tres-pessoas-mortas-aguas-claras_widelg.jpeg","articleSection":["Not\u00edcias","\u00daltimas"],"inLanguage":"pt-PT","potentialAction":[{"@type":"CommentAction","name":"Comment","target":["https:\/\/brasilnoticias.org\/site\/tres-pessoas-sao-baleadas-durante-suposto-ataque-contra-traficante-em-salvador\/#respond"]}]},{"@type":"WebPage","@id":"https:\/\/brasilnoticias.org\/site\/tres-pessoas-sao-baleadas-durante-suposto-ataque-contra-traficante-em-salvador\/","url":"https:\/\/brasilnoticias.org\/site\/tres-pessoas-sao-baleadas-durante-suposto-ataque-contra-traficante-em-salvador\/","name":"Tr\u00eas pessoas s\u00e3o baleadas durante suposto ataque contra traficante em Salvador - Brasil not\u00edcias","isPartOf":{"@id":"https:\/\/brasilnoticias.org\/site\/#website"},"primaryImageOfPage":{"@id":"https:\/\/brasilnoticias.org\/site\/tres-pessoas-sao-baleadas-durante-suposto-ataque-contra-traficante-em-salvador\/#primaryimage"},"image":{"@id":"https:\/\/brasilnoticias.org\/site\/tres-pessoas-sao-baleadas-durante-suposto-ataque-contra-traficante-em-salvador\/#primaryimage"},"thumbnailUrl":"https:\/\/brasilnoticias.org\/site\/wp-content\/uploads\/2023\/07\/tres-pessoas-mortas-aguas-claras_widelg.jpeg","datePublished":"2023-07-22T09:36:34+00:00","breadcrumb":{"@id":"https:\/\/brasilnoticias.org\/site\/tres-pessoas-sao-baleadas-durante-suposto-ataque-contra-traficante-em-salvador\/#breadcrumb"},"inLanguage":"pt-PT","potentialAction":[{"@type":"ReadAction","target":["https:\/\/brasilnoticias.org\/site\/tres-pessoas-sao-baleadas-durante-suposto-ataque-contra-traficante-em-salvador\/"]}]},{"@type":"ImageObject","inLanguage":"pt-PT","@id":"https:\/\/brasilnoticias.org\/site\/tres-pessoas-sao-baleadas-durante-suposto-ataque-contra-traficante-em-salvador\/#primaryimage","url":"https:\/\/brasilnoticias.org\/site\/wp-content\/uploads\/2023\/07\/tres-pessoas-mortas-aguas-claras_widelg.jpeg","contentUrl":"https:\/\/brasilnoticias.org\/site\/wp-content\/uploads\/2023\/07\/tres-pessoas-mortas-aguas-claras_widelg.jpeg","width":800,"height":450},{"@type":"BreadcrumbList","@id":"https:\/\/brasilnoticias.org\/site\/tres-pessoas-sao-baleadas-durante-suposto-ataque-contra-traficante-em-salvador\/#breadcrumb","itemListElement":[{"@type":"ListItem","position":1,"name":"In\u00edcio","item":"https:\/\/brasilnoticias.org\/site\/"},{"@type":"ListItem","position":2,"name":"Tr\u00eas pessoas s\u00e3o baleadas durante suposto ataque contra traficante em Salvador"}]},{"@type":"WebSite","@id":"https:\/\/brasilnoticias.org\/site\/#website","url":"https:\/\/brasilnoticias.org\/site\/","name":"Brasil not\u00edcias","description":"Brasil not\u00edcias","publisher":{"@id":"https:\/\/brasilnoticias.org\/site\/#organization"},"potentialAction":[{"@type":"SearchAction","target":{"@type":"EntryPoint","urlTemplate":"https:\/\/brasilnoticias.org\/site\/?s={search_term_string}"},"query-input":{"@type":"PropertyValueSpecification","valueRequired":true,"valueName":"search_term_string"}}],"inLanguage":"pt-PT"},{"@type":"Organization","@id":"https:\/\/brasilnoticias.org\/site\/#organization","name":"Brasil not\u00edcias","url":"https:\/\/brasilnoticias.org\/site\/","logo":{"@type":"ImageObject","inLanguage":"pt-PT","@id":"https:\/\/brasilnoticias.org\/site\/#\/schema\/logo\/image\/","url":"https:\/\/brasilnoticias.org\/site\/wp-content\/uploads\/2022\/05\/cropped-brasilnoticias-mini.jpg","contentUrl":"https:\/\/brasilnoticias.org\/site\/wp-content\/uploads\/2022\/05\/cropped-brasilnoticias-mini.jpg","width":314,"height":86,"caption":"Brasil not\u00edcias"},"image":{"@id":"https:\/\/brasilnoticias.org\/site\/#\/schema\/logo\/image\/"}},{"@type":"Person","@id":"https:\/\/brasilnoticias.org\/site\/#\/schema\/person\/a0e05b973ec4d15c658d51911e53507b","name":"Reda\u00e7\u00e3o","image":{"@type":"ImageObject","inLanguage":"pt-PT","@id":"https:\/\/brasilnoticias.org\/site\/#\/schema\/person\/image\/","url":"https:\/\/secure.gravatar.com\/avatar\/75d8b050df2de108b08ae78dfb8e374892df24a383c67db9c46a9c604f6aee9c?s=96&d=mm&r=g","contentUrl":"https:\/\/secure.gravatar.com\/avatar\/75d8b050df2de108b08ae78dfb8e374892df24a383c67db9c46a9c604f6aee9c?s=96&d=mm&r=g","caption":"Reda\u00e7\u00e3o"},"sameAs":["https:\/\/brasilnoticias.org\/site"],"url":"https:\/\/brasilnoticias.org\/site\/author\/fernandozsngmail-com\/"}]}},"_links":{"self":[{"href":"https:\/\/brasilnoticias.org\/site\/wp-json\/wp\/v2\/posts\/7544","targetHints":{"allow":["GET"]}}],"collection":[{"href":"https:\/\/brasilnoticias.org\/site\/wp-json\/wp\/v2\/posts"}],"about":[{"href":"https:\/\/brasilnoticias.org\/site\/wp-json\/wp\/v2\/types\/post"}],"author":[{"embeddable":true,"href":"https:\/\/brasilnoticias.org\/site\/wp-json\/wp\/v2\/users\/1"}],"replies":[{"embeddable":true,"href":"https:\/\/brasilnoticias.org\/site\/wp-json\/wp\/v2\/comments?post=7544"}],"version-history":[{"count":1,"href":"https:\/\/brasilnoticias.org\/site\/wp-json\/wp\/v2\/posts\/7544\/revisions"}],"predecessor-version":[{"id":7546,"href":"https:\/\/brasilnoticias.org\/site\/wp-json\/wp\/v2\/posts\/7544\/revisions\/7546"}],"wp:featuredmedia":[{"embeddable":true,"href":"https:\/\/brasilnoticias.org\/site\/wp-json\/wp\/v2\/media\/7545"}],"wp:attachment":[{"href":"https:\/\/brasilnoticias.org\/site\/wp-json\/wp\/v2\/media?parent=7544"}],"wp:term":[{"taxonomy":"category","embeddable":true,"href":"https:\/\/brasilnoticias.org\/site\/wp-json\/wp\/v2\/categories?post=7544"},{"taxonomy":"post_tag","embeddable":true,"href":"https:\/\/brasilnoticias.org\/site\/wp-json\/wp\/v2\/tags?post=7544"}],"curies":[{"name":"wp","href":"https:\/\/api.w.org\/{rel}","templated":true}]}}