{"id":7559,"date":"2023-07-24T06:24:48","date_gmt":"2023-07-24T09:24:48","guid":{"rendered":"https:\/\/brasilnoticias.org\/site\/?p=7559"},"modified":"2023-07-24T06:24:48","modified_gmt":"2023-07-24T09:24:48","slug":"apos-acidente-em-bloco-ivete-sangalo-afirma-que-seguranca-sera-reforcada-muito-consternada","status":"publish","type":"post","link":"https:\/\/brasilnoticias.org\/site\/apos-acidente-em-bloco-ivete-sangalo-afirma-que-seguranca-sera-reforcada-muito-consternada\/","title":{"rendered":"Ap\u00f3s acidente em bloco, Ivete Sangalo afirma que seguran\u00e7a ser\u00e1 refor\u00e7ada: &#8216;muito consternada&#8217;"},"content":{"rendered":"<p>A cantora Ivete Sangalo usou as redes sociais neste domingo (23) para se pronunciar sobre o acidente envolvendo f\u00e3s na noite de s\u00e1bado no Fortal, em Fortaleza. Tudo come\u00e7ou com uma superlota\u00e7\u00e3o no bloco Village, trio da artista, em que foli\u00f5es foram pisoteados durante tumulto. A artista afirmou que est\u00e1 &#8220;muito consternada com o que aconteceu&#8221;.<\/p>\n<p>&#8220;Teve um ocorrido, algumas pessoas se machucaram muito. A partir da informa\u00e7\u00e3o que eu tive da diretoria, a gente podia ficar um pouco ali parado e depois continuar o bloco. Quero colocar aqui o quanto a importante a minha seguran\u00e7a, a seguran\u00e7a de voc\u00eas, e a nessa alegria&#8221;, iniciou a cantora.<\/p>\n<p>A baiana, que vai voltar a se apresentar na noite deste domingo no Fortal, afirmou que a seguran\u00e7a ser\u00e1 redobrada. <\/p>\n<p>&#8220;Hoje passamos o dia em reuni\u00e3o e toda a diretoria me deu tranquilidade para que as pessoas possam fazer uma noite especial. A seguran\u00e7a, sempre em primeiro lugar, estar\u00e1 ainda mais protegida e vigiada&#8221;, afirmou.<\/p>\n<p>Em nota, a assessoria do Village informou que, ap\u00f3s a ruptura da estrutura do bloco, &#8220;mobilizou equipes de seguran\u00e7as e socorristas, que adotaram todas as medidas necess\u00e1rias \u00e0 resolu\u00e7\u00e3o do problema e ao suporte \u00e0s pessoas que se machucaram.&#8221;<\/p>\n<p>&#8220;O Bloco Village pede sinceras desculpas pelo ocorrido, refor\u00e7a que prestou todo apoio aos foli\u00f5es e garante que est\u00e1 organizado e seguro para que os foli\u00f5es curtam o domingo com muita tranquilidade&#8221;, finalizou a equipe.<\/p>\n<p>Foto Reprodu\u00e7\u00e3o\/Instagram\/Redes sociais<br \/>\nBNews<\/p>\n","protected":false},"excerpt":{"rendered":"<p>A cantora Ivete Sangalo usou as redes sociais neste domingo (23) para se pronunciar sobre o acidente envolvendo f\u00e3s na<\/p>\n","protected":false},"author":1,"featured_media":7560,"comment_status":"open","ping_status":"open","sticky":false,"template":"","format":"standard","meta":{"colormag_page_container_layout":"default_layout","colormag_page_sidebar_layout":"default_layout","_FSMCFIC_featured_image_caption":"","_FSMCFIC_featured_image_nocaption":"","_FSMCFIC_featured_image_hide":"","footnotes":""},"categories":[2,1],"tags":[],"class_list":["post-7559","post","type-post","status-publish","format-standard","has-post-thumbnail","hentry","category-noticias","category-ultimas"],"yoast_head":"<!-- This site is optimized with the Yoast SEO plugin v27.1.1 - https:\/\/yoast.com\/product\/yoast-seo-wordpress\/ -->\n<title>Ap\u00f3s acidente em bloco, Ivete Sangalo afirma que seguran\u00e7a ser\u00e1 refor\u00e7ada: &#039;muito consternada&#039; - Brasil not\u00edcias<\/title>\n<meta name=\"robots\" content=\"index, follow, max-snippet:-1, max-image-preview:large, max-video-preview:-1\" \/>\n<link rel=\"canonical\" href=\"https:\/\/brasilnoticias.org\/site\/apos-acidente-em-bloco-ivete-sangalo-afirma-que-seguranca-sera-reforcada-muito-consternada\/\" \/>\n<meta property=\"og:locale\" content=\"pt_PT\" \/>\n<meta property=\"og:type\" content=\"article\" \/>\n<meta property=\"og:title\" content=\"Ap\u00f3s acidente em bloco, Ivete Sangalo afirma que seguran\u00e7a ser\u00e1 refor\u00e7ada: &#039;muito consternada&#039; - Brasil not\u00edcias\" \/>\n<meta property=\"og:description\" content=\"A cantora Ivete Sangalo usou as redes sociais neste domingo (23) para se pronunciar sobre o acidente envolvendo f\u00e3s na\" \/>\n<meta property=\"og:url\" content=\"https:\/\/brasilnoticias.org\/site\/apos-acidente-em-bloco-ivete-sangalo-afirma-que-seguranca-sera-reforcada-muito-consternada\/\" \/>\n<meta property=\"og:site_name\" content=\"Brasil not\u00edcias\" \/>\n<meta property=\"article:published_time\" content=\"2023-07-24T09:24:48+00:00\" \/>\n<meta property=\"og:image\" content=\"https:\/\/brasilnoticias.org\/site\/wp-content\/uploads\/2023\/07\/design_sem_nome_6_widelg.jpg\" \/>\n\t<meta property=\"og:image:width\" content=\"800\" \/>\n\t<meta property=\"og:image:height\" content=\"450\" \/>\n\t<meta property=\"og:image:type\" content=\"image\/jpeg\" \/>\n<meta name=\"author\" content=\"Reda\u00e7\u00e3o\" \/>\n<meta name=\"twitter:card\" content=\"summary_large_image\" \/>\n<meta name=\"twitter:label1\" content=\"Escrito por\" \/>\n\t<meta name=\"twitter:data1\" content=\"Reda\u00e7\u00e3o\" \/>\n<script type=\"application\/ld+json\" class=\"yoast-schema-graph\">{\"@context\":\"https:\/\/schema.org\",\"@graph\":[{\"@type\":\"Article\",\"@id\":\"https:\/\/brasilnoticias.org\/site\/apos-acidente-em-bloco-ivete-sangalo-afirma-que-seguranca-sera-reforcada-muito-consternada\/#article\",\"isPartOf\":{\"@id\":\"https:\/\/brasilnoticias.org\/site\/apos-acidente-em-bloco-ivete-sangalo-afirma-que-seguranca-sera-reforcada-muito-consternada\/\"},\"author\":{\"name\":\"Reda\u00e7\u00e3o\",\"@id\":\"https:\/\/brasilnoticias.org\/site\/#\/schema\/person\/a0e05b973ec4d15c658d51911e53507b\"},\"headline\":\"Ap\u00f3s acidente em bloco, Ivete Sangalo afirma que seguran\u00e7a ser\u00e1 refor\u00e7ada: &#8216;muito consternada&#8217;\",\"datePublished\":\"2023-07-24T09:24:48+00:00\",\"mainEntityOfPage\":{\"@id\":\"https:\/\/brasilnoticias.org\/site\/apos-acidente-em-bloco-ivete-sangalo-afirma-que-seguranca-sera-reforcada-muito-consternada\/\"},\"wordCount\":276,\"commentCount\":0,\"publisher\":{\"@id\":\"https:\/\/brasilnoticias.org\/site\/#organization\"},\"image\":{\"@id\":\"https:\/\/brasilnoticias.org\/site\/apos-acidente-em-bloco-ivete-sangalo-afirma-que-seguranca-sera-reforcada-muito-consternada\/#primaryimage\"},\"thumbnailUrl\":\"https:\/\/brasilnoticias.org\/site\/wp-content\/uploads\/2023\/07\/design_sem_nome_6_widelg.jpg\",\"articleSection\":[\"Not\u00edcias\",\"\u00daltimas\"],\"inLanguage\":\"pt-PT\",\"potentialAction\":[{\"@type\":\"CommentAction\",\"name\":\"Comment\",\"target\":[\"https:\/\/brasilnoticias.org\/site\/apos-acidente-em-bloco-ivete-sangalo-afirma-que-seguranca-sera-reforcada-muito-consternada\/#respond\"]}]},{\"@type\":\"WebPage\",\"@id\":\"https:\/\/brasilnoticias.org\/site\/apos-acidente-em-bloco-ivete-sangalo-afirma-que-seguranca-sera-reforcada-muito-consternada\/\",\"url\":\"https:\/\/brasilnoticias.org\/site\/apos-acidente-em-bloco-ivete-sangalo-afirma-que-seguranca-sera-reforcada-muito-consternada\/\",\"name\":\"Ap\u00f3s acidente em bloco, Ivete Sangalo afirma que seguran\u00e7a ser\u00e1 refor\u00e7ada: 'muito consternada' - Brasil not\u00edcias\",\"isPartOf\":{\"@id\":\"https:\/\/brasilnoticias.org\/site\/#website\"},\"primaryImageOfPage\":{\"@id\":\"https:\/\/brasilnoticias.org\/site\/apos-acidente-em-bloco-ivete-sangalo-afirma-que-seguranca-sera-reforcada-muito-consternada\/#primaryimage\"},\"image\":{\"@id\":\"https:\/\/brasilnoticias.org\/site\/apos-acidente-em-bloco-ivete-sangalo-afirma-que-seguranca-sera-reforcada-muito-consternada\/#primaryimage\"},\"thumbnailUrl\":\"https:\/\/brasilnoticias.org\/site\/wp-content\/uploads\/2023\/07\/design_sem_nome_6_widelg.jpg\",\"datePublished\":\"2023-07-24T09:24:48+00:00\",\"breadcrumb\":{\"@id\":\"https:\/\/brasilnoticias.org\/site\/apos-acidente-em-bloco-ivete-sangalo-afirma-que-seguranca-sera-reforcada-muito-consternada\/#breadcrumb\"},\"inLanguage\":\"pt-PT\",\"potentialAction\":[{\"@type\":\"ReadAction\",\"target\":[\"https:\/\/brasilnoticias.org\/site\/apos-acidente-em-bloco-ivete-sangalo-afirma-que-seguranca-sera-reforcada-muito-consternada\/\"]}]},{\"@type\":\"ImageObject\",\"inLanguage\":\"pt-PT\",\"@id\":\"https:\/\/brasilnoticias.org\/site\/apos-acidente-em-bloco-ivete-sangalo-afirma-que-seguranca-sera-reforcada-muito-consternada\/#primaryimage\",\"url\":\"https:\/\/brasilnoticias.org\/site\/wp-content\/uploads\/2023\/07\/design_sem_nome_6_widelg.jpg\",\"contentUrl\":\"https:\/\/brasilnoticias.org\/site\/wp-content\/uploads\/2023\/07\/design_sem_nome_6_widelg.jpg\",\"width\":800,\"height\":450},{\"@type\":\"BreadcrumbList\",\"@id\":\"https:\/\/brasilnoticias.org\/site\/apos-acidente-em-bloco-ivete-sangalo-afirma-que-seguranca-sera-reforcada-muito-consternada\/#breadcrumb\",\"itemListElement\":[{\"@type\":\"ListItem\",\"position\":1,\"name\":\"In\u00edcio\",\"item\":\"https:\/\/brasilnoticias.org\/site\/\"},{\"@type\":\"ListItem\",\"position\":2,\"name\":\"Ap\u00f3s acidente em bloco, Ivete Sangalo afirma que seguran\u00e7a ser\u00e1 refor\u00e7ada: &#8216;muito consternada&#8217;\"}]},{\"@type\":\"WebSite\",\"@id\":\"https:\/\/brasilnoticias.org\/site\/#website\",\"url\":\"https:\/\/brasilnoticias.org\/site\/\",\"name\":\"Brasil not\u00edcias\",\"description\":\"Brasil not\u00edcias\",\"publisher\":{\"@id\":\"https:\/\/brasilnoticias.org\/site\/#organization\"},\"potentialAction\":[{\"@type\":\"SearchAction\",\"target\":{\"@type\":\"EntryPoint\",\"urlTemplate\":\"https:\/\/brasilnoticias.org\/site\/?s={search_term_string}\"},\"query-input\":{\"@type\":\"PropertyValueSpecification\",\"valueRequired\":true,\"valueName\":\"search_term_string\"}}],\"inLanguage\":\"pt-PT\"},{\"@type\":\"Organization\",\"@id\":\"https:\/\/brasilnoticias.org\/site\/#organization\",\"name\":\"Brasil not\u00edcias\",\"url\":\"https:\/\/brasilnoticias.org\/site\/\",\"logo\":{\"@type\":\"ImageObject\",\"inLanguage\":\"pt-PT\",\"@id\":\"https:\/\/brasilnoticias.org\/site\/#\/schema\/logo\/image\/\",\"url\":\"https:\/\/brasilnoticias.org\/site\/wp-content\/uploads\/2022\/05\/cropped-brasilnoticias-mini.jpg\",\"contentUrl\":\"https:\/\/brasilnoticias.org\/site\/wp-content\/uploads\/2022\/05\/cropped-brasilnoticias-mini.jpg\",\"width\":314,\"height\":86,\"caption\":\"Brasil not\u00edcias\"},\"image\":{\"@id\":\"https:\/\/brasilnoticias.org\/site\/#\/schema\/logo\/image\/\"}},{\"@type\":\"Person\",\"@id\":\"https:\/\/brasilnoticias.org\/site\/#\/schema\/person\/a0e05b973ec4d15c658d51911e53507b\",\"name\":\"Reda\u00e7\u00e3o\",\"image\":{\"@type\":\"ImageObject\",\"inLanguage\":\"pt-PT\",\"@id\":\"https:\/\/brasilnoticias.org\/site\/#\/schema\/person\/image\/\",\"url\":\"https:\/\/secure.gravatar.com\/avatar\/75d8b050df2de108b08ae78dfb8e374892df24a383c67db9c46a9c604f6aee9c?s=96&d=mm&r=g\",\"contentUrl\":\"https:\/\/secure.gravatar.com\/avatar\/75d8b050df2de108b08ae78dfb8e374892df24a383c67db9c46a9c604f6aee9c?s=96&d=mm&r=g\",\"caption\":\"Reda\u00e7\u00e3o\"},\"sameAs\":[\"https:\/\/brasilnoticias.org\/site\"],\"url\":\"https:\/\/brasilnoticias.org\/site\/author\/fernandozsngmail-com\/\"}]}<\/script>\n<!-- \/ Yoast SEO plugin. -->","yoast_head_json":{"title":"Ap\u00f3s acidente em bloco, Ivete Sangalo afirma que seguran\u00e7a ser\u00e1 refor\u00e7ada: 'muito consternada' - Brasil not\u00edcias","robots":{"index":"index","follow":"follow","max-snippet":"max-snippet:-1","max-image-preview":"max-image-preview:large","max-video-preview":"max-video-preview:-1"},"canonical":"https:\/\/brasilnoticias.org\/site\/apos-acidente-em-bloco-ivete-sangalo-afirma-que-seguranca-sera-reforcada-muito-consternada\/","og_locale":"pt_PT","og_type":"article","og_title":"Ap\u00f3s acidente em bloco, Ivete Sangalo afirma que seguran\u00e7a ser\u00e1 refor\u00e7ada: 'muito consternada' - Brasil not\u00edcias","og_description":"A cantora Ivete Sangalo usou as redes sociais neste domingo (23) para se pronunciar sobre o acidente envolvendo f\u00e3s na","og_url":"https:\/\/brasilnoticias.org\/site\/apos-acidente-em-bloco-ivete-sangalo-afirma-que-seguranca-sera-reforcada-muito-consternada\/","og_site_name":"Brasil not\u00edcias","article_published_time":"2023-07-24T09:24:48+00:00","og_image":[{"width":800,"height":450,"url":"https:\/\/brasilnoticias.org\/site\/wp-content\/uploads\/2023\/07\/design_sem_nome_6_widelg.jpg","type":"image\/jpeg"}],"author":"Reda\u00e7\u00e3o","twitter_card":"summary_large_image","twitter_misc":{"Escrito por":"Reda\u00e7\u00e3o"},"schema":{"@context":"https:\/\/schema.org","@graph":[{"@type":"Article","@id":"https:\/\/brasilnoticias.org\/site\/apos-acidente-em-bloco-ivete-sangalo-afirma-que-seguranca-sera-reforcada-muito-consternada\/#article","isPartOf":{"@id":"https:\/\/brasilnoticias.org\/site\/apos-acidente-em-bloco-ivete-sangalo-afirma-que-seguranca-sera-reforcada-muito-consternada\/"},"author":{"name":"Reda\u00e7\u00e3o","@id":"https:\/\/brasilnoticias.org\/site\/#\/schema\/person\/a0e05b973ec4d15c658d51911e53507b"},"headline":"Ap\u00f3s acidente em bloco, Ivete Sangalo afirma que seguran\u00e7a ser\u00e1 refor\u00e7ada: &#8216;muito consternada&#8217;","datePublished":"2023-07-24T09:24:48+00:00","mainEntityOfPage":{"@id":"https:\/\/brasilnoticias.org\/site\/apos-acidente-em-bloco-ivete-sangalo-afirma-que-seguranca-sera-reforcada-muito-consternada\/"},"wordCount":276,"commentCount":0,"publisher":{"@id":"https:\/\/brasilnoticias.org\/site\/#organization"},"image":{"@id":"https:\/\/brasilnoticias.org\/site\/apos-acidente-em-bloco-ivete-sangalo-afirma-que-seguranca-sera-reforcada-muito-consternada\/#primaryimage"},"thumbnailUrl":"https:\/\/brasilnoticias.org\/site\/wp-content\/uploads\/2023\/07\/design_sem_nome_6_widelg.jpg","articleSection":["Not\u00edcias","\u00daltimas"],"inLanguage":"pt-PT","potentialAction":[{"@type":"CommentAction","name":"Comment","target":["https:\/\/brasilnoticias.org\/site\/apos-acidente-em-bloco-ivete-sangalo-afirma-que-seguranca-sera-reforcada-muito-consternada\/#respond"]}]},{"@type":"WebPage","@id":"https:\/\/brasilnoticias.org\/site\/apos-acidente-em-bloco-ivete-sangalo-afirma-que-seguranca-sera-reforcada-muito-consternada\/","url":"https:\/\/brasilnoticias.org\/site\/apos-acidente-em-bloco-ivete-sangalo-afirma-que-seguranca-sera-reforcada-muito-consternada\/","name":"Ap\u00f3s acidente em bloco, Ivete Sangalo afirma que seguran\u00e7a ser\u00e1 refor\u00e7ada: 'muito consternada' - Brasil not\u00edcias","isPartOf":{"@id":"https:\/\/brasilnoticias.org\/site\/#website"},"primaryImageOfPage":{"@id":"https:\/\/brasilnoticias.org\/site\/apos-acidente-em-bloco-ivete-sangalo-afirma-que-seguranca-sera-reforcada-muito-consternada\/#primaryimage"},"image":{"@id":"https:\/\/brasilnoticias.org\/site\/apos-acidente-em-bloco-ivete-sangalo-afirma-que-seguranca-sera-reforcada-muito-consternada\/#primaryimage"},"thumbnailUrl":"https:\/\/brasilnoticias.org\/site\/wp-content\/uploads\/2023\/07\/design_sem_nome_6_widelg.jpg","datePublished":"2023-07-24T09:24:48+00:00","breadcrumb":{"@id":"https:\/\/brasilnoticias.org\/site\/apos-acidente-em-bloco-ivete-sangalo-afirma-que-seguranca-sera-reforcada-muito-consternada\/#breadcrumb"},"inLanguage":"pt-PT","potentialAction":[{"@type":"ReadAction","target":["https:\/\/brasilnoticias.org\/site\/apos-acidente-em-bloco-ivete-sangalo-afirma-que-seguranca-sera-reforcada-muito-consternada\/"]}]},{"@type":"ImageObject","inLanguage":"pt-PT","@id":"https:\/\/brasilnoticias.org\/site\/apos-acidente-em-bloco-ivete-sangalo-afirma-que-seguranca-sera-reforcada-muito-consternada\/#primaryimage","url":"https:\/\/brasilnoticias.org\/site\/wp-content\/uploads\/2023\/07\/design_sem_nome_6_widelg.jpg","contentUrl":"https:\/\/brasilnoticias.org\/site\/wp-content\/uploads\/2023\/07\/design_sem_nome_6_widelg.jpg","width":800,"height":450},{"@type":"BreadcrumbList","@id":"https:\/\/brasilnoticias.org\/site\/apos-acidente-em-bloco-ivete-sangalo-afirma-que-seguranca-sera-reforcada-muito-consternada\/#breadcrumb","itemListElement":[{"@type":"ListItem","position":1,"name":"In\u00edcio","item":"https:\/\/brasilnoticias.org\/site\/"},{"@type":"ListItem","position":2,"name":"Ap\u00f3s acidente em bloco, Ivete Sangalo afirma que seguran\u00e7a ser\u00e1 refor\u00e7ada: &#8216;muito consternada&#8217;"}]},{"@type":"WebSite","@id":"https:\/\/brasilnoticias.org\/site\/#website","url":"https:\/\/brasilnoticias.org\/site\/","name":"Brasil not\u00edcias","description":"Brasil not\u00edcias","publisher":{"@id":"https:\/\/brasilnoticias.org\/site\/#organization"},"potentialAction":[{"@type":"SearchAction","target":{"@type":"EntryPoint","urlTemplate":"https:\/\/brasilnoticias.org\/site\/?s={search_term_string}"},"query-input":{"@type":"PropertyValueSpecification","valueRequired":true,"valueName":"search_term_string"}}],"inLanguage":"pt-PT"},{"@type":"Organization","@id":"https:\/\/brasilnoticias.org\/site\/#organization","name":"Brasil not\u00edcias","url":"https:\/\/brasilnoticias.org\/site\/","logo":{"@type":"ImageObject","inLanguage":"pt-PT","@id":"https:\/\/brasilnoticias.org\/site\/#\/schema\/logo\/image\/","url":"https:\/\/brasilnoticias.org\/site\/wp-content\/uploads\/2022\/05\/cropped-brasilnoticias-mini.jpg","contentUrl":"https:\/\/brasilnoticias.org\/site\/wp-content\/uploads\/2022\/05\/cropped-brasilnoticias-mini.jpg","width":314,"height":86,"caption":"Brasil not\u00edcias"},"image":{"@id":"https:\/\/brasilnoticias.org\/site\/#\/schema\/logo\/image\/"}},{"@type":"Person","@id":"https:\/\/brasilnoticias.org\/site\/#\/schema\/person\/a0e05b973ec4d15c658d51911e53507b","name":"Reda\u00e7\u00e3o","image":{"@type":"ImageObject","inLanguage":"pt-PT","@id":"https:\/\/brasilnoticias.org\/site\/#\/schema\/person\/image\/","url":"https:\/\/secure.gravatar.com\/avatar\/75d8b050df2de108b08ae78dfb8e374892df24a383c67db9c46a9c604f6aee9c?s=96&d=mm&r=g","contentUrl":"https:\/\/secure.gravatar.com\/avatar\/75d8b050df2de108b08ae78dfb8e374892df24a383c67db9c46a9c604f6aee9c?s=96&d=mm&r=g","caption":"Reda\u00e7\u00e3o"},"sameAs":["https:\/\/brasilnoticias.org\/site"],"url":"https:\/\/brasilnoticias.org\/site\/author\/fernandozsngmail-com\/"}]}},"_links":{"self":[{"href":"https:\/\/brasilnoticias.org\/site\/wp-json\/wp\/v2\/posts\/7559","targetHints":{"allow":["GET"]}}],"collection":[{"href":"https:\/\/brasilnoticias.org\/site\/wp-json\/wp\/v2\/posts"}],"about":[{"href":"https:\/\/brasilnoticias.org\/site\/wp-json\/wp\/v2\/types\/post"}],"author":[{"embeddable":true,"href":"https:\/\/brasilnoticias.org\/site\/wp-json\/wp\/v2\/users\/1"}],"replies":[{"embeddable":true,"href":"https:\/\/brasilnoticias.org\/site\/wp-json\/wp\/v2\/comments?post=7559"}],"version-history":[{"count":1,"href":"https:\/\/brasilnoticias.org\/site\/wp-json\/wp\/v2\/posts\/7559\/revisions"}],"predecessor-version":[{"id":7561,"href":"https:\/\/brasilnoticias.org\/site\/wp-json\/wp\/v2\/posts\/7559\/revisions\/7561"}],"wp:featuredmedia":[{"embeddable":true,"href":"https:\/\/brasilnoticias.org\/site\/wp-json\/wp\/v2\/media\/7560"}],"wp:attachment":[{"href":"https:\/\/brasilnoticias.org\/site\/wp-json\/wp\/v2\/media?parent=7559"}],"wp:term":[{"taxonomy":"category","embeddable":true,"href":"https:\/\/brasilnoticias.org\/site\/wp-json\/wp\/v2\/categories?post=7559"},{"taxonomy":"post_tag","embeddable":true,"href":"https:\/\/brasilnoticias.org\/site\/wp-json\/wp\/v2\/tags?post=7559"}],"curies":[{"name":"wp","href":"https:\/\/api.w.org\/{rel}","templated":true}]}}