{"id":7565,"date":"2023-07-24T06:31:13","date_gmt":"2023-07-24T09:31:13","guid":{"rendered":"https:\/\/brasilnoticias.org\/site\/?p=7565"},"modified":"2023-07-24T06:31:13","modified_gmt":"2023-07-24T09:31:13","slug":"advogado-e-morto-a-pedradas-por-tres-pessoas-e-corpo-e-encontrado-em-mata","status":"publish","type":"post","link":"https:\/\/brasilnoticias.org\/site\/advogado-e-morto-a-pedradas-por-tres-pessoas-e-corpo-e-encontrado-em-mata\/","title":{"rendered":"Advogado \u00e9 morto a pedradas por tr\u00eas pessoas e corpo \u00e9 encontrado em mata"},"content":{"rendered":"<p>Lu\u00eds Oct\u00e1vio Martins Milan, um advogado de 34 anos, formado pela Universidade Presbiteriana Mackenzie, foi violentamente assassinado em S\u00e3o Jo\u00e3o da Boa Vista, no interior de S\u00e3o Paulo, na \u00faltima sexta-feira (21). Seu ve\u00edculo foi roubado, e seu corpo foi descoberto pela Pol\u00edcia Militar ap\u00f3s um dos suspeitos do crime indicar uma \u00e1rea de mata no s\u00e1bado (22).<\/p>\n<p>A pol\u00edcia prendeu Marcus Vinicius Rodrigues, de 21 anos, e apreendeu dois menores envolvidos no crime. Milan, que era inscrito na OAB desde 2013, dedicava-se \u00e0 advocacia aut\u00f4noma, com atua\u00e7\u00e3o nas \u00e1reas de direito penal econ\u00f4mico, societ\u00e1rio e tribut\u00e1rio. Em suas redes sociais, informava que morava em S\u00e3o Paulo.<\/p>\n<p>A descoberta do crime aconteceu ap\u00f3s policiais militares darem ordem de parada a um carro com quatro indiv\u00edduos em atitude suspeita. O motorista do ve\u00edculo acelerou e iniciou uma persegui\u00e7\u00e3o pela Rodovia Dom Tom\u00e1s Vaquero (SP-344), em dire\u00e7\u00e3o a Agua\u00ed. Durante a fuga, o ve\u00edculo quase atropelou uma m\u00e3e e sua filha que estavam na rua. O carro foi finalmente interceptado na cidade. O motorista tentou escapar, mas acabou sendo capturado.<\/p>\n<p>As imagens das c\u00e2meras de seguran\u00e7a mostraram um dos suspeitos fugindo a p\u00e9, enquanto os outros dois foram detidos, incluindo Marcus Vinicius, que estava com o corpo e roupas sujas de sangue. Quando questionado sobre o carro roubado, ele confessou ter participado, junto com outros indiv\u00edduos, do assassinato de Milan. O suspeito levou os policiais at\u00e9 o local onde o corpo estava escondido.<\/p>\n<p><span class=\"d-inline-block\">Foto Reprodu\u00e7\u00e3o\/Redes sociais<\/span><\/p>\n<p>BNews<\/p>\n","protected":false},"excerpt":{"rendered":"<p>Lu\u00eds Oct\u00e1vio Martins Milan, um advogado de 34 anos, formado pela Universidade Presbiteriana Mackenzie, foi violentamente assassinado em S\u00e3o Jo\u00e3o<\/p>\n","protected":false},"author":1,"featured_media":7566,"comment_status":"open","ping_status":"open","sticky":false,"template":"","format":"standard","meta":{"colormag_page_container_layout":"default_layout","colormag_page_sidebar_layout":"default_layout","_FSMCFIC_featured_image_caption":"","_FSMCFIC_featured_image_nocaption":"","_FSMCFIC_featured_image_hide":"","footnotes":""},"categories":[3,1],"tags":[],"class_list":["post-7565","post","type-post","status-publish","format-standard","has-post-thumbnail","hentry","category-policia","category-ultimas"],"yoast_head":"<!-- This site is optimized with the Yoast SEO plugin v27.1.1 - https:\/\/yoast.com\/product\/yoast-seo-wordpress\/ -->\n<title>Advogado \u00e9 morto a pedradas por tr\u00eas pessoas e corpo \u00e9 encontrado em mata - Brasil not\u00edcias<\/title>\n<meta name=\"robots\" content=\"index, follow, max-snippet:-1, max-image-preview:large, max-video-preview:-1\" \/>\n<link rel=\"canonical\" href=\"https:\/\/brasilnoticias.org\/site\/advogado-e-morto-a-pedradas-por-tres-pessoas-e-corpo-e-encontrado-em-mata\/\" \/>\n<meta property=\"og:locale\" content=\"pt_PT\" \/>\n<meta property=\"og:type\" content=\"article\" \/>\n<meta property=\"og:title\" content=\"Advogado \u00e9 morto a pedradas por tr\u00eas pessoas e corpo \u00e9 encontrado em mata - Brasil not\u00edcias\" \/>\n<meta property=\"og:description\" content=\"Lu\u00eds Oct\u00e1vio Martins Milan, um advogado de 34 anos, formado pela Universidade Presbiteriana Mackenzie, foi violentamente assassinado em S\u00e3o Jo\u00e3o\" \/>\n<meta property=\"og:url\" content=\"https:\/\/brasilnoticias.org\/site\/advogado-e-morto-a-pedradas-por-tres-pessoas-e-corpo-e-encontrado-em-mata\/\" \/>\n<meta property=\"og:site_name\" content=\"Brasil not\u00edcias\" \/>\n<meta property=\"article:published_time\" content=\"2023-07-24T09:31:13+00:00\" \/>\n<meta property=\"og:image\" content=\"https:\/\/brasilnoticias.org\/site\/wp-content\/uploads\/2023\/07\/advogado-morto-pedradas_widelg.jpg\" \/>\n\t<meta property=\"og:image:width\" content=\"800\" \/>\n\t<meta property=\"og:image:height\" content=\"450\" \/>\n\t<meta property=\"og:image:type\" content=\"image\/jpeg\" \/>\n<meta name=\"author\" content=\"Reda\u00e7\u00e3o\" \/>\n<meta name=\"twitter:card\" content=\"summary_large_image\" \/>\n<meta name=\"twitter:label1\" content=\"Escrito por\" \/>\n\t<meta name=\"twitter:data1\" content=\"Reda\u00e7\u00e3o\" \/>\n<script type=\"application\/ld+json\" class=\"yoast-schema-graph\">{\"@context\":\"https:\/\/schema.org\",\"@graph\":[{\"@type\":\"Article\",\"@id\":\"https:\/\/brasilnoticias.org\/site\/advogado-e-morto-a-pedradas-por-tres-pessoas-e-corpo-e-encontrado-em-mata\/#article\",\"isPartOf\":{\"@id\":\"https:\/\/brasilnoticias.org\/site\/advogado-e-morto-a-pedradas-por-tres-pessoas-e-corpo-e-encontrado-em-mata\/\"},\"author\":{\"name\":\"Reda\u00e7\u00e3o\",\"@id\":\"https:\/\/brasilnoticias.org\/site\/#\/schema\/person\/a0e05b973ec4d15c658d51911e53507b\"},\"headline\":\"Advogado \u00e9 morto a pedradas por tr\u00eas pessoas e corpo \u00e9 encontrado em mata\",\"datePublished\":\"2023-07-24T09:31:13+00:00\",\"mainEntityOfPage\":{\"@id\":\"https:\/\/brasilnoticias.org\/site\/advogado-e-morto-a-pedradas-por-tres-pessoas-e-corpo-e-encontrado-em-mata\/\"},\"wordCount\":281,\"commentCount\":0,\"publisher\":{\"@id\":\"https:\/\/brasilnoticias.org\/site\/#organization\"},\"image\":{\"@id\":\"https:\/\/brasilnoticias.org\/site\/advogado-e-morto-a-pedradas-por-tres-pessoas-e-corpo-e-encontrado-em-mata\/#primaryimage\"},\"thumbnailUrl\":\"https:\/\/brasilnoticias.org\/site\/wp-content\/uploads\/2023\/07\/advogado-morto-pedradas_widelg.jpg\",\"articleSection\":[\"Pol\u00edcia\",\"\u00daltimas\"],\"inLanguage\":\"pt-PT\",\"potentialAction\":[{\"@type\":\"CommentAction\",\"name\":\"Comment\",\"target\":[\"https:\/\/brasilnoticias.org\/site\/advogado-e-morto-a-pedradas-por-tres-pessoas-e-corpo-e-encontrado-em-mata\/#respond\"]}]},{\"@type\":\"WebPage\",\"@id\":\"https:\/\/brasilnoticias.org\/site\/advogado-e-morto-a-pedradas-por-tres-pessoas-e-corpo-e-encontrado-em-mata\/\",\"url\":\"https:\/\/brasilnoticias.org\/site\/advogado-e-morto-a-pedradas-por-tres-pessoas-e-corpo-e-encontrado-em-mata\/\",\"name\":\"Advogado \u00e9 morto a pedradas por tr\u00eas pessoas e corpo \u00e9 encontrado em mata - Brasil not\u00edcias\",\"isPartOf\":{\"@id\":\"https:\/\/brasilnoticias.org\/site\/#website\"},\"primaryImageOfPage\":{\"@id\":\"https:\/\/brasilnoticias.org\/site\/advogado-e-morto-a-pedradas-por-tres-pessoas-e-corpo-e-encontrado-em-mata\/#primaryimage\"},\"image\":{\"@id\":\"https:\/\/brasilnoticias.org\/site\/advogado-e-morto-a-pedradas-por-tres-pessoas-e-corpo-e-encontrado-em-mata\/#primaryimage\"},\"thumbnailUrl\":\"https:\/\/brasilnoticias.org\/site\/wp-content\/uploads\/2023\/07\/advogado-morto-pedradas_widelg.jpg\",\"datePublished\":\"2023-07-24T09:31:13+00:00\",\"breadcrumb\":{\"@id\":\"https:\/\/brasilnoticias.org\/site\/advogado-e-morto-a-pedradas-por-tres-pessoas-e-corpo-e-encontrado-em-mata\/#breadcrumb\"},\"inLanguage\":\"pt-PT\",\"potentialAction\":[{\"@type\":\"ReadAction\",\"target\":[\"https:\/\/brasilnoticias.org\/site\/advogado-e-morto-a-pedradas-por-tres-pessoas-e-corpo-e-encontrado-em-mata\/\"]}]},{\"@type\":\"ImageObject\",\"inLanguage\":\"pt-PT\",\"@id\":\"https:\/\/brasilnoticias.org\/site\/advogado-e-morto-a-pedradas-por-tres-pessoas-e-corpo-e-encontrado-em-mata\/#primaryimage\",\"url\":\"https:\/\/brasilnoticias.org\/site\/wp-content\/uploads\/2023\/07\/advogado-morto-pedradas_widelg.jpg\",\"contentUrl\":\"https:\/\/brasilnoticias.org\/site\/wp-content\/uploads\/2023\/07\/advogado-morto-pedradas_widelg.jpg\",\"width\":800,\"height\":450},{\"@type\":\"BreadcrumbList\",\"@id\":\"https:\/\/brasilnoticias.org\/site\/advogado-e-morto-a-pedradas-por-tres-pessoas-e-corpo-e-encontrado-em-mata\/#breadcrumb\",\"itemListElement\":[{\"@type\":\"ListItem\",\"position\":1,\"name\":\"In\u00edcio\",\"item\":\"https:\/\/brasilnoticias.org\/site\/\"},{\"@type\":\"ListItem\",\"position\":2,\"name\":\"Advogado \u00e9 morto a pedradas por tr\u00eas pessoas e corpo \u00e9 encontrado em mata\"}]},{\"@type\":\"WebSite\",\"@id\":\"https:\/\/brasilnoticias.org\/site\/#website\",\"url\":\"https:\/\/brasilnoticias.org\/site\/\",\"name\":\"Brasil not\u00edcias\",\"description\":\"Brasil not\u00edcias\",\"publisher\":{\"@id\":\"https:\/\/brasilnoticias.org\/site\/#organization\"},\"potentialAction\":[{\"@type\":\"SearchAction\",\"target\":{\"@type\":\"EntryPoint\",\"urlTemplate\":\"https:\/\/brasilnoticias.org\/site\/?s={search_term_string}\"},\"query-input\":{\"@type\":\"PropertyValueSpecification\",\"valueRequired\":true,\"valueName\":\"search_term_string\"}}],\"inLanguage\":\"pt-PT\"},{\"@type\":\"Organization\",\"@id\":\"https:\/\/brasilnoticias.org\/site\/#organization\",\"name\":\"Brasil not\u00edcias\",\"url\":\"https:\/\/brasilnoticias.org\/site\/\",\"logo\":{\"@type\":\"ImageObject\",\"inLanguage\":\"pt-PT\",\"@id\":\"https:\/\/brasilnoticias.org\/site\/#\/schema\/logo\/image\/\",\"url\":\"https:\/\/brasilnoticias.org\/site\/wp-content\/uploads\/2022\/05\/cropped-brasilnoticias-mini.jpg\",\"contentUrl\":\"https:\/\/brasilnoticias.org\/site\/wp-content\/uploads\/2022\/05\/cropped-brasilnoticias-mini.jpg\",\"width\":314,\"height\":86,\"caption\":\"Brasil not\u00edcias\"},\"image\":{\"@id\":\"https:\/\/brasilnoticias.org\/site\/#\/schema\/logo\/image\/\"}},{\"@type\":\"Person\",\"@id\":\"https:\/\/brasilnoticias.org\/site\/#\/schema\/person\/a0e05b973ec4d15c658d51911e53507b\",\"name\":\"Reda\u00e7\u00e3o\",\"image\":{\"@type\":\"ImageObject\",\"inLanguage\":\"pt-PT\",\"@id\":\"https:\/\/brasilnoticias.org\/site\/#\/schema\/person\/image\/\",\"url\":\"https:\/\/secure.gravatar.com\/avatar\/75d8b050df2de108b08ae78dfb8e374892df24a383c67db9c46a9c604f6aee9c?s=96&d=mm&r=g\",\"contentUrl\":\"https:\/\/secure.gravatar.com\/avatar\/75d8b050df2de108b08ae78dfb8e374892df24a383c67db9c46a9c604f6aee9c?s=96&d=mm&r=g\",\"caption\":\"Reda\u00e7\u00e3o\"},\"sameAs\":[\"https:\/\/brasilnoticias.org\/site\"],\"url\":\"https:\/\/brasilnoticias.org\/site\/author\/fernandozsngmail-com\/\"}]}<\/script>\n<!-- \/ Yoast SEO plugin. -->","yoast_head_json":{"title":"Advogado \u00e9 morto a pedradas por tr\u00eas pessoas e corpo \u00e9 encontrado em mata - Brasil not\u00edcias","robots":{"index":"index","follow":"follow","max-snippet":"max-snippet:-1","max-image-preview":"max-image-preview:large","max-video-preview":"max-video-preview:-1"},"canonical":"https:\/\/brasilnoticias.org\/site\/advogado-e-morto-a-pedradas-por-tres-pessoas-e-corpo-e-encontrado-em-mata\/","og_locale":"pt_PT","og_type":"article","og_title":"Advogado \u00e9 morto a pedradas por tr\u00eas pessoas e corpo \u00e9 encontrado em mata - Brasil not\u00edcias","og_description":"Lu\u00eds Oct\u00e1vio Martins Milan, um advogado de 34 anos, formado pela Universidade Presbiteriana Mackenzie, foi violentamente assassinado em S\u00e3o Jo\u00e3o","og_url":"https:\/\/brasilnoticias.org\/site\/advogado-e-morto-a-pedradas-por-tres-pessoas-e-corpo-e-encontrado-em-mata\/","og_site_name":"Brasil not\u00edcias","article_published_time":"2023-07-24T09:31:13+00:00","og_image":[{"width":800,"height":450,"url":"https:\/\/brasilnoticias.org\/site\/wp-content\/uploads\/2023\/07\/advogado-morto-pedradas_widelg.jpg","type":"image\/jpeg"}],"author":"Reda\u00e7\u00e3o","twitter_card":"summary_large_image","twitter_misc":{"Escrito por":"Reda\u00e7\u00e3o"},"schema":{"@context":"https:\/\/schema.org","@graph":[{"@type":"Article","@id":"https:\/\/brasilnoticias.org\/site\/advogado-e-morto-a-pedradas-por-tres-pessoas-e-corpo-e-encontrado-em-mata\/#article","isPartOf":{"@id":"https:\/\/brasilnoticias.org\/site\/advogado-e-morto-a-pedradas-por-tres-pessoas-e-corpo-e-encontrado-em-mata\/"},"author":{"name":"Reda\u00e7\u00e3o","@id":"https:\/\/brasilnoticias.org\/site\/#\/schema\/person\/a0e05b973ec4d15c658d51911e53507b"},"headline":"Advogado \u00e9 morto a pedradas por tr\u00eas pessoas e corpo \u00e9 encontrado em mata","datePublished":"2023-07-24T09:31:13+00:00","mainEntityOfPage":{"@id":"https:\/\/brasilnoticias.org\/site\/advogado-e-morto-a-pedradas-por-tres-pessoas-e-corpo-e-encontrado-em-mata\/"},"wordCount":281,"commentCount":0,"publisher":{"@id":"https:\/\/brasilnoticias.org\/site\/#organization"},"image":{"@id":"https:\/\/brasilnoticias.org\/site\/advogado-e-morto-a-pedradas-por-tres-pessoas-e-corpo-e-encontrado-em-mata\/#primaryimage"},"thumbnailUrl":"https:\/\/brasilnoticias.org\/site\/wp-content\/uploads\/2023\/07\/advogado-morto-pedradas_widelg.jpg","articleSection":["Pol\u00edcia","\u00daltimas"],"inLanguage":"pt-PT","potentialAction":[{"@type":"CommentAction","name":"Comment","target":["https:\/\/brasilnoticias.org\/site\/advogado-e-morto-a-pedradas-por-tres-pessoas-e-corpo-e-encontrado-em-mata\/#respond"]}]},{"@type":"WebPage","@id":"https:\/\/brasilnoticias.org\/site\/advogado-e-morto-a-pedradas-por-tres-pessoas-e-corpo-e-encontrado-em-mata\/","url":"https:\/\/brasilnoticias.org\/site\/advogado-e-morto-a-pedradas-por-tres-pessoas-e-corpo-e-encontrado-em-mata\/","name":"Advogado \u00e9 morto a pedradas por tr\u00eas pessoas e corpo \u00e9 encontrado em mata - Brasil not\u00edcias","isPartOf":{"@id":"https:\/\/brasilnoticias.org\/site\/#website"},"primaryImageOfPage":{"@id":"https:\/\/brasilnoticias.org\/site\/advogado-e-morto-a-pedradas-por-tres-pessoas-e-corpo-e-encontrado-em-mata\/#primaryimage"},"image":{"@id":"https:\/\/brasilnoticias.org\/site\/advogado-e-morto-a-pedradas-por-tres-pessoas-e-corpo-e-encontrado-em-mata\/#primaryimage"},"thumbnailUrl":"https:\/\/brasilnoticias.org\/site\/wp-content\/uploads\/2023\/07\/advogado-morto-pedradas_widelg.jpg","datePublished":"2023-07-24T09:31:13+00:00","breadcrumb":{"@id":"https:\/\/brasilnoticias.org\/site\/advogado-e-morto-a-pedradas-por-tres-pessoas-e-corpo-e-encontrado-em-mata\/#breadcrumb"},"inLanguage":"pt-PT","potentialAction":[{"@type":"ReadAction","target":["https:\/\/brasilnoticias.org\/site\/advogado-e-morto-a-pedradas-por-tres-pessoas-e-corpo-e-encontrado-em-mata\/"]}]},{"@type":"ImageObject","inLanguage":"pt-PT","@id":"https:\/\/brasilnoticias.org\/site\/advogado-e-morto-a-pedradas-por-tres-pessoas-e-corpo-e-encontrado-em-mata\/#primaryimage","url":"https:\/\/brasilnoticias.org\/site\/wp-content\/uploads\/2023\/07\/advogado-morto-pedradas_widelg.jpg","contentUrl":"https:\/\/brasilnoticias.org\/site\/wp-content\/uploads\/2023\/07\/advogado-morto-pedradas_widelg.jpg","width":800,"height":450},{"@type":"BreadcrumbList","@id":"https:\/\/brasilnoticias.org\/site\/advogado-e-morto-a-pedradas-por-tres-pessoas-e-corpo-e-encontrado-em-mata\/#breadcrumb","itemListElement":[{"@type":"ListItem","position":1,"name":"In\u00edcio","item":"https:\/\/brasilnoticias.org\/site\/"},{"@type":"ListItem","position":2,"name":"Advogado \u00e9 morto a pedradas por tr\u00eas pessoas e corpo \u00e9 encontrado em mata"}]},{"@type":"WebSite","@id":"https:\/\/brasilnoticias.org\/site\/#website","url":"https:\/\/brasilnoticias.org\/site\/","name":"Brasil not\u00edcias","description":"Brasil not\u00edcias","publisher":{"@id":"https:\/\/brasilnoticias.org\/site\/#organization"},"potentialAction":[{"@type":"SearchAction","target":{"@type":"EntryPoint","urlTemplate":"https:\/\/brasilnoticias.org\/site\/?s={search_term_string}"},"query-input":{"@type":"PropertyValueSpecification","valueRequired":true,"valueName":"search_term_string"}}],"inLanguage":"pt-PT"},{"@type":"Organization","@id":"https:\/\/brasilnoticias.org\/site\/#organization","name":"Brasil not\u00edcias","url":"https:\/\/brasilnoticias.org\/site\/","logo":{"@type":"ImageObject","inLanguage":"pt-PT","@id":"https:\/\/brasilnoticias.org\/site\/#\/schema\/logo\/image\/","url":"https:\/\/brasilnoticias.org\/site\/wp-content\/uploads\/2022\/05\/cropped-brasilnoticias-mini.jpg","contentUrl":"https:\/\/brasilnoticias.org\/site\/wp-content\/uploads\/2022\/05\/cropped-brasilnoticias-mini.jpg","width":314,"height":86,"caption":"Brasil not\u00edcias"},"image":{"@id":"https:\/\/brasilnoticias.org\/site\/#\/schema\/logo\/image\/"}},{"@type":"Person","@id":"https:\/\/brasilnoticias.org\/site\/#\/schema\/person\/a0e05b973ec4d15c658d51911e53507b","name":"Reda\u00e7\u00e3o","image":{"@type":"ImageObject","inLanguage":"pt-PT","@id":"https:\/\/brasilnoticias.org\/site\/#\/schema\/person\/image\/","url":"https:\/\/secure.gravatar.com\/avatar\/75d8b050df2de108b08ae78dfb8e374892df24a383c67db9c46a9c604f6aee9c?s=96&d=mm&r=g","contentUrl":"https:\/\/secure.gravatar.com\/avatar\/75d8b050df2de108b08ae78dfb8e374892df24a383c67db9c46a9c604f6aee9c?s=96&d=mm&r=g","caption":"Reda\u00e7\u00e3o"},"sameAs":["https:\/\/brasilnoticias.org\/site"],"url":"https:\/\/brasilnoticias.org\/site\/author\/fernandozsngmail-com\/"}]}},"_links":{"self":[{"href":"https:\/\/brasilnoticias.org\/site\/wp-json\/wp\/v2\/posts\/7565","targetHints":{"allow":["GET"]}}],"collection":[{"href":"https:\/\/brasilnoticias.org\/site\/wp-json\/wp\/v2\/posts"}],"about":[{"href":"https:\/\/brasilnoticias.org\/site\/wp-json\/wp\/v2\/types\/post"}],"author":[{"embeddable":true,"href":"https:\/\/brasilnoticias.org\/site\/wp-json\/wp\/v2\/users\/1"}],"replies":[{"embeddable":true,"href":"https:\/\/brasilnoticias.org\/site\/wp-json\/wp\/v2\/comments?post=7565"}],"version-history":[{"count":1,"href":"https:\/\/brasilnoticias.org\/site\/wp-json\/wp\/v2\/posts\/7565\/revisions"}],"predecessor-version":[{"id":7567,"href":"https:\/\/brasilnoticias.org\/site\/wp-json\/wp\/v2\/posts\/7565\/revisions\/7567"}],"wp:featuredmedia":[{"embeddable":true,"href":"https:\/\/brasilnoticias.org\/site\/wp-json\/wp\/v2\/media\/7566"}],"wp:attachment":[{"href":"https:\/\/brasilnoticias.org\/site\/wp-json\/wp\/v2\/media?parent=7565"}],"wp:term":[{"taxonomy":"category","embeddable":true,"href":"https:\/\/brasilnoticias.org\/site\/wp-json\/wp\/v2\/categories?post=7565"},{"taxonomy":"post_tag","embeddable":true,"href":"https:\/\/brasilnoticias.org\/site\/wp-json\/wp\/v2\/tags?post=7565"}],"curies":[{"name":"wp","href":"https:\/\/api.w.org\/{rel}","templated":true}]}}